{"id":10596,"date":"2024-11-25T06:53:05","date_gmt":"2024-11-25T06:53:05","guid":{"rendered":"https:\/\/sindromecharge.es\/index.php\/2024\/11\/25\/los-centros-especiales-empleo-piden-llamarse-empresas-trabajo-inclusivo-dejar-claro-que-no-son-guetos\/"},"modified":"2024-11-25T06:53:05","modified_gmt":"2024-11-25T06:53:05","slug":"los-centros-especiales-empleo-piden-llamarse-empresas-trabajo-inclusivo-dejar-claro-que-no-son-guetos","status":"publish","type":"post","link":"https:\/\/sindromecharge.es\/index.php\/2024\/11\/25\/los-centros-especiales-empleo-piden-llamarse-empresas-trabajo-inclusivo-dejar-claro-que-no-son-guetos\/","title":{"rendered":"Los centros especiales de empleo piden llamarse \u00abempresas de trabajo inclusivo\u00bb y dejar claro que no son \u00abguetos\u00bb"},"content":{"rendered":"<p>Leemos en Discapacidad la siguiente noticia que os reproducimos de forma \u00edntegra: <\/p>\n<div>\n<p>El presidente de la <b>Federaci\u00f3n Empresarial Espa\u00f1ola de Asociaciones de Centros Especiales de Empleo (Feacem)<\/b>, Daniel-An\u00edbal Garc\u00eda- Diego, ha planteado la necesidad de estudiar un \u201ccambio de nombre\u201d para este tipo de empresas sociales, como podr\u00eda ser \u201c<b>empresas de trabajo inclusivo<\/b>\u201d, para \u201cque quede claro que<b> no somos guetos, que no somos especiales<\/b>\u201d.<\/p>\n<p>Garc\u00eda Diego realiz\u00f3 esta reflexi\u00f3n durante el di\u00e1logo<b> &#8216;Centros Especiales de Empleo de Iniciativa Social: emprendimiento colectivo para la inclusi\u00f3n&#8217;<\/b>, organizado por la agencia Servimedia, donde explic\u00f3 que los centros especiales de empleo de iniciativa social (Ceeis) son \u201centornos en los que hay una actividad productiva normal\u201d, donde trabajan personas con y sin discapacidad \u201cde una manera totalmente normal\u201d.<\/p>\n<p>A Garc\u00eda Diego, la denominaci\u00f3n actual de los Ceeis le evoca a \u201cempleo protegido\u201d y a \u201cese concepto de especial\u201d y \u201cde centro\u201d, cuando, seg\u00fan dijo,<b> \u201cdefendemos m\u00e1s las ideas de empresas de trabajo inclusivo\u201d o \u201cempresas inclusivas de inserci\u00f3n\u201d.<\/b><\/p>\n<p>De esta manera, destac\u00f3 la necesidad de que \u201cse reconozca por la sociedad que<b> somos empresas sociales, somos econom\u00eda social y somos empresas<\/b>. Tambi\u00e9n somos inclusivas, para que quede claro que no somos guetos, que no somos especiales\u201d.<\/p>\n<p>\u201cAl fin y al cabo, los nombres marcan mucho porque pensamos con palabras y son palabras que creo que transmiten un cierto concepto de exclusi\u00f3n o de protegido\u201d, enfatiz\u00f3 el tambi\u00e9n presidente de la <b>Confederaci\u00f3n Nacional de Personas con Discapacidad F\u00edsica y Org\u00e1nica (Cocemfe).<\/b><\/p>\n<p>Garc\u00eda Diego realiz\u00f3 estas reflexiones sobre el cambio de nombre en el marco de la evoluci\u00f3n que deben seguir experimentando los Ceeis y los centros especiales de empleo en general. As\u00ed, indic\u00f3 qu<b>e se deber\u00eda eliminar el contrato de bajo rendimiento<\/b>, que permite pagar a un trabajador con <a href=\"https:\/\/www.20minutos.es\/minuteca\/discapacidad\/\" title=\"Discapacidad\" target=\"_blank\">discapacidad<\/a> por debajo del <a href=\"https:\/\/www.20minutos.es\/minuteca\/li-salario-minimo\/\" title=\"Salario M\u00ednimo\" target=\"_blank\">salario m\u00ednimo interprofesional (SMI<\/a>) porque, adem\u00e1s, es \u201cmuy poco utilizado\u201d y va \u201cen contra de la igualdad de condiciones\u201d.<\/p>\n<p>\u201cEn Espa\u00f1a, \u00bfcu\u00e1nta gente usa ese contrato? Muy poca. Pero con que una persona lo use y sea discriminada, tenemos que luchar para que esta tacha que tenemos se elimine\u201d, arguy\u00f3 el presidente de Feacem.<\/p>\n<h2>Ciclo muy grande<\/h2>\n<p>En la misma l\u00ednea, el secretario de la Asociaci\u00f3n Empresarial de Centros Especiales de Empleo de Cocemfe (Aecemco) y presidente de Feacem Castilla-La Mancha, Pedro Jes\u00fas S\u00e1ez, se\u00f1al\u00f3 que el sistema de Ceeis actual cuenta con m\u00e1s de cuatro d\u00e9cadas de historia y es un \u201cciclo muy grande\u201d para un \u00e1mbito como es el empleo de las personas con discapacidad porque<b> el mercado laboral \u201cno para de cambiar\u201d, con \u201centornos cada vez m\u00e1s inciertos\u201d<\/b>, tanto entre las personas con discapacidad como en general.<\/p>\n<p>En este sentido, advirti\u00f3 de que el <b>90% de los empleos pueden experimentar cambios en una d\u00e9cada<\/b> y muchos puestos de trabajo de los que habr\u00e1 ni \u201clos conocemos todav\u00eda\u201d, sobre todo por las nuevas tecnolog\u00edas. En su opini\u00f3n, eso hace que haya soluciones que nos hab\u00edamos dado en estos 40 a\u00f1os\u201d que ya no siguen \u201cfuncionando\u201d y que, incluso, se han \u201cdesvirtuado con respecto a lo que inicialmente se hab\u00eda previsto\u201d.<\/p>\n<h1>Se necesita un cambio a un sistema de emprendimiento social en el que sean las personas con discapacidad, sus entidades y sus familias las que generen su propio trabajo<\/h1>\n<p>S\u00e1ez sostuvo que este es el \u201cmayor reto\u201d de los Ceeis, al igual que defender el emprendimiento colectivo de las personas con discapacidad o de sus familiares, \u201cen el caso de aquellas que no puedan tomar esa decisi\u00f3n\u201d.<\/p>\n<p>De su lado, la vicepresidenta de Aecemco, Marina Ladrero, reconoci\u00f3 que el modelo \u201cnecesita un cambio, una adaptaci\u00f3n\u201d a un <b>sistema de \u201cemprendimiento social\u201d <\/b>en el que \u201csean las propias personas con discapacidad y sus entidades o con sus familias las que generen su propio trabajo\u201d, a fin de que todas las ganancias se reviertan en su beneficio.<\/p>\n<h2>Labor social<\/h2>\n<p>Eso s\u00ed, todos los ponentes elogiaron la labor que llevan realizando los centros especiales de empleo durante este tiempo y, de hecho, Ladrero se pregunt\u00f3 cu\u00e1l ser\u00eda la situaci\u00f3n en el mercado laboral de las personas con discapacidad si, incluso con el trabajo desempe\u00f1ado por estas iniciativas empresariales,<b> el colectivo sufre una tasa de paro que es \u201cel doble\u201d <\/b>que la de quienes no tienen discapacidad y soportan <b>tasas muy bajas de ocupaci\u00f3n<\/b>.<\/p>\n<p>Mientras, la directora General de Econom\u00eda Social y Responsabilidad Social de las Empresas, Aicha Belassir, alab\u00f3 a los Ceeis y resalt\u00f3 el \u201capoyo\u201d de las administraciones p\u00fablicas por la labor social que realizan. Asimismo, record\u00f3 que el Ministerio dirigido por Yolanda D\u00edaz ha impulsado la Ley Integral de la Econom\u00eda Social que , entre otras cuestiones, reforzar\u00e1 el reconocimiento espec\u00edfico a los Ceeis para evitar que haya otros proyectos que puedan \u201caprovecharse\u201d de las ayudas que reciben estos centros.<\/p>\n<p>En su intervenci\u00f3n, Belassir se detuvo tambi\u00e9n en la importancia de la <b>formaci\u00f3n permanente para que las personas con discapacidad<\/b> puedan \u201cdesarrollar su talento\u201d y adaptarse a los cambios, al tiempo que apremi\u00f3 a \u201caprender a aprovechar\u201d las oportunidades de las nuevas tecnolog\u00edas y la inteligencia artificial (IA). \u201cBien usadas, pueden incluso ayudarnos, sobre todo en un contexto como este, de vulnerabilidad social\u201d, arguy\u00f3.<\/p>\n<p>Puso el \u201cgran ejemplo de Jap\u00f3n\u201d, con un alto grado de desarrollo tecnol\u00f3gico y una tasa de paro \u201cmuy baja\u201d, por lo que indic\u00f3 que Espa\u00f1a tambi\u00e9n lo puede conseguir. Para ello, recet\u00f3 \u201ctrabajar todos y dejar de fijarnos s\u00f3lo en las dificultades y focalizarnos un poquito m\u00e1s en las oportunidades\u201d.<\/p>\n<h1>Somos modelos que no nos vamos, que donde estamos localizamos nuestra actividad, nuestra generaci\u00f3n de riqueza<\/h1>\n<h2>&#8216;Espa\u00f1a vaciada&#8217;<\/h2>\n<p>Por otra parte, los ponentes destacaron la resiliencia y el apego de los Ceeis a los territorios, lo que <b>beneficia especialmente a las zonas rurales<\/b>, donde las personas con discapacidad tienen menos oportunidades de empleo. Como coment\u00f3 Marina Ladrero, \u201clo tienen bastante complicado\u201d, aunque explic\u00f3 que ahora surgen nuevas oportunidades con la atenci\u00f3n telef\u00f3nica y el teletrabajo.<\/p>\n<p>A esto, el secretario de Aecenco a\u00f1adi\u00f3: \u201cSomos modelos que no nos vamos, que donde estamos localizamos nuestra actividad, nuestra <b>generaci\u00f3n de riqueza<\/b>\u201d.<\/p>\n<p>Adem\u00e1s, Pedro Jes\u00fas S\u00e1ez rechaz\u00f3 las cr\u00edticas sobre que los Ceeis realizan \u201ccompetencia desleal\u201d por percibir ayudas y se\u00f1al\u00f3 que hay estudios que apuntan que,<b> por cada euro que perciben, repercuten 1,40, y sin contar las n\u00f3minas que se abonan a los trabajadores<\/b>.<\/p>\n<p>\u201cAunque no hubiera ning\u00fan retorno econ\u00f3mico, que siempre lo hay, porque cualquier persona empleada a la sociedad aporta un retorno econ\u00f3mico, solo por el<b> retorno social que hay detr\u00e1s de estas iniciativas<\/b>, yo creo que para las administraciones p\u00fablicas vale la pena\u201d, repuso la representante del Ministerio de Trabajo. Asimismo, Belassir, como el resto de intervinientes, subray\u00f3 la mayor \u201cresiliencia\u201d de los Ceeis y de la econom\u00eda social en general en contextos de crisis econ\u00f3micas, pues <b>mantienen m\u00e1s puestos de trabajo<\/b>.<\/p>\n<\/div>\n<p>Fuente: Discapacidad https:\/\/www.20minutos.es\/noticia\/5657447\/0\/los-centros-especiales-empleo-piden-llamarse-empresas-trabajo-inclusivo-dejar-claro-que-no-son-guetos\/<\/p>\n","protected":false},"excerpt":{"rendered":"<p>Desde Feacem defienden que son \u00abempresas de trabajo inclusivo\u201d o \u201cempresas inclusivas de inserci\u00f3n\u201d.<\/p>\n","protected":false},"author":1,"featured_media":0,"comment_status":"closed","ping_status":"closed","sticky":false,"template":"","format":"standard","meta":{"footnotes":""},"categories":[8],"tags":[],"class_list":["post-10596","post","type-post","status-publish","format-standard","hentry","category-noticias"],"yoast_head":"<!-- This site is optimized with the Yoast SEO plugin v27.5 - https:\/\/yoast.com\/product\/yoast-seo-wordpress\/ -->\n<title>Los centros especiales de empleo piden llamarse &quot;empresas de trabajo inclusivo&quot; y dejar claro que no son &quot;guetos&quot; - Asociaci\u00f3n Espa\u00f1ola S\u00edndrome de Charge<\/title>\n<meta name=\"robots\" content=\"index, follow, max-snippet:-1, max-image-preview:large, max-video-preview:-1\" \/>\n<link rel=\"canonical\" href=\"https:\/\/sindromecharge.es\/index.php\/2024\/11\/25\/los-centros-especiales-empleo-piden-llamarse-empresas-trabajo-inclusivo-dejar-claro-que-no-son-guetos\/\" \/>\n<meta property=\"og:locale\" content=\"es_ES\" \/>\n<meta property=\"og:type\" content=\"article\" \/>\n<meta property=\"og:title\" content=\"Los centros especiales de empleo piden llamarse &quot;empresas de trabajo inclusivo&quot; y dejar claro que no son &quot;guetos&quot; - Asociaci\u00f3n Espa\u00f1ola S\u00edndrome de Charge\" \/>\n<meta property=\"og:description\" content=\"Desde Feacem defienden que son \u00abempresas de trabajo inclusivo\u201d o \u201cempresas inclusivas de inserci\u00f3n\u201d.\" \/>\n<meta property=\"og:url\" content=\"https:\/\/sindromecharge.es\/index.php\/2024\/11\/25\/los-centros-especiales-empleo-piden-llamarse-empresas-trabajo-inclusivo-dejar-claro-que-no-son-guetos\/\" \/>\n<meta property=\"og:site_name\" content=\"Asociaci\u00f3n Espa\u00f1ola S\u00edndrome de Charge\" \/>\n<meta property=\"article:publisher\" content=\"https:\/\/www.facebook.com\/asociacionsindromecharge\" \/>\n<meta property=\"article:published_time\" content=\"2024-11-25T06:53:05+00:00\" \/>\n<meta property=\"og:image\" content=\"https:\/\/sindromecharge.es\/wp-content\/uploads\/2013\/09\/logodecharge300x98.png\" \/>\n\t<meta property=\"og:image:width\" content=\"300\" \/>\n\t<meta property=\"og:image:height\" content=\"98\" \/>\n\t<meta property=\"og:image:type\" content=\"image\/png\" \/>\n<meta name=\"author\" content=\"Charge\" \/>\n<meta name=\"twitter:card\" content=\"summary_large_image\" \/>\n<meta name=\"twitter:creator\" content=\"@sindromecharge\" \/>\n<meta name=\"twitter:site\" content=\"@sindromecharge\" \/>\n<meta name=\"twitter:label1\" content=\"Escrito por\" \/>\n\t<meta name=\"twitter:data1\" content=\"Charge\" \/>\n\t<meta name=\"twitter:label2\" content=\"Tiempo de lectura\" \/>\n\t<meta name=\"twitter:data2\" content=\"6 minutos\" \/>\n<script type=\"application\/ld+json\" class=\"yoast-schema-graph\">{\"@context\":\"https:\\\/\\\/schema.org\",\"@graph\":[{\"@type\":\"Article\",\"@id\":\"https:\\\/\\\/sindromecharge.es\\\/index.php\\\/2024\\\/11\\\/25\\\/los-centros-especiales-empleo-piden-llamarse-empresas-trabajo-inclusivo-dejar-claro-que-no-son-guetos\\\/#article\",\"isPartOf\":{\"@id\":\"https:\\\/\\\/sindromecharge.es\\\/index.php\\\/2024\\\/11\\\/25\\\/los-centros-especiales-empleo-piden-llamarse-empresas-trabajo-inclusivo-dejar-claro-que-no-son-guetos\\\/\"},\"author\":{\"name\":\"Charge\",\"@id\":\"https:\\\/\\\/sindromecharge.es\\\/#\\\/schema\\\/person\\\/39a60ebe0a2b4d5a11179701e336b039\"},\"headline\":\"Los centros especiales de empleo piden llamarse \u00abempresas de trabajo inclusivo\u00bb y dejar claro que no son \u00abguetos\u00bb\",\"datePublished\":\"2024-11-25T06:53:05+00:00\",\"mainEntityOfPage\":{\"@id\":\"https:\\\/\\\/sindromecharge.es\\\/index.php\\\/2024\\\/11\\\/25\\\/los-centros-especiales-empleo-piden-llamarse-empresas-trabajo-inclusivo-dejar-claro-que-no-son-guetos\\\/\"},\"wordCount\":1234,\"articleSection\":[\"noticias\"],\"inLanguage\":\"es\"},{\"@type\":\"WebPage\",\"@id\":\"https:\\\/\\\/sindromecharge.es\\\/index.php\\\/2024\\\/11\\\/25\\\/los-centros-especiales-empleo-piden-llamarse-empresas-trabajo-inclusivo-dejar-claro-que-no-son-guetos\\\/\",\"url\":\"https:\\\/\\\/sindromecharge.es\\\/index.php\\\/2024\\\/11\\\/25\\\/los-centros-especiales-empleo-piden-llamarse-empresas-trabajo-inclusivo-dejar-claro-que-no-son-guetos\\\/\",\"name\":\"Los centros especiales de empleo piden llamarse \\\"empresas de trabajo inclusivo\\\" y dejar claro que no son \\\"guetos\\\" - Asociaci\u00f3n Espa\u00f1ola S\u00edndrome de Charge\",\"isPartOf\":{\"@id\":\"https:\\\/\\\/sindromecharge.es\\\/#website\"},\"datePublished\":\"2024-11-25T06:53:05+00:00\",\"author\":{\"@id\":\"https:\\\/\\\/sindromecharge.es\\\/#\\\/schema\\\/person\\\/39a60ebe0a2b4d5a11179701e336b039\"},\"breadcrumb\":{\"@id\":\"https:\\\/\\\/sindromecharge.es\\\/index.php\\\/2024\\\/11\\\/25\\\/los-centros-especiales-empleo-piden-llamarse-empresas-trabajo-inclusivo-dejar-claro-que-no-son-guetos\\\/#breadcrumb\"},\"inLanguage\":\"es\",\"potentialAction\":[{\"@type\":\"ReadAction\",\"target\":[\"https:\\\/\\\/sindromecharge.es\\\/index.php\\\/2024\\\/11\\\/25\\\/los-centros-especiales-empleo-piden-llamarse-empresas-trabajo-inclusivo-dejar-claro-que-no-son-guetos\\\/\"]}]},{\"@type\":\"BreadcrumbList\",\"@id\":\"https:\\\/\\\/sindromecharge.es\\\/index.php\\\/2024\\\/11\\\/25\\\/los-centros-especiales-empleo-piden-llamarse-empresas-trabajo-inclusivo-dejar-claro-que-no-son-guetos\\\/#breadcrumb\",\"itemListElement\":[{\"@type\":\"ListItem\",\"position\":1,\"name\":\"Portada\",\"item\":\"https:\\\/\\\/sindromecharge.es\\\/\"},{\"@type\":\"ListItem\",\"position\":2,\"name\":\"Los centros especiales de empleo piden llamarse &#8220;empresas de trabajo inclusivo&#8221; y dejar claro que no son &#8220;guetos&#8221;\"}]},{\"@type\":\"WebSite\",\"@id\":\"https:\\\/\\\/sindromecharge.es\\\/#website\",\"url\":\"https:\\\/\\\/sindromecharge.es\\\/\",\"name\":\"Asociaci\u00f3n Espa\u00f1ola S\u00edndrome de Charge\",\"description\":\"\",\"potentialAction\":[{\"@type\":\"SearchAction\",\"target\":{\"@type\":\"EntryPoint\",\"urlTemplate\":\"https:\\\/\\\/sindromecharge.es\\\/?s={search_term_string}\"},\"query-input\":{\"@type\":\"PropertyValueSpecification\",\"valueRequired\":true,\"valueName\":\"search_term_string\"}}],\"inLanguage\":\"es\"},{\"@type\":\"Person\",\"@id\":\"https:\\\/\\\/sindromecharge.es\\\/#\\\/schema\\\/person\\\/39a60ebe0a2b4d5a11179701e336b039\",\"name\":\"Charge\",\"image\":{\"@type\":\"ImageObject\",\"inLanguage\":\"es\",\"@id\":\"https:\\\/\\\/secure.gravatar.com\\\/avatar\\\/c3b46e32a0fc3b093a0873fb767bf3293de856293065e84ef06b7ec7a8acfb98?s=96&d=identicon&r=x\",\"url\":\"https:\\\/\\\/secure.gravatar.com\\\/avatar\\\/c3b46e32a0fc3b093a0873fb767bf3293de856293065e84ef06b7ec7a8acfb98?s=96&d=identicon&r=x\",\"contentUrl\":\"https:\\\/\\\/secure.gravatar.com\\\/avatar\\\/c3b46e32a0fc3b093a0873fb767bf3293de856293065e84ef06b7ec7a8acfb98?s=96&d=identicon&r=x\",\"caption\":\"Charge\"},\"url\":\"https:\\\/\\\/sindromecharge.es\\\/index.php\\\/author\\\/admin\\\/\"}]}<\/script>\n<!-- \/ Yoast SEO plugin. -->","yoast_head_json":{"title":"Los centros especiales de empleo piden llamarse \"empresas de trabajo inclusivo\" y dejar claro que no son \"guetos\" - Asociaci\u00f3n Espa\u00f1ola S\u00edndrome de Charge","robots":{"index":"index","follow":"follow","max-snippet":"max-snippet:-1","max-image-preview":"max-image-preview:large","max-video-preview":"max-video-preview:-1"},"canonical":"https:\/\/sindromecharge.es\/index.php\/2024\/11\/25\/los-centros-especiales-empleo-piden-llamarse-empresas-trabajo-inclusivo-dejar-claro-que-no-son-guetos\/","og_locale":"es_ES","og_type":"article","og_title":"Los centros especiales de empleo piden llamarse \"empresas de trabajo inclusivo\" y dejar claro que no son \"guetos\" - Asociaci\u00f3n Espa\u00f1ola S\u00edndrome de Charge","og_description":"Desde Feacem defienden que son \u00abempresas de trabajo inclusivo\u201d o \u201cempresas inclusivas de inserci\u00f3n\u201d.","og_url":"https:\/\/sindromecharge.es\/index.php\/2024\/11\/25\/los-centros-especiales-empleo-piden-llamarse-empresas-trabajo-inclusivo-dejar-claro-que-no-son-guetos\/","og_site_name":"Asociaci\u00f3n Espa\u00f1ola S\u00edndrome de Charge","article_publisher":"https:\/\/www.facebook.com\/asociacionsindromecharge","article_published_time":"2024-11-25T06:53:05+00:00","og_image":[{"width":300,"height":98,"url":"https:\/\/sindromecharge.es\/wp-content\/uploads\/2013\/09\/logodecharge300x98.png","type":"image\/png"}],"author":"Charge","twitter_card":"summary_large_image","twitter_creator":"@sindromecharge","twitter_site":"@sindromecharge","twitter_misc":{"Escrito por":"Charge","Tiempo de lectura":"6 minutos"},"schema":{"@context":"https:\/\/schema.org","@graph":[{"@type":"Article","@id":"https:\/\/sindromecharge.es\/index.php\/2024\/11\/25\/los-centros-especiales-empleo-piden-llamarse-empresas-trabajo-inclusivo-dejar-claro-que-no-son-guetos\/#article","isPartOf":{"@id":"https:\/\/sindromecharge.es\/index.php\/2024\/11\/25\/los-centros-especiales-empleo-piden-llamarse-empresas-trabajo-inclusivo-dejar-claro-que-no-son-guetos\/"},"author":{"name":"Charge","@id":"https:\/\/sindromecharge.es\/#\/schema\/person\/39a60ebe0a2b4d5a11179701e336b039"},"headline":"Los centros especiales de empleo piden llamarse \u00abempresas de trabajo inclusivo\u00bb y dejar claro que no son \u00abguetos\u00bb","datePublished":"2024-11-25T06:53:05+00:00","mainEntityOfPage":{"@id":"https:\/\/sindromecharge.es\/index.php\/2024\/11\/25\/los-centros-especiales-empleo-piden-llamarse-empresas-trabajo-inclusivo-dejar-claro-que-no-son-guetos\/"},"wordCount":1234,"articleSection":["noticias"],"inLanguage":"es"},{"@type":"WebPage","@id":"https:\/\/sindromecharge.es\/index.php\/2024\/11\/25\/los-centros-especiales-empleo-piden-llamarse-empresas-trabajo-inclusivo-dejar-claro-que-no-son-guetos\/","url":"https:\/\/sindromecharge.es\/index.php\/2024\/11\/25\/los-centros-especiales-empleo-piden-llamarse-empresas-trabajo-inclusivo-dejar-claro-que-no-son-guetos\/","name":"Los centros especiales de empleo piden llamarse \"empresas de trabajo inclusivo\" y dejar claro que no son \"guetos\" - Asociaci\u00f3n Espa\u00f1ola S\u00edndrome de Charge","isPartOf":{"@id":"https:\/\/sindromecharge.es\/#website"},"datePublished":"2024-11-25T06:53:05+00:00","author":{"@id":"https:\/\/sindromecharge.es\/#\/schema\/person\/39a60ebe0a2b4d5a11179701e336b039"},"breadcrumb":{"@id":"https:\/\/sindromecharge.es\/index.php\/2024\/11\/25\/los-centros-especiales-empleo-piden-llamarse-empresas-trabajo-inclusivo-dejar-claro-que-no-son-guetos\/#breadcrumb"},"inLanguage":"es","potentialAction":[{"@type":"ReadAction","target":["https:\/\/sindromecharge.es\/index.php\/2024\/11\/25\/los-centros-especiales-empleo-piden-llamarse-empresas-trabajo-inclusivo-dejar-claro-que-no-son-guetos\/"]}]},{"@type":"BreadcrumbList","@id":"https:\/\/sindromecharge.es\/index.php\/2024\/11\/25\/los-centros-especiales-empleo-piden-llamarse-empresas-trabajo-inclusivo-dejar-claro-que-no-son-guetos\/#breadcrumb","itemListElement":[{"@type":"ListItem","position":1,"name":"Portada","item":"https:\/\/sindromecharge.es\/"},{"@type":"ListItem","position":2,"name":"Los centros especiales de empleo piden llamarse &#8220;empresas de trabajo inclusivo&#8221; y dejar claro que no son &#8220;guetos&#8221;"}]},{"@type":"WebSite","@id":"https:\/\/sindromecharge.es\/#website","url":"https:\/\/sindromecharge.es\/","name":"Asociaci\u00f3n Espa\u00f1ola S\u00edndrome de Charge","description":"","potentialAction":[{"@type":"SearchAction","target":{"@type":"EntryPoint","urlTemplate":"https:\/\/sindromecharge.es\/?s={search_term_string}"},"query-input":{"@type":"PropertyValueSpecification","valueRequired":true,"valueName":"search_term_string"}}],"inLanguage":"es"},{"@type":"Person","@id":"https:\/\/sindromecharge.es\/#\/schema\/person\/39a60ebe0a2b4d5a11179701e336b039","name":"Charge","image":{"@type":"ImageObject","inLanguage":"es","@id":"https:\/\/secure.gravatar.com\/avatar\/c3b46e32a0fc3b093a0873fb767bf3293de856293065e84ef06b7ec7a8acfb98?s=96&d=identicon&r=x","url":"https:\/\/secure.gravatar.com\/avatar\/c3b46e32a0fc3b093a0873fb767bf3293de856293065e84ef06b7ec7a8acfb98?s=96&d=identicon&r=x","contentUrl":"https:\/\/secure.gravatar.com\/avatar\/c3b46e32a0fc3b093a0873fb767bf3293de856293065e84ef06b7ec7a8acfb98?s=96&d=identicon&r=x","caption":"Charge"},"url":"https:\/\/sindromecharge.es\/index.php\/author\/admin\/"}]}},"_links":{"self":[{"href":"https:\/\/sindromecharge.es\/index.php\/wp-json\/wp\/v2\/posts\/10596","targetHints":{"allow":["GET"]}}],"collection":[{"href":"https:\/\/sindromecharge.es\/index.php\/wp-json\/wp\/v2\/posts"}],"about":[{"href":"https:\/\/sindromecharge.es\/index.php\/wp-json\/wp\/v2\/types\/post"}],"author":[{"embeddable":true,"href":"https:\/\/sindromecharge.es\/index.php\/wp-json\/wp\/v2\/users\/1"}],"replies":[{"embeddable":true,"href":"https:\/\/sindromecharge.es\/index.php\/wp-json\/wp\/v2\/comments?post=10596"}],"version-history":[{"count":0,"href":"https:\/\/sindromecharge.es\/index.php\/wp-json\/wp\/v2\/posts\/10596\/revisions"}],"wp:attachment":[{"href":"https:\/\/sindromecharge.es\/index.php\/wp-json\/wp\/v2\/media?parent=10596"}],"wp:term":[{"taxonomy":"category","embeddable":true,"href":"https:\/\/sindromecharge.es\/index.php\/wp-json\/wp\/v2\/categories?post=10596"},{"taxonomy":"post_tag","embeddable":true,"href":"https:\/\/sindromecharge.es\/index.php\/wp-json\/wp\/v2\/tags?post=10596"}],"curies":[{"name":"wp","href":"https:\/\/api.w.org\/{rel}","templated":true}]}}