{"id":10595,"date":"2024-11-25T06:33:00","date_gmt":"2024-11-25T06:33:00","guid":{"rendered":"https:\/\/sindromecharge.es\/index.php\/2024\/11\/25\/impuestos-personas-discapacidad-reconocida-bonificaciones\/"},"modified":"2024-11-25T06:33:00","modified_gmt":"2024-11-25T06:33:00","slug":"impuestos-personas-discapacidad-reconocida-bonificaciones","status":"publish","type":"post","link":"https:\/\/sindromecharge.es\/index.php\/2024\/11\/25\/impuestos-personas-discapacidad-reconocida-bonificaciones\/","title":{"rendered":"Estos son los impuestos en los que las personas con una discapacidad reconocida pueden tener bonificaciones"},"content":{"rendered":"<p>Leemos en Discapacidad la siguiente noticia que os reproducimos de forma \u00edntegra: <\/p>\n<div>\n<p>La <a href=\"https:\/\/www.20minutos.es\/minuteca\/discapacidad\/\" title=\"Discapacidad\" target=\"_blank\">discapacidad<\/a> empobrece, ya sea porque estas personas tienen m\u00e1s dif\u00edcil acceder a un empleo y a formaci\u00f3n o porque conlleva una serie de <b>gastos adicionales<\/b> que no tendr\u00edan si fuera por su discapacidad, como veh\u00edculos y domicilios adaptados, terapias, ayuda de terceros en el d\u00eda a d\u00eda o material ortoprot\u00e9sico. <\/p>\n<p>Para paliar, de alguna manera, estas circunstancias, tanto a nivel estatal como local, las personas con discapacidad<b> pueden acceder a una serie de beneficios fiscales<\/b>, ya sea por la eliminaci\u00f3n directa de algunos impuestos como la reducci\u00f3n de otros. <\/p>\n<p>Para poder acceder a estas deducciones, se requiere siempre que el <b>reconocimiento de la discapacidad sea de, al menos, el 33%.<\/b> <\/p>\n<h2>Exenciones y deducciones en la declaraci\u00f3n de la renta<\/h2>\n<p>La <a href=\"https:\/\/www.20minutos.es\/minuteca\/irpf\/\" title=\"IRPF\" target=\"_blank\">declaraci\u00f3n de la renta o IRPF <\/a>es un impuesto que se paga anualmente en funci\u00f3n de los ingresos y las circunstancias de cada persona. En el caso de las personas con discapacidad y, en ocasiones, sus familiares, pueden beneficiarse de una serie de <b>deducciones a incluso exenciones<\/b>. As\u00ed, por ejemplo, est\u00e1n exentas de pagar IRPF las personas con discapacidad que:<\/p>\n<p><b>\u2022 Perciben una pensi\u00f3n o prestaci\u00f3n<\/b> por tener reconocida una gran invalidez o incapacidad permanente.<\/p>\n<p>\u2022 Reciben o han recibido <b>ayudas, prestaciones o indemnizaciones<\/b> de instituciones p\u00fablica o <b>administraciones p\u00fablicas.<\/b><\/p>\n<p>\u2022 Reciban <b>prestaciones por desempleo<\/b> cuando se perciban en la modalidad de pago \u00fanico.<\/p>\n<p>\u2022 Tengan<b> rendimientos del trabajo <\/b>derivados de las prestaciones obtenidas en forma de renta en planes de pensiones o que procedan de patrimonios protegidos.<\/p>\n<p>Adem\u00e1s, se pueden <b>deducir pagos <\/b>en varios supuestos.<\/p>\n<p>\u2022Los trabajadores activos con discapacidad podr\u00e1n <b>minorar el rendimiento neto del trabajo <\/b>en 3.500 euros anuales. La reducci\u00f3n ser\u00e1 de 7.750 euros anuales para las personas que adem\u00e1s acrediten necesitar ayuda de terceras personas o movilidad reducida, o un grado de discapacidad igual o superior al 65 por ciento.<\/p>\n<p><b>\u2022Obras para adecuar la vivienda<\/b>. Se puede desgravar como m\u00e1ximo 12.080 euros en caso de haber tenido que hacer obras para adecuar la vivienda a sus necesidades espec\u00edficas.<\/p>\n<p><b>\u2022 Deducci\u00f3n por cada descendiente, ascendiente y c\u00f3nyuge con discapacidad<\/b>. La deducci\u00f3n ser\u00e1 de hasta 1.200 euros anuales en cada caso.<\/p>\n<p>Las cantidades y circunstancias de estas deducciones pueden variar de un ejercicio a otro. Algunas comunidades tambi\u00e9n pueden aplicar sus propias deducciones, que se a\u00f1adir\u00e1n a estas, que son de car\u00e1cter estatal.<\/p>\n<h2>Reducciones en el IVA de algunos productos y servicios<\/h2>\n<p>Las personas con discapacidad pueden pagar menos IVA por la compra de algunos productos o servicios. Por ejemplo, como indican en la <a href=\"https:\/\/sede.agenciatributaria.gob.es\/Sede\/ciudadanos-familias-personas-discapacidad\/beneficios-fiscales-iva\/iva-reducido-compra-adaptacion-reparacion-discapacitados.html\" target=\"_blank\" rel=\"nofollow\">Agencia Tributaria,<\/a> pagar\u00e1n un<b> 4% de IVA en lugar del 21%<\/b> habitual en:<\/p>\n<p><b>\u2022 La compra de un veh\u00edculo a su nombre <\/b>(aunque no lo conduzcan), siempre y cuando no hayan comprado ninguno en los \u00faltimos cuatro a\u00f1os o no se acredite un siniestro total del anterior veh\u00edculo.<\/p>\n<p><b>\u2022 Servicios de reparaci\u00f3n de veh\u00edculos adaptados <\/b>para personas con movilidad reducida o la adaptaci\u00f3n de estos.<\/p>\n<p>\u2022La <b>compra de pr\u00f3tesis, \u00f3rtesis <\/b>e implantes internos.<\/p>\n<p><b>\u2022Los <a href=\"https:\/\/sede.agenciatributaria.gob.es\/Sede\/ciudadanos-familias-personas-discapacidad\/beneficios-fiscales-iva\/centros-residencias-ayuda-domicilio.html\" target=\"_blank\" rel=\"nofollow\">servicios de teleasistencia<\/a>,<\/b> ayuda a domicilio, servicios de centros de d\u00eda y de noche y atenci\u00f3n residencial. <\/p>\n<p>Pagar\u00e1n un <b>10% de IVA en lugar del 21% <\/b>en los siguientes casos:<\/p>\n<p>\u2022La <b>adquisici\u00f3n de plataformas elevadoras, ascensores <\/b>para sillas de ruedas, adaptadores de sillas en escaleras, rampas port\u00e1tiles y barras autoportantes para incorporarse por s\u00ed mismo.<\/p>\n<p>\u2022Las <b>ejecuciones de obra para la instalaci\u00f3n de elementos elevadores<\/b>, incluidos los destinados a salvar barreras arquitect\u00f3nicas para su uso, que formen parte de un proyecto global de rehabilitaci\u00f3n de la edificaci\u00f3n.<\/p>\n<p><b>\u2022La compra de: gafas, monturas, lentes de contacto<\/b>, dispositivos de medici\u00f3n de glucosa o cuerpos cet\u00f3nicos, bolsas de recogida de la orina, c\u00e1nulas de traqueotom\u00eda y laringectom\u00eda, sillas terap\u00e9uticas y de ruedas (as\u00ed como dispositivos asociados a las mismas, cojines, arneses, muletas, andadores\u2026) y gr\u00faas para movilizar personas con discapacidad.<\/p>\n<p><b>\u2022 <a href=\"https:\/\/sede.agenciatributaria.gob.es\/Sede\/ciudadanos-familias-personas-discapacidad\/beneficios-fiscales-iva\/productos-sanitarios-apoyo.html\" target=\"_blank\" rel=\"nofollow\">Otros productos sanitarios<\/a>,<\/b> como instrumental destinado a la reducci\u00f3n de lesiones o malformaciones internas, de di\u00e1lisis domiciliaria y tratamiento respiratorios\u2026 o cualquier otro para compensar una incapacidad, ya sea f\u00edsica, intelectual o sensorial.<\/p>\n<h2>Circulaci\u00f3n, matriculaci\u00f3n y sucesiones<\/h2>\n<p>Las personas con una discapacidad reconocida igual o superior al 33% tambi\u00e9n est\u00e1n exentos o pueden ver reducidos los siguientes impuestos:<\/p>\n<p><b>\u2022 Impuesto Sobre Determinados Medios de Transporte (Impuesto de Matriculaci\u00f3n).<\/b> No tendr\u00e1n que pagar este impuesto cuando adquieran un veh\u00edculo si el veh\u00edculo est\u00e1 a su nombre y hayan transcurrido al menos cuatro a\u00f1os desde la matriculaci\u00f3n de otro veh\u00edculo (a no ser que se haya siniestrado) y si no se vende a terceros antes de los cuatro a\u00f1os siguientes.<\/p>\n<p><b>\u2022 Impuesto de Veh\u00edculos de Tracci\u00f3n Mec\u00e1nica (Impuesto de Circulaci\u00f3n)<\/b>. Este impuesto municipal tambi\u00e9n est\u00e1 exento de pago para las personas con discapacidad o que dispongan de la tarjeta de estacionamiento para personas con movilidad reducida. Esta exenci\u00f3n debe gestionarse en cada ayuntamiento.<\/p>\n<p><b>\u2022 Otros impuestos<\/b>, como el de Transmisiones Patrimoniales Onerosas o los de Sucesiones, dependen de las comunidades aut\u00f3nomas y depende de ellas el descuento o exenci\u00f3n a aplicar en caso de discapacidad. <\/p>\n<\/div>\n<p>Fuente: Discapacidad https:\/\/www.20minutos.es\/noticia\/5656420\/0\/impuestos-personas-discapacidad-reconocida-bonificaciones\/<\/p>\n","protected":false},"excerpt":{"rendered":"<p>Con al menos un 33% de discapacidad existen exenciones en algunos impuestos y otros se pueden reducir.<\/p>\n","protected":false},"author":1,"featured_media":0,"comment_status":"closed","ping_status":"closed","sticky":false,"template":"","format":"standard","meta":{"footnotes":""},"categories":[8],"tags":[],"class_list":["post-10595","post","type-post","status-publish","format-standard","hentry","category-noticias"],"yoast_head":"<!-- This site is optimized with the Yoast SEO plugin v27.5 - https:\/\/yoast.com\/product\/yoast-seo-wordpress\/ -->\n<title>Estos son los impuestos en los que las personas con una discapacidad reconocida pueden tener bonificaciones - Asociaci\u00f3n Espa\u00f1ola S\u00edndrome de Charge<\/title>\n<meta name=\"robots\" content=\"index, follow, max-snippet:-1, max-image-preview:large, max-video-preview:-1\" \/>\n<link rel=\"canonical\" href=\"https:\/\/sindromecharge.es\/index.php\/2024\/11\/25\/impuestos-personas-discapacidad-reconocida-bonificaciones\/\" \/>\n<meta property=\"og:locale\" content=\"es_ES\" \/>\n<meta property=\"og:type\" content=\"article\" \/>\n<meta property=\"og:title\" content=\"Estos son los impuestos en los que las personas con una discapacidad reconocida pueden tener bonificaciones - Asociaci\u00f3n Espa\u00f1ola S\u00edndrome de Charge\" \/>\n<meta property=\"og:description\" content=\"Con al menos un 33% de discapacidad existen exenciones en algunos impuestos y otros se pueden reducir.\" \/>\n<meta property=\"og:url\" content=\"https:\/\/sindromecharge.es\/index.php\/2024\/11\/25\/impuestos-personas-discapacidad-reconocida-bonificaciones\/\" \/>\n<meta property=\"og:site_name\" content=\"Asociaci\u00f3n Espa\u00f1ola S\u00edndrome de Charge\" \/>\n<meta property=\"article:publisher\" content=\"https:\/\/www.facebook.com\/asociacionsindromecharge\" \/>\n<meta property=\"article:published_time\" content=\"2024-11-25T06:33:00+00:00\" \/>\n<meta property=\"og:image\" content=\"https:\/\/sindromecharge.es\/wp-content\/uploads\/2013\/09\/logodecharge300x98.png\" \/>\n\t<meta property=\"og:image:width\" content=\"300\" \/>\n\t<meta property=\"og:image:height\" content=\"98\" \/>\n\t<meta property=\"og:image:type\" content=\"image\/png\" \/>\n<meta name=\"author\" content=\"Charge\" \/>\n<meta name=\"twitter:card\" content=\"summary_large_image\" \/>\n<meta name=\"twitter:creator\" content=\"@sindromecharge\" \/>\n<meta name=\"twitter:site\" content=\"@sindromecharge\" \/>\n<meta name=\"twitter:label1\" content=\"Escrito por\" \/>\n\t<meta name=\"twitter:data1\" content=\"Charge\" \/>\n\t<meta name=\"twitter:label2\" content=\"Tiempo de lectura\" \/>\n\t<meta name=\"twitter:data2\" content=\"4 minutos\" \/>\n<script type=\"application\/ld+json\" class=\"yoast-schema-graph\">{\"@context\":\"https:\\\/\\\/schema.org\",\"@graph\":[{\"@type\":\"Article\",\"@id\":\"https:\\\/\\\/sindromecharge.es\\\/index.php\\\/2024\\\/11\\\/25\\\/impuestos-personas-discapacidad-reconocida-bonificaciones\\\/#article\",\"isPartOf\":{\"@id\":\"https:\\\/\\\/sindromecharge.es\\\/index.php\\\/2024\\\/11\\\/25\\\/impuestos-personas-discapacidad-reconocida-bonificaciones\\\/\"},\"author\":{\"name\":\"Charge\",\"@id\":\"https:\\\/\\\/sindromecharge.es\\\/#\\\/schema\\\/person\\\/39a60ebe0a2b4d5a11179701e336b039\"},\"headline\":\"Estos son los impuestos en los que las personas con una discapacidad reconocida pueden tener bonificaciones\",\"datePublished\":\"2024-11-25T06:33:00+00:00\",\"mainEntityOfPage\":{\"@id\":\"https:\\\/\\\/sindromecharge.es\\\/index.php\\\/2024\\\/11\\\/25\\\/impuestos-personas-discapacidad-reconocida-bonificaciones\\\/\"},\"wordCount\":915,\"articleSection\":[\"noticias\"],\"inLanguage\":\"es\"},{\"@type\":\"WebPage\",\"@id\":\"https:\\\/\\\/sindromecharge.es\\\/index.php\\\/2024\\\/11\\\/25\\\/impuestos-personas-discapacidad-reconocida-bonificaciones\\\/\",\"url\":\"https:\\\/\\\/sindromecharge.es\\\/index.php\\\/2024\\\/11\\\/25\\\/impuestos-personas-discapacidad-reconocida-bonificaciones\\\/\",\"name\":\"Estos son los impuestos en los que las personas con una discapacidad reconocida pueden tener bonificaciones - Asociaci\u00f3n Espa\u00f1ola S\u00edndrome de Charge\",\"isPartOf\":{\"@id\":\"https:\\\/\\\/sindromecharge.es\\\/#website\"},\"datePublished\":\"2024-11-25T06:33:00+00:00\",\"author\":{\"@id\":\"https:\\\/\\\/sindromecharge.es\\\/#\\\/schema\\\/person\\\/39a60ebe0a2b4d5a11179701e336b039\"},\"breadcrumb\":{\"@id\":\"https:\\\/\\\/sindromecharge.es\\\/index.php\\\/2024\\\/11\\\/25\\\/impuestos-personas-discapacidad-reconocida-bonificaciones\\\/#breadcrumb\"},\"inLanguage\":\"es\",\"potentialAction\":[{\"@type\":\"ReadAction\",\"target\":[\"https:\\\/\\\/sindromecharge.es\\\/index.php\\\/2024\\\/11\\\/25\\\/impuestos-personas-discapacidad-reconocida-bonificaciones\\\/\"]}]},{\"@type\":\"BreadcrumbList\",\"@id\":\"https:\\\/\\\/sindromecharge.es\\\/index.php\\\/2024\\\/11\\\/25\\\/impuestos-personas-discapacidad-reconocida-bonificaciones\\\/#breadcrumb\",\"itemListElement\":[{\"@type\":\"ListItem\",\"position\":1,\"name\":\"Portada\",\"item\":\"https:\\\/\\\/sindromecharge.es\\\/\"},{\"@type\":\"ListItem\",\"position\":2,\"name\":\"Estos son los impuestos en los que las personas con una discapacidad reconocida pueden tener bonificaciones\"}]},{\"@type\":\"WebSite\",\"@id\":\"https:\\\/\\\/sindromecharge.es\\\/#website\",\"url\":\"https:\\\/\\\/sindromecharge.es\\\/\",\"name\":\"Asociaci\u00f3n Espa\u00f1ola S\u00edndrome de Charge\",\"description\":\"\",\"potentialAction\":[{\"@type\":\"SearchAction\",\"target\":{\"@type\":\"EntryPoint\",\"urlTemplate\":\"https:\\\/\\\/sindromecharge.es\\\/?s={search_term_string}\"},\"query-input\":{\"@type\":\"PropertyValueSpecification\",\"valueRequired\":true,\"valueName\":\"search_term_string\"}}],\"inLanguage\":\"es\"},{\"@type\":\"Person\",\"@id\":\"https:\\\/\\\/sindromecharge.es\\\/#\\\/schema\\\/person\\\/39a60ebe0a2b4d5a11179701e336b039\",\"name\":\"Charge\",\"image\":{\"@type\":\"ImageObject\",\"inLanguage\":\"es\",\"@id\":\"https:\\\/\\\/secure.gravatar.com\\\/avatar\\\/c3b46e32a0fc3b093a0873fb767bf3293de856293065e84ef06b7ec7a8acfb98?s=96&d=identicon&r=x\",\"url\":\"https:\\\/\\\/secure.gravatar.com\\\/avatar\\\/c3b46e32a0fc3b093a0873fb767bf3293de856293065e84ef06b7ec7a8acfb98?s=96&d=identicon&r=x\",\"contentUrl\":\"https:\\\/\\\/secure.gravatar.com\\\/avatar\\\/c3b46e32a0fc3b093a0873fb767bf3293de856293065e84ef06b7ec7a8acfb98?s=96&d=identicon&r=x\",\"caption\":\"Charge\"},\"url\":\"https:\\\/\\\/sindromecharge.es\\\/index.php\\\/author\\\/admin\\\/\"}]}<\/script>\n<!-- \/ Yoast SEO plugin. -->","yoast_head_json":{"title":"Estos son los impuestos en los que las personas con una discapacidad reconocida pueden tener bonificaciones - Asociaci\u00f3n Espa\u00f1ola S\u00edndrome de Charge","robots":{"index":"index","follow":"follow","max-snippet":"max-snippet:-1","max-image-preview":"max-image-preview:large","max-video-preview":"max-video-preview:-1"},"canonical":"https:\/\/sindromecharge.es\/index.php\/2024\/11\/25\/impuestos-personas-discapacidad-reconocida-bonificaciones\/","og_locale":"es_ES","og_type":"article","og_title":"Estos son los impuestos en los que las personas con una discapacidad reconocida pueden tener bonificaciones - Asociaci\u00f3n Espa\u00f1ola S\u00edndrome de Charge","og_description":"Con al menos un 33% de discapacidad existen exenciones en algunos impuestos y otros se pueden reducir.","og_url":"https:\/\/sindromecharge.es\/index.php\/2024\/11\/25\/impuestos-personas-discapacidad-reconocida-bonificaciones\/","og_site_name":"Asociaci\u00f3n Espa\u00f1ola S\u00edndrome de Charge","article_publisher":"https:\/\/www.facebook.com\/asociacionsindromecharge","article_published_time":"2024-11-25T06:33:00+00:00","og_image":[{"width":300,"height":98,"url":"https:\/\/sindromecharge.es\/wp-content\/uploads\/2013\/09\/logodecharge300x98.png","type":"image\/png"}],"author":"Charge","twitter_card":"summary_large_image","twitter_creator":"@sindromecharge","twitter_site":"@sindromecharge","twitter_misc":{"Escrito por":"Charge","Tiempo de lectura":"4 minutos"},"schema":{"@context":"https:\/\/schema.org","@graph":[{"@type":"Article","@id":"https:\/\/sindromecharge.es\/index.php\/2024\/11\/25\/impuestos-personas-discapacidad-reconocida-bonificaciones\/#article","isPartOf":{"@id":"https:\/\/sindromecharge.es\/index.php\/2024\/11\/25\/impuestos-personas-discapacidad-reconocida-bonificaciones\/"},"author":{"name":"Charge","@id":"https:\/\/sindromecharge.es\/#\/schema\/person\/39a60ebe0a2b4d5a11179701e336b039"},"headline":"Estos son los impuestos en los que las personas con una discapacidad reconocida pueden tener bonificaciones","datePublished":"2024-11-25T06:33:00+00:00","mainEntityOfPage":{"@id":"https:\/\/sindromecharge.es\/index.php\/2024\/11\/25\/impuestos-personas-discapacidad-reconocida-bonificaciones\/"},"wordCount":915,"articleSection":["noticias"],"inLanguage":"es"},{"@type":"WebPage","@id":"https:\/\/sindromecharge.es\/index.php\/2024\/11\/25\/impuestos-personas-discapacidad-reconocida-bonificaciones\/","url":"https:\/\/sindromecharge.es\/index.php\/2024\/11\/25\/impuestos-personas-discapacidad-reconocida-bonificaciones\/","name":"Estos son los impuestos en los que las personas con una discapacidad reconocida pueden tener bonificaciones - Asociaci\u00f3n Espa\u00f1ola S\u00edndrome de Charge","isPartOf":{"@id":"https:\/\/sindromecharge.es\/#website"},"datePublished":"2024-11-25T06:33:00+00:00","author":{"@id":"https:\/\/sindromecharge.es\/#\/schema\/person\/39a60ebe0a2b4d5a11179701e336b039"},"breadcrumb":{"@id":"https:\/\/sindromecharge.es\/index.php\/2024\/11\/25\/impuestos-personas-discapacidad-reconocida-bonificaciones\/#breadcrumb"},"inLanguage":"es","potentialAction":[{"@type":"ReadAction","target":["https:\/\/sindromecharge.es\/index.php\/2024\/11\/25\/impuestos-personas-discapacidad-reconocida-bonificaciones\/"]}]},{"@type":"BreadcrumbList","@id":"https:\/\/sindromecharge.es\/index.php\/2024\/11\/25\/impuestos-personas-discapacidad-reconocida-bonificaciones\/#breadcrumb","itemListElement":[{"@type":"ListItem","position":1,"name":"Portada","item":"https:\/\/sindromecharge.es\/"},{"@type":"ListItem","position":2,"name":"Estos son los impuestos en los que las personas con una discapacidad reconocida pueden tener bonificaciones"}]},{"@type":"WebSite","@id":"https:\/\/sindromecharge.es\/#website","url":"https:\/\/sindromecharge.es\/","name":"Asociaci\u00f3n Espa\u00f1ola S\u00edndrome de Charge","description":"","potentialAction":[{"@type":"SearchAction","target":{"@type":"EntryPoint","urlTemplate":"https:\/\/sindromecharge.es\/?s={search_term_string}"},"query-input":{"@type":"PropertyValueSpecification","valueRequired":true,"valueName":"search_term_string"}}],"inLanguage":"es"},{"@type":"Person","@id":"https:\/\/sindromecharge.es\/#\/schema\/person\/39a60ebe0a2b4d5a11179701e336b039","name":"Charge","image":{"@type":"ImageObject","inLanguage":"es","@id":"https:\/\/secure.gravatar.com\/avatar\/c3b46e32a0fc3b093a0873fb767bf3293de856293065e84ef06b7ec7a8acfb98?s=96&d=identicon&r=x","url":"https:\/\/secure.gravatar.com\/avatar\/c3b46e32a0fc3b093a0873fb767bf3293de856293065e84ef06b7ec7a8acfb98?s=96&d=identicon&r=x","contentUrl":"https:\/\/secure.gravatar.com\/avatar\/c3b46e32a0fc3b093a0873fb767bf3293de856293065e84ef06b7ec7a8acfb98?s=96&d=identicon&r=x","caption":"Charge"},"url":"https:\/\/sindromecharge.es\/index.php\/author\/admin\/"}]}},"_links":{"self":[{"href":"https:\/\/sindromecharge.es\/index.php\/wp-json\/wp\/v2\/posts\/10595","targetHints":{"allow":["GET"]}}],"collection":[{"href":"https:\/\/sindromecharge.es\/index.php\/wp-json\/wp\/v2\/posts"}],"about":[{"href":"https:\/\/sindromecharge.es\/index.php\/wp-json\/wp\/v2\/types\/post"}],"author":[{"embeddable":true,"href":"https:\/\/sindromecharge.es\/index.php\/wp-json\/wp\/v2\/users\/1"}],"replies":[{"embeddable":true,"href":"https:\/\/sindromecharge.es\/index.php\/wp-json\/wp\/v2\/comments?post=10595"}],"version-history":[{"count":0,"href":"https:\/\/sindromecharge.es\/index.php\/wp-json\/wp\/v2\/posts\/10595\/revisions"}],"wp:attachment":[{"href":"https:\/\/sindromecharge.es\/index.php\/wp-json\/wp\/v2\/media?parent=10595"}],"wp:term":[{"taxonomy":"category","embeddable":true,"href":"https:\/\/sindromecharge.es\/index.php\/wp-json\/wp\/v2\/categories?post=10595"},{"taxonomy":"post_tag","embeddable":true,"href":"https:\/\/sindromecharge.es\/index.php\/wp-json\/wp\/v2\/tags?post=10595"}],"curies":[{"name":"wp","href":"https:\/\/api.w.org\/{rel}","templated":true}]}}