{"id":10594,"date":"2024-11-25T06:32:36","date_gmt":"2024-11-25T06:32:36","guid":{"rendered":"https:\/\/sindromecharge.es\/index.php\/2024\/11\/25\/autismo-espana-senala-que-no-hay-recursos-especificos-para-atender-ninas-mujeres-autistas-victimas-violencia-genero\/"},"modified":"2024-11-25T06:32:36","modified_gmt":"2024-11-25T06:32:36","slug":"autismo-espana-senala-que-no-hay-recursos-especificos-para-atender-ninas-mujeres-autistas-victimas-violencia-genero","status":"publish","type":"post","link":"https:\/\/sindromecharge.es\/index.php\/2024\/11\/25\/autismo-espana-senala-que-no-hay-recursos-especificos-para-atender-ninas-mujeres-autistas-victimas-violencia-genero\/","title":{"rendered":"No hay recursos espec\u00edficos para atender a mujeres con autismo v\u00edctimas de violencia de g\u00e9nero: \u00abSon especialmente vulnerables\u00bb"},"content":{"rendered":"<p>Leemos en Discapacidad la siguiente noticia que os reproducimos de forma \u00edntegra: <\/p>\n<div>\n<p>Seg\u00fan se desprende de un estudio presentado por <b><a href=\"https:\/\/www.20minutos.es\/minuteca\/autismo\/\" title=\"Autismo\" target=\"_blank\">Autismo<\/a> Espa\u00f1a<\/b> en el marco del<b> D\u00eda Internacional de la Eliminaci\u00f3n de la Violencia contra la Mujer<\/b>, las ni\u00f1as y mujeres con autismo son especialmente vulnerables ante las distintas formas de <a href=\"https:\/\/www.20minutos.es\/minuteca\/violencia-de-genero\/\" title=\"Violencia de g\u00e9nero\" target=\"_blank\">violencia de g\u00e9nero<\/a>, como violencia sexual, psicol\u00f3gica, agresiones o esterilizaci\u00f3n forzosa.<\/p>\n<p>Conscientes de la vulnerabilidad del colectivo, la confederaci\u00f3n puso en marcha en 2022 un estudio &#8211;<a href=\"https:\/\/autismo.org.es\/wp-content\/uploads\/2024\/11\/2024_Informe-ejecutivo_ViolenciaMujeresTEA_AutismoEspana.pdf\" rel=\"nofollow\" target=\"_blank\">que puede consultarse aqu<\/a>\u00ed- que persigue un doble objetivo: conocer <b>c\u00f3mo afecta la violencia contra las mujeres y ni\u00f1as autistas<\/b> y c\u00f3mo se articula la respuesta a sus necesidades desde la red de recursos de apoyo a v\u00edctimas de estas situaciones, y<b> favorecer una respuesta especializada<\/b> a las situaciones de violencia de g\u00e9nero que puedan experimentar, facilitando herramientas y formaci\u00f3n espec\u00edfica en autismo a los equipos profesionales de los recursos comunitarios que atienden a v\u00edctimas de este tipo de violencia.<\/p>\n<p>\u00abSe trata de una investigaci\u00f3n pionera en la visibilizaci\u00f3n y la sensibilizaci\u00f3n sobre l<b>a intersecci\u00f3n entre autismo, g\u00e9nero y violencia<\/b>. Un trabajo fruto de varios a\u00f1os para visibilizar una realidad que requiere una respuesta urgente por parte de la sociedad\u00bb, asegura la <b>vicepresidenta de Autismo Espa\u00f1a, Mercedes Molina<\/b>.<\/p>\n<p>Los resultados de este estudio fueron presentados el jueves 21, en una jornada organizada en el marco del D\u00eda Internacional de la Eliminaci\u00f3n de la Violencia contra la Mujer, que se celebra el 25 de noviembre, que fue  inaugurada por <b>Juan \u00c1lvarez Hernando, vocal asesor de la Delegaci\u00f3n de Gobierno contra la Violencia de G\u00e9nero.<\/b><\/p>\n<p>Desde este organismo se ha reiterado el compromiso de la Delegaci\u00f3n para que las mujeres y ni\u00f1as autistas \u00abencuentren en el Estado una <b>protecci\u00f3n real, emp\u00e1tica y efectiva<\/b>\u00ab.<\/p>\n<p>\u00abLos datos disponibles, seg\u00fan la Macroencuesta realizada por la Delegaci\u00f3n de Gobierno contra la Violencia de G\u00e9nero del Ministerio de Igualdad, revelan que<b> el 40,4% de las mujeres con discapacidad sufren violencia de g\u00e9nero a lo largo de su vida<\/b>. Sin embargo, a\u00fan no existen datos desagregados que permitan determinar cu\u00e1ntas mujeres autistas sufren maltrato o abuso por cuesti\u00f3n de g\u00e9nero, lo que impide conocer la gravedad y la magnitud de esta problem\u00e1tica. Esta falta de datos perpet\u00faa <b>su invisibilidad en los sistemas de apoyo actuales<\/b>\u00ab, asegura Arancha Arroyo, psic\u00f3loga del \u00e1rea de Investigaci\u00f3n de Autismo Espa\u00f1a.<\/p>\n<h1>El 40,4% de las mujeres con discapacidad sufren violencia de g\u00e9nero a lo largo de su vida<\/h1>\n<p>La investigaci\u00f3n, como alerta Arroyo, se\u00f1ala que las ni\u00f1as y mujeres en el espectro del autismo \u00abson especialmente vulnerables ante las distintas formas de violencia de g\u00e9nero, agravadas por el estigma y la falta de conocimiento acerca de su realidad.<b> Estos estereotipos suelen presentar a las mujeres autistas como seres dependientes, incapaces de tomar decisiones<\/b>, de cuidarse y de cuidar de otros, una percepci\u00f3n que se acent\u00faa especialmente en el caso de aquellas que tienen mayores y m\u00e1s intensas necesidades de apoyo\u00bb, insiste, \u00abpor eso nuestro estudio de investigaci\u00f3n se ha centrado en c\u00f3mo afecta la <b>violencia al bienestar y la calidad de vida de las mujeres y ni\u00f1as con autismo<\/b>, con el objetivo de aumentar la visibilidad de esta realidad y promover una mayor conciencia y comprensi\u00f3n\u00bb. <\/p>\n<p>En este sentido, desde la Delegaci\u00f3n de Gobierno contra la Violencia de G\u00e9nero reconocen que, pese a los avances conseguidos<b>, queda mucho camino por recorrer<\/b> para \u00abdesarrollar pol\u00edticas p\u00fablicas que respondan a sus necesidades\u00bb, siendo de vital importancia promover \u00abla <b>concienciaci\u00f3n y sensibilizaci\u00f3n social sobre su especial vulnerabilidad<\/b>, as\u00ed como la adaptaci\u00f3n de los recursos a sus necesidades espec\u00edficas\u00bb.<\/p>\n<p>Por parte de la <a href=\"https:\/\/www.20minutos.es\/minuteca\/policia-nacional\/\" title=\"Polic\u00eda Nacional\" target=\"_blank\">Polic\u00eda Nacional<\/a>, instituci\u00f3n participante en el estudio, han intervenido dos profesionales de la <b>Unidad de Atenci\u00f3n a la Familia y Mujer (UFAM)<\/b>, especializada en violencia de g\u00e9nero, dom\u00e9stica y sexual. Mar\u00eda del Carmen Pav\u00f3n de Paula se ha referido al protocolo general de actuaci\u00f3n firmado en 2022 con Autismo Espa\u00f1a con el objetivo de <b>eliminar las barreras de acceso al sistema policial <\/b>para las personas con autismo. Una colaboraci\u00f3n que, en la pr\u00e1ctica, supone una l\u00ednea directa de comunicaci\u00f3n entre ambas organizaciones, as\u00ed como la disponibilidad de la<b> red de puntos de contacto TEA<\/b> en todas las comunidades aut\u00f3nomas y la participaci\u00f3n conjunta en acciones formativas, publicaciones y estudios.<\/p>\n<p>Noelia Revuelta Fuertes, por su parte, ha compartido la necesidad de que <b>los polic\u00edas dispongan de formaci\u00f3n b\u00e1sica sobre autismo<\/b>, a fin de poder ajustar el procedimiento y dar a la persona los apoyos que <span>necesita, por ejemplo, para la toma de declaraci\u00f3n en sede judicial. Todo ello con el objetivo de<b> facilitar un trato adecuado a las mujeres y ni\u00f1as con autismo que acuden a la Polic\u00eda<\/b> Nacional para denunciar un posible <\/span><span>caso de violencia de g\u00e9nero.<\/span><\/p>\n<h1>Las mujeres autismo son especialmente vulnerables ante las distintas formas de violencia de g\u00e9nero, agravadas por el estigma y la falta de conocimiento sobre su realidad<\/h1>\n<h2>Falta de formaci\u00f3n y accesibilidad<\/h2>\n<p>En el estudio participaron 19 profesionales con experiencia en violencia de g\u00e9nero<b>, 9 mujeres en el espectro del <\/b><b>autismo v\u00edctimas de violencia de g\u00e9nero<\/b> y 123 profesionales, pertenecientes a la UFAM y a la Asociaci\u00f3n a Favor de Personas con Discapacidad de la Polic\u00eda Nacional (AMIFP). <\/p>\n<p><span>Del an\u00e1lisis de las entrevistas y cuestionarios se desprenden algunas conclusiones, y se <\/span>destacan algunas de las muchas vulnerabilidades que enfrentan, \u00abcomo las <b>dificultades para reconocer los comportamientos abusivos<\/b>, las dificultades para <b>comunicar sus experiencias y la falta de recursos accesibles<\/b> dentro de las redes de atenci\u00f3n a la violencia de g\u00e9nero. Esto tiene un enorme<b> impacto en su identidad, autoestima, y bienestar emocional y psicol\u00f3gico<\/b>. Adem\u00e1s, las mujeres en el espectro del autismo presentan<b> tasas m\u00e1s altas de problemas de salud f\u00edsica y mental<\/b> en comparaci\u00f3n tanto con la poblaci\u00f3n general como con los hombres con autismo\u00bb, asegura Arancha Arroyo. <\/p>\n<p>Desde Autismo Espa\u00f1a han querido resumirlo en las <b>siguientes conclusiones<\/b>: <\/p>\n<p>\u2022 Las mujeres con autismo pueden<b> tener dificultades para identificar situaciones de riesgo <\/b>e interpretar las intenciones de terceras personas, as\u00ed como para comunicar lo que ha ocurrido, lo que las puede llevar a no <span>denunciar o a negar la situaci\u00f3n de violencia.<\/span><\/p>\n<p>\u2022<b> Se necesitan programas de prevenci\u00f3n espec\u00edficos<\/b> para las ni\u00f1as y mujeres con autismo, que les ayuden a reconocer situaciones de violencia y herramientas para buscar ayuda.<\/p>\n<p>\u2022 <b>Las redes de atenci\u00f3n carecen de programas, protocolos o recursos espec\u00edficos sobre autismo<\/b>. Lo mismo ocurre con los equipos profesionales de atenci\u00f3n: su falta de formaci\u00f3n sobre la condici\u00f3n puede llevar a<b> no detectar adecuadamente situaciones de violencia en estas ni\u00f1as y mujeres<\/b> ya derivarlas a recursos espec\u00edficos de autismo quienes, a su vez, no tienen formaci\u00f3n en violencia de g\u00e9nero.<\/p>\n<h1>Es de vital importancia promover la concienciaci\u00f3n y sensibilizaci\u00f3n social sobre la vulnerabilidad de las mujeres con autismo a la violencia de g\u00e9nero<\/h1>\n<p>\u2022 Los <b>cuerpos y fuerzas de seguridad del Estado<\/b>, as\u00ed como los operadores jur\u00eddicos, tambi\u00e9n<b> carecen de formaci\u00f3n espec\u00edfica sobre autismo<\/b>. Esta situaci\u00f3n puede llevar a las mujeres a sufrir revictimizaci\u00f3n, al tener <span>que repetir su testimonio una y otra vez, o a no sentirse seguras durante el proceso de denuncia.<\/span><\/p>\n<p><b>\u2022 Se necesitan protocolos para garantizar la accesibilidad cognitiva<\/b> en todas las etapas del proceso de denuncia, para facilitar la participaci\u00f3n de las mujeres en entornos seguros y amigables con el autismo, as\u00ed como sistemas de apoyo efectivos en los juzgados.<\/p>\n<p><b>\u2022 Se necesitan centros de urgencia y acogida especializados <\/b>para mujeres con autismo, condiciones de salud mental y\/o <a href=\"https:\/\/www.20minutos.es\/minuteca\/discapacidad\/\" title=\"Discapacidad\" target=\"_blank\">discapacidad<\/a>, que tengan en cuenta sus necesidades y caracter\u00edsticas espec\u00edficas.<\/p>\n<p>\u2022 La<b> prevenci\u00f3n, la detecci\u00f3n precoz y el apoyo a las v\u00edctimas <\/b>son los <b>ejes clave <\/b>de una respuesta especializada a las ni\u00f1as y mujeres con autismo que hayan sufrido violencia de g\u00e9nero. <\/p>\n<h2>Sensibilizar, formar y crear una red de apoyo<\/h2>\n<p>Como se puso de manifiesto durante la jornada, el estudio tambi\u00e9n ofrece <b>una serie de recomendaciones <\/b>para mejorar la atenci\u00f3n a las ni\u00f1as y mujeres en el espectro del autismo que hayan podido experimentar situaciones de violencia de g\u00e9nero, entre las que destacan:<\/p>\n<p>\u2022 Desarrollar <b>materiales y recursos<\/b> en formatos de <b><a href=\"https:\/\/www.20minutos.es\/minuteca\/lectura-facil\/\" title=\"Lectura f\u00e1cil\" target=\"_blank\">f\u00e1cil comprensi\u00f3n<\/a><\/b> dirigidos a las mujeres en el espectro del autismo, que faciliten la identificaci\u00f3n de las situaciones de violencia de g\u00e9nero.<\/p>\n<p>\u2022<b> Formar sobre autismo a los profesionales de la red de atenci\u00f3n <\/b>a v\u00edctimas de violencia de g\u00e9nero.<\/p>\n<p>\u2022<b> Sensibilizar sobre violencia de g\u00e9nero a profesionales<\/b> de centros y servicios de atenci\u00f3n a personas autistas.<\/p>\n<p>\u2022 Fomentar la<b> coordinaci\u00f3n entre profesionales de distintos servicios<\/b> de atenci\u00f3n a ni\u00f1as y mujeres con autismo, para ofrecer una intervenci\u00f3n hol\u00edstica.<\/p>\n<h1>Las mujeres en el espectro del autismo presentan tasas m\u00e1s altas de problemas de salud f\u00edsica y mental <\/h1>\n<p>\u2022 <b>Desarrollar programas espec\u00edficos para abordar las necesidades de las mujeres autistas<\/b> v\u00edctimas de violencia de g\u00e9nero, incluyendo el acceso a informaci\u00f3n clara y accesible, apoyo emocional, asesoramiento legal y psicol\u00f3gico especializado.<\/p>\n<p><b>\u2022 Mejorar la atenci\u00f3n policial y acceso a la justicia<\/b> para las mujeres autistas, estableciendo un protocolo espec\u00edfico que asegure la accesibilidad cognitiva en todo el proceso de denuncia y garantizando la presencia de facilitadores y acompa\u00f1antes.<\/p>\n<p>\u2022 <b>Crear centros de acogida especializados<\/b> en mujeres v\u00edctimas de violencia de g\u00e9nero con autismo, donde se permita el acceso de sus hijos e hijas<\/p>\n<p>\u2022 Establecer una<b> red de apoyo para las mujeres con autismo<\/b>, formada por otras mujeres en situaciones similares y por profesionales de diferentes recursos.<\/p>\n<p>Todas estas recomendaci\u00f3n, as\u00ed como una aproximaci\u00f3n del trastorno del espectro del autismo puede encontrarse en la <b><a href=\"https:\/\/autismo.org.es\/wp-content\/uploads\/2024\/11\/2024_Guia_ViolenciaMujeresTEA_AutismoEspana.pdf\" target=\"_blank\" rel=\"nofollow\">Gu\u00eda de buenas pr\u00e1cticas<\/a> <\/b><span><b>para el abordaje de la violencia de g\u00e9nero en mujeres con autismo<\/b>, elaborada por Autismo Espa\u00f1a y dirigida a profesionales. <\/span><\/p>\n<\/div>\n<p>Fuente: Discapacidad https:\/\/www.20minutos.es\/noticia\/5656832\/0\/autismo-espana-senala-que-no-hay-recursos-especificos-para-atender-ninas-mujeres-autistas-victimas-violencia-genero\/<\/p>\n","protected":false},"excerpt":{"rendered":"<p>Seg\u00fan un estudio presentado por Autismo Espa\u00f1a las ni\u00f1as y mujeres con autismo son especialmente vulnerables a las distintas formas de violencia de g\u00e9nero.<\/p>\n","protected":false},"author":1,"featured_media":0,"comment_status":"closed","ping_status":"closed","sticky":false,"template":"","format":"standard","meta":{"footnotes":""},"categories":[8],"tags":[],"class_list":["post-10594","post","type-post","status-publish","format-standard","hentry","category-noticias"],"yoast_head":"<!-- This site is optimized with the Yoast SEO plugin v27.5 - https:\/\/yoast.com\/product\/yoast-seo-wordpress\/ -->\n<title>No hay recursos espec\u00edficos para atender a mujeres con autismo v\u00edctimas de violencia de g\u00e9nero: &quot;Son especialmente vulnerables&quot; - Asociaci\u00f3n Espa\u00f1ola S\u00edndrome de Charge<\/title>\n<meta name=\"robots\" content=\"index, follow, max-snippet:-1, max-image-preview:large, max-video-preview:-1\" \/>\n<link rel=\"canonical\" href=\"https:\/\/sindromecharge.es\/index.php\/2024\/11\/25\/autismo-espana-senala-que-no-hay-recursos-especificos-para-atender-ninas-mujeres-autistas-victimas-violencia-genero\/\" \/>\n<meta property=\"og:locale\" content=\"es_ES\" \/>\n<meta property=\"og:type\" content=\"article\" \/>\n<meta property=\"og:title\" content=\"No hay recursos espec\u00edficos para atender a mujeres con autismo v\u00edctimas de violencia de g\u00e9nero: &quot;Son especialmente vulnerables&quot; - Asociaci\u00f3n Espa\u00f1ola S\u00edndrome de Charge\" \/>\n<meta property=\"og:description\" content=\"Seg\u00fan un estudio presentado por Autismo Espa\u00f1a las ni\u00f1as y mujeres con autismo son especialmente vulnerables a las distintas formas de violencia de g\u00e9nero.\" \/>\n<meta property=\"og:url\" content=\"https:\/\/sindromecharge.es\/index.php\/2024\/11\/25\/autismo-espana-senala-que-no-hay-recursos-especificos-para-atender-ninas-mujeres-autistas-victimas-violencia-genero\/\" \/>\n<meta property=\"og:site_name\" content=\"Asociaci\u00f3n Espa\u00f1ola S\u00edndrome de Charge\" \/>\n<meta property=\"article:publisher\" content=\"https:\/\/www.facebook.com\/asociacionsindromecharge\" \/>\n<meta property=\"article:published_time\" content=\"2024-11-25T06:32:36+00:00\" \/>\n<meta property=\"og:image\" content=\"https:\/\/sindromecharge.es\/wp-content\/uploads\/2013\/09\/logodecharge300x98.png\" \/>\n\t<meta property=\"og:image:width\" content=\"300\" \/>\n\t<meta property=\"og:image:height\" content=\"98\" \/>\n\t<meta property=\"og:image:type\" content=\"image\/png\" \/>\n<meta name=\"author\" content=\"Charge\" \/>\n<meta name=\"twitter:card\" content=\"summary_large_image\" \/>\n<meta name=\"twitter:creator\" content=\"@sindromecharge\" \/>\n<meta name=\"twitter:site\" content=\"@sindromecharge\" \/>\n<meta name=\"twitter:label1\" content=\"Escrito por\" \/>\n\t<meta name=\"twitter:data1\" content=\"Charge\" \/>\n\t<meta name=\"twitter:label2\" content=\"Tiempo de lectura\" \/>\n\t<meta name=\"twitter:data2\" content=\"9 minutos\" \/>\n<script type=\"application\/ld+json\" class=\"yoast-schema-graph\">{\"@context\":\"https:\\\/\\\/schema.org\",\"@graph\":[{\"@type\":\"Article\",\"@id\":\"https:\\\/\\\/sindromecharge.es\\\/index.php\\\/2024\\\/11\\\/25\\\/autismo-espana-senala-que-no-hay-recursos-especificos-para-atender-ninas-mujeres-autistas-victimas-violencia-genero\\\/#article\",\"isPartOf\":{\"@id\":\"https:\\\/\\\/sindromecharge.es\\\/index.php\\\/2024\\\/11\\\/25\\\/autismo-espana-senala-que-no-hay-recursos-especificos-para-atender-ninas-mujeres-autistas-victimas-violencia-genero\\\/\"},\"author\":{\"name\":\"Charge\",\"@id\":\"https:\\\/\\\/sindromecharge.es\\\/#\\\/schema\\\/person\\\/39a60ebe0a2b4d5a11179701e336b039\"},\"headline\":\"No hay recursos espec\u00edficos para atender a mujeres con autismo v\u00edctimas de violencia de g\u00e9nero: \u00abSon especialmente vulnerables\u00bb\",\"datePublished\":\"2024-11-25T06:32:36+00:00\",\"mainEntityOfPage\":{\"@id\":\"https:\\\/\\\/sindromecharge.es\\\/index.php\\\/2024\\\/11\\\/25\\\/autismo-espana-senala-que-no-hay-recursos-especificos-para-atender-ninas-mujeres-autistas-victimas-violencia-genero\\\/\"},\"wordCount\":1768,\"articleSection\":[\"noticias\"],\"inLanguage\":\"es\"},{\"@type\":\"WebPage\",\"@id\":\"https:\\\/\\\/sindromecharge.es\\\/index.php\\\/2024\\\/11\\\/25\\\/autismo-espana-senala-que-no-hay-recursos-especificos-para-atender-ninas-mujeres-autistas-victimas-violencia-genero\\\/\",\"url\":\"https:\\\/\\\/sindromecharge.es\\\/index.php\\\/2024\\\/11\\\/25\\\/autismo-espana-senala-que-no-hay-recursos-especificos-para-atender-ninas-mujeres-autistas-victimas-violencia-genero\\\/\",\"name\":\"No hay recursos espec\u00edficos para atender a mujeres con autismo v\u00edctimas de violencia de g\u00e9nero: \\\"Son especialmente vulnerables\\\" - Asociaci\u00f3n Espa\u00f1ola S\u00edndrome de Charge\",\"isPartOf\":{\"@id\":\"https:\\\/\\\/sindromecharge.es\\\/#website\"},\"datePublished\":\"2024-11-25T06:32:36+00:00\",\"author\":{\"@id\":\"https:\\\/\\\/sindromecharge.es\\\/#\\\/schema\\\/person\\\/39a60ebe0a2b4d5a11179701e336b039\"},\"breadcrumb\":{\"@id\":\"https:\\\/\\\/sindromecharge.es\\\/index.php\\\/2024\\\/11\\\/25\\\/autismo-espana-senala-que-no-hay-recursos-especificos-para-atender-ninas-mujeres-autistas-victimas-violencia-genero\\\/#breadcrumb\"},\"inLanguage\":\"es\",\"potentialAction\":[{\"@type\":\"ReadAction\",\"target\":[\"https:\\\/\\\/sindromecharge.es\\\/index.php\\\/2024\\\/11\\\/25\\\/autismo-espana-senala-que-no-hay-recursos-especificos-para-atender-ninas-mujeres-autistas-victimas-violencia-genero\\\/\"]}]},{\"@type\":\"BreadcrumbList\",\"@id\":\"https:\\\/\\\/sindromecharge.es\\\/index.php\\\/2024\\\/11\\\/25\\\/autismo-espana-senala-que-no-hay-recursos-especificos-para-atender-ninas-mujeres-autistas-victimas-violencia-genero\\\/#breadcrumb\",\"itemListElement\":[{\"@type\":\"ListItem\",\"position\":1,\"name\":\"Portada\",\"item\":\"https:\\\/\\\/sindromecharge.es\\\/\"},{\"@type\":\"ListItem\",\"position\":2,\"name\":\"No hay recursos espec\u00edficos para atender a mujeres con autismo v\u00edctimas de violencia de g\u00e9nero: &#8220;Son especialmente vulnerables&#8221;\"}]},{\"@type\":\"WebSite\",\"@id\":\"https:\\\/\\\/sindromecharge.es\\\/#website\",\"url\":\"https:\\\/\\\/sindromecharge.es\\\/\",\"name\":\"Asociaci\u00f3n Espa\u00f1ola S\u00edndrome de Charge\",\"description\":\"\",\"potentialAction\":[{\"@type\":\"SearchAction\",\"target\":{\"@type\":\"EntryPoint\",\"urlTemplate\":\"https:\\\/\\\/sindromecharge.es\\\/?s={search_term_string}\"},\"query-input\":{\"@type\":\"PropertyValueSpecification\",\"valueRequired\":true,\"valueName\":\"search_term_string\"}}],\"inLanguage\":\"es\"},{\"@type\":\"Person\",\"@id\":\"https:\\\/\\\/sindromecharge.es\\\/#\\\/schema\\\/person\\\/39a60ebe0a2b4d5a11179701e336b039\",\"name\":\"Charge\",\"image\":{\"@type\":\"ImageObject\",\"inLanguage\":\"es\",\"@id\":\"https:\\\/\\\/secure.gravatar.com\\\/avatar\\\/c3b46e32a0fc3b093a0873fb767bf3293de856293065e84ef06b7ec7a8acfb98?s=96&d=identicon&r=x\",\"url\":\"https:\\\/\\\/secure.gravatar.com\\\/avatar\\\/c3b46e32a0fc3b093a0873fb767bf3293de856293065e84ef06b7ec7a8acfb98?s=96&d=identicon&r=x\",\"contentUrl\":\"https:\\\/\\\/secure.gravatar.com\\\/avatar\\\/c3b46e32a0fc3b093a0873fb767bf3293de856293065e84ef06b7ec7a8acfb98?s=96&d=identicon&r=x\",\"caption\":\"Charge\"},\"url\":\"https:\\\/\\\/sindromecharge.es\\\/index.php\\\/author\\\/admin\\\/\"}]}<\/script>\n<!-- \/ Yoast SEO plugin. -->","yoast_head_json":{"title":"No hay recursos espec\u00edficos para atender a mujeres con autismo v\u00edctimas de violencia de g\u00e9nero: \"Son especialmente vulnerables\" - Asociaci\u00f3n Espa\u00f1ola S\u00edndrome de Charge","robots":{"index":"index","follow":"follow","max-snippet":"max-snippet:-1","max-image-preview":"max-image-preview:large","max-video-preview":"max-video-preview:-1"},"canonical":"https:\/\/sindromecharge.es\/index.php\/2024\/11\/25\/autismo-espana-senala-que-no-hay-recursos-especificos-para-atender-ninas-mujeres-autistas-victimas-violencia-genero\/","og_locale":"es_ES","og_type":"article","og_title":"No hay recursos espec\u00edficos para atender a mujeres con autismo v\u00edctimas de violencia de g\u00e9nero: \"Son especialmente vulnerables\" - Asociaci\u00f3n Espa\u00f1ola S\u00edndrome de Charge","og_description":"Seg\u00fan un estudio presentado por Autismo Espa\u00f1a las ni\u00f1as y mujeres con autismo son especialmente vulnerables a las distintas formas de violencia de g\u00e9nero.","og_url":"https:\/\/sindromecharge.es\/index.php\/2024\/11\/25\/autismo-espana-senala-que-no-hay-recursos-especificos-para-atender-ninas-mujeres-autistas-victimas-violencia-genero\/","og_site_name":"Asociaci\u00f3n Espa\u00f1ola S\u00edndrome de Charge","article_publisher":"https:\/\/www.facebook.com\/asociacionsindromecharge","article_published_time":"2024-11-25T06:32:36+00:00","og_image":[{"width":300,"height":98,"url":"https:\/\/sindromecharge.es\/wp-content\/uploads\/2013\/09\/logodecharge300x98.png","type":"image\/png"}],"author":"Charge","twitter_card":"summary_large_image","twitter_creator":"@sindromecharge","twitter_site":"@sindromecharge","twitter_misc":{"Escrito por":"Charge","Tiempo de lectura":"9 minutos"},"schema":{"@context":"https:\/\/schema.org","@graph":[{"@type":"Article","@id":"https:\/\/sindromecharge.es\/index.php\/2024\/11\/25\/autismo-espana-senala-que-no-hay-recursos-especificos-para-atender-ninas-mujeres-autistas-victimas-violencia-genero\/#article","isPartOf":{"@id":"https:\/\/sindromecharge.es\/index.php\/2024\/11\/25\/autismo-espana-senala-que-no-hay-recursos-especificos-para-atender-ninas-mujeres-autistas-victimas-violencia-genero\/"},"author":{"name":"Charge","@id":"https:\/\/sindromecharge.es\/#\/schema\/person\/39a60ebe0a2b4d5a11179701e336b039"},"headline":"No hay recursos espec\u00edficos para atender a mujeres con autismo v\u00edctimas de violencia de g\u00e9nero: \u00abSon especialmente vulnerables\u00bb","datePublished":"2024-11-25T06:32:36+00:00","mainEntityOfPage":{"@id":"https:\/\/sindromecharge.es\/index.php\/2024\/11\/25\/autismo-espana-senala-que-no-hay-recursos-especificos-para-atender-ninas-mujeres-autistas-victimas-violencia-genero\/"},"wordCount":1768,"articleSection":["noticias"],"inLanguage":"es"},{"@type":"WebPage","@id":"https:\/\/sindromecharge.es\/index.php\/2024\/11\/25\/autismo-espana-senala-que-no-hay-recursos-especificos-para-atender-ninas-mujeres-autistas-victimas-violencia-genero\/","url":"https:\/\/sindromecharge.es\/index.php\/2024\/11\/25\/autismo-espana-senala-que-no-hay-recursos-especificos-para-atender-ninas-mujeres-autistas-victimas-violencia-genero\/","name":"No hay recursos espec\u00edficos para atender a mujeres con autismo v\u00edctimas de violencia de g\u00e9nero: \"Son especialmente vulnerables\" - Asociaci\u00f3n Espa\u00f1ola S\u00edndrome de Charge","isPartOf":{"@id":"https:\/\/sindromecharge.es\/#website"},"datePublished":"2024-11-25T06:32:36+00:00","author":{"@id":"https:\/\/sindromecharge.es\/#\/schema\/person\/39a60ebe0a2b4d5a11179701e336b039"},"breadcrumb":{"@id":"https:\/\/sindromecharge.es\/index.php\/2024\/11\/25\/autismo-espana-senala-que-no-hay-recursos-especificos-para-atender-ninas-mujeres-autistas-victimas-violencia-genero\/#breadcrumb"},"inLanguage":"es","potentialAction":[{"@type":"ReadAction","target":["https:\/\/sindromecharge.es\/index.php\/2024\/11\/25\/autismo-espana-senala-que-no-hay-recursos-especificos-para-atender-ninas-mujeres-autistas-victimas-violencia-genero\/"]}]},{"@type":"BreadcrumbList","@id":"https:\/\/sindromecharge.es\/index.php\/2024\/11\/25\/autismo-espana-senala-que-no-hay-recursos-especificos-para-atender-ninas-mujeres-autistas-victimas-violencia-genero\/#breadcrumb","itemListElement":[{"@type":"ListItem","position":1,"name":"Portada","item":"https:\/\/sindromecharge.es\/"},{"@type":"ListItem","position":2,"name":"No hay recursos espec\u00edficos para atender a mujeres con autismo v\u00edctimas de violencia de g\u00e9nero: &#8220;Son especialmente vulnerables&#8221;"}]},{"@type":"WebSite","@id":"https:\/\/sindromecharge.es\/#website","url":"https:\/\/sindromecharge.es\/","name":"Asociaci\u00f3n Espa\u00f1ola S\u00edndrome de Charge","description":"","potentialAction":[{"@type":"SearchAction","target":{"@type":"EntryPoint","urlTemplate":"https:\/\/sindromecharge.es\/?s={search_term_string}"},"query-input":{"@type":"PropertyValueSpecification","valueRequired":true,"valueName":"search_term_string"}}],"inLanguage":"es"},{"@type":"Person","@id":"https:\/\/sindromecharge.es\/#\/schema\/person\/39a60ebe0a2b4d5a11179701e336b039","name":"Charge","image":{"@type":"ImageObject","inLanguage":"es","@id":"https:\/\/secure.gravatar.com\/avatar\/c3b46e32a0fc3b093a0873fb767bf3293de856293065e84ef06b7ec7a8acfb98?s=96&d=identicon&r=x","url":"https:\/\/secure.gravatar.com\/avatar\/c3b46e32a0fc3b093a0873fb767bf3293de856293065e84ef06b7ec7a8acfb98?s=96&d=identicon&r=x","contentUrl":"https:\/\/secure.gravatar.com\/avatar\/c3b46e32a0fc3b093a0873fb767bf3293de856293065e84ef06b7ec7a8acfb98?s=96&d=identicon&r=x","caption":"Charge"},"url":"https:\/\/sindromecharge.es\/index.php\/author\/admin\/"}]}},"_links":{"self":[{"href":"https:\/\/sindromecharge.es\/index.php\/wp-json\/wp\/v2\/posts\/10594","targetHints":{"allow":["GET"]}}],"collection":[{"href":"https:\/\/sindromecharge.es\/index.php\/wp-json\/wp\/v2\/posts"}],"about":[{"href":"https:\/\/sindromecharge.es\/index.php\/wp-json\/wp\/v2\/types\/post"}],"author":[{"embeddable":true,"href":"https:\/\/sindromecharge.es\/index.php\/wp-json\/wp\/v2\/users\/1"}],"replies":[{"embeddable":true,"href":"https:\/\/sindromecharge.es\/index.php\/wp-json\/wp\/v2\/comments?post=10594"}],"version-history":[{"count":0,"href":"https:\/\/sindromecharge.es\/index.php\/wp-json\/wp\/v2\/posts\/10594\/revisions"}],"wp:attachment":[{"href":"https:\/\/sindromecharge.es\/index.php\/wp-json\/wp\/v2\/media?parent=10594"}],"wp:term":[{"taxonomy":"category","embeddable":true,"href":"https:\/\/sindromecharge.es\/index.php\/wp-json\/wp\/v2\/categories?post=10594"},{"taxonomy":"post_tag","embeddable":true,"href":"https:\/\/sindromecharge.es\/index.php\/wp-json\/wp\/v2\/tags?post=10594"}],"curies":[{"name":"wp","href":"https:\/\/api.w.org\/{rel}","templated":true}]}}