{"id":10592,"date":"2024-11-23T07:35:44","date_gmt":"2024-11-23T07:35:44","guid":{"rendered":"https:\/\/sindromecharge.es\/index.php\/2024\/11\/23\/juan-jose-reyes-roig-acime-discapacidad-gran-reto-reubique-militares-guardias-civiles\/"},"modified":"2024-11-23T07:35:44","modified_gmt":"2024-11-23T07:35:44","slug":"juan-jose-reyes-roig-acime-discapacidad-gran-reto-reubique-militares-guardias-civiles","status":"publish","type":"post","link":"https:\/\/sindromecharge.es\/index.php\/2024\/11\/23\/juan-jose-reyes-roig-acime-discapacidad-gran-reto-reubique-militares-guardias-civiles\/","title":{"rendered":"Juan Jos\u00e9 Reyes, ACIME: \u00abEl gran reto es que se reubique a militares y guardias civiles con discapacidad que quieren seguir sirviendo\u00bb"},"content":{"rendered":"<p>Leemos en Discapacidad la siguiente noticia que os reproducimos de forma \u00edntegra: <\/p>\n<div>\n<p>Nacido en La Orotava, Tenerife, <b>Juan Jos\u00e9 Reyes Roig<\/b> inici\u00f3 su carrera militar en 1980 en el <b>Ej\u00e9rcito<\/b>, estando destinado en el antiguo Centro de Instrucciones de Reclutas n\u00ba 15 de Hoya Fr\u00eda. Sin embargo, un accidente durante su ingreso en la <b>Academia General B\u00e1sica de Suboficiales<\/b> le caus\u00f3 una <b>polirradiculoneuritis<\/b>, que lo mantuvo en<b> silla de ruedas<\/b> durante un a\u00f1o. Aunque recuper\u00f3 la movilidad de <b>brazos y piernas<\/b>, padece secuelas permanentes que afectan especialmente a sus piernas, limitando su movilidad. <\/p>\n<p><b>Desde 1989,<\/b> a\u00f1o de fundaci\u00f3n de <b>ACIME<\/b>, <b>Juan Jos\u00e9 Reyes Roig<\/b> ha estado vinculado a la asociaci\u00f3n, primero como delegado provincial en Tenerife y, tras la reestructuraci\u00f3n territorial, al frente de ACIME <a href=\"https:\/\/www.20minutos.es\/minuteca\/canarias\/\" title=\"Canarias\">Canarias<\/a>. En 2018 asumi\u00f3 la Vicepresidencia Primera bajo el liderazgo de Manuel Molinero, a quien <b>relev\u00f3 recientemente como president<\/b>e. Su objetivo es continuar el legado de sus predecesores, trabajando por y para los <b>militares <\/b>y <b>guardias civiles<\/b> con <a href=\"https:\/\/www.20minutos.es\/minuteca\/discapacidad\/\" title=\"Discapacidad\">discapacidad<\/a>.<\/p>\n<h1>A nivel social, a\u00fan persiste un gran desconocimiento sobre la discapacidad militar<\/h1>\n<\/div>\n<p>Fuente: Discapacidad https:\/\/www.20minutos.es\/noticia\/5656077\/0\/juan-jose-reyes-roig-acime-discapacidad-gran-reto-reubique-militares-guardias-civiles\/<\/p>\n","protected":false},"excerpt":{"rendered":"<p>Nacido en La Orotava, Tenerife, Juan Jos\u00e9 Reyes Roig inici\u00f3 su carrera militar en 1980 en el Ej\u00e9rcito, estando destinado en el antiguo Centro de Instrucciones&#8230;<\/p>\n","protected":false},"author":1,"featured_media":0,"comment_status":"closed","ping_status":"closed","sticky":false,"template":"","format":"standard","meta":{"footnotes":""},"categories":[8],"tags":[],"class_list":["post-10592","post","type-post","status-publish","format-standard","hentry","category-noticias"],"yoast_head":"<!-- This site is optimized with the Yoast SEO plugin v27.5 - https:\/\/yoast.com\/product\/yoast-seo-wordpress\/ -->\n<title>Juan Jos\u00e9 Reyes, ACIME: &quot;El gran reto es que se reubique a militares y guardias civiles con discapacidad que quieren seguir sirviendo&quot; - Asociaci\u00f3n Espa\u00f1ola S\u00edndrome de Charge<\/title>\n<meta name=\"robots\" content=\"index, follow, max-snippet:-1, max-image-preview:large, max-video-preview:-1\" \/>\n<link rel=\"canonical\" href=\"https:\/\/sindromecharge.es\/index.php\/2024\/11\/23\/juan-jose-reyes-roig-acime-discapacidad-gran-reto-reubique-militares-guardias-civiles\/\" \/>\n<meta property=\"og:locale\" content=\"es_ES\" \/>\n<meta property=\"og:type\" content=\"article\" \/>\n<meta property=\"og:title\" content=\"Juan Jos\u00e9 Reyes, ACIME: &quot;El gran reto es que se reubique a militares y guardias civiles con discapacidad que quieren seguir sirviendo&quot; - Asociaci\u00f3n Espa\u00f1ola S\u00edndrome de Charge\" \/>\n<meta property=\"og:description\" content=\"Nacido en La Orotava, Tenerife, Juan Jos\u00e9 Reyes Roig inici\u00f3 su carrera militar en 1980 en el Ej\u00e9rcito, estando destinado en el antiguo Centro de Instrucciones&#8230;\" \/>\n<meta property=\"og:url\" content=\"https:\/\/sindromecharge.es\/index.php\/2024\/11\/23\/juan-jose-reyes-roig-acime-discapacidad-gran-reto-reubique-militares-guardias-civiles\/\" \/>\n<meta property=\"og:site_name\" content=\"Asociaci\u00f3n Espa\u00f1ola S\u00edndrome de Charge\" \/>\n<meta property=\"article:publisher\" content=\"https:\/\/www.facebook.com\/asociacionsindromecharge\" \/>\n<meta property=\"article:published_time\" content=\"2024-11-23T07:35:44+00:00\" \/>\n<meta property=\"og:image\" content=\"https:\/\/sindromecharge.es\/wp-content\/uploads\/2013\/09\/logodecharge300x98.png\" \/>\n\t<meta property=\"og:image:width\" content=\"300\" \/>\n\t<meta property=\"og:image:height\" content=\"98\" \/>\n\t<meta property=\"og:image:type\" content=\"image\/png\" \/>\n<meta name=\"author\" content=\"Charge\" \/>\n<meta name=\"twitter:card\" content=\"summary_large_image\" \/>\n<meta name=\"twitter:creator\" content=\"@sindromecharge\" \/>\n<meta name=\"twitter:site\" content=\"@sindromecharge\" \/>\n<meta name=\"twitter:label1\" content=\"Escrito por\" \/>\n\t<meta name=\"twitter:data1\" content=\"Charge\" \/>\n\t<meta name=\"twitter:label2\" content=\"Tiempo de lectura\" \/>\n\t<meta name=\"twitter:data2\" content=\"1 minuto\" \/>\n<script type=\"application\/ld+json\" class=\"yoast-schema-graph\">{\"@context\":\"https:\\\/\\\/schema.org\",\"@graph\":[{\"@type\":\"Article\",\"@id\":\"https:\\\/\\\/sindromecharge.es\\\/index.php\\\/2024\\\/11\\\/23\\\/juan-jose-reyes-roig-acime-discapacidad-gran-reto-reubique-militares-guardias-civiles\\\/#article\",\"isPartOf\":{\"@id\":\"https:\\\/\\\/sindromecharge.es\\\/index.php\\\/2024\\\/11\\\/23\\\/juan-jose-reyes-roig-acime-discapacidad-gran-reto-reubique-militares-guardias-civiles\\\/\"},\"author\":{\"name\":\"Charge\",\"@id\":\"https:\\\/\\\/sindromecharge.es\\\/#\\\/schema\\\/person\\\/39a60ebe0a2b4d5a11179701e336b039\"},\"headline\":\"Juan Jos\u00e9 Reyes, ACIME: \u00abEl gran reto es que se reubique a militares y guardias civiles con discapacidad que quieren seguir sirviendo\u00bb\",\"datePublished\":\"2024-11-23T07:35:44+00:00\",\"mainEntityOfPage\":{\"@id\":\"https:\\\/\\\/sindromecharge.es\\\/index.php\\\/2024\\\/11\\\/23\\\/juan-jose-reyes-roig-acime-discapacidad-gran-reto-reubique-militares-guardias-civiles\\\/\"},\"wordCount\":211,\"articleSection\":[\"noticias\"],\"inLanguage\":\"es\"},{\"@type\":\"WebPage\",\"@id\":\"https:\\\/\\\/sindromecharge.es\\\/index.php\\\/2024\\\/11\\\/23\\\/juan-jose-reyes-roig-acime-discapacidad-gran-reto-reubique-militares-guardias-civiles\\\/\",\"url\":\"https:\\\/\\\/sindromecharge.es\\\/index.php\\\/2024\\\/11\\\/23\\\/juan-jose-reyes-roig-acime-discapacidad-gran-reto-reubique-militares-guardias-civiles\\\/\",\"name\":\"Juan Jos\u00e9 Reyes, ACIME: \\\"El gran reto es que se reubique a militares y guardias civiles con discapacidad que quieren seguir sirviendo\\\" - Asociaci\u00f3n Espa\u00f1ola S\u00edndrome de Charge\",\"isPartOf\":{\"@id\":\"https:\\\/\\\/sindromecharge.es\\\/#website\"},\"datePublished\":\"2024-11-23T07:35:44+00:00\",\"author\":{\"@id\":\"https:\\\/\\\/sindromecharge.es\\\/#\\\/schema\\\/person\\\/39a60ebe0a2b4d5a11179701e336b039\"},\"breadcrumb\":{\"@id\":\"https:\\\/\\\/sindromecharge.es\\\/index.php\\\/2024\\\/11\\\/23\\\/juan-jose-reyes-roig-acime-discapacidad-gran-reto-reubique-militares-guardias-civiles\\\/#breadcrumb\"},\"inLanguage\":\"es\",\"potentialAction\":[{\"@type\":\"ReadAction\",\"target\":[\"https:\\\/\\\/sindromecharge.es\\\/index.php\\\/2024\\\/11\\\/23\\\/juan-jose-reyes-roig-acime-discapacidad-gran-reto-reubique-militares-guardias-civiles\\\/\"]}]},{\"@type\":\"BreadcrumbList\",\"@id\":\"https:\\\/\\\/sindromecharge.es\\\/index.php\\\/2024\\\/11\\\/23\\\/juan-jose-reyes-roig-acime-discapacidad-gran-reto-reubique-militares-guardias-civiles\\\/#breadcrumb\",\"itemListElement\":[{\"@type\":\"ListItem\",\"position\":1,\"name\":\"Portada\",\"item\":\"https:\\\/\\\/sindromecharge.es\\\/\"},{\"@type\":\"ListItem\",\"position\":2,\"name\":\"Juan Jos\u00e9 Reyes, ACIME: &#8220;El gran reto es que se reubique a militares y guardias civiles con discapacidad que quieren seguir sirviendo&#8221;\"}]},{\"@type\":\"WebSite\",\"@id\":\"https:\\\/\\\/sindromecharge.es\\\/#website\",\"url\":\"https:\\\/\\\/sindromecharge.es\\\/\",\"name\":\"Asociaci\u00f3n Espa\u00f1ola S\u00edndrome de Charge\",\"description\":\"\",\"potentialAction\":[{\"@type\":\"SearchAction\",\"target\":{\"@type\":\"EntryPoint\",\"urlTemplate\":\"https:\\\/\\\/sindromecharge.es\\\/?s={search_term_string}\"},\"query-input\":{\"@type\":\"PropertyValueSpecification\",\"valueRequired\":true,\"valueName\":\"search_term_string\"}}],\"inLanguage\":\"es\"},{\"@type\":\"Person\",\"@id\":\"https:\\\/\\\/sindromecharge.es\\\/#\\\/schema\\\/person\\\/39a60ebe0a2b4d5a11179701e336b039\",\"name\":\"Charge\",\"image\":{\"@type\":\"ImageObject\",\"inLanguage\":\"es\",\"@id\":\"https:\\\/\\\/secure.gravatar.com\\\/avatar\\\/c3b46e32a0fc3b093a0873fb767bf3293de856293065e84ef06b7ec7a8acfb98?s=96&d=identicon&r=x\",\"url\":\"https:\\\/\\\/secure.gravatar.com\\\/avatar\\\/c3b46e32a0fc3b093a0873fb767bf3293de856293065e84ef06b7ec7a8acfb98?s=96&d=identicon&r=x\",\"contentUrl\":\"https:\\\/\\\/secure.gravatar.com\\\/avatar\\\/c3b46e32a0fc3b093a0873fb767bf3293de856293065e84ef06b7ec7a8acfb98?s=96&d=identicon&r=x\",\"caption\":\"Charge\"},\"url\":\"https:\\\/\\\/sindromecharge.es\\\/index.php\\\/author\\\/admin\\\/\"}]}<\/script>\n<!-- \/ Yoast SEO plugin. -->","yoast_head_json":{"title":"Juan Jos\u00e9 Reyes, ACIME: \"El gran reto es que se reubique a militares y guardias civiles con discapacidad que quieren seguir sirviendo\" - Asociaci\u00f3n Espa\u00f1ola S\u00edndrome de Charge","robots":{"index":"index","follow":"follow","max-snippet":"max-snippet:-1","max-image-preview":"max-image-preview:large","max-video-preview":"max-video-preview:-1"},"canonical":"https:\/\/sindromecharge.es\/index.php\/2024\/11\/23\/juan-jose-reyes-roig-acime-discapacidad-gran-reto-reubique-militares-guardias-civiles\/","og_locale":"es_ES","og_type":"article","og_title":"Juan Jos\u00e9 Reyes, ACIME: \"El gran reto es que se reubique a militares y guardias civiles con discapacidad que quieren seguir sirviendo\" - Asociaci\u00f3n Espa\u00f1ola S\u00edndrome de Charge","og_description":"Nacido en La Orotava, Tenerife, Juan Jos\u00e9 Reyes Roig inici\u00f3 su carrera militar en 1980 en el Ej\u00e9rcito, estando destinado en el antiguo Centro de Instrucciones&#8230;","og_url":"https:\/\/sindromecharge.es\/index.php\/2024\/11\/23\/juan-jose-reyes-roig-acime-discapacidad-gran-reto-reubique-militares-guardias-civiles\/","og_site_name":"Asociaci\u00f3n Espa\u00f1ola S\u00edndrome de Charge","article_publisher":"https:\/\/www.facebook.com\/asociacionsindromecharge","article_published_time":"2024-11-23T07:35:44+00:00","og_image":[{"width":300,"height":98,"url":"https:\/\/sindromecharge.es\/wp-content\/uploads\/2013\/09\/logodecharge300x98.png","type":"image\/png"}],"author":"Charge","twitter_card":"summary_large_image","twitter_creator":"@sindromecharge","twitter_site":"@sindromecharge","twitter_misc":{"Escrito por":"Charge","Tiempo de lectura":"1 minuto"},"schema":{"@context":"https:\/\/schema.org","@graph":[{"@type":"Article","@id":"https:\/\/sindromecharge.es\/index.php\/2024\/11\/23\/juan-jose-reyes-roig-acime-discapacidad-gran-reto-reubique-militares-guardias-civiles\/#article","isPartOf":{"@id":"https:\/\/sindromecharge.es\/index.php\/2024\/11\/23\/juan-jose-reyes-roig-acime-discapacidad-gran-reto-reubique-militares-guardias-civiles\/"},"author":{"name":"Charge","@id":"https:\/\/sindromecharge.es\/#\/schema\/person\/39a60ebe0a2b4d5a11179701e336b039"},"headline":"Juan Jos\u00e9 Reyes, ACIME: \u00abEl gran reto es que se reubique a militares y guardias civiles con discapacidad que quieren seguir sirviendo\u00bb","datePublished":"2024-11-23T07:35:44+00:00","mainEntityOfPage":{"@id":"https:\/\/sindromecharge.es\/index.php\/2024\/11\/23\/juan-jose-reyes-roig-acime-discapacidad-gran-reto-reubique-militares-guardias-civiles\/"},"wordCount":211,"articleSection":["noticias"],"inLanguage":"es"},{"@type":"WebPage","@id":"https:\/\/sindromecharge.es\/index.php\/2024\/11\/23\/juan-jose-reyes-roig-acime-discapacidad-gran-reto-reubique-militares-guardias-civiles\/","url":"https:\/\/sindromecharge.es\/index.php\/2024\/11\/23\/juan-jose-reyes-roig-acime-discapacidad-gran-reto-reubique-militares-guardias-civiles\/","name":"Juan Jos\u00e9 Reyes, ACIME: \"El gran reto es que se reubique a militares y guardias civiles con discapacidad que quieren seguir sirviendo\" - Asociaci\u00f3n Espa\u00f1ola S\u00edndrome de Charge","isPartOf":{"@id":"https:\/\/sindromecharge.es\/#website"},"datePublished":"2024-11-23T07:35:44+00:00","author":{"@id":"https:\/\/sindromecharge.es\/#\/schema\/person\/39a60ebe0a2b4d5a11179701e336b039"},"breadcrumb":{"@id":"https:\/\/sindromecharge.es\/index.php\/2024\/11\/23\/juan-jose-reyes-roig-acime-discapacidad-gran-reto-reubique-militares-guardias-civiles\/#breadcrumb"},"inLanguage":"es","potentialAction":[{"@type":"ReadAction","target":["https:\/\/sindromecharge.es\/index.php\/2024\/11\/23\/juan-jose-reyes-roig-acime-discapacidad-gran-reto-reubique-militares-guardias-civiles\/"]}]},{"@type":"BreadcrumbList","@id":"https:\/\/sindromecharge.es\/index.php\/2024\/11\/23\/juan-jose-reyes-roig-acime-discapacidad-gran-reto-reubique-militares-guardias-civiles\/#breadcrumb","itemListElement":[{"@type":"ListItem","position":1,"name":"Portada","item":"https:\/\/sindromecharge.es\/"},{"@type":"ListItem","position":2,"name":"Juan Jos\u00e9 Reyes, ACIME: &#8220;El gran reto es que se reubique a militares y guardias civiles con discapacidad que quieren seguir sirviendo&#8221;"}]},{"@type":"WebSite","@id":"https:\/\/sindromecharge.es\/#website","url":"https:\/\/sindromecharge.es\/","name":"Asociaci\u00f3n Espa\u00f1ola S\u00edndrome de Charge","description":"","potentialAction":[{"@type":"SearchAction","target":{"@type":"EntryPoint","urlTemplate":"https:\/\/sindromecharge.es\/?s={search_term_string}"},"query-input":{"@type":"PropertyValueSpecification","valueRequired":true,"valueName":"search_term_string"}}],"inLanguage":"es"},{"@type":"Person","@id":"https:\/\/sindromecharge.es\/#\/schema\/person\/39a60ebe0a2b4d5a11179701e336b039","name":"Charge","image":{"@type":"ImageObject","inLanguage":"es","@id":"https:\/\/secure.gravatar.com\/avatar\/c3b46e32a0fc3b093a0873fb767bf3293de856293065e84ef06b7ec7a8acfb98?s=96&d=identicon&r=x","url":"https:\/\/secure.gravatar.com\/avatar\/c3b46e32a0fc3b093a0873fb767bf3293de856293065e84ef06b7ec7a8acfb98?s=96&d=identicon&r=x","contentUrl":"https:\/\/secure.gravatar.com\/avatar\/c3b46e32a0fc3b093a0873fb767bf3293de856293065e84ef06b7ec7a8acfb98?s=96&d=identicon&r=x","caption":"Charge"},"url":"https:\/\/sindromecharge.es\/index.php\/author\/admin\/"}]}},"_links":{"self":[{"href":"https:\/\/sindromecharge.es\/index.php\/wp-json\/wp\/v2\/posts\/10592","targetHints":{"allow":["GET"]}}],"collection":[{"href":"https:\/\/sindromecharge.es\/index.php\/wp-json\/wp\/v2\/posts"}],"about":[{"href":"https:\/\/sindromecharge.es\/index.php\/wp-json\/wp\/v2\/types\/post"}],"author":[{"embeddable":true,"href":"https:\/\/sindromecharge.es\/index.php\/wp-json\/wp\/v2\/users\/1"}],"replies":[{"embeddable":true,"href":"https:\/\/sindromecharge.es\/index.php\/wp-json\/wp\/v2\/comments?post=10592"}],"version-history":[{"count":0,"href":"https:\/\/sindromecharge.es\/index.php\/wp-json\/wp\/v2\/posts\/10592\/revisions"}],"wp:attachment":[{"href":"https:\/\/sindromecharge.es\/index.php\/wp-json\/wp\/v2\/media?parent=10592"}],"wp:term":[{"taxonomy":"category","embeddable":true,"href":"https:\/\/sindromecharge.es\/index.php\/wp-json\/wp\/v2\/categories?post=10592"},{"taxonomy":"post_tag","embeddable":true,"href":"https:\/\/sindromecharge.es\/index.php\/wp-json\/wp\/v2\/tags?post=10592"}],"curies":[{"name":"wp","href":"https:\/\/api.w.org\/{rel}","templated":true}]}}