{"id":10589,"date":"2024-11-22T07:06:40","date_gmt":"2024-11-22T07:06:40","guid":{"rendered":"https:\/\/sindromecharge.es\/index.php\/2024\/11\/22\/once-los-editores-se-alian-para-facilitar-acceso-las-lecturas-las-personas-ciegas\/"},"modified":"2024-11-22T07:06:40","modified_gmt":"2024-11-22T07:06:40","slug":"once-los-editores-se-alian-para-facilitar-acceso-las-lecturas-las-personas-ciegas","status":"publish","type":"post","link":"https:\/\/sindromecharge.es\/index.php\/2024\/11\/22\/once-los-editores-se-alian-para-facilitar-acceso-las-lecturas-las-personas-ciegas\/","title":{"rendered":"La ONCE y los editores se al\u00edan para facilitar el acceso a la lectura de las personas ciegas: \u00abVa a ser una aventura espectacular\u00bb"},"content":{"rendered":"<p>Leemos en Discapacidad la siguiente noticia que os reproducimos de forma \u00edntegra: <\/p>\n<div>\n<p><b>La <a href=\"https:\/\/www.20minutos.es\/minuteca\/once\/\" title=\"ONCE\" target=\"_blank\">ONCE<\/a> y la Federaci\u00f3n de Gremios de Editores de Espa\u00f1a (FGEE)<\/b> rubricaron este jueves un acuerdo por el que las editoriales de esta entidad pondr\u00e1n a disposici\u00f3n de la Organizaci\u00f3n su material bibliogr\u00e1fico para reproducirlo en<b> diferentes formatos accesibles<\/b> para las personas ciegas o con discapacidad visual.<\/p>\n<p>En la firma, que tuvo lugar en las instalaciones del <b>Museo Tiflol\u00f3gico de la <a href=\"https:\/\/www.20minutos.es\/minuteca\/once\/\" title=\"ONCE\" target=\"_blank\">ONCE<\/a><\/b>, estuvieron presentes el director general adjunto de Servicios Sociales para Personas Afiliadas de la ONCE, Andr\u00e9s Ramos; la directora del Servicio Bibliogr\u00e1fico de la ONCE, Carmen Bayarri; y el presidente de la FGEE, Daniel Fern\u00e1ndez.<\/p>\n<p>Este acuerdo posibilitar\u00e1 que las personas ciegas accedan a la cultura y a la educaci\u00f3n en igualdad de condiciones, puesto que<b> afecta a numerosos t\u00edtulos que pertenecen a las m\u00e1s de 800 editoriales <\/b>a las que representa la FGEE, casi la totalidad de la edici\u00f3n privada y la mayor parte de la producci\u00f3n editorial espa\u00f1ola.<\/p>\n<p>As\u00ed pues, la ONCE podr\u00e1<b> adaptar a cualquier formato accesible<\/b> aquellos ejemplares que las editoriales pertenecientes a la FGEE cedan al Servicio Bibliogr\u00e1fico de la ONCE -que ver\u00e1 aumentando su cat\u00e1logo-, garantizando la<a href=\"https:\/\/www.20minutos.es\/minuteca\/inclusion\/\" title=\"Inclusi\u00f3n\" target=\"_blank\"> inclusi\u00f3n<\/a> de las personas ciegas y con discapacidad visual y demostrando el compromiso de ambas partes por fomentar la formaci\u00f3n y el enriquecimiento cultural de todas las personas, sin exclusi\u00f3n.<\/p>\n<p>Este acuerdo auspiciar\u00e1 una<b> reducci\u00f3n considerable en los tiempos de producci\u00f3n de los formatos accesibles<\/b>, especialmente <b>braille y sonoro<\/b>, lo que redunda en una mayor <a href=\"https:\/\/www.20minutos.es\/minuteca\/accesibilidad\/\" title=\"Accesibilidad\" target=\"_blank\">accesibilidad<\/a> de la lectura.<\/p>\n<p>En ese sentido, Andr\u00e9s Ramos puso de manifiesto que \u201ctener grandes compa\u00f1eros de viaje es una de las realidades que m\u00e1s impulsamos desde la ONCE y lograr que este inmenso mundo de los libreros y las editoriales <b>nos acompa\u00f1en en la lectura accesible<\/b> va a ser una aventura espectacular, con resultados muy pronto palpables\u201d.<\/p>\n<p>En la misma l\u00ednea, Daniel Fern\u00e1ndez arguy\u00f3 que una de las misiones de la entidad que preside consiste en <b>\u201casegurar y fomentar la lectura entre todas las personas de nuestro pa\u00eds\u201d<\/b> y concret\u00f3 que \u201cest\u00e1 en nuestro inter\u00e9s ayudar a aquellas personas que tienen alg\u00fan problema visual a hacer accesible nuestros contenidos para que todos puedan tener a su disposici\u00f3n tanto las novedades editoriales como el fondo del cat\u00e1logo de nuestras editoriales\u201d.<\/p>\n<\/div>\n<p>Fuente: Discapacidad https:\/\/www.20minutos.es\/noticia\/5656809\/0\/once-los-editores-se-alian-para-facilitar-acceso-las-lecturas-las-personas-ciegas\/<\/p>\n","protected":false},"excerpt":{"rendered":"<p>Este acuerdo afectar\u00e1 a numerosos t\u00edtulos que pertenecen a las m\u00e1s de 800 editoriales.<\/p>\n","protected":false},"author":1,"featured_media":0,"comment_status":"closed","ping_status":"closed","sticky":false,"template":"","format":"standard","meta":{"footnotes":""},"categories":[8],"tags":[],"class_list":["post-10589","post","type-post","status-publish","format-standard","hentry","category-noticias"],"yoast_head":"<!-- This site is optimized with the Yoast SEO plugin v27.5 - https:\/\/yoast.com\/product\/yoast-seo-wordpress\/ -->\n<title>La ONCE y los editores se al\u00edan para facilitar el acceso a la lectura de las personas ciegas: &quot;Va a ser una aventura espectacular&quot; - Asociaci\u00f3n Espa\u00f1ola S\u00edndrome de Charge<\/title>\n<meta name=\"robots\" content=\"index, follow, max-snippet:-1, max-image-preview:large, max-video-preview:-1\" \/>\n<link rel=\"canonical\" href=\"https:\/\/sindromecharge.es\/index.php\/2024\/11\/22\/once-los-editores-se-alian-para-facilitar-acceso-las-lecturas-las-personas-ciegas\/\" \/>\n<meta property=\"og:locale\" content=\"es_ES\" \/>\n<meta property=\"og:type\" content=\"article\" \/>\n<meta property=\"og:title\" content=\"La ONCE y los editores se al\u00edan para facilitar el acceso a la lectura de las personas ciegas: &quot;Va a ser una aventura espectacular&quot; - Asociaci\u00f3n Espa\u00f1ola S\u00edndrome de Charge\" \/>\n<meta property=\"og:description\" content=\"Este acuerdo afectar\u00e1 a numerosos t\u00edtulos que pertenecen a las m\u00e1s de 800 editoriales.\" \/>\n<meta property=\"og:url\" content=\"https:\/\/sindromecharge.es\/index.php\/2024\/11\/22\/once-los-editores-se-alian-para-facilitar-acceso-las-lecturas-las-personas-ciegas\/\" \/>\n<meta property=\"og:site_name\" content=\"Asociaci\u00f3n Espa\u00f1ola S\u00edndrome de Charge\" \/>\n<meta property=\"article:publisher\" content=\"https:\/\/www.facebook.com\/asociacionsindromecharge\" \/>\n<meta property=\"article:published_time\" content=\"2024-11-22T07:06:40+00:00\" \/>\n<meta property=\"og:image\" content=\"https:\/\/sindromecharge.es\/wp-content\/uploads\/2013\/09\/logodecharge300x98.png\" \/>\n\t<meta property=\"og:image:width\" content=\"300\" \/>\n\t<meta property=\"og:image:height\" content=\"98\" \/>\n\t<meta property=\"og:image:type\" content=\"image\/png\" \/>\n<meta name=\"author\" content=\"Charge\" \/>\n<meta name=\"twitter:card\" content=\"summary_large_image\" \/>\n<meta name=\"twitter:creator\" content=\"@sindromecharge\" \/>\n<meta name=\"twitter:site\" content=\"@sindromecharge\" \/>\n<meta name=\"twitter:label1\" content=\"Escrito por\" \/>\n\t<meta name=\"twitter:data1\" content=\"Charge\" \/>\n\t<meta name=\"twitter:label2\" content=\"Tiempo de lectura\" \/>\n\t<meta name=\"twitter:data2\" content=\"2 minutos\" \/>\n<script type=\"application\/ld+json\" class=\"yoast-schema-graph\">{\"@context\":\"https:\\\/\\\/schema.org\",\"@graph\":[{\"@type\":\"Article\",\"@id\":\"https:\\\/\\\/sindromecharge.es\\\/index.php\\\/2024\\\/11\\\/22\\\/once-los-editores-se-alian-para-facilitar-acceso-las-lecturas-las-personas-ciegas\\\/#article\",\"isPartOf\":{\"@id\":\"https:\\\/\\\/sindromecharge.es\\\/index.php\\\/2024\\\/11\\\/22\\\/once-los-editores-se-alian-para-facilitar-acceso-las-lecturas-las-personas-ciegas\\\/\"},\"author\":{\"name\":\"Charge\",\"@id\":\"https:\\\/\\\/sindromecharge.es\\\/#\\\/schema\\\/person\\\/39a60ebe0a2b4d5a11179701e336b039\"},\"headline\":\"La ONCE y los editores se al\u00edan para facilitar el acceso a la lectura de las personas ciegas: \u00abVa a ser una aventura espectacular\u00bb\",\"datePublished\":\"2024-11-22T07:06:40+00:00\",\"mainEntityOfPage\":{\"@id\":\"https:\\\/\\\/sindromecharge.es\\\/index.php\\\/2024\\\/11\\\/22\\\/once-los-editores-se-alian-para-facilitar-acceso-las-lecturas-las-personas-ciegas\\\/\"},\"wordCount\":449,\"articleSection\":[\"noticias\"],\"inLanguage\":\"es\"},{\"@type\":\"WebPage\",\"@id\":\"https:\\\/\\\/sindromecharge.es\\\/index.php\\\/2024\\\/11\\\/22\\\/once-los-editores-se-alian-para-facilitar-acceso-las-lecturas-las-personas-ciegas\\\/\",\"url\":\"https:\\\/\\\/sindromecharge.es\\\/index.php\\\/2024\\\/11\\\/22\\\/once-los-editores-se-alian-para-facilitar-acceso-las-lecturas-las-personas-ciegas\\\/\",\"name\":\"La ONCE y los editores se al\u00edan para facilitar el acceso a la lectura de las personas ciegas: \\\"Va a ser una aventura espectacular\\\" - Asociaci\u00f3n Espa\u00f1ola S\u00edndrome de Charge\",\"isPartOf\":{\"@id\":\"https:\\\/\\\/sindromecharge.es\\\/#website\"},\"datePublished\":\"2024-11-22T07:06:40+00:00\",\"author\":{\"@id\":\"https:\\\/\\\/sindromecharge.es\\\/#\\\/schema\\\/person\\\/39a60ebe0a2b4d5a11179701e336b039\"},\"breadcrumb\":{\"@id\":\"https:\\\/\\\/sindromecharge.es\\\/index.php\\\/2024\\\/11\\\/22\\\/once-los-editores-se-alian-para-facilitar-acceso-las-lecturas-las-personas-ciegas\\\/#breadcrumb\"},\"inLanguage\":\"es\",\"potentialAction\":[{\"@type\":\"ReadAction\",\"target\":[\"https:\\\/\\\/sindromecharge.es\\\/index.php\\\/2024\\\/11\\\/22\\\/once-los-editores-se-alian-para-facilitar-acceso-las-lecturas-las-personas-ciegas\\\/\"]}]},{\"@type\":\"BreadcrumbList\",\"@id\":\"https:\\\/\\\/sindromecharge.es\\\/index.php\\\/2024\\\/11\\\/22\\\/once-los-editores-se-alian-para-facilitar-acceso-las-lecturas-las-personas-ciegas\\\/#breadcrumb\",\"itemListElement\":[{\"@type\":\"ListItem\",\"position\":1,\"name\":\"Portada\",\"item\":\"https:\\\/\\\/sindromecharge.es\\\/\"},{\"@type\":\"ListItem\",\"position\":2,\"name\":\"La ONCE y los editores se al\u00edan para facilitar el acceso a la lectura de las personas ciegas: &#8220;Va a ser una aventura espectacular&#8221;\"}]},{\"@type\":\"WebSite\",\"@id\":\"https:\\\/\\\/sindromecharge.es\\\/#website\",\"url\":\"https:\\\/\\\/sindromecharge.es\\\/\",\"name\":\"Asociaci\u00f3n Espa\u00f1ola S\u00edndrome de Charge\",\"description\":\"\",\"potentialAction\":[{\"@type\":\"SearchAction\",\"target\":{\"@type\":\"EntryPoint\",\"urlTemplate\":\"https:\\\/\\\/sindromecharge.es\\\/?s={search_term_string}\"},\"query-input\":{\"@type\":\"PropertyValueSpecification\",\"valueRequired\":true,\"valueName\":\"search_term_string\"}}],\"inLanguage\":\"es\"},{\"@type\":\"Person\",\"@id\":\"https:\\\/\\\/sindromecharge.es\\\/#\\\/schema\\\/person\\\/39a60ebe0a2b4d5a11179701e336b039\",\"name\":\"Charge\",\"image\":{\"@type\":\"ImageObject\",\"inLanguage\":\"es\",\"@id\":\"https:\\\/\\\/secure.gravatar.com\\\/avatar\\\/c3b46e32a0fc3b093a0873fb767bf3293de856293065e84ef06b7ec7a8acfb98?s=96&d=identicon&r=x\",\"url\":\"https:\\\/\\\/secure.gravatar.com\\\/avatar\\\/c3b46e32a0fc3b093a0873fb767bf3293de856293065e84ef06b7ec7a8acfb98?s=96&d=identicon&r=x\",\"contentUrl\":\"https:\\\/\\\/secure.gravatar.com\\\/avatar\\\/c3b46e32a0fc3b093a0873fb767bf3293de856293065e84ef06b7ec7a8acfb98?s=96&d=identicon&r=x\",\"caption\":\"Charge\"},\"url\":\"https:\\\/\\\/sindromecharge.es\\\/index.php\\\/author\\\/admin\\\/\"}]}<\/script>\n<!-- \/ Yoast SEO plugin. -->","yoast_head_json":{"title":"La ONCE y los editores se al\u00edan para facilitar el acceso a la lectura de las personas ciegas: \"Va a ser una aventura espectacular\" - Asociaci\u00f3n Espa\u00f1ola S\u00edndrome de Charge","robots":{"index":"index","follow":"follow","max-snippet":"max-snippet:-1","max-image-preview":"max-image-preview:large","max-video-preview":"max-video-preview:-1"},"canonical":"https:\/\/sindromecharge.es\/index.php\/2024\/11\/22\/once-los-editores-se-alian-para-facilitar-acceso-las-lecturas-las-personas-ciegas\/","og_locale":"es_ES","og_type":"article","og_title":"La ONCE y los editores se al\u00edan para facilitar el acceso a la lectura de las personas ciegas: \"Va a ser una aventura espectacular\" - Asociaci\u00f3n Espa\u00f1ola S\u00edndrome de Charge","og_description":"Este acuerdo afectar\u00e1 a numerosos t\u00edtulos que pertenecen a las m\u00e1s de 800 editoriales.","og_url":"https:\/\/sindromecharge.es\/index.php\/2024\/11\/22\/once-los-editores-se-alian-para-facilitar-acceso-las-lecturas-las-personas-ciegas\/","og_site_name":"Asociaci\u00f3n Espa\u00f1ola S\u00edndrome de Charge","article_publisher":"https:\/\/www.facebook.com\/asociacionsindromecharge","article_published_time":"2024-11-22T07:06:40+00:00","og_image":[{"width":300,"height":98,"url":"https:\/\/sindromecharge.es\/wp-content\/uploads\/2013\/09\/logodecharge300x98.png","type":"image\/png"}],"author":"Charge","twitter_card":"summary_large_image","twitter_creator":"@sindromecharge","twitter_site":"@sindromecharge","twitter_misc":{"Escrito por":"Charge","Tiempo de lectura":"2 minutos"},"schema":{"@context":"https:\/\/schema.org","@graph":[{"@type":"Article","@id":"https:\/\/sindromecharge.es\/index.php\/2024\/11\/22\/once-los-editores-se-alian-para-facilitar-acceso-las-lecturas-las-personas-ciegas\/#article","isPartOf":{"@id":"https:\/\/sindromecharge.es\/index.php\/2024\/11\/22\/once-los-editores-se-alian-para-facilitar-acceso-las-lecturas-las-personas-ciegas\/"},"author":{"name":"Charge","@id":"https:\/\/sindromecharge.es\/#\/schema\/person\/39a60ebe0a2b4d5a11179701e336b039"},"headline":"La ONCE y los editores se al\u00edan para facilitar el acceso a la lectura de las personas ciegas: \u00abVa a ser una aventura espectacular\u00bb","datePublished":"2024-11-22T07:06:40+00:00","mainEntityOfPage":{"@id":"https:\/\/sindromecharge.es\/index.php\/2024\/11\/22\/once-los-editores-se-alian-para-facilitar-acceso-las-lecturas-las-personas-ciegas\/"},"wordCount":449,"articleSection":["noticias"],"inLanguage":"es"},{"@type":"WebPage","@id":"https:\/\/sindromecharge.es\/index.php\/2024\/11\/22\/once-los-editores-se-alian-para-facilitar-acceso-las-lecturas-las-personas-ciegas\/","url":"https:\/\/sindromecharge.es\/index.php\/2024\/11\/22\/once-los-editores-se-alian-para-facilitar-acceso-las-lecturas-las-personas-ciegas\/","name":"La ONCE y los editores se al\u00edan para facilitar el acceso a la lectura de las personas ciegas: \"Va a ser una aventura espectacular\" - Asociaci\u00f3n Espa\u00f1ola S\u00edndrome de Charge","isPartOf":{"@id":"https:\/\/sindromecharge.es\/#website"},"datePublished":"2024-11-22T07:06:40+00:00","author":{"@id":"https:\/\/sindromecharge.es\/#\/schema\/person\/39a60ebe0a2b4d5a11179701e336b039"},"breadcrumb":{"@id":"https:\/\/sindromecharge.es\/index.php\/2024\/11\/22\/once-los-editores-se-alian-para-facilitar-acceso-las-lecturas-las-personas-ciegas\/#breadcrumb"},"inLanguage":"es","potentialAction":[{"@type":"ReadAction","target":["https:\/\/sindromecharge.es\/index.php\/2024\/11\/22\/once-los-editores-se-alian-para-facilitar-acceso-las-lecturas-las-personas-ciegas\/"]}]},{"@type":"BreadcrumbList","@id":"https:\/\/sindromecharge.es\/index.php\/2024\/11\/22\/once-los-editores-se-alian-para-facilitar-acceso-las-lecturas-las-personas-ciegas\/#breadcrumb","itemListElement":[{"@type":"ListItem","position":1,"name":"Portada","item":"https:\/\/sindromecharge.es\/"},{"@type":"ListItem","position":2,"name":"La ONCE y los editores se al\u00edan para facilitar el acceso a la lectura de las personas ciegas: &#8220;Va a ser una aventura espectacular&#8221;"}]},{"@type":"WebSite","@id":"https:\/\/sindromecharge.es\/#website","url":"https:\/\/sindromecharge.es\/","name":"Asociaci\u00f3n Espa\u00f1ola S\u00edndrome de Charge","description":"","potentialAction":[{"@type":"SearchAction","target":{"@type":"EntryPoint","urlTemplate":"https:\/\/sindromecharge.es\/?s={search_term_string}"},"query-input":{"@type":"PropertyValueSpecification","valueRequired":true,"valueName":"search_term_string"}}],"inLanguage":"es"},{"@type":"Person","@id":"https:\/\/sindromecharge.es\/#\/schema\/person\/39a60ebe0a2b4d5a11179701e336b039","name":"Charge","image":{"@type":"ImageObject","inLanguage":"es","@id":"https:\/\/secure.gravatar.com\/avatar\/c3b46e32a0fc3b093a0873fb767bf3293de856293065e84ef06b7ec7a8acfb98?s=96&d=identicon&r=x","url":"https:\/\/secure.gravatar.com\/avatar\/c3b46e32a0fc3b093a0873fb767bf3293de856293065e84ef06b7ec7a8acfb98?s=96&d=identicon&r=x","contentUrl":"https:\/\/secure.gravatar.com\/avatar\/c3b46e32a0fc3b093a0873fb767bf3293de856293065e84ef06b7ec7a8acfb98?s=96&d=identicon&r=x","caption":"Charge"},"url":"https:\/\/sindromecharge.es\/index.php\/author\/admin\/"}]}},"_links":{"self":[{"href":"https:\/\/sindromecharge.es\/index.php\/wp-json\/wp\/v2\/posts\/10589","targetHints":{"allow":["GET"]}}],"collection":[{"href":"https:\/\/sindromecharge.es\/index.php\/wp-json\/wp\/v2\/posts"}],"about":[{"href":"https:\/\/sindromecharge.es\/index.php\/wp-json\/wp\/v2\/types\/post"}],"author":[{"embeddable":true,"href":"https:\/\/sindromecharge.es\/index.php\/wp-json\/wp\/v2\/users\/1"}],"replies":[{"embeddable":true,"href":"https:\/\/sindromecharge.es\/index.php\/wp-json\/wp\/v2\/comments?post=10589"}],"version-history":[{"count":0,"href":"https:\/\/sindromecharge.es\/index.php\/wp-json\/wp\/v2\/posts\/10589\/revisions"}],"wp:attachment":[{"href":"https:\/\/sindromecharge.es\/index.php\/wp-json\/wp\/v2\/media?parent=10589"}],"wp:term":[{"taxonomy":"category","embeddable":true,"href":"https:\/\/sindromecharge.es\/index.php\/wp-json\/wp\/v2\/categories?post=10589"},{"taxonomy":"post_tag","embeddable":true,"href":"https:\/\/sindromecharge.es\/index.php\/wp-json\/wp\/v2\/tags?post=10589"}],"curies":[{"name":"wp","href":"https:\/\/api.w.org\/{rel}","templated":true}]}}