{"id":10585,"date":"2024-11-21T06:20:28","date_gmt":"2024-11-21T06:20:28","guid":{"rendered":"https:\/\/sindromecharge.es\/index.php\/2024\/11\/21\/javier-saceda-espina-bifida-la-cirugia-fetal-ha-mejorado-mucho-el-pronostico-motor-y-cognitivo\/"},"modified":"2024-11-21T06:20:28","modified_gmt":"2024-11-21T06:20:28","slug":"javier-saceda-espina-bifida-la-cirugia-fetal-ha-mejorado-mucho-el-pronostico-motor-y-cognitivo","status":"publish","type":"post","link":"https:\/\/sindromecharge.es\/index.php\/2024\/11\/21\/javier-saceda-espina-bifida-la-cirugia-fetal-ha-mejorado-mucho-el-pronostico-motor-y-cognitivo\/","title":{"rendered":"Javier Saceda sobre la espina b\u00edfida: \u00abLa cirug\u00eda fetal ha mejorado mucho el pron\u00f3stico motor y cognitivo\u00bb"},"content":{"rendered":"<p>Leemos en Discapacidad la siguiente noticia que os reproducimos de forma \u00edntegra: <\/p>\n<div>\n<p>La <b>espina b\u00edfida<\/b> es una malformaci\u00f3n cong\u00e9nita del <b>tubo neural<\/b> que afecta a la columna vertebral y la m\u00e9dula espinal, resultando en una <b>abertura o fisura<\/b> en la parte inferior de la columna. Esta condici\u00f3n se desarrolla en el primer mes de embarazo, cuando <b>el tubo neural no se cierra adecuadamente<\/b>, lo que puede generar una serie de <b>complicaciones f\u00edsicas y neurol\u00f3gicas<\/b>. Dependiendo de la severidad, la espina b\u00edfida puede causar desde leves dificultades motoras hasta par\u00e1lisis parcial o total de las extremidades inferiores, problemas de control de la vejiga y otros desaf\u00edos que derivan en <a href=\"https:\/\/www.20minutos.es\/minuteca\/discapacidad\/\" title=\"Discapacidad\">discapacidad<\/a>.<\/p>\n<p>Cada <b>21 de noviembre<\/b>, el <b>D\u00eda Mundial de la Espina B\u00edfida<\/b> se celebra para aumentar la <b>conciencia <\/b>sobre esta enfermedad, <b>promover su diagn\u00f3stico temprano<\/b> y destacar los avances en tratamiento y apoyo a las personas afectadas. Este d\u00eda es una oportunidad para <b>divulgar <\/b>a la sociedad, apoyar a las familias y profesionales m\u00e9dicos, y difundir informaci\u00f3n clave sobre la prevenci\u00f3n y manejo de la espina b\u00edfida.<\/p>\n<p>El neurocirujano <b>Javier Saceda<\/b> es el Coordinador de Neurocirug\u00eda Pedi\u00e1trica del <b>Hospital Universitario La Paz<\/b>.<\/p>\n<h1>El diagn\u00f3stico precoz es clave; la espina b\u00edfida ocurre entre la tercera y cuarta semana de gestaci\u00f3n, pero el diagn\u00f3stico no se hace antes de la semana 14 a la 18<\/h1>\n<h1>En el momento que el ni\u00f1o nace, el tejido nervioso queda expuesto al exterior, lo que conlleva un riesgo de infecci\u00f3n o meningitis<\/h1>\n<h1>No todas las familias son candidatas. Se hace un estudio gen\u00e9tico mediante amniocentesis, si hay alguna alteraci\u00f3n cromos\u00f3mica o una malformaci\u00f3n no se consideran adecuados para la cirug\u00eda fetal<\/h1>\n<h1>Lo ideal ser\u00eda la prevenci\u00f3n primaria, es decir, que no se produzca. Porque cuando ya se produce, por mucho que nos esforcemos y avancemos en muchos campos de la medicina, nunca vamos a superar a la naturaleza<\/h1>\n<\/div>\n<p>Fuente: Discapacidad https:\/\/www.20minutos.es\/noticia\/5655619\/0\/javier-saceda-espina-bifida-la-cirugia-fetal-ha-mejorado-mucho-el-pronostico-motor-y-cognitivo\/<\/p>\n","protected":false},"excerpt":{"rendered":"<p>La espina b\u00edfida es una malformaci\u00f3n cong\u00e9nita del tubo neural que afecta a la columna vertebral y la m\u00e9dula espinal, resultando en una abertura o fisura&#8230;<\/p>\n","protected":false},"author":1,"featured_media":0,"comment_status":"closed","ping_status":"closed","sticky":false,"template":"","format":"standard","meta":{"footnotes":""},"categories":[8],"tags":[],"class_list":["post-10585","post","type-post","status-publish","format-standard","hentry","category-noticias"],"yoast_head":"<!-- This site is optimized with the Yoast SEO plugin v27.5 - https:\/\/yoast.com\/product\/yoast-seo-wordpress\/ -->\n<title>Javier Saceda sobre la espina b\u00edfida: &quot;La cirug\u00eda fetal ha mejorado mucho el pron\u00f3stico motor y cognitivo&quot; - Asociaci\u00f3n Espa\u00f1ola S\u00edndrome de Charge<\/title>\n<meta name=\"robots\" content=\"index, follow, max-snippet:-1, max-image-preview:large, max-video-preview:-1\" \/>\n<link rel=\"canonical\" href=\"https:\/\/sindromecharge.es\/index.php\/2024\/11\/21\/javier-saceda-espina-bifida-la-cirugia-fetal-ha-mejorado-mucho-el-pronostico-motor-y-cognitivo\/\" \/>\n<meta property=\"og:locale\" content=\"es_ES\" \/>\n<meta property=\"og:type\" content=\"article\" \/>\n<meta property=\"og:title\" content=\"Javier Saceda sobre la espina b\u00edfida: &quot;La cirug\u00eda fetal ha mejorado mucho el pron\u00f3stico motor y cognitivo&quot; - Asociaci\u00f3n Espa\u00f1ola S\u00edndrome de Charge\" \/>\n<meta property=\"og:description\" content=\"La espina b\u00edfida es una malformaci\u00f3n cong\u00e9nita del tubo neural que afecta a la columna vertebral y la m\u00e9dula espinal, resultando en una abertura o fisura&#8230;\" \/>\n<meta property=\"og:url\" content=\"https:\/\/sindromecharge.es\/index.php\/2024\/11\/21\/javier-saceda-espina-bifida-la-cirugia-fetal-ha-mejorado-mucho-el-pronostico-motor-y-cognitivo\/\" \/>\n<meta property=\"og:site_name\" content=\"Asociaci\u00f3n Espa\u00f1ola S\u00edndrome de Charge\" \/>\n<meta property=\"article:publisher\" content=\"https:\/\/www.facebook.com\/asociacionsindromecharge\" \/>\n<meta property=\"article:published_time\" content=\"2024-11-21T06:20:28+00:00\" \/>\n<meta property=\"og:image\" content=\"https:\/\/sindromecharge.es\/wp-content\/uploads\/2013\/09\/logodecharge300x98.png\" \/>\n\t<meta property=\"og:image:width\" content=\"300\" \/>\n\t<meta property=\"og:image:height\" content=\"98\" \/>\n\t<meta property=\"og:image:type\" content=\"image\/png\" \/>\n<meta name=\"author\" content=\"Charge\" \/>\n<meta name=\"twitter:card\" content=\"summary_large_image\" \/>\n<meta name=\"twitter:creator\" content=\"@sindromecharge\" \/>\n<meta name=\"twitter:site\" content=\"@sindromecharge\" \/>\n<meta name=\"twitter:label1\" content=\"Escrito por\" \/>\n\t<meta name=\"twitter:data1\" content=\"Charge\" \/>\n\t<meta name=\"twitter:label2\" content=\"Tiempo de lectura\" \/>\n\t<meta name=\"twitter:data2\" content=\"2 minutos\" \/>\n<script type=\"application\/ld+json\" class=\"yoast-schema-graph\">{\"@context\":\"https:\\\/\\\/schema.org\",\"@graph\":[{\"@type\":\"Article\",\"@id\":\"https:\\\/\\\/sindromecharge.es\\\/index.php\\\/2024\\\/11\\\/21\\\/javier-saceda-espina-bifida-la-cirugia-fetal-ha-mejorado-mucho-el-pronostico-motor-y-cognitivo\\\/#article\",\"isPartOf\":{\"@id\":\"https:\\\/\\\/sindromecharge.es\\\/index.php\\\/2024\\\/11\\\/21\\\/javier-saceda-espina-bifida-la-cirugia-fetal-ha-mejorado-mucho-el-pronostico-motor-y-cognitivo\\\/\"},\"author\":{\"name\":\"Charge\",\"@id\":\"https:\\\/\\\/sindromecharge.es\\\/#\\\/schema\\\/person\\\/39a60ebe0a2b4d5a11179701e336b039\"},\"headline\":\"Javier Saceda sobre la espina b\u00edfida: \u00abLa cirug\u00eda fetal ha mejorado mucho el pron\u00f3stico motor y cognitivo\u00bb\",\"datePublished\":\"2024-11-21T06:20:28+00:00\",\"mainEntityOfPage\":{\"@id\":\"https:\\\/\\\/sindromecharge.es\\\/index.php\\\/2024\\\/11\\\/21\\\/javier-saceda-espina-bifida-la-cirugia-fetal-ha-mejorado-mucho-el-pronostico-motor-y-cognitivo\\\/\"},\"wordCount\":368,\"articleSection\":[\"noticias\"],\"inLanguage\":\"es\"},{\"@type\":\"WebPage\",\"@id\":\"https:\\\/\\\/sindromecharge.es\\\/index.php\\\/2024\\\/11\\\/21\\\/javier-saceda-espina-bifida-la-cirugia-fetal-ha-mejorado-mucho-el-pronostico-motor-y-cognitivo\\\/\",\"url\":\"https:\\\/\\\/sindromecharge.es\\\/index.php\\\/2024\\\/11\\\/21\\\/javier-saceda-espina-bifida-la-cirugia-fetal-ha-mejorado-mucho-el-pronostico-motor-y-cognitivo\\\/\",\"name\":\"Javier Saceda sobre la espina b\u00edfida: \\\"La cirug\u00eda fetal ha mejorado mucho el pron\u00f3stico motor y cognitivo\\\" - Asociaci\u00f3n Espa\u00f1ola S\u00edndrome de Charge\",\"isPartOf\":{\"@id\":\"https:\\\/\\\/sindromecharge.es\\\/#website\"},\"datePublished\":\"2024-11-21T06:20:28+00:00\",\"author\":{\"@id\":\"https:\\\/\\\/sindromecharge.es\\\/#\\\/schema\\\/person\\\/39a60ebe0a2b4d5a11179701e336b039\"},\"breadcrumb\":{\"@id\":\"https:\\\/\\\/sindromecharge.es\\\/index.php\\\/2024\\\/11\\\/21\\\/javier-saceda-espina-bifida-la-cirugia-fetal-ha-mejorado-mucho-el-pronostico-motor-y-cognitivo\\\/#breadcrumb\"},\"inLanguage\":\"es\",\"potentialAction\":[{\"@type\":\"ReadAction\",\"target\":[\"https:\\\/\\\/sindromecharge.es\\\/index.php\\\/2024\\\/11\\\/21\\\/javier-saceda-espina-bifida-la-cirugia-fetal-ha-mejorado-mucho-el-pronostico-motor-y-cognitivo\\\/\"]}]},{\"@type\":\"BreadcrumbList\",\"@id\":\"https:\\\/\\\/sindromecharge.es\\\/index.php\\\/2024\\\/11\\\/21\\\/javier-saceda-espina-bifida-la-cirugia-fetal-ha-mejorado-mucho-el-pronostico-motor-y-cognitivo\\\/#breadcrumb\",\"itemListElement\":[{\"@type\":\"ListItem\",\"position\":1,\"name\":\"Portada\",\"item\":\"https:\\\/\\\/sindromecharge.es\\\/\"},{\"@type\":\"ListItem\",\"position\":2,\"name\":\"Javier Saceda sobre la espina b\u00edfida: &#8220;La cirug\u00eda fetal ha mejorado mucho el pron\u00f3stico motor y cognitivo&#8221;\"}]},{\"@type\":\"WebSite\",\"@id\":\"https:\\\/\\\/sindromecharge.es\\\/#website\",\"url\":\"https:\\\/\\\/sindromecharge.es\\\/\",\"name\":\"Asociaci\u00f3n Espa\u00f1ola S\u00edndrome de Charge\",\"description\":\"\",\"potentialAction\":[{\"@type\":\"SearchAction\",\"target\":{\"@type\":\"EntryPoint\",\"urlTemplate\":\"https:\\\/\\\/sindromecharge.es\\\/?s={search_term_string}\"},\"query-input\":{\"@type\":\"PropertyValueSpecification\",\"valueRequired\":true,\"valueName\":\"search_term_string\"}}],\"inLanguage\":\"es\"},{\"@type\":\"Person\",\"@id\":\"https:\\\/\\\/sindromecharge.es\\\/#\\\/schema\\\/person\\\/39a60ebe0a2b4d5a11179701e336b039\",\"name\":\"Charge\",\"image\":{\"@type\":\"ImageObject\",\"inLanguage\":\"es\",\"@id\":\"https:\\\/\\\/secure.gravatar.com\\\/avatar\\\/c3b46e32a0fc3b093a0873fb767bf3293de856293065e84ef06b7ec7a8acfb98?s=96&d=identicon&r=x\",\"url\":\"https:\\\/\\\/secure.gravatar.com\\\/avatar\\\/c3b46e32a0fc3b093a0873fb767bf3293de856293065e84ef06b7ec7a8acfb98?s=96&d=identicon&r=x\",\"contentUrl\":\"https:\\\/\\\/secure.gravatar.com\\\/avatar\\\/c3b46e32a0fc3b093a0873fb767bf3293de856293065e84ef06b7ec7a8acfb98?s=96&d=identicon&r=x\",\"caption\":\"Charge\"},\"url\":\"https:\\\/\\\/sindromecharge.es\\\/index.php\\\/author\\\/admin\\\/\"}]}<\/script>\n<!-- \/ Yoast SEO plugin. -->","yoast_head_json":{"title":"Javier Saceda sobre la espina b\u00edfida: \"La cirug\u00eda fetal ha mejorado mucho el pron\u00f3stico motor y cognitivo\" - Asociaci\u00f3n Espa\u00f1ola S\u00edndrome de Charge","robots":{"index":"index","follow":"follow","max-snippet":"max-snippet:-1","max-image-preview":"max-image-preview:large","max-video-preview":"max-video-preview:-1"},"canonical":"https:\/\/sindromecharge.es\/index.php\/2024\/11\/21\/javier-saceda-espina-bifida-la-cirugia-fetal-ha-mejorado-mucho-el-pronostico-motor-y-cognitivo\/","og_locale":"es_ES","og_type":"article","og_title":"Javier Saceda sobre la espina b\u00edfida: \"La cirug\u00eda fetal ha mejorado mucho el pron\u00f3stico motor y cognitivo\" - Asociaci\u00f3n Espa\u00f1ola S\u00edndrome de Charge","og_description":"La espina b\u00edfida es una malformaci\u00f3n cong\u00e9nita del tubo neural que afecta a la columna vertebral y la m\u00e9dula espinal, resultando en una abertura o fisura&#8230;","og_url":"https:\/\/sindromecharge.es\/index.php\/2024\/11\/21\/javier-saceda-espina-bifida-la-cirugia-fetal-ha-mejorado-mucho-el-pronostico-motor-y-cognitivo\/","og_site_name":"Asociaci\u00f3n Espa\u00f1ola S\u00edndrome de Charge","article_publisher":"https:\/\/www.facebook.com\/asociacionsindromecharge","article_published_time":"2024-11-21T06:20:28+00:00","og_image":[{"width":300,"height":98,"url":"https:\/\/sindromecharge.es\/wp-content\/uploads\/2013\/09\/logodecharge300x98.png","type":"image\/png"}],"author":"Charge","twitter_card":"summary_large_image","twitter_creator":"@sindromecharge","twitter_site":"@sindromecharge","twitter_misc":{"Escrito por":"Charge","Tiempo de lectura":"2 minutos"},"schema":{"@context":"https:\/\/schema.org","@graph":[{"@type":"Article","@id":"https:\/\/sindromecharge.es\/index.php\/2024\/11\/21\/javier-saceda-espina-bifida-la-cirugia-fetal-ha-mejorado-mucho-el-pronostico-motor-y-cognitivo\/#article","isPartOf":{"@id":"https:\/\/sindromecharge.es\/index.php\/2024\/11\/21\/javier-saceda-espina-bifida-la-cirugia-fetal-ha-mejorado-mucho-el-pronostico-motor-y-cognitivo\/"},"author":{"name":"Charge","@id":"https:\/\/sindromecharge.es\/#\/schema\/person\/39a60ebe0a2b4d5a11179701e336b039"},"headline":"Javier Saceda sobre la espina b\u00edfida: \u00abLa cirug\u00eda fetal ha mejorado mucho el pron\u00f3stico motor y cognitivo\u00bb","datePublished":"2024-11-21T06:20:28+00:00","mainEntityOfPage":{"@id":"https:\/\/sindromecharge.es\/index.php\/2024\/11\/21\/javier-saceda-espina-bifida-la-cirugia-fetal-ha-mejorado-mucho-el-pronostico-motor-y-cognitivo\/"},"wordCount":368,"articleSection":["noticias"],"inLanguage":"es"},{"@type":"WebPage","@id":"https:\/\/sindromecharge.es\/index.php\/2024\/11\/21\/javier-saceda-espina-bifida-la-cirugia-fetal-ha-mejorado-mucho-el-pronostico-motor-y-cognitivo\/","url":"https:\/\/sindromecharge.es\/index.php\/2024\/11\/21\/javier-saceda-espina-bifida-la-cirugia-fetal-ha-mejorado-mucho-el-pronostico-motor-y-cognitivo\/","name":"Javier Saceda sobre la espina b\u00edfida: \"La cirug\u00eda fetal ha mejorado mucho el pron\u00f3stico motor y cognitivo\" - Asociaci\u00f3n Espa\u00f1ola S\u00edndrome de Charge","isPartOf":{"@id":"https:\/\/sindromecharge.es\/#website"},"datePublished":"2024-11-21T06:20:28+00:00","author":{"@id":"https:\/\/sindromecharge.es\/#\/schema\/person\/39a60ebe0a2b4d5a11179701e336b039"},"breadcrumb":{"@id":"https:\/\/sindromecharge.es\/index.php\/2024\/11\/21\/javier-saceda-espina-bifida-la-cirugia-fetal-ha-mejorado-mucho-el-pronostico-motor-y-cognitivo\/#breadcrumb"},"inLanguage":"es","potentialAction":[{"@type":"ReadAction","target":["https:\/\/sindromecharge.es\/index.php\/2024\/11\/21\/javier-saceda-espina-bifida-la-cirugia-fetal-ha-mejorado-mucho-el-pronostico-motor-y-cognitivo\/"]}]},{"@type":"BreadcrumbList","@id":"https:\/\/sindromecharge.es\/index.php\/2024\/11\/21\/javier-saceda-espina-bifida-la-cirugia-fetal-ha-mejorado-mucho-el-pronostico-motor-y-cognitivo\/#breadcrumb","itemListElement":[{"@type":"ListItem","position":1,"name":"Portada","item":"https:\/\/sindromecharge.es\/"},{"@type":"ListItem","position":2,"name":"Javier Saceda sobre la espina b\u00edfida: &#8220;La cirug\u00eda fetal ha mejorado mucho el pron\u00f3stico motor y cognitivo&#8221;"}]},{"@type":"WebSite","@id":"https:\/\/sindromecharge.es\/#website","url":"https:\/\/sindromecharge.es\/","name":"Asociaci\u00f3n Espa\u00f1ola S\u00edndrome de Charge","description":"","potentialAction":[{"@type":"SearchAction","target":{"@type":"EntryPoint","urlTemplate":"https:\/\/sindromecharge.es\/?s={search_term_string}"},"query-input":{"@type":"PropertyValueSpecification","valueRequired":true,"valueName":"search_term_string"}}],"inLanguage":"es"},{"@type":"Person","@id":"https:\/\/sindromecharge.es\/#\/schema\/person\/39a60ebe0a2b4d5a11179701e336b039","name":"Charge","image":{"@type":"ImageObject","inLanguage":"es","@id":"https:\/\/secure.gravatar.com\/avatar\/c3b46e32a0fc3b093a0873fb767bf3293de856293065e84ef06b7ec7a8acfb98?s=96&d=identicon&r=x","url":"https:\/\/secure.gravatar.com\/avatar\/c3b46e32a0fc3b093a0873fb767bf3293de856293065e84ef06b7ec7a8acfb98?s=96&d=identicon&r=x","contentUrl":"https:\/\/secure.gravatar.com\/avatar\/c3b46e32a0fc3b093a0873fb767bf3293de856293065e84ef06b7ec7a8acfb98?s=96&d=identicon&r=x","caption":"Charge"},"url":"https:\/\/sindromecharge.es\/index.php\/author\/admin\/"}]}},"_links":{"self":[{"href":"https:\/\/sindromecharge.es\/index.php\/wp-json\/wp\/v2\/posts\/10585","targetHints":{"allow":["GET"]}}],"collection":[{"href":"https:\/\/sindromecharge.es\/index.php\/wp-json\/wp\/v2\/posts"}],"about":[{"href":"https:\/\/sindromecharge.es\/index.php\/wp-json\/wp\/v2\/types\/post"}],"author":[{"embeddable":true,"href":"https:\/\/sindromecharge.es\/index.php\/wp-json\/wp\/v2\/users\/1"}],"replies":[{"embeddable":true,"href":"https:\/\/sindromecharge.es\/index.php\/wp-json\/wp\/v2\/comments?post=10585"}],"version-history":[{"count":0,"href":"https:\/\/sindromecharge.es\/index.php\/wp-json\/wp\/v2\/posts\/10585\/revisions"}],"wp:attachment":[{"href":"https:\/\/sindromecharge.es\/index.php\/wp-json\/wp\/v2\/media?parent=10585"}],"wp:term":[{"taxonomy":"category","embeddable":true,"href":"https:\/\/sindromecharge.es\/index.php\/wp-json\/wp\/v2\/categories?post=10585"},{"taxonomy":"post_tag","embeddable":true,"href":"https:\/\/sindromecharge.es\/index.php\/wp-json\/wp\/v2\/tags?post=10585"}],"curies":[{"name":"wp","href":"https:\/\/api.w.org\/{rel}","templated":true}]}}