{"id":10581,"date":"2024-11-20T05:43:35","date_gmt":"2024-11-20T05:43:35","guid":{"rendered":"https:\/\/sindromecharge.es\/index.php\/2024\/11\/20\/dano-cerebral-estatal-reclama-una-estrategia-nacional-atencion-para-dano-cerebral-adquirido-congreso-los-diputados\/"},"modified":"2024-11-20T05:43:35","modified_gmt":"2024-11-20T05:43:35","slug":"dano-cerebral-estatal-reclama-una-estrategia-nacional-atencion-para-dano-cerebral-adquirido-congreso-los-diputados","status":"publish","type":"post","link":"https:\/\/sindromecharge.es\/index.php\/2024\/11\/20\/dano-cerebral-estatal-reclama-una-estrategia-nacional-atencion-para-dano-cerebral-adquirido-congreso-los-diputados\/","title":{"rendered":"Reclaman en el Congreso una Estrategia Nacional ante el da\u00f1o cerebral que prolongue la asistencia"},"content":{"rendered":"<p>Leemos en Discapacidad la siguiente noticia que os reproducimos de forma \u00edntegra: <\/p>\n<div>\n<p><b>Ana Cabellos, presidenta de Da\u00f1o Cerebral Estatal<\/b>, compareci\u00f3 el martes ante la <b>Comisi\u00f3n de Pol\u00edticas Integrales de la Discapacidad en el Congreso de los Diputados<\/b> para exponer las necesidades del colectivo de personas con Da\u00f1o Cerebral Adquirido y sus familias.<\/p>\n<p>En su intervenci\u00f3n, que ha servido para contextualizar el DCA y sus diferentes fases, ha reivindicado la <b>necesidad de una Estrategia Nacional de Atenci\u00f3n para el Da\u00f1o Cerebral Adquirido<\/b> que permita unificar criterios y coordinar los diferentes actores sociosanitarios que participan en todo el proceso de atenci\u00f3n.<\/p>\n<p>\u201cTenemos una sanidad que salva vidas, pero va disminuyendo la atenci\u00f3n en las fases posteriores\u201d, afirmaba Cabellos, quien pon\u00eda de manifiesto la falta de recursos especializados en Da\u00f1o Cerebral Adquirido tanto para personas adultas como para menores. En esa l\u00ednea, reclamaba que en Espa\u00f1a<b> apenas hay 3.000 plazas espec\u00edficas para la fase subaguda <\/b>(de rehabilitaci\u00f3n), una cifra m\u00ednima en comparaci\u00f3n con las necesidades reales: anualmente, aproximadamente <b>130.000 personas reciben el alta hospitalaria tras un ictus o un traumatismo craneoencef\u00e1lico<\/b>. Las necesidades de esas personas y sus familias deben ser atendidas sin que el lugar de residencia o sus capacidades econ\u00f3micas sean factores determinantes.<\/p>\n<p>Paloma Blanco, socia fundadora y presidenta de la asociaci\u00f3n Afasia Activa, ha comparecido junto a Ana Cabellos para explicar su experiencia como <b>persona con DCA con secuelas invisibles<\/b>, poniendo sobre la mesa las limitaciones que, como en su caso, produce una secuela como la afasia.<\/p>\n<p>El trabajo en prevenci\u00f3n, el <b>Da\u00f1o Cerebral Adquirido Infantil<\/b>, la empleabilidad y el C\u00f3digo Diagn\u00f3stico al Alta Hospitalaria<\/p>\n<p>En la ronda de preguntas, donde han intervenido representantes del Grupo Popular, el Grupo Socialista y VOX, se han abordado temas como el <b>trabajo en prevenci\u00f3n<\/b>, el Da\u00f1o Cerebral Adquirido Infantil, el impulso de la empleabilidad de la personas con DCA y la reclamaci\u00f3n del C\u00f3digo Diagn\u00f3stico al Alta Hospitalaria.<\/p>\n<p>Como afirmaba Cabellos en su r\u00e9plica, desde el Movimiento Asociativo se trabaja en la prevenci\u00f3n tanto del ictus &#8211; <b>el 80% de los casos se pueden prevenir controlando los factores de riesgo<\/b> &#8211; como los accidentes de tr\u00e1fico, pero recordaba que el Da\u00f1o Cerebral Adquirido es la primera causa de discapacidad en el mundo desarrollado y, sin embargo, no se conoce por qu\u00e9 se produce, \u201cla sociedad conoce el Da\u00f1o Cerebral Adquirido por sus causas, pero no por sus secuelas\u201d.<\/p>\n<p>Respecto al Da\u00f1o Cerebral Adquirido Infantil, a pesar de ser m\u00e1s residual en n\u00famero &#8211;<b>2.700 menores de 14 a\u00f1os tienen DCA en Espa\u00f1a<\/b>-, el futuro de esos ni\u00f1os y ni\u00f1as debe ser prioritario en la hoja de ruta de las administraciones.<\/p>\n<p>Tambi\u00e9n se ha podido<b> abordar el C\u00f3digo Diagn\u00f3stico al Alta Hospitalaria espec\u00edfico para Da\u00f1o Cerebral Adquirido<\/b>, cuya importancia, como ha recalcado Ana Cabellos, tambi\u00e9n se reconoce en el I Plan de Bienestar Saludable para personas con Discapacidad. Esta codificaci\u00f3n permitir\u00eda que las personas que salen del hospital tras una lesi\u00f3n cerebral y con secuelas pudieran tener garantizada su <b>continuidad asistencial<\/b>, as\u00ed como dimensionar los recursos existentes.<\/p>\n<\/div>\n<p>Fuente: Discapacidad https:\/\/www.20minutos.es\/noticia\/5655796\/0\/dano-cerebral-estatal-reclama-una-estrategia-nacional-atencion-para-dano-cerebral-adquirido-congreso-los-diputados\/<\/p>\n","protected":false},"excerpt":{"rendered":"<p>Desde la federaci\u00f3n demandan, entre otras cosas, m\u00e1s plazas de rehabilitaci\u00f3n o un c\u00f3digo al alta hospitalaria.<\/p>\n","protected":false},"author":1,"featured_media":0,"comment_status":"closed","ping_status":"closed","sticky":false,"template":"","format":"standard","meta":{"footnotes":""},"categories":[8],"tags":[],"class_list":["post-10581","post","type-post","status-publish","format-standard","hentry","category-noticias"],"yoast_head":"<!-- This site is optimized with the Yoast SEO plugin v27.5 - https:\/\/yoast.com\/product\/yoast-seo-wordpress\/ -->\n<title>Reclaman en el Congreso una Estrategia Nacional ante el da\u00f1o cerebral que prolongue la asistencia - Asociaci\u00f3n Espa\u00f1ola S\u00edndrome de Charge<\/title>\n<meta name=\"robots\" content=\"index, follow, max-snippet:-1, max-image-preview:large, max-video-preview:-1\" \/>\n<link rel=\"canonical\" href=\"https:\/\/sindromecharge.es\/index.php\/2024\/11\/20\/dano-cerebral-estatal-reclama-una-estrategia-nacional-atencion-para-dano-cerebral-adquirido-congreso-los-diputados\/\" \/>\n<meta property=\"og:locale\" content=\"es_ES\" \/>\n<meta property=\"og:type\" content=\"article\" \/>\n<meta property=\"og:title\" content=\"Reclaman en el Congreso una Estrategia Nacional ante el da\u00f1o cerebral que prolongue la asistencia - Asociaci\u00f3n Espa\u00f1ola S\u00edndrome de Charge\" \/>\n<meta property=\"og:description\" content=\"Desde la federaci\u00f3n demandan, entre otras cosas, m\u00e1s plazas de rehabilitaci\u00f3n o un c\u00f3digo al alta hospitalaria.\" \/>\n<meta property=\"og:url\" content=\"https:\/\/sindromecharge.es\/index.php\/2024\/11\/20\/dano-cerebral-estatal-reclama-una-estrategia-nacional-atencion-para-dano-cerebral-adquirido-congreso-los-diputados\/\" \/>\n<meta property=\"og:site_name\" content=\"Asociaci\u00f3n Espa\u00f1ola S\u00edndrome de Charge\" \/>\n<meta property=\"article:publisher\" content=\"https:\/\/www.facebook.com\/asociacionsindromecharge\" \/>\n<meta property=\"article:published_time\" content=\"2024-11-20T05:43:35+00:00\" \/>\n<meta property=\"og:image\" content=\"https:\/\/sindromecharge.es\/wp-content\/uploads\/2013\/09\/logodecharge300x98.png\" \/>\n\t<meta property=\"og:image:width\" content=\"300\" \/>\n\t<meta property=\"og:image:height\" content=\"98\" \/>\n\t<meta property=\"og:image:type\" content=\"image\/png\" \/>\n<meta name=\"author\" content=\"Charge\" \/>\n<meta name=\"twitter:card\" content=\"summary_large_image\" \/>\n<meta name=\"twitter:creator\" content=\"@sindromecharge\" \/>\n<meta name=\"twitter:site\" content=\"@sindromecharge\" \/>\n<meta name=\"twitter:label1\" content=\"Escrito por\" \/>\n\t<meta name=\"twitter:data1\" content=\"Charge\" \/>\n\t<meta name=\"twitter:label2\" content=\"Tiempo de lectura\" \/>\n\t<meta name=\"twitter:data2\" content=\"3 minutos\" \/>\n<script type=\"application\/ld+json\" class=\"yoast-schema-graph\">{\"@context\":\"https:\\\/\\\/schema.org\",\"@graph\":[{\"@type\":\"Article\",\"@id\":\"https:\\\/\\\/sindromecharge.es\\\/index.php\\\/2024\\\/11\\\/20\\\/dano-cerebral-estatal-reclama-una-estrategia-nacional-atencion-para-dano-cerebral-adquirido-congreso-los-diputados\\\/#article\",\"isPartOf\":{\"@id\":\"https:\\\/\\\/sindromecharge.es\\\/index.php\\\/2024\\\/11\\\/20\\\/dano-cerebral-estatal-reclama-una-estrategia-nacional-atencion-para-dano-cerebral-adquirido-congreso-los-diputados\\\/\"},\"author\":{\"name\":\"Charge\",\"@id\":\"https:\\\/\\\/sindromecharge.es\\\/#\\\/schema\\\/person\\\/39a60ebe0a2b4d5a11179701e336b039\"},\"headline\":\"Reclaman en el Congreso una Estrategia Nacional ante el da\u00f1o cerebral que prolongue la asistencia\",\"datePublished\":\"2024-11-20T05:43:35+00:00\",\"mainEntityOfPage\":{\"@id\":\"https:\\\/\\\/sindromecharge.es\\\/index.php\\\/2024\\\/11\\\/20\\\/dano-cerebral-estatal-reclama-una-estrategia-nacional-atencion-para-dano-cerebral-adquirido-congreso-los-diputados\\\/\"},\"wordCount\":572,\"articleSection\":[\"noticias\"],\"inLanguage\":\"es\"},{\"@type\":\"WebPage\",\"@id\":\"https:\\\/\\\/sindromecharge.es\\\/index.php\\\/2024\\\/11\\\/20\\\/dano-cerebral-estatal-reclama-una-estrategia-nacional-atencion-para-dano-cerebral-adquirido-congreso-los-diputados\\\/\",\"url\":\"https:\\\/\\\/sindromecharge.es\\\/index.php\\\/2024\\\/11\\\/20\\\/dano-cerebral-estatal-reclama-una-estrategia-nacional-atencion-para-dano-cerebral-adquirido-congreso-los-diputados\\\/\",\"name\":\"Reclaman en el Congreso una Estrategia Nacional ante el da\u00f1o cerebral que prolongue la asistencia - Asociaci\u00f3n Espa\u00f1ola S\u00edndrome de Charge\",\"isPartOf\":{\"@id\":\"https:\\\/\\\/sindromecharge.es\\\/#website\"},\"datePublished\":\"2024-11-20T05:43:35+00:00\",\"author\":{\"@id\":\"https:\\\/\\\/sindromecharge.es\\\/#\\\/schema\\\/person\\\/39a60ebe0a2b4d5a11179701e336b039\"},\"breadcrumb\":{\"@id\":\"https:\\\/\\\/sindromecharge.es\\\/index.php\\\/2024\\\/11\\\/20\\\/dano-cerebral-estatal-reclama-una-estrategia-nacional-atencion-para-dano-cerebral-adquirido-congreso-los-diputados\\\/#breadcrumb\"},\"inLanguage\":\"es\",\"potentialAction\":[{\"@type\":\"ReadAction\",\"target\":[\"https:\\\/\\\/sindromecharge.es\\\/index.php\\\/2024\\\/11\\\/20\\\/dano-cerebral-estatal-reclama-una-estrategia-nacional-atencion-para-dano-cerebral-adquirido-congreso-los-diputados\\\/\"]}]},{\"@type\":\"BreadcrumbList\",\"@id\":\"https:\\\/\\\/sindromecharge.es\\\/index.php\\\/2024\\\/11\\\/20\\\/dano-cerebral-estatal-reclama-una-estrategia-nacional-atencion-para-dano-cerebral-adquirido-congreso-los-diputados\\\/#breadcrumb\",\"itemListElement\":[{\"@type\":\"ListItem\",\"position\":1,\"name\":\"Portada\",\"item\":\"https:\\\/\\\/sindromecharge.es\\\/\"},{\"@type\":\"ListItem\",\"position\":2,\"name\":\"Reclaman en el Congreso una Estrategia Nacional ante el da\u00f1o cerebral que prolongue la asistencia\"}]},{\"@type\":\"WebSite\",\"@id\":\"https:\\\/\\\/sindromecharge.es\\\/#website\",\"url\":\"https:\\\/\\\/sindromecharge.es\\\/\",\"name\":\"Asociaci\u00f3n Espa\u00f1ola S\u00edndrome de Charge\",\"description\":\"\",\"potentialAction\":[{\"@type\":\"SearchAction\",\"target\":{\"@type\":\"EntryPoint\",\"urlTemplate\":\"https:\\\/\\\/sindromecharge.es\\\/?s={search_term_string}\"},\"query-input\":{\"@type\":\"PropertyValueSpecification\",\"valueRequired\":true,\"valueName\":\"search_term_string\"}}],\"inLanguage\":\"es\"},{\"@type\":\"Person\",\"@id\":\"https:\\\/\\\/sindromecharge.es\\\/#\\\/schema\\\/person\\\/39a60ebe0a2b4d5a11179701e336b039\",\"name\":\"Charge\",\"image\":{\"@type\":\"ImageObject\",\"inLanguage\":\"es\",\"@id\":\"https:\\\/\\\/secure.gravatar.com\\\/avatar\\\/c3b46e32a0fc3b093a0873fb767bf3293de856293065e84ef06b7ec7a8acfb98?s=96&d=identicon&r=x\",\"url\":\"https:\\\/\\\/secure.gravatar.com\\\/avatar\\\/c3b46e32a0fc3b093a0873fb767bf3293de856293065e84ef06b7ec7a8acfb98?s=96&d=identicon&r=x\",\"contentUrl\":\"https:\\\/\\\/secure.gravatar.com\\\/avatar\\\/c3b46e32a0fc3b093a0873fb767bf3293de856293065e84ef06b7ec7a8acfb98?s=96&d=identicon&r=x\",\"caption\":\"Charge\"},\"url\":\"https:\\\/\\\/sindromecharge.es\\\/index.php\\\/author\\\/admin\\\/\"}]}<\/script>\n<!-- \/ Yoast SEO plugin. -->","yoast_head_json":{"title":"Reclaman en el Congreso una Estrategia Nacional ante el da\u00f1o cerebral que prolongue la asistencia - Asociaci\u00f3n Espa\u00f1ola S\u00edndrome de Charge","robots":{"index":"index","follow":"follow","max-snippet":"max-snippet:-1","max-image-preview":"max-image-preview:large","max-video-preview":"max-video-preview:-1"},"canonical":"https:\/\/sindromecharge.es\/index.php\/2024\/11\/20\/dano-cerebral-estatal-reclama-una-estrategia-nacional-atencion-para-dano-cerebral-adquirido-congreso-los-diputados\/","og_locale":"es_ES","og_type":"article","og_title":"Reclaman en el Congreso una Estrategia Nacional ante el da\u00f1o cerebral que prolongue la asistencia - Asociaci\u00f3n Espa\u00f1ola S\u00edndrome de Charge","og_description":"Desde la federaci\u00f3n demandan, entre otras cosas, m\u00e1s plazas de rehabilitaci\u00f3n o un c\u00f3digo al alta hospitalaria.","og_url":"https:\/\/sindromecharge.es\/index.php\/2024\/11\/20\/dano-cerebral-estatal-reclama-una-estrategia-nacional-atencion-para-dano-cerebral-adquirido-congreso-los-diputados\/","og_site_name":"Asociaci\u00f3n Espa\u00f1ola S\u00edndrome de Charge","article_publisher":"https:\/\/www.facebook.com\/asociacionsindromecharge","article_published_time":"2024-11-20T05:43:35+00:00","og_image":[{"width":300,"height":98,"url":"https:\/\/sindromecharge.es\/wp-content\/uploads\/2013\/09\/logodecharge300x98.png","type":"image\/png"}],"author":"Charge","twitter_card":"summary_large_image","twitter_creator":"@sindromecharge","twitter_site":"@sindromecharge","twitter_misc":{"Escrito por":"Charge","Tiempo de lectura":"3 minutos"},"schema":{"@context":"https:\/\/schema.org","@graph":[{"@type":"Article","@id":"https:\/\/sindromecharge.es\/index.php\/2024\/11\/20\/dano-cerebral-estatal-reclama-una-estrategia-nacional-atencion-para-dano-cerebral-adquirido-congreso-los-diputados\/#article","isPartOf":{"@id":"https:\/\/sindromecharge.es\/index.php\/2024\/11\/20\/dano-cerebral-estatal-reclama-una-estrategia-nacional-atencion-para-dano-cerebral-adquirido-congreso-los-diputados\/"},"author":{"name":"Charge","@id":"https:\/\/sindromecharge.es\/#\/schema\/person\/39a60ebe0a2b4d5a11179701e336b039"},"headline":"Reclaman en el Congreso una Estrategia Nacional ante el da\u00f1o cerebral que prolongue la asistencia","datePublished":"2024-11-20T05:43:35+00:00","mainEntityOfPage":{"@id":"https:\/\/sindromecharge.es\/index.php\/2024\/11\/20\/dano-cerebral-estatal-reclama-una-estrategia-nacional-atencion-para-dano-cerebral-adquirido-congreso-los-diputados\/"},"wordCount":572,"articleSection":["noticias"],"inLanguage":"es"},{"@type":"WebPage","@id":"https:\/\/sindromecharge.es\/index.php\/2024\/11\/20\/dano-cerebral-estatal-reclama-una-estrategia-nacional-atencion-para-dano-cerebral-adquirido-congreso-los-diputados\/","url":"https:\/\/sindromecharge.es\/index.php\/2024\/11\/20\/dano-cerebral-estatal-reclama-una-estrategia-nacional-atencion-para-dano-cerebral-adquirido-congreso-los-diputados\/","name":"Reclaman en el Congreso una Estrategia Nacional ante el da\u00f1o cerebral que prolongue la asistencia - Asociaci\u00f3n Espa\u00f1ola S\u00edndrome de Charge","isPartOf":{"@id":"https:\/\/sindromecharge.es\/#website"},"datePublished":"2024-11-20T05:43:35+00:00","author":{"@id":"https:\/\/sindromecharge.es\/#\/schema\/person\/39a60ebe0a2b4d5a11179701e336b039"},"breadcrumb":{"@id":"https:\/\/sindromecharge.es\/index.php\/2024\/11\/20\/dano-cerebral-estatal-reclama-una-estrategia-nacional-atencion-para-dano-cerebral-adquirido-congreso-los-diputados\/#breadcrumb"},"inLanguage":"es","potentialAction":[{"@type":"ReadAction","target":["https:\/\/sindromecharge.es\/index.php\/2024\/11\/20\/dano-cerebral-estatal-reclama-una-estrategia-nacional-atencion-para-dano-cerebral-adquirido-congreso-los-diputados\/"]}]},{"@type":"BreadcrumbList","@id":"https:\/\/sindromecharge.es\/index.php\/2024\/11\/20\/dano-cerebral-estatal-reclama-una-estrategia-nacional-atencion-para-dano-cerebral-adquirido-congreso-los-diputados\/#breadcrumb","itemListElement":[{"@type":"ListItem","position":1,"name":"Portada","item":"https:\/\/sindromecharge.es\/"},{"@type":"ListItem","position":2,"name":"Reclaman en el Congreso una Estrategia Nacional ante el da\u00f1o cerebral que prolongue la asistencia"}]},{"@type":"WebSite","@id":"https:\/\/sindromecharge.es\/#website","url":"https:\/\/sindromecharge.es\/","name":"Asociaci\u00f3n Espa\u00f1ola S\u00edndrome de Charge","description":"","potentialAction":[{"@type":"SearchAction","target":{"@type":"EntryPoint","urlTemplate":"https:\/\/sindromecharge.es\/?s={search_term_string}"},"query-input":{"@type":"PropertyValueSpecification","valueRequired":true,"valueName":"search_term_string"}}],"inLanguage":"es"},{"@type":"Person","@id":"https:\/\/sindromecharge.es\/#\/schema\/person\/39a60ebe0a2b4d5a11179701e336b039","name":"Charge","image":{"@type":"ImageObject","inLanguage":"es","@id":"https:\/\/secure.gravatar.com\/avatar\/c3b46e32a0fc3b093a0873fb767bf3293de856293065e84ef06b7ec7a8acfb98?s=96&d=identicon&r=x","url":"https:\/\/secure.gravatar.com\/avatar\/c3b46e32a0fc3b093a0873fb767bf3293de856293065e84ef06b7ec7a8acfb98?s=96&d=identicon&r=x","contentUrl":"https:\/\/secure.gravatar.com\/avatar\/c3b46e32a0fc3b093a0873fb767bf3293de856293065e84ef06b7ec7a8acfb98?s=96&d=identicon&r=x","caption":"Charge"},"url":"https:\/\/sindromecharge.es\/index.php\/author\/admin\/"}]}},"_links":{"self":[{"href":"https:\/\/sindromecharge.es\/index.php\/wp-json\/wp\/v2\/posts\/10581","targetHints":{"allow":["GET"]}}],"collection":[{"href":"https:\/\/sindromecharge.es\/index.php\/wp-json\/wp\/v2\/posts"}],"about":[{"href":"https:\/\/sindromecharge.es\/index.php\/wp-json\/wp\/v2\/types\/post"}],"author":[{"embeddable":true,"href":"https:\/\/sindromecharge.es\/index.php\/wp-json\/wp\/v2\/users\/1"}],"replies":[{"embeddable":true,"href":"https:\/\/sindromecharge.es\/index.php\/wp-json\/wp\/v2\/comments?post=10581"}],"version-history":[{"count":0,"href":"https:\/\/sindromecharge.es\/index.php\/wp-json\/wp\/v2\/posts\/10581\/revisions"}],"wp:attachment":[{"href":"https:\/\/sindromecharge.es\/index.php\/wp-json\/wp\/v2\/media?parent=10581"}],"wp:term":[{"taxonomy":"category","embeddable":true,"href":"https:\/\/sindromecharge.es\/index.php\/wp-json\/wp\/v2\/categories?post=10581"},{"taxonomy":"post_tag","embeddable":true,"href":"https:\/\/sindromecharge.es\/index.php\/wp-json\/wp\/v2\/tags?post=10581"}],"curies":[{"name":"wp","href":"https:\/\/api.w.org\/{rel}","templated":true}]}}