{"id":10580,"date":"2024-11-19T06:17:58","date_gmt":"2024-11-19T06:17:58","guid":{"rendered":"https:\/\/sindromecharge.es\/index.php\/2024\/11\/19\/patricia-espera-reconocimiento-dependencia-su-madre-su-hijo-administrativamente-es-todo-un-caos\/"},"modified":"2024-11-19T06:17:58","modified_gmt":"2024-11-19T06:17:58","slug":"patricia-espera-reconocimiento-dependencia-su-madre-su-hijo-administrativamente-es-todo-un-caos","status":"publish","type":"post","link":"https:\/\/sindromecharge.es\/index.php\/2024\/11\/19\/patricia-espera-reconocimiento-dependencia-su-madre-su-hijo-administrativamente-es-todo-un-caos\/","title":{"rendered":"Patricia, a la espera de la dependencia de su madre y de su hijo: \u00abAdministrativamente todo es un caos y un estr\u00e9s\u00bb"},"content":{"rendered":"<p>Leemos en Discapacidad la siguiente noticia que os reproducimos de forma \u00edntegra: <\/p>\n<div>\n<p><b>Patricia es la madre de un ni\u00f1o de cinco a\u00f1os con <a href=\"https:\/\/www.20minutos.es\/minuteca\/autismo\/\" title=\"Autismo\" target=\"_blank\">autismo<\/a><\/b>. Tiene reconocida la <a href=\"https:\/\/www.20minutos.es\/minuteca\/discapacidad\/\" title=\"Discapacidad\" target=\"_blank\">discapacidad<\/a> y el derecho a una plaza de atenci\u00f3n temprana. Sin embargo, sigue estando dentro de las temidas listas de espera. Por un lado,<b> espera una plaza en un centro concertado<\/b> de la Comunidad de Madrid, que le concedieron hace dos a\u00f1os, y por otro, espera que le<b> reconozcan el grado de <a href=\"https:\/\/www.20minutos.es\/minuteca\/dependencia\/\" title=\"Dependencia\" target=\"_blank\">dependencia<\/a><\/b>, que solicit\u00f3 hace seis meses, el l\u00edmite que establece la ley para que te den una respuesta, \u00abni siquiera nos han llamado para valorarlo\u00bb, queja.<\/p>\n<p>Al tiempo de espera para la valoraci\u00f3n y el reconocimiento, hay que sumar que lo hizo m\u00e1s tarde de lo que le hubiera gustado, simplemente, porque nadie le avis\u00f3 de que pod\u00eda: \u00abnadie te avisa ni te informa, al final los padres nos vamos enterando por ah\u00ed de que tenemos derecho a estas cosas y c\u00f3mo solicitarlas. Yo me enter\u00e9 de que pod\u00eda pedir la dependencia de refil\u00f3n, de casualidad, <b>por un grupo de Whatsapp; <\/b>pod\u00eda haberla pedido hace bastante m\u00e1s tiempo. Cuando por fin logro enterarme de c\u00f3mo demonios se hace todo eso, porque no es f\u00e1cil, porque tienes que pedir informes m\u00e9dicos\u2026 te tienen un mont\u00f3n de tiempo esperando.<b> Seg\u00fan la ley, tienen seis meses para darte una resoluci\u00f3n<\/b> desde que la pides, pero a m\u00ed ya se me han cumplido los seis meses y ni siquiera se han puesto en contacto conmigo para venir a hacer la valoraci\u00f3n\u00bb, asegura.<\/p>\n<p>Patricia tiene, adem\u00e1s, un problema a\u00f1adido que puede complicar los ya de por s\u00ed farragosos tr\u00e1mites, y es que<b> en un mes se muda<\/b>. Por suerte, no se muda de comunidad, lo que lo complicar\u00eda a\u00fan m\u00e1s, pero s\u00ed de domicilio. Como las valoraciones se hacen en el domicilio oficial de la persona dependiente y a\u00fan no sabe cu\u00e1ndo la llamar\u00e1n, no sabe d\u00f3nde estar\u00e1 viviendo cuando la llamen y si le habr\u00e1 dado tiempo a empadronarse. Ha intentado ponerse en contacto con ellos para explicarles la situaci\u00f3n, pero es misi\u00f3n imposible, \u00abcomo son tan cuadriculados,<b> la visita la hacen siempre en la vivienda en la que la persona dependiente est\u00e1 empadronada.<\/b> He intentado ponerme en contacto con ellos, pero por tel\u00e9fono no me dejan hacer nada, te derivan a que cojas cita presencialmente, y sacan solo 8 citas diarias. Cuando por fin he conseguido la cita, ha sido para el 21 de diciembre, cuando ya me habr\u00e9 mudado\u00bb.<\/p>\n<h1>Creo que voy a tener que volver a empezar el proceso con todo lo que supone, estar esperando un a\u00f1o y medio m\u00ednimo<\/h1>\n<p>\u00bfQu\u00e9 ocurre si la llaman para valorar el grado de discapacidad de su hijo cuando ya se ha mudado? Sencillamente, a d\u00eda de hoy, no lo sabe, \u00absi me llaman para valorarlo despu\u00e9s de mudarme, que es en menos de un mes, van a querer ir a la direcci\u00f3n que tengo ahora, no a la que tendr\u00e9 entonces\u2026 y es probable que mi hijo no vaya a estar todav\u00eda empadronado all\u00ed. Creo que tendr\u00eda que volver a empezar el proceso con todo lo que supone, es decir, estar esperando un a\u00f1o y medio m\u00ednimo\u00bb, se lamenta.<\/p>\n<p>Su idea es<b> poder cambiar la direcci\u00f3n antes de que la llamen<\/b>, pero no puede comunicarlo oficialmente hasta el 21 de diciembre al menos, \u00ab<b>administrativamente es todo un caos<\/b>, te piden millones de cosas, no sabes d\u00f3nde pedirlas, te lo deniegan al m\u00ednimo detalle que te falte\u2026\u00bb.<\/p>\n<p>Patricia, por ejemplo, no supo hasta que no lleg\u00f3 a la valoraci\u00f3n de la atenci\u00f3n temprana de su hijo que, con la misma cita, se pod\u00eda valorar la discapacidad, \u00abcuando llegu\u00e9 al centro de valoraci\u00f3n, menos mal que el personal fue majo y nos dijeron que, all\u00ed mismo, ech\u00e1ramos la solicitud para valorarlo de la discapacidad y no tener que esperar y volver de nuevo. Y lo peor es que cuando hablas con gente,<b> te das cuenta de que hay cosas que se repiten, que nos pasan a todos o a muchos<\/b>. Ahora estamos con la beca de necesidades especiales, y estamos en las mismas\u2026 tr\u00e1mites, retrasos, a unos les llegan la resoluci\u00f3n, a otros no\u2026 Empiezas a desconfiar. Es un caos y un estr\u00e9s\u2026\u00bb.<\/p>\n<h2>Dos a\u00f1os esperando la atenci\u00f3n temprana<\/h2>\n<p>Y la dependencia, aunque es un dolor de cabeza, no es lo m\u00e1s urgente, \u00abllevamos <b>dos a\u00f1os esperando una plaza de atenci\u00f3n temprana p\u00fablica<\/b>. Mi hijo tiene cinco a\u00f1os, y como el derecho a estas plazas es hasta los seis o hasta que empiecen primaria, ya no cuento con poder beneficiarme de una plaza p\u00fablica\u00bb. Y esto es un fastidio, ya no solo por el dinero que se gasta al mes en terapias, sino porque encima, no est\u00e1 en el centro que ella hubiera elegido para su hijo, \u00abeleg\u00ed precisamente el centro que est\u00e1 concertado con la Comunidad de Madrid para que, cuando tuviera la plaza, no tener que cambiarlo de centro, de terapeutas&#8230; con todo lo que eso supone para un ni\u00f1o con autismo. Mientras tanto, en ese mismo centro, las terapias las costeamos nosotros. Una hora a la semana de terapia ocupacional y otra de psicoterapia a <b>40 euros la sesi\u00f3n<\/b>\u00ab. <\/p>\n<h1>Es ca\u00f3tico desde la desinformaci\u00f3n a las familias hasta los tr\u00e1mites, dependen de cada comunidad e incluso entre las mismas regiones hay desigualdad<\/h1>\n<p>Adem\u00e1s, y volviendo a la <a href=\"https:\/\/www.20minutos.es\/minuteca\/ley-de-dependencia\/\" title=\"Ley de Dependencia\" target=\"_blank\">dependencia<\/a>, la de su hijo no es la \u00fanica que est\u00e1 esperando, pues no es la primera vez que Patricia se enfrenta a los retrasos en dependencia. Primero fue hace unos a\u00f1os, con su padre, que era ciego, \u00absolicitamos personal para que fuera a casa a trav\u00e9s de la <a href=\"https:\/\/www.20minutos.es\/minuteca\/ley-de-dependencia\/\" title=\"Ley de Dependencia\" target=\"_blank\">ley de dependencia<\/a> y eso fue un poco m\u00e1s r\u00e1pido\u00bb, pero, ahora, con su padre ya fallecido, necesita la dependencia para su madre, que es mayor y vive sola en M\u00e1laga, \u00ab<b>ahora es mucho peor que hace unos a\u00f1os<\/b>, lleva m\u00e1s de uno esperando que la llamen para hacer la valoraci\u00f3n, y ya me han advertido de que en Andaluc\u00eda es a\u00fan peor\u00bb, lamenta.<\/p>\n<p>Patricia, y muchas personas en su situaci\u00f3n agradecer\u00edan, al menos, <b>un poco m\u00e1s de informaci\u00f3n <\/b>y de <b>agilidad en los tr\u00e1mites<\/b>, que adem\u00e1s dependen de cada comunidad, \u00abes ca\u00f3tico absolutamente todo, desde la desinformaci\u00f3n a las familias hasta tr\u00e1mites que ni ellos entienden, depende de cada comunidad e incluso entre las mismas regiones hay desigualdad, porque a una chica que hizo los papeles de su hijo despu\u00e9s ya la han llamado. Si me dieran la dependencia, aunque no es lo m\u00e1s urgente, <b>al menos con eso podr\u00eda pagar las terapias<\/b>, pero me temo que voy a tener que volver a empezar\u00bb. <\/p>\n<ul>\n<li>Si tienes discapacidad o una persona con discapacidad a tu cargo y los tr\u00e1mites de la discapacidad y la dependencia te han supuesto un problema econ\u00f3mico, mental, de acceso a recursos&#8230; queremos contar tu historia. Escr\u00edbenos a capaces@20minutos.es<\/li>\n<\/ul>\n<\/div>\n<p>Fuente: Discapacidad https:\/\/www.20minutos.es\/noticia\/5653367\/0\/patricia-espera-reconocimiento-dependencia-su-madre-su-hijo-administrativamente-es-todo-un-caos\/<\/p>\n","protected":false},"excerpt":{"rendered":"<p>Patricia lleva esperando un a\u00f1o la dependencia de su madre, seis meses la de su hijo y dos a\u00f1os una plaza de atenci\u00f3n temprana.<\/p>\n","protected":false},"author":1,"featured_media":0,"comment_status":"closed","ping_status":"closed","sticky":false,"template":"","format":"standard","meta":{"footnotes":""},"categories":[8],"tags":[],"class_list":["post-10580","post","type-post","status-publish","format-standard","hentry","category-noticias"],"yoast_head":"<!-- This site is optimized with the Yoast SEO plugin v27.5 - https:\/\/yoast.com\/product\/yoast-seo-wordpress\/ -->\n<title>Patricia, a la espera de la dependencia de su madre y de su hijo: &quot;Administrativamente todo es un caos y un estr\u00e9s&quot; - Asociaci\u00f3n Espa\u00f1ola S\u00edndrome de Charge<\/title>\n<meta name=\"robots\" content=\"index, follow, max-snippet:-1, max-image-preview:large, max-video-preview:-1\" \/>\n<link rel=\"canonical\" href=\"https:\/\/sindromecharge.es\/index.php\/2024\/11\/19\/patricia-espera-reconocimiento-dependencia-su-madre-su-hijo-administrativamente-es-todo-un-caos\/\" \/>\n<meta property=\"og:locale\" content=\"es_ES\" \/>\n<meta property=\"og:type\" content=\"article\" \/>\n<meta property=\"og:title\" content=\"Patricia, a la espera de la dependencia de su madre y de su hijo: &quot;Administrativamente todo es un caos y un estr\u00e9s&quot; - Asociaci\u00f3n Espa\u00f1ola S\u00edndrome de Charge\" \/>\n<meta property=\"og:description\" content=\"Patricia lleva esperando un a\u00f1o la dependencia de su madre, seis meses la de su hijo y dos a\u00f1os una plaza de atenci\u00f3n temprana.\" \/>\n<meta property=\"og:url\" content=\"https:\/\/sindromecharge.es\/index.php\/2024\/11\/19\/patricia-espera-reconocimiento-dependencia-su-madre-su-hijo-administrativamente-es-todo-un-caos\/\" \/>\n<meta property=\"og:site_name\" content=\"Asociaci\u00f3n Espa\u00f1ola S\u00edndrome de Charge\" \/>\n<meta property=\"article:publisher\" content=\"https:\/\/www.facebook.com\/asociacionsindromecharge\" \/>\n<meta property=\"article:published_time\" content=\"2024-11-19T06:17:58+00:00\" \/>\n<meta property=\"og:image\" content=\"https:\/\/sindromecharge.es\/wp-content\/uploads\/2013\/09\/logodecharge300x98.png\" \/>\n\t<meta property=\"og:image:width\" content=\"300\" \/>\n\t<meta property=\"og:image:height\" content=\"98\" \/>\n\t<meta property=\"og:image:type\" content=\"image\/png\" \/>\n<meta name=\"author\" content=\"Charge\" \/>\n<meta name=\"twitter:card\" content=\"summary_large_image\" \/>\n<meta name=\"twitter:creator\" content=\"@sindromecharge\" \/>\n<meta name=\"twitter:site\" content=\"@sindromecharge\" \/>\n<meta name=\"twitter:label1\" content=\"Escrito por\" \/>\n\t<meta name=\"twitter:data1\" content=\"Charge\" \/>\n\t<meta name=\"twitter:label2\" content=\"Tiempo de lectura\" \/>\n\t<meta name=\"twitter:data2\" content=\"6 minutos\" \/>\n<script type=\"application\/ld+json\" class=\"yoast-schema-graph\">{\"@context\":\"https:\\\/\\\/schema.org\",\"@graph\":[{\"@type\":\"Article\",\"@id\":\"https:\\\/\\\/sindromecharge.es\\\/index.php\\\/2024\\\/11\\\/19\\\/patricia-espera-reconocimiento-dependencia-su-madre-su-hijo-administrativamente-es-todo-un-caos\\\/#article\",\"isPartOf\":{\"@id\":\"https:\\\/\\\/sindromecharge.es\\\/index.php\\\/2024\\\/11\\\/19\\\/patricia-espera-reconocimiento-dependencia-su-madre-su-hijo-administrativamente-es-todo-un-caos\\\/\"},\"author\":{\"name\":\"Charge\",\"@id\":\"https:\\\/\\\/sindromecharge.es\\\/#\\\/schema\\\/person\\\/39a60ebe0a2b4d5a11179701e336b039\"},\"headline\":\"Patricia, a la espera de la dependencia de su madre y de su hijo: \u00abAdministrativamente todo es un caos y un estr\u00e9s\u00bb\",\"datePublished\":\"2024-11-19T06:17:58+00:00\",\"mainEntityOfPage\":{\"@id\":\"https:\\\/\\\/sindromecharge.es\\\/index.php\\\/2024\\\/11\\\/19\\\/patricia-espera-reconocimiento-dependencia-su-madre-su-hijo-administrativamente-es-todo-un-caos\\\/\"},\"wordCount\":1267,\"articleSection\":[\"noticias\"],\"inLanguage\":\"es\"},{\"@type\":\"WebPage\",\"@id\":\"https:\\\/\\\/sindromecharge.es\\\/index.php\\\/2024\\\/11\\\/19\\\/patricia-espera-reconocimiento-dependencia-su-madre-su-hijo-administrativamente-es-todo-un-caos\\\/\",\"url\":\"https:\\\/\\\/sindromecharge.es\\\/index.php\\\/2024\\\/11\\\/19\\\/patricia-espera-reconocimiento-dependencia-su-madre-su-hijo-administrativamente-es-todo-un-caos\\\/\",\"name\":\"Patricia, a la espera de la dependencia de su madre y de su hijo: \\\"Administrativamente todo es un caos y un estr\u00e9s\\\" - Asociaci\u00f3n Espa\u00f1ola S\u00edndrome de Charge\",\"isPartOf\":{\"@id\":\"https:\\\/\\\/sindromecharge.es\\\/#website\"},\"datePublished\":\"2024-11-19T06:17:58+00:00\",\"author\":{\"@id\":\"https:\\\/\\\/sindromecharge.es\\\/#\\\/schema\\\/person\\\/39a60ebe0a2b4d5a11179701e336b039\"},\"breadcrumb\":{\"@id\":\"https:\\\/\\\/sindromecharge.es\\\/index.php\\\/2024\\\/11\\\/19\\\/patricia-espera-reconocimiento-dependencia-su-madre-su-hijo-administrativamente-es-todo-un-caos\\\/#breadcrumb\"},\"inLanguage\":\"es\",\"potentialAction\":[{\"@type\":\"ReadAction\",\"target\":[\"https:\\\/\\\/sindromecharge.es\\\/index.php\\\/2024\\\/11\\\/19\\\/patricia-espera-reconocimiento-dependencia-su-madre-su-hijo-administrativamente-es-todo-un-caos\\\/\"]}]},{\"@type\":\"BreadcrumbList\",\"@id\":\"https:\\\/\\\/sindromecharge.es\\\/index.php\\\/2024\\\/11\\\/19\\\/patricia-espera-reconocimiento-dependencia-su-madre-su-hijo-administrativamente-es-todo-un-caos\\\/#breadcrumb\",\"itemListElement\":[{\"@type\":\"ListItem\",\"position\":1,\"name\":\"Portada\",\"item\":\"https:\\\/\\\/sindromecharge.es\\\/\"},{\"@type\":\"ListItem\",\"position\":2,\"name\":\"Patricia, a la espera de la dependencia de su madre y de su hijo: &#8220;Administrativamente todo es un caos y un estr\u00e9s&#8221;\"}]},{\"@type\":\"WebSite\",\"@id\":\"https:\\\/\\\/sindromecharge.es\\\/#website\",\"url\":\"https:\\\/\\\/sindromecharge.es\\\/\",\"name\":\"Asociaci\u00f3n Espa\u00f1ola S\u00edndrome de Charge\",\"description\":\"\",\"potentialAction\":[{\"@type\":\"SearchAction\",\"target\":{\"@type\":\"EntryPoint\",\"urlTemplate\":\"https:\\\/\\\/sindromecharge.es\\\/?s={search_term_string}\"},\"query-input\":{\"@type\":\"PropertyValueSpecification\",\"valueRequired\":true,\"valueName\":\"search_term_string\"}}],\"inLanguage\":\"es\"},{\"@type\":\"Person\",\"@id\":\"https:\\\/\\\/sindromecharge.es\\\/#\\\/schema\\\/person\\\/39a60ebe0a2b4d5a11179701e336b039\",\"name\":\"Charge\",\"image\":{\"@type\":\"ImageObject\",\"inLanguage\":\"es\",\"@id\":\"https:\\\/\\\/secure.gravatar.com\\\/avatar\\\/c3b46e32a0fc3b093a0873fb767bf3293de856293065e84ef06b7ec7a8acfb98?s=96&d=identicon&r=x\",\"url\":\"https:\\\/\\\/secure.gravatar.com\\\/avatar\\\/c3b46e32a0fc3b093a0873fb767bf3293de856293065e84ef06b7ec7a8acfb98?s=96&d=identicon&r=x\",\"contentUrl\":\"https:\\\/\\\/secure.gravatar.com\\\/avatar\\\/c3b46e32a0fc3b093a0873fb767bf3293de856293065e84ef06b7ec7a8acfb98?s=96&d=identicon&r=x\",\"caption\":\"Charge\"},\"url\":\"https:\\\/\\\/sindromecharge.es\\\/index.php\\\/author\\\/admin\\\/\"}]}<\/script>\n<!-- \/ Yoast SEO plugin. -->","yoast_head_json":{"title":"Patricia, a la espera de la dependencia de su madre y de su hijo: \"Administrativamente todo es un caos y un estr\u00e9s\" - Asociaci\u00f3n Espa\u00f1ola S\u00edndrome de Charge","robots":{"index":"index","follow":"follow","max-snippet":"max-snippet:-1","max-image-preview":"max-image-preview:large","max-video-preview":"max-video-preview:-1"},"canonical":"https:\/\/sindromecharge.es\/index.php\/2024\/11\/19\/patricia-espera-reconocimiento-dependencia-su-madre-su-hijo-administrativamente-es-todo-un-caos\/","og_locale":"es_ES","og_type":"article","og_title":"Patricia, a la espera de la dependencia de su madre y de su hijo: \"Administrativamente todo es un caos y un estr\u00e9s\" - Asociaci\u00f3n Espa\u00f1ola S\u00edndrome de Charge","og_description":"Patricia lleva esperando un a\u00f1o la dependencia de su madre, seis meses la de su hijo y dos a\u00f1os una plaza de atenci\u00f3n temprana.","og_url":"https:\/\/sindromecharge.es\/index.php\/2024\/11\/19\/patricia-espera-reconocimiento-dependencia-su-madre-su-hijo-administrativamente-es-todo-un-caos\/","og_site_name":"Asociaci\u00f3n Espa\u00f1ola S\u00edndrome de Charge","article_publisher":"https:\/\/www.facebook.com\/asociacionsindromecharge","article_published_time":"2024-11-19T06:17:58+00:00","og_image":[{"width":300,"height":98,"url":"https:\/\/sindromecharge.es\/wp-content\/uploads\/2013\/09\/logodecharge300x98.png","type":"image\/png"}],"author":"Charge","twitter_card":"summary_large_image","twitter_creator":"@sindromecharge","twitter_site":"@sindromecharge","twitter_misc":{"Escrito por":"Charge","Tiempo de lectura":"6 minutos"},"schema":{"@context":"https:\/\/schema.org","@graph":[{"@type":"Article","@id":"https:\/\/sindromecharge.es\/index.php\/2024\/11\/19\/patricia-espera-reconocimiento-dependencia-su-madre-su-hijo-administrativamente-es-todo-un-caos\/#article","isPartOf":{"@id":"https:\/\/sindromecharge.es\/index.php\/2024\/11\/19\/patricia-espera-reconocimiento-dependencia-su-madre-su-hijo-administrativamente-es-todo-un-caos\/"},"author":{"name":"Charge","@id":"https:\/\/sindromecharge.es\/#\/schema\/person\/39a60ebe0a2b4d5a11179701e336b039"},"headline":"Patricia, a la espera de la dependencia de su madre y de su hijo: \u00abAdministrativamente todo es un caos y un estr\u00e9s\u00bb","datePublished":"2024-11-19T06:17:58+00:00","mainEntityOfPage":{"@id":"https:\/\/sindromecharge.es\/index.php\/2024\/11\/19\/patricia-espera-reconocimiento-dependencia-su-madre-su-hijo-administrativamente-es-todo-un-caos\/"},"wordCount":1267,"articleSection":["noticias"],"inLanguage":"es"},{"@type":"WebPage","@id":"https:\/\/sindromecharge.es\/index.php\/2024\/11\/19\/patricia-espera-reconocimiento-dependencia-su-madre-su-hijo-administrativamente-es-todo-un-caos\/","url":"https:\/\/sindromecharge.es\/index.php\/2024\/11\/19\/patricia-espera-reconocimiento-dependencia-su-madre-su-hijo-administrativamente-es-todo-un-caos\/","name":"Patricia, a la espera de la dependencia de su madre y de su hijo: \"Administrativamente todo es un caos y un estr\u00e9s\" - Asociaci\u00f3n Espa\u00f1ola S\u00edndrome de Charge","isPartOf":{"@id":"https:\/\/sindromecharge.es\/#website"},"datePublished":"2024-11-19T06:17:58+00:00","author":{"@id":"https:\/\/sindromecharge.es\/#\/schema\/person\/39a60ebe0a2b4d5a11179701e336b039"},"breadcrumb":{"@id":"https:\/\/sindromecharge.es\/index.php\/2024\/11\/19\/patricia-espera-reconocimiento-dependencia-su-madre-su-hijo-administrativamente-es-todo-un-caos\/#breadcrumb"},"inLanguage":"es","potentialAction":[{"@type":"ReadAction","target":["https:\/\/sindromecharge.es\/index.php\/2024\/11\/19\/patricia-espera-reconocimiento-dependencia-su-madre-su-hijo-administrativamente-es-todo-un-caos\/"]}]},{"@type":"BreadcrumbList","@id":"https:\/\/sindromecharge.es\/index.php\/2024\/11\/19\/patricia-espera-reconocimiento-dependencia-su-madre-su-hijo-administrativamente-es-todo-un-caos\/#breadcrumb","itemListElement":[{"@type":"ListItem","position":1,"name":"Portada","item":"https:\/\/sindromecharge.es\/"},{"@type":"ListItem","position":2,"name":"Patricia, a la espera de la dependencia de su madre y de su hijo: &#8220;Administrativamente todo es un caos y un estr\u00e9s&#8221;"}]},{"@type":"WebSite","@id":"https:\/\/sindromecharge.es\/#website","url":"https:\/\/sindromecharge.es\/","name":"Asociaci\u00f3n Espa\u00f1ola S\u00edndrome de Charge","description":"","potentialAction":[{"@type":"SearchAction","target":{"@type":"EntryPoint","urlTemplate":"https:\/\/sindromecharge.es\/?s={search_term_string}"},"query-input":{"@type":"PropertyValueSpecification","valueRequired":true,"valueName":"search_term_string"}}],"inLanguage":"es"},{"@type":"Person","@id":"https:\/\/sindromecharge.es\/#\/schema\/person\/39a60ebe0a2b4d5a11179701e336b039","name":"Charge","image":{"@type":"ImageObject","inLanguage":"es","@id":"https:\/\/secure.gravatar.com\/avatar\/c3b46e32a0fc3b093a0873fb767bf3293de856293065e84ef06b7ec7a8acfb98?s=96&d=identicon&r=x","url":"https:\/\/secure.gravatar.com\/avatar\/c3b46e32a0fc3b093a0873fb767bf3293de856293065e84ef06b7ec7a8acfb98?s=96&d=identicon&r=x","contentUrl":"https:\/\/secure.gravatar.com\/avatar\/c3b46e32a0fc3b093a0873fb767bf3293de856293065e84ef06b7ec7a8acfb98?s=96&d=identicon&r=x","caption":"Charge"},"url":"https:\/\/sindromecharge.es\/index.php\/author\/admin\/"}]}},"_links":{"self":[{"href":"https:\/\/sindromecharge.es\/index.php\/wp-json\/wp\/v2\/posts\/10580","targetHints":{"allow":["GET"]}}],"collection":[{"href":"https:\/\/sindromecharge.es\/index.php\/wp-json\/wp\/v2\/posts"}],"about":[{"href":"https:\/\/sindromecharge.es\/index.php\/wp-json\/wp\/v2\/types\/post"}],"author":[{"embeddable":true,"href":"https:\/\/sindromecharge.es\/index.php\/wp-json\/wp\/v2\/users\/1"}],"replies":[{"embeddable":true,"href":"https:\/\/sindromecharge.es\/index.php\/wp-json\/wp\/v2\/comments?post=10580"}],"version-history":[{"count":0,"href":"https:\/\/sindromecharge.es\/index.php\/wp-json\/wp\/v2\/posts\/10580\/revisions"}],"wp:attachment":[{"href":"https:\/\/sindromecharge.es\/index.php\/wp-json\/wp\/v2\/media?parent=10580"}],"wp:term":[{"taxonomy":"category","embeddable":true,"href":"https:\/\/sindromecharge.es\/index.php\/wp-json\/wp\/v2\/categories?post=10580"},{"taxonomy":"post_tag","embeddable":true,"href":"https:\/\/sindromecharge.es\/index.php\/wp-json\/wp\/v2\/tags?post=10580"}],"curies":[{"name":"wp","href":"https:\/\/api.w.org\/{rel}","templated":true}]}}