{"id":10578,"date":"2024-11-18T06:43:11","date_gmt":"2024-11-18T06:43:11","guid":{"rendered":"https:\/\/sindromecharge.es\/index.php\/2024\/11\/18\/notarios-entidades-denuncian-los-efectos-colaterales-negativos-fin-las-incapacitaciones-judiciales\/"},"modified":"2024-11-18T06:43:11","modified_gmt":"2024-11-18T06:43:11","slug":"notarios-entidades-denuncian-los-efectos-colaterales-negativos-fin-las-incapacitaciones-judiciales","status":"publish","type":"post","link":"https:\/\/sindromecharge.es\/index.php\/2024\/11\/18\/notarios-entidades-denuncian-los-efectos-colaterales-negativos-fin-las-incapacitaciones-judiciales\/","title":{"rendered":"Notarios y entidades denuncian \u00ablos efectos colaterales negativos\u00bb del fin de las incapacitaciones judiciales"},"content":{"rendered":"<p>Leemos en Discapacidad la siguiente noticia que os reproducimos de forma \u00edntegra: <\/p>\n<div>\n<p>La <b>Ley 8\/2021 <\/b>de <b>Apoyo a las personas con Discapacidad en el ejercicio de su capacidad jur\u00eddica<\/b> supuso \u201cla reforma de mayor calado en nuestro ordenamiento jur\u00eddico desde la Constituci\u00f3n\u201d y \u201cun avance radical en los derechos\u00bb de este colectivo, aunque tambi\u00e9n trajo<b> \u201cefectos colaterales negativos\u201d que se deben corregir<\/b>.<\/p>\n<p>As\u00ed se puso de manifiesto en un encuentro organizado en la agencia de noticias Servimedia con motivo del 25 aniversario de la <b>Fundaci\u00f3n Aequitas<\/b>, del Consejo General del Notariado. En este di\u00e1logo participaron el director del \u00c1rea Social y Econ\u00f3mica de la fundaci\u00f3n, Federico Cabello de Alba; Gonzalo L\u00f3pez Ebri, patrono y ex teniente fiscal de la Comunidad Valenciana; Soledad Cisternas, enviada especial del secretario general de Naciones Unidas sobre Discapacidad, y el presidente de Liber (entidades de apoyo a la toma de decisiones), Luis Gonzaga Garc\u00eda.<\/p>\n<p>La Ley 8\/2021 acab\u00f3 con las incapacitaciones judiciales de personas con discapacidad y, <b>conforme al art\u00edculo 12 de la Convenci\u00f3n de Naciones Unidas<\/b> sobre los derechos de este colectivo, oblig\u00f3 a los poderes p\u00fablicos a proporcionar los <b>apoyos individualizados que estas precisen para tomar sus propias decisiones<\/b>.<\/p>\n<p>Seg\u00fan el presidente de Liber, ello fue resultado de \u201cuna nueva mentalidad\u201d y trajo consigo \u201cun <b>avance definitivo en el reconocimiento de los derechos<\/b> de estas personas, aunque tambi\u00e9n supuso \u201calgunos efectos colaterales negativos\u201d.<\/p>\n<p>Entre estos \u00faltimos, cit\u00f3 la<b> p\u00e9rdida de las deducciones fiscales y de ciertas aportaciones de la Seguridad Social<\/b> de las que antes las personas incapacitadas y sus familias se beneficiaban.<\/p>\n<p>Antes de la nueva ley, la declaraci\u00f3n de una incapacidad jur\u00eddica supon\u00eda \u201cautom\u00e1ticamente\u201d el <b>reconocimiento de un grado de discapacidad superior al 65%<\/b>, explic\u00f3, y eso daba derecho a \u201cciertas deducciones fiscales en el \u00e1mbito tributario y al pago de ayudas por parte de la Seguridad Social\u201d.<\/p>\n<p>Suprimida la incapacidad jur\u00eddica, las personas que se hallaban en tal situaci\u00f3n salieron de ella y <b>perdieron la valoraci\u00f3n autom\u00e1tica<\/b> de su grado de discapacidad (igual o superior al65%), as\u00ed como los beneficios asociados.<\/p>\n<h2>Contradicci\u00f3n<\/h2>\n<p>A su juicio, el problema radica en \u201cla<b> interpretaci\u00f3n que determinadas instituciones<\/b> (Agencia Tributaria, Seguridad Social, entidades bancarias, juzgados\u2026) <b>han hecho de la norma<\/b>\u201d. En este sentido, Luis Gonzaga Garc\u00eda defendi\u00f3 \u201c<b>hacer pedagog\u00eda<\/b> y ofrecer m\u00e1s formaci\u00f3n y capacitaci\u00f3n\u201d a los profesionales, a fin de que \u201ctodos los agentes jur\u00eddicos implicados entiendan la filosof\u00eda de la norma y puedan aplicarla\u201d<\/p>\n<p>L\u00f3pez Ebri asegur\u00f3 a su vez \u201cno entender c\u00f3mo una ley que naci\u00f3 para ayudar a las personas con discapacidad <b>ha acabado por implicar una p\u00e9rdida de derechos<\/b>\u201d para ellas y sus familias. \u201cSi la reforma proh\u00edbe las tutelas (por implicar la anulaci\u00f3n total de la capacidad de obrar de la persona)\u201d y <b>propone la curatela representativa <\/b>\u201ccomo \u00faltimo recurso, resulta contradictorio que esta \u00faltima se exija como requisito \u201ca la hora de reconocer el 65% de discapacidad, consider\u00f3. \u201cLa mera concesi\u00f3n de una medida de apoyo a la toma de decisiones deber\u00eda servir\u201d, defendi\u00f3.<\/p>\n<p>Con todo, L\u00f3pez Ebri insisti\u00f3 en que esta ley represent\u00f3 un gran avance en la defensa de los derechos de las personas con discapacidad, ya que \u201clas incapacitaciones judiciales supon\u00edan su muerte civil. Ha conseguido lo que en el mundo de la <a href=\"https:\/\/www.20minutos.es\/minuteca\/discapacidad\/\" title=\"Discapacidad\" target=\"_blank\">discapacidad<\/a> siempre se ha dicho: nada para nosotros sin nosotros\u201d, afirm\u00f3.<\/p>\n<h2>Avance radical<\/h2>\n<p>Seg\u00fan Cabello de Alba, \u201cesta ha sido<b> la reforma de mayor calado en nuestro ordenamiento jur\u00eddico <\/b>desde que se aprob\u00f3 la constituci\u00f3n\u201d y \u201cno s\u00f3lo porque haya supuesto la modificaci\u00f3n de un amplio elenco de leyes\u201d, sino tambi\u00e9n por \u201cel cambio en la mentalidad social\u201d que significa.<\/p>\n<p>Todos los avances legislativos deben ir acompa\u00f1ados de cambios sociales y calific\u00f3 de \u201cinimaginables\u201d las dificultades que \u201cestamos encontrando de cara a la aplicaci\u00f3n de esta ley\u201d. Por \u00ablas entidades bancarias y los juzgados, adem\u00e1s de por asociaciones y familias que \u201c<b>no entienden el avance tan radical que conlleva<\/b>\u201d.<\/p>\n<p>Para Soledad Cisternas,<b> \u201cEspa\u00f1a es uno de los pa\u00edses m\u00e1s avanzados del mundo\u201d en cuanto a legislaci\u00f3n sobre discapacidad<\/b>. Prueba de ello es la citada Ley 8\/2021, que recoge el esp\u00edritu del art\u00edculo 12 de la Convenci\u00f3n de Naciones Unidas sobre los derechos de las personas con discapacidad.<\/p>\n<p>Este proclama \u201cla igualdad de todas las personas en cuanto a su capacidad jur\u00eddica y<b> ordena a los estados firmantes facilitar los apoyos necesarios<\/b> para que cualquier persona pueda tomar sus propias decisiones. Seg\u00fan Cisternas, este fue \u201cel punto m\u00e1s controvertido durante los debates del comit\u00e9 de expertos\u201d que redact\u00f3 la Convenci\u00f3n.<\/p>\n<p>\u201cHab\u00eda muchos pa\u00edses que se opon\u00edan\u201d, destac\u00f3, pues entend\u00edan que la supresi\u00f3n de la capacidad jur\u00eddica de algunas personas (a las que sustitu\u00edan otras en la expresi\u00f3n de su voluntad) \u201cera una suerte de protecci\u00f3n\u201d para ellas. El art\u00edculo 12 viene a decir \u201ctodo lo contrario\u201d, afirm\u00f3. <b>\u201cConcibe el principio pro persona desde un enfoque de derechos\u201d<\/b> y entiende que<b> proteger significa garantizar tales derechos<\/b>, explic\u00f3 Cisternas.<\/p>\n<p>De ah\u00ed que el debate sobre la igualdad en cuanto a la capacidad jur\u00eddica de todas las personas fuese \u201cel m\u00e1s \u00e1lgido y cruento\u201d de todos los habidos en este terreno, describi\u00f3, porque implicaba \u201cel cambio m\u00e1s dif\u00edcil\u201d de todo lo que supon\u00eda la Convenci\u00f3n.<\/p>\n<p>Cisternas puntualiz\u00f3 que <b>\u201cla discapacidad no es el todo o la nada\u201d, sino que \u201ccomprende un amplio rango de realidades<\/b>, dentro del cual se pueden modular diferentes medidas de apoyo que la ley prev\u00e9\u201d.<\/p>\n<p>\u201cEs un aprendizaje que tenemos que llevar a cabo entre todos: familias, instituciones y sociedad en general\u201d.<\/p>\n<p>Adem\u00e1s, destac\u00f3 que \u201c<b>en el mundo somos 1.300 millones de personas con discapacidad<\/b>\u201d, y el logro de la Convenci\u00f3n fue se\u00f1alar la obligaci\u00f3n de los Estados respecto \u201ca la eliminaci\u00f3n de barreras\u201d para garantizar \u201cnuestra<b> participaci\u00f3n social<\/b>\u201d.<\/p>\n<h2>Art\u00edculo 49<\/h2>\n<p>Este es tambi\u00e9n el esp\u00edritu del nuevo art\u00edculo 49 de la Constituci\u00f3n Espa\u00f1ola, sostuvo Cabello de Alba. \u201cM\u00e1s all\u00e1 de la terminolog\u00eda, que tambi\u00e9n es importante, <b>implica avances\u201d destacados <\/b>en cuanto a la protecci\u00f3n de los derechos de las personas con discapacidad\u201d, valor\u00f3.<\/p>\n<p>En su opini\u00f3n, tanto este nuevo art\u00edculo 49 como la citada ley 8\/2021 son el resultado de la <b>trasposici\u00f3n al ordenamiento jur\u00eddico espa\u00f1ol de la Convenci\u00f3n de Naciones Unidas<\/b>. Tanto es as\u00ed, que esta se aprob\u00f3 en 2006 y \u201cllevamos cerca de 20 a\u00f1os para implantarla\u201d, recalc\u00f3. \u201cY a\u00fan quedan algunos flecos pendientes\u201d, dijo en alusi\u00f3n a ciertas reformas de la legislaci\u00f3n civil, penal e hipotecaria que la Ley 8\/2021 no abord\u00f3.<\/p>\n<p>Para Cabello de Alba, dicha reforma legal \u201cperseguir una meta \u00e9tica\u201d, que no figura en su letra, pero \u201cs\u00ed en su esp\u00edritu\u201d. Se basa en<b> \u201cel cuidado\u201d de todos los que participan en el proceso<\/b>, para que \u201cnadie resulte enga\u00f1ado\u201d y nadie tenga la intenci\u00f3n de enga\u00f1ar. De ah\u00ed que se necesite m\u00e1s formaci\u00f3n, reclam\u00f3.<\/p>\n<\/div>\n<p>Fuente: Discapacidad https:\/\/www.20minutos.es\/noticia\/5655107\/0\/notarios-entidades-denuncian-los-efectos-colaterales-negativos-fin-las-incapacitaciones-judiciales\/<\/p>\n","protected":false},"excerpt":{"rendered":"<p>Como tambi\u00e9n advirtieron desde Plena Inclusi\u00f3n, la aplicaci\u00f3n de la Ley 8\/2021 puede generar problemas en el \u00e1mbito tributario y de la Seguridad Social.<\/p>\n","protected":false},"author":1,"featured_media":0,"comment_status":"closed","ping_status":"closed","sticky":false,"template":"","format":"standard","meta":{"footnotes":""},"categories":[8],"tags":[],"class_list":["post-10578","post","type-post","status-publish","format-standard","hentry","category-noticias"],"yoast_head":"<!-- This site is optimized with the Yoast SEO plugin v27.5 - https:\/\/yoast.com\/product\/yoast-seo-wordpress\/ -->\n<title>Notarios y entidades denuncian &quot;los efectos colaterales negativos&quot; del fin de las incapacitaciones judiciales - Asociaci\u00f3n Espa\u00f1ola S\u00edndrome de Charge<\/title>\n<meta name=\"robots\" content=\"index, follow, max-snippet:-1, max-image-preview:large, max-video-preview:-1\" \/>\n<link rel=\"canonical\" href=\"https:\/\/sindromecharge.es\/index.php\/2024\/11\/18\/notarios-entidades-denuncian-los-efectos-colaterales-negativos-fin-las-incapacitaciones-judiciales\/\" \/>\n<meta property=\"og:locale\" content=\"es_ES\" \/>\n<meta property=\"og:type\" content=\"article\" \/>\n<meta property=\"og:title\" content=\"Notarios y entidades denuncian &quot;los efectos colaterales negativos&quot; del fin de las incapacitaciones judiciales - Asociaci\u00f3n Espa\u00f1ola S\u00edndrome de Charge\" \/>\n<meta property=\"og:description\" content=\"Como tambi\u00e9n advirtieron desde Plena Inclusi\u00f3n, la aplicaci\u00f3n de la Ley 8\/2021 puede generar problemas en el \u00e1mbito tributario y de la Seguridad Social.\" \/>\n<meta property=\"og:url\" content=\"https:\/\/sindromecharge.es\/index.php\/2024\/11\/18\/notarios-entidades-denuncian-los-efectos-colaterales-negativos-fin-las-incapacitaciones-judiciales\/\" \/>\n<meta property=\"og:site_name\" content=\"Asociaci\u00f3n Espa\u00f1ola S\u00edndrome de Charge\" \/>\n<meta property=\"article:publisher\" content=\"https:\/\/www.facebook.com\/asociacionsindromecharge\" \/>\n<meta property=\"article:published_time\" content=\"2024-11-18T06:43:11+00:00\" \/>\n<meta property=\"og:image\" content=\"https:\/\/sindromecharge.es\/wp-content\/uploads\/2013\/09\/logodecharge300x98.png\" \/>\n\t<meta property=\"og:image:width\" content=\"300\" \/>\n\t<meta property=\"og:image:height\" content=\"98\" \/>\n\t<meta property=\"og:image:type\" content=\"image\/png\" \/>\n<meta name=\"author\" content=\"Charge\" \/>\n<meta name=\"twitter:card\" content=\"summary_large_image\" \/>\n<meta name=\"twitter:creator\" content=\"@sindromecharge\" \/>\n<meta name=\"twitter:site\" content=\"@sindromecharge\" \/>\n<meta name=\"twitter:label1\" content=\"Escrito por\" \/>\n\t<meta name=\"twitter:data1\" content=\"Charge\" \/>\n\t<meta name=\"twitter:label2\" content=\"Tiempo de lectura\" \/>\n\t<meta name=\"twitter:data2\" content=\"6 minutos\" \/>\n<script type=\"application\/ld+json\" class=\"yoast-schema-graph\">{\"@context\":\"https:\\\/\\\/schema.org\",\"@graph\":[{\"@type\":\"Article\",\"@id\":\"https:\\\/\\\/sindromecharge.es\\\/index.php\\\/2024\\\/11\\\/18\\\/notarios-entidades-denuncian-los-efectos-colaterales-negativos-fin-las-incapacitaciones-judiciales\\\/#article\",\"isPartOf\":{\"@id\":\"https:\\\/\\\/sindromecharge.es\\\/index.php\\\/2024\\\/11\\\/18\\\/notarios-entidades-denuncian-los-efectos-colaterales-negativos-fin-las-incapacitaciones-judiciales\\\/\"},\"author\":{\"name\":\"Charge\",\"@id\":\"https:\\\/\\\/sindromecharge.es\\\/#\\\/schema\\\/person\\\/39a60ebe0a2b4d5a11179701e336b039\"},\"headline\":\"Notarios y entidades denuncian \u00ablos efectos colaterales negativos\u00bb del fin de las incapacitaciones judiciales\",\"datePublished\":\"2024-11-18T06:43:11+00:00\",\"mainEntityOfPage\":{\"@id\":\"https:\\\/\\\/sindromecharge.es\\\/index.php\\\/2024\\\/11\\\/18\\\/notarios-entidades-denuncian-los-efectos-colaterales-negativos-fin-las-incapacitaciones-judiciales\\\/\"},\"wordCount\":1235,\"articleSection\":[\"noticias\"],\"inLanguage\":\"es\"},{\"@type\":\"WebPage\",\"@id\":\"https:\\\/\\\/sindromecharge.es\\\/index.php\\\/2024\\\/11\\\/18\\\/notarios-entidades-denuncian-los-efectos-colaterales-negativos-fin-las-incapacitaciones-judiciales\\\/\",\"url\":\"https:\\\/\\\/sindromecharge.es\\\/index.php\\\/2024\\\/11\\\/18\\\/notarios-entidades-denuncian-los-efectos-colaterales-negativos-fin-las-incapacitaciones-judiciales\\\/\",\"name\":\"Notarios y entidades denuncian \\\"los efectos colaterales negativos\\\" del fin de las incapacitaciones judiciales - Asociaci\u00f3n Espa\u00f1ola S\u00edndrome de Charge\",\"isPartOf\":{\"@id\":\"https:\\\/\\\/sindromecharge.es\\\/#website\"},\"datePublished\":\"2024-11-18T06:43:11+00:00\",\"author\":{\"@id\":\"https:\\\/\\\/sindromecharge.es\\\/#\\\/schema\\\/person\\\/39a60ebe0a2b4d5a11179701e336b039\"},\"breadcrumb\":{\"@id\":\"https:\\\/\\\/sindromecharge.es\\\/index.php\\\/2024\\\/11\\\/18\\\/notarios-entidades-denuncian-los-efectos-colaterales-negativos-fin-las-incapacitaciones-judiciales\\\/#breadcrumb\"},\"inLanguage\":\"es\",\"potentialAction\":[{\"@type\":\"ReadAction\",\"target\":[\"https:\\\/\\\/sindromecharge.es\\\/index.php\\\/2024\\\/11\\\/18\\\/notarios-entidades-denuncian-los-efectos-colaterales-negativos-fin-las-incapacitaciones-judiciales\\\/\"]}]},{\"@type\":\"BreadcrumbList\",\"@id\":\"https:\\\/\\\/sindromecharge.es\\\/index.php\\\/2024\\\/11\\\/18\\\/notarios-entidades-denuncian-los-efectos-colaterales-negativos-fin-las-incapacitaciones-judiciales\\\/#breadcrumb\",\"itemListElement\":[{\"@type\":\"ListItem\",\"position\":1,\"name\":\"Portada\",\"item\":\"https:\\\/\\\/sindromecharge.es\\\/\"},{\"@type\":\"ListItem\",\"position\":2,\"name\":\"Notarios y entidades denuncian &#8220;los efectos colaterales negativos&#8221; del fin de las incapacitaciones judiciales\"}]},{\"@type\":\"WebSite\",\"@id\":\"https:\\\/\\\/sindromecharge.es\\\/#website\",\"url\":\"https:\\\/\\\/sindromecharge.es\\\/\",\"name\":\"Asociaci\u00f3n Espa\u00f1ola S\u00edndrome de Charge\",\"description\":\"\",\"potentialAction\":[{\"@type\":\"SearchAction\",\"target\":{\"@type\":\"EntryPoint\",\"urlTemplate\":\"https:\\\/\\\/sindromecharge.es\\\/?s={search_term_string}\"},\"query-input\":{\"@type\":\"PropertyValueSpecification\",\"valueRequired\":true,\"valueName\":\"search_term_string\"}}],\"inLanguage\":\"es\"},{\"@type\":\"Person\",\"@id\":\"https:\\\/\\\/sindromecharge.es\\\/#\\\/schema\\\/person\\\/39a60ebe0a2b4d5a11179701e336b039\",\"name\":\"Charge\",\"image\":{\"@type\":\"ImageObject\",\"inLanguage\":\"es\",\"@id\":\"https:\\\/\\\/secure.gravatar.com\\\/avatar\\\/c3b46e32a0fc3b093a0873fb767bf3293de856293065e84ef06b7ec7a8acfb98?s=96&d=identicon&r=x\",\"url\":\"https:\\\/\\\/secure.gravatar.com\\\/avatar\\\/c3b46e32a0fc3b093a0873fb767bf3293de856293065e84ef06b7ec7a8acfb98?s=96&d=identicon&r=x\",\"contentUrl\":\"https:\\\/\\\/secure.gravatar.com\\\/avatar\\\/c3b46e32a0fc3b093a0873fb767bf3293de856293065e84ef06b7ec7a8acfb98?s=96&d=identicon&r=x\",\"caption\":\"Charge\"},\"url\":\"https:\\\/\\\/sindromecharge.es\\\/index.php\\\/author\\\/admin\\\/\"}]}<\/script>\n<!-- \/ Yoast SEO plugin. -->","yoast_head_json":{"title":"Notarios y entidades denuncian \"los efectos colaterales negativos\" del fin de las incapacitaciones judiciales - Asociaci\u00f3n Espa\u00f1ola S\u00edndrome de Charge","robots":{"index":"index","follow":"follow","max-snippet":"max-snippet:-1","max-image-preview":"max-image-preview:large","max-video-preview":"max-video-preview:-1"},"canonical":"https:\/\/sindromecharge.es\/index.php\/2024\/11\/18\/notarios-entidades-denuncian-los-efectos-colaterales-negativos-fin-las-incapacitaciones-judiciales\/","og_locale":"es_ES","og_type":"article","og_title":"Notarios y entidades denuncian \"los efectos colaterales negativos\" del fin de las incapacitaciones judiciales - Asociaci\u00f3n Espa\u00f1ola S\u00edndrome de Charge","og_description":"Como tambi\u00e9n advirtieron desde Plena Inclusi\u00f3n, la aplicaci\u00f3n de la Ley 8\/2021 puede generar problemas en el \u00e1mbito tributario y de la Seguridad Social.","og_url":"https:\/\/sindromecharge.es\/index.php\/2024\/11\/18\/notarios-entidades-denuncian-los-efectos-colaterales-negativos-fin-las-incapacitaciones-judiciales\/","og_site_name":"Asociaci\u00f3n Espa\u00f1ola S\u00edndrome de Charge","article_publisher":"https:\/\/www.facebook.com\/asociacionsindromecharge","article_published_time":"2024-11-18T06:43:11+00:00","og_image":[{"width":300,"height":98,"url":"https:\/\/sindromecharge.es\/wp-content\/uploads\/2013\/09\/logodecharge300x98.png","type":"image\/png"}],"author":"Charge","twitter_card":"summary_large_image","twitter_creator":"@sindromecharge","twitter_site":"@sindromecharge","twitter_misc":{"Escrito por":"Charge","Tiempo de lectura":"6 minutos"},"schema":{"@context":"https:\/\/schema.org","@graph":[{"@type":"Article","@id":"https:\/\/sindromecharge.es\/index.php\/2024\/11\/18\/notarios-entidades-denuncian-los-efectos-colaterales-negativos-fin-las-incapacitaciones-judiciales\/#article","isPartOf":{"@id":"https:\/\/sindromecharge.es\/index.php\/2024\/11\/18\/notarios-entidades-denuncian-los-efectos-colaterales-negativos-fin-las-incapacitaciones-judiciales\/"},"author":{"name":"Charge","@id":"https:\/\/sindromecharge.es\/#\/schema\/person\/39a60ebe0a2b4d5a11179701e336b039"},"headline":"Notarios y entidades denuncian \u00ablos efectos colaterales negativos\u00bb del fin de las incapacitaciones judiciales","datePublished":"2024-11-18T06:43:11+00:00","mainEntityOfPage":{"@id":"https:\/\/sindromecharge.es\/index.php\/2024\/11\/18\/notarios-entidades-denuncian-los-efectos-colaterales-negativos-fin-las-incapacitaciones-judiciales\/"},"wordCount":1235,"articleSection":["noticias"],"inLanguage":"es"},{"@type":"WebPage","@id":"https:\/\/sindromecharge.es\/index.php\/2024\/11\/18\/notarios-entidades-denuncian-los-efectos-colaterales-negativos-fin-las-incapacitaciones-judiciales\/","url":"https:\/\/sindromecharge.es\/index.php\/2024\/11\/18\/notarios-entidades-denuncian-los-efectos-colaterales-negativos-fin-las-incapacitaciones-judiciales\/","name":"Notarios y entidades denuncian \"los efectos colaterales negativos\" del fin de las incapacitaciones judiciales - Asociaci\u00f3n Espa\u00f1ola S\u00edndrome de Charge","isPartOf":{"@id":"https:\/\/sindromecharge.es\/#website"},"datePublished":"2024-11-18T06:43:11+00:00","author":{"@id":"https:\/\/sindromecharge.es\/#\/schema\/person\/39a60ebe0a2b4d5a11179701e336b039"},"breadcrumb":{"@id":"https:\/\/sindromecharge.es\/index.php\/2024\/11\/18\/notarios-entidades-denuncian-los-efectos-colaterales-negativos-fin-las-incapacitaciones-judiciales\/#breadcrumb"},"inLanguage":"es","potentialAction":[{"@type":"ReadAction","target":["https:\/\/sindromecharge.es\/index.php\/2024\/11\/18\/notarios-entidades-denuncian-los-efectos-colaterales-negativos-fin-las-incapacitaciones-judiciales\/"]}]},{"@type":"BreadcrumbList","@id":"https:\/\/sindromecharge.es\/index.php\/2024\/11\/18\/notarios-entidades-denuncian-los-efectos-colaterales-negativos-fin-las-incapacitaciones-judiciales\/#breadcrumb","itemListElement":[{"@type":"ListItem","position":1,"name":"Portada","item":"https:\/\/sindromecharge.es\/"},{"@type":"ListItem","position":2,"name":"Notarios y entidades denuncian &#8220;los efectos colaterales negativos&#8221; del fin de las incapacitaciones judiciales"}]},{"@type":"WebSite","@id":"https:\/\/sindromecharge.es\/#website","url":"https:\/\/sindromecharge.es\/","name":"Asociaci\u00f3n Espa\u00f1ola S\u00edndrome de Charge","description":"","potentialAction":[{"@type":"SearchAction","target":{"@type":"EntryPoint","urlTemplate":"https:\/\/sindromecharge.es\/?s={search_term_string}"},"query-input":{"@type":"PropertyValueSpecification","valueRequired":true,"valueName":"search_term_string"}}],"inLanguage":"es"},{"@type":"Person","@id":"https:\/\/sindromecharge.es\/#\/schema\/person\/39a60ebe0a2b4d5a11179701e336b039","name":"Charge","image":{"@type":"ImageObject","inLanguage":"es","@id":"https:\/\/secure.gravatar.com\/avatar\/c3b46e32a0fc3b093a0873fb767bf3293de856293065e84ef06b7ec7a8acfb98?s=96&d=identicon&r=x","url":"https:\/\/secure.gravatar.com\/avatar\/c3b46e32a0fc3b093a0873fb767bf3293de856293065e84ef06b7ec7a8acfb98?s=96&d=identicon&r=x","contentUrl":"https:\/\/secure.gravatar.com\/avatar\/c3b46e32a0fc3b093a0873fb767bf3293de856293065e84ef06b7ec7a8acfb98?s=96&d=identicon&r=x","caption":"Charge"},"url":"https:\/\/sindromecharge.es\/index.php\/author\/admin\/"}]}},"_links":{"self":[{"href":"https:\/\/sindromecharge.es\/index.php\/wp-json\/wp\/v2\/posts\/10578","targetHints":{"allow":["GET"]}}],"collection":[{"href":"https:\/\/sindromecharge.es\/index.php\/wp-json\/wp\/v2\/posts"}],"about":[{"href":"https:\/\/sindromecharge.es\/index.php\/wp-json\/wp\/v2\/types\/post"}],"author":[{"embeddable":true,"href":"https:\/\/sindromecharge.es\/index.php\/wp-json\/wp\/v2\/users\/1"}],"replies":[{"embeddable":true,"href":"https:\/\/sindromecharge.es\/index.php\/wp-json\/wp\/v2\/comments?post=10578"}],"version-history":[{"count":0,"href":"https:\/\/sindromecharge.es\/index.php\/wp-json\/wp\/v2\/posts\/10578\/revisions"}],"wp:attachment":[{"href":"https:\/\/sindromecharge.es\/index.php\/wp-json\/wp\/v2\/media?parent=10578"}],"wp:term":[{"taxonomy":"category","embeddable":true,"href":"https:\/\/sindromecharge.es\/index.php\/wp-json\/wp\/v2\/categories?post=10578"},{"taxonomy":"post_tag","embeddable":true,"href":"https:\/\/sindromecharge.es\/index.php\/wp-json\/wp\/v2\/tags?post=10578"}],"curies":[{"name":"wp","href":"https:\/\/api.w.org\/{rel}","templated":true}]}}