{"id":10577,"date":"2024-11-18T09:17:33","date_gmt":"2024-11-18T09:17:33","guid":{"rendered":"https:\/\/sindromecharge.es\/index.php\/2024\/11\/18\/index-php-115\/"},"modified":"2024-11-18T09:17:33","modified_gmt":"2024-11-18T09:17:33","slug":"index-php-115","status":"publish","type":"post","link":"https:\/\/sindromecharge.es\/index.php\/2024\/11\/18\/index-php-115\/","title":{"rendered":"Entregados los Premios AICE 2024"},"content":{"rendered":"<p>Leemos en Federaci\u00f3n de Asociaciones de Implantados Cocleares de Espa\u00f1a. Federaci\u00f3n AICE la siguiente noticia que os reproducimos de forma \u00edntegra: <\/p>\n<div>\n<p>Los Premios AICE 2024, entregados en el transcurso de una cena el 16 de noviembre, van dirigidos a personas y entidades que durante el \u00faltimo a\u00f1o consideramos se hayan destacado por alguno de los objetivos que consideramos prioritarios en nuestra Federaci\u00f3n.<\/p>\n<p>Contamos con la presencia de <strong>D\u00aa Gloria G\u00e1lvez<\/strong>, Secretaria de Atenci\u00f3n Sanitaria y Participaci\u00f3n de Catalu\u00f1a, en nombre del Presidente de la Generalitat,<strong> Muy Honorable Sr. Salvador Illa<\/strong> y que entreg\u00f3 los Premios AICE junto a la Presidenta de l aFederaci\u00f3n AICE, <strong>Inmaculada Soto<\/strong>.<\/p>\n<p>Son cinco categor\u00edas: Institucional, M\u00e9dico, Divulgaci\u00f3n, Accesibilidad y Voluntariado, que tiene el valor a\u00f1adido de que el premiado no lo sabe con anticipaci\u00f3n. Es nuestra \u201cpeque\u00f1a sorpresa\u201d en cada entrega anual.<\/p>\n<p>Abri\u00f3 el acto la Presidenta de la Federaci\u00f3n AICE de la que destacamos las siguientes palabras:<\/p>\n<p><em>\u00abEn nombre de toda la Junta Directiva, no quer\u00edamos empezar esta entrega de premios sin agradecer enormemente la labor realizada por todo el equipo y sobre todo a la delegaci\u00f3n de Valencia, que han realizado un esfuerzo monumental para estar hoy aqu\u00ed. Compa\u00f1eros y compa\u00f1eras que se han visto, afectados por la DANA, habiendo perdido, gracias a Dios, s\u00f3lo cosas materiales, pero me consta que no s\u00f3lo han trabajado para limpiar sus viviendas, si no que se han implicado con su entorno ayudando sobre todo a personas vulnerables, limpiando colegios y carreteras. Sois un ejemplo de implicaci\u00f3n y compromiso, por eso Federaci\u00f3n AICE se siente muy afortunada de la calidad humana de todos vosotros y vosotras que adem\u00e1s hab\u00e9is hecho posible que hoy se pudieran celebrar estos premios\u00bb.<\/em><\/p>\n<p>Acto seguido se procedi\u00f3 a la entrega de los Premios AICE 2024 bajo la ya tradicional direcci\u00f3n de <strong>Josep Anguera<\/strong><\/p>\n<p>\u00a0<\/p>\n<table>\n<tbody>\n<tr>\n<td><img loading=\"lazy\" decoding=\"async\" style=\"margin: 10px; float: left;\" src=\"http:\/\/www.implantecoclear.org\/images\/premios\/2024\/Premio%20Institucional%202024.jpg\" alt=\"Premio Institucional: Real Patronato para la Discapacidad\" width=\"350\" height=\"220\"><\/td>\n<td>\n<p><strong>Premio Institucional:<\/strong><\/p>\n<p>Una de nuestras metas es que la Administraci\u00f3n se sensibilice hacia los objetivos del colectivo y por ello uno de los premios es el Institucional.<\/p>\n<p>Uno de los grandes adalides en esta labor ha sido y es el Real Patronato de la Discapacidad, adscrito actualmente al Ministerio de Derechos Sociales, Consumo y Agenda 2030.<\/p>\n<p>Este organismo trabaja en dar respuesta a las necesidades y demandas de las personas con discapacidad y sus familias, en desplegar Decretos y medidas legislativas que permiten mejorar las condiciones de vida de las personas con discapacidad, enfatizando que no pueden quedar atr\u00e1s en materia de Derechos.<\/p>\n<p>Por todo ello, nos honra que el jurado haya premiado al Real Patronato de la Discapacidad, cuyo galard\u00f3n ser\u00e1 recogido por el <strong>Se\u00f1or Jes\u00fas Mart\u00edn Blanco<\/strong>, Director General de Derechos de las Personas con Discapacidad y por el <strong>Se\u00f1or Javier Rebollo Moral<\/strong>, Subdirector General de Di\u00e1logo Civil.<\/p>\n<\/td>\n<\/tr>\n<tr>\n<td><img loading=\"lazy\" decoding=\"async\" style=\"margin: 10px; float: left;\" src=\"http:\/\/www.implantecoclear.org\/images\/premios\/2024\/Premio%20Medico%202024.jpg\" alt=\"Premio Medico 2024: Doctor Xavier Altuna\" width=\"350\" height=\"233\"><\/td>\n<td>\n<p><strong>Premio M\u00e9dico:<\/strong><\/p>\n<p>Los doctores son una parte indispensable en el implante coclear, y cada a\u00f1o entregamos un Premio a uno de estos profesionales como reconocimiento p\u00fablico y notorio de nuestro agradecimiento colectivo.<\/p>\n<p>Por ello, este a\u00f1o, el Premio M\u00e9dico recae en el Doctor Xabier Altuna, Jefe de Servicio de Otorrinolaringolog\u00eda del Hospital Universitario Donostia, y profesor en la Universidad del Pa\u00eds Vasco.<\/p>\n<p>Por su la labor m\u00faltiple que realiza y la b\u00fasqueda de soluciones, a medio y largo plazo, que resolver\u00e1n los problemas de los\/las pacientes.<\/p>\n<p>Creo que no me equivoco si afirmo que coincidimos en que la investigaci\u00f3n no es un lujo, sino pura necesidad para el avance de la medicina y de toda la sociedad.<\/p>\n<p>El implante coclear es un buen ejemplo de ello. Por ello, solicitamos la presencia en el escenario para recibir su m\u00e1s que merecido galard\u00f3n al<strong> Doctor Xabier Altuna.<\/strong><\/p>\n<\/td>\n<\/tr>\n<tr>\n<td><img loading=\"lazy\" decoding=\"async\" style=\"margin: 10px; float: left;\" src=\"http:\/\/www.implantecoclear.org\/images\/premios\/2024\/Premio%20Divulgacion%202024.jpg\" alt=\"Premio Divulgaci\u00f3n 2024: Yomara Garc\u00eda Viera, Presidenta de Juristas contra el Ruido\" width=\"350\" height=\"233\"><\/td>\n<td>\n<p><strong>Premio Divulgaci\u00f3n:<\/strong><\/p>\n<p>Uno de nuestros grandes objetivos, desde nuestra creaci\u00f3n, ha sido luchar con los divulgadores de informaci\u00f3n para que nos consideren en igualdad de condiciones a cualquier otro ciudadano, ya sea entendiendo las necesidades espec\u00edficas del colectivo en cuanto a la recepci\u00f3n de la informaci\u00f3n de forma accesible o ser visibles delante del resto de la sociedad.<\/p>\n<p>Juristas contra el Ruido es una asociaci\u00f3n que persigue promover la concienciaci\u00f3n contra el ruido en cualesquiera \u00e1mbitos profesionales y facilitar informaci\u00f3n sobre la contaminaci\u00f3n ac\u00fastica, teniendo en este 2024 su m\u00e1ximo exponente en la \u201cCampa\u00f1a Contra el Ruido\u201d lanzada el 24 de abril con motivo del D\u00eda Internacional de Concienciaci\u00f3n sobre el Ruido.<\/p>\n<p>El galard\u00f3n de este a\u00f1o recae en ellos gracias a este trabajo en pro de la protecci\u00f3n auditiva y de las Campa\u00f1as en las que conciencia a la sociedad, a los profesionales y a los decisores pol\u00edticos de lo contaminante que puede ser el ruido y c\u00f3mo afecta a la salud de la ciudadan\u00eda en general, y espec\u00edficamente a la de las personas con p\u00e9rdida auditiva, usuarias o no de implante coclear.<\/p>\n<p>Solicitamos la presencia para recoger el galard\u00f3n de <strong>Yomara Garc\u00eda Viera<\/strong>, Presidenta de Juristas contra el Ruido<\/p>\n<\/td>\n<\/tr>\n<tr>\n<td><img loading=\"lazy\" decoding=\"async\" style=\"margin: 10px; float: left;\" src=\"http:\/\/www.implantecoclear.org\/images\/premios\/2024\/Premio%20Accesibilidad%202024.jpg\" alt=\"Premio Accesibilidad 2024: Mar\u00eda Labrador, Delegada de Igualdad, Inclusi\u00f3n y Diversidad del Ayuntamiento de Lebrija\" width=\"350\" height=\"233\"><\/td>\n<td>\n<p><strong>Premio Accesibiliad:<\/strong><\/p>\n<p>Uno de los pilares fundamentales de la Federaci\u00f3n AICE es la accesibilidad a la comunicaci\u00f3n y la informaci\u00f3n.<\/p>\n<p>Trabajamos arduamente para que se contemplen medidas de accesibilidad no solo f\u00edsicas, si no tambi\u00e9n sensoriales.<\/p>\n<p>Hemos lanzado el guante a muchas instituciones, espacios culturales y de ocio, y por ello, este a\u00f1o, el jurado ha decidido otorgar el Premio Accesibilidad al Ayuntamiento de Lebrija, que desde el primer momento ha recogido ese guante, y ha establecido diversas medidas de accesibilidad para mejorar la vida de sus conciudadanos y conciudadanas con p\u00e9rdida auditiva, usuarios o no de implante coclear y que se apoyan en dispositivos auditivos, subt\u00edtulos y conectividad para no quedar aislados y seguir disfrutando como el resto de la poblaci\u00f3n, tanto en el ocio como en la formaci\u00f3n, en un trabajo de inclusi\u00f3n real.<\/p>\n<p>Recoge el premio<strong> Mar\u00eda Labrador<\/strong>, Delegada de Igualdad, Inclusi\u00f3n y Diversidad del Ayuntamiento de Lebrija.<\/p>\n<\/td>\n<\/tr>\n<tr>\n<td><img loading=\"lazy\" decoding=\"async\" style=\"margin: 10px; float: left;\" src=\"http:\/\/www.implantecoclear.org\/images\/premios\/2024\/Premio%20Voluntariado%202024.jpg\" alt=\"Premio Voluntariado 2024:Eduad Marroig, Delegada de Igualdad, Inclusi\u00f3n y Diversidad del Ayuntamiento de Lebrija\" width=\"350\" height=\"233\"><\/td>\n<td>\n<p><strong>Premio Voluntariado:<\/strong><\/p>\n<p>El voluntariado no es \u00fanicamente por la prestaci\u00f3n de su tiempo, es para resaltar un valor que transforma vidas, comunidades, y corazones: el esp\u00edritu de servicio y solidaridad.<\/p>\n<p>Este acto de entrega de premios reconoce a personas cuyo trabajo desinteresado inspira y fortalece a todos los que los rodean. Pero hoy, tenemos una entrega muy especial. No solo porque es para alguien verdaderamente excepcional, sino porque hemos mantenido este momento en secreto&#8230; \u00a1s\u00ed, es una sorpresa!.<\/p>\n<p>Cuando pensamos en la dedicaci\u00f3n, pensamos en aquellos que no buscan reconocimiento, que simplemente est\u00e1n ah\u00ed cuando se les necesita, que encuentran soluciones y que, en su esencia, desean un mundo mejor sin esperar nada a cambio. Este es el caso de nuestro galardonado de hoy. Si bien hoy celebramos su impacto, nos gustar\u00eda recordar solo algunos de los logros que han dejado una huella en tantas personas. Esta persona ha sido quien extiende la mano sin dudar, quien escucha y se compromete, y quien, sin pedirlo, ha cambiado vidas y ofrecido oportunidades.<\/p>\n<p>Este a\u00f1o ha dedicado varios meses a realizar una peque\u00f1a investigaci\u00f3n sobre los bucles magn\u00e9ticos de Catalu\u00f1a, si est\u00e1n correctamente instalados, si el personal conoce su funcionamiento y sobre todo si ofrec\u00edan la accesibilidad para la que han sido pensados.<\/p>\n<p>Tambi\u00e9n se ha involucrado a\u00fan m\u00e1s dando un paso adelante y formando parte de la Junta Directiva de AICE como vocal. Cada uno de nosotros en esta sala sabe lo que es inspirarse al ver a alguien trabajar con un prop\u00f3sito mayor. Y esta persona representa, sin lugar a dudas, ese esp\u00edritu que nos recuerda el poder del voluntariado y la solidaridad. Es por eso que hoy, sin que lo esperase, queremos reconocer p\u00fablicamente su incansable entrega y compromiso.<\/p>\n<p>Querido Eduard, tu dedicaci\u00f3n y esfuerzo han dejado una marca imborrable. Nos has mostrado lo que significa servir desde el coraz\u00f3n, y hoy es nuestro turno de devolverte un poco de esa gratitud y admiraci\u00f3n. Gracias por ser un ejemplo de entrega. Eres una inspiraci\u00f3n para todos nosotros.<\/p>\n<p>Recoge el premio<strong> Eduard Marroig<\/strong>, Voluntario y Vocal de la Junta directiva de la Federaci\u00f3n AICE.<\/p>\n<\/td>\n<\/tr>\n<tr>\n<td style=\"text-align: center;\" colspan=\"2\">\u00a0<img loading=\"lazy\" decoding=\"async\" style=\"display: block; margin-left: auto; margin-right: auto;\" src=\"http:\/\/www.implantecoclear.org\/images\/premios\/2024\/Grupo%20Premiados%202024.jpg\" alt=\"Fotograf\u00eda de Grupo de los Premiados 2024\" width=\"500\" height=\"305\"><br \/>Fotograf\u00eda de los premiados y las premiadas en los Premios AICE 2024<br \/>De izda a Dcha: Mar\u00eda Labrador, Jes\u00fas Mart\u00edn Blanco, Yomara Garc\u00eda Viera, Xavier Altuna, Gloria G\u00e1lvez, Eduard Marroig, Inmaculada Soto<\/td>\n<\/tr>\n<\/tbody>\n<\/table>\n<\/div>\n<p>Fuente: Federaci\u00f3n de Asociaciones de Implantados Cocleares de Espa\u00f1a. Federaci\u00f3n AICE http:\/\/implantecoclear.org\/index.php?option=com_content&#038;view=article&#038;id=735:entregados-los-premios-aice-2024&#038;catid=1:latest-news&#038;Itemid=310<\/p>\n","protected":false},"excerpt":{"rendered":"<p>Los Premios AICE 2024, entregados en el transcurso de una cena el 16 de noviembre, van dirigidos a personas y entidades que durante el \u00faltimo a\u00f1o consideramos se hayan destacado por alguno de los objetivos que consideramos prioritarios en nuestra Federaci\u00f3n. Contamos con la presencia de D\u00aa Gloria G\u00e1lvez, Secretaria de Atenci\u00f3n Sanitaria y Participaci\u00f3n [&hellip;]<\/p>\n","protected":false},"author":1,"featured_media":0,"comment_status":"closed","ping_status":"closed","sticky":false,"template":"","format":"standard","meta":{"footnotes":""},"categories":[8],"tags":[],"class_list":["post-10577","post","type-post","status-publish","format-standard","hentry","category-noticias"],"yoast_head":"<!-- This site is optimized with the Yoast SEO plugin v27.5 - https:\/\/yoast.com\/product\/yoast-seo-wordpress\/ -->\n<title>Entregados los Premios AICE 2024 - Asociaci\u00f3n Espa\u00f1ola S\u00edndrome de Charge<\/title>\n<meta name=\"robots\" content=\"index, follow, max-snippet:-1, max-image-preview:large, max-video-preview:-1\" \/>\n<link rel=\"canonical\" href=\"https:\/\/sindromecharge.es\/index.php\/2024\/11\/18\/index-php-115\/\" \/>\n<meta property=\"og:locale\" content=\"es_ES\" \/>\n<meta property=\"og:type\" content=\"article\" \/>\n<meta property=\"og:title\" content=\"Entregados los Premios AICE 2024 - Asociaci\u00f3n Espa\u00f1ola S\u00edndrome de Charge\" \/>\n<meta property=\"og:description\" content=\"Los Premios AICE 2024, entregados en el transcurso de una cena el 16 de noviembre, van dirigidos a personas y entidades que durante el \u00faltimo a\u00f1o consideramos se hayan destacado por alguno de los objetivos que consideramos prioritarios en nuestra Federaci\u00f3n. Contamos con la presencia de D\u00aa Gloria G\u00e1lvez, Secretaria de Atenci\u00f3n Sanitaria y Participaci\u00f3n [&hellip;]\" \/>\n<meta property=\"og:url\" content=\"https:\/\/sindromecharge.es\/index.php\/2024\/11\/18\/index-php-115\/\" \/>\n<meta property=\"og:site_name\" content=\"Asociaci\u00f3n Espa\u00f1ola S\u00edndrome de Charge\" \/>\n<meta property=\"article:publisher\" content=\"https:\/\/www.facebook.com\/asociacionsindromecharge\" \/>\n<meta property=\"article:published_time\" content=\"2024-11-18T09:17:33+00:00\" \/>\n<meta property=\"og:image\" content=\"http:\/\/www.implantecoclear.org\/images\/premios\/2024\/Premio%20Institucional%202024.jpg\" \/>\n<meta name=\"author\" content=\"Charge\" \/>\n<meta name=\"twitter:card\" content=\"summary_large_image\" \/>\n<meta name=\"twitter:creator\" content=\"@sindromecharge\" \/>\n<meta name=\"twitter:site\" content=\"@sindromecharge\" \/>\n<meta name=\"twitter:label1\" content=\"Escrito por\" \/>\n\t<meta name=\"twitter:data1\" content=\"Charge\" \/>\n\t<meta name=\"twitter:label2\" content=\"Tiempo de lectura\" \/>\n\t<meta name=\"twitter:data2\" content=\"7 minutos\" \/>\n<script type=\"application\/ld+json\" class=\"yoast-schema-graph\">{\"@context\":\"https:\\\/\\\/schema.org\",\"@graph\":[{\"@type\":\"Article\",\"@id\":\"https:\\\/\\\/sindromecharge.es\\\/index.php\\\/2024\\\/11\\\/18\\\/index-php-115\\\/#article\",\"isPartOf\":{\"@id\":\"https:\\\/\\\/sindromecharge.es\\\/index.php\\\/2024\\\/11\\\/18\\\/index-php-115\\\/\"},\"author\":{\"name\":\"Charge\",\"@id\":\"https:\\\/\\\/sindromecharge.es\\\/#\\\/schema\\\/person\\\/39a60ebe0a2b4d5a11179701e336b039\"},\"headline\":\"Entregados los Premios AICE 2024\",\"datePublished\":\"2024-11-18T09:17:33+00:00\",\"mainEntityOfPage\":{\"@id\":\"https:\\\/\\\/sindromecharge.es\\\/index.php\\\/2024\\\/11\\\/18\\\/index-php-115\\\/\"},\"wordCount\":1478,\"image\":{\"@id\":\"https:\\\/\\\/sindromecharge.es\\\/index.php\\\/2024\\\/11\\\/18\\\/index-php-115\\\/#primaryimage\"},\"thumbnailUrl\":\"http:\\\/\\\/www.implantecoclear.org\\\/images\\\/premios\\\/2024\\\/Premio%20Institucional%202024.jpg\",\"articleSection\":[\"noticias\"],\"inLanguage\":\"es\"},{\"@type\":\"WebPage\",\"@id\":\"https:\\\/\\\/sindromecharge.es\\\/index.php\\\/2024\\\/11\\\/18\\\/index-php-115\\\/\",\"url\":\"https:\\\/\\\/sindromecharge.es\\\/index.php\\\/2024\\\/11\\\/18\\\/index-php-115\\\/\",\"name\":\"Entregados los Premios AICE 2024 - Asociaci\u00f3n Espa\u00f1ola S\u00edndrome de Charge\",\"isPartOf\":{\"@id\":\"https:\\\/\\\/sindromecharge.es\\\/#website\"},\"primaryImageOfPage\":{\"@id\":\"https:\\\/\\\/sindromecharge.es\\\/index.php\\\/2024\\\/11\\\/18\\\/index-php-115\\\/#primaryimage\"},\"image\":{\"@id\":\"https:\\\/\\\/sindromecharge.es\\\/index.php\\\/2024\\\/11\\\/18\\\/index-php-115\\\/#primaryimage\"},\"thumbnailUrl\":\"http:\\\/\\\/www.implantecoclear.org\\\/images\\\/premios\\\/2024\\\/Premio%20Institucional%202024.jpg\",\"datePublished\":\"2024-11-18T09:17:33+00:00\",\"author\":{\"@id\":\"https:\\\/\\\/sindromecharge.es\\\/#\\\/schema\\\/person\\\/39a60ebe0a2b4d5a11179701e336b039\"},\"breadcrumb\":{\"@id\":\"https:\\\/\\\/sindromecharge.es\\\/index.php\\\/2024\\\/11\\\/18\\\/index-php-115\\\/#breadcrumb\"},\"inLanguage\":\"es\",\"potentialAction\":[{\"@type\":\"ReadAction\",\"target\":[\"https:\\\/\\\/sindromecharge.es\\\/index.php\\\/2024\\\/11\\\/18\\\/index-php-115\\\/\"]}]},{\"@type\":\"ImageObject\",\"inLanguage\":\"es\",\"@id\":\"https:\\\/\\\/sindromecharge.es\\\/index.php\\\/2024\\\/11\\\/18\\\/index-php-115\\\/#primaryimage\",\"url\":\"http:\\\/\\\/www.implantecoclear.org\\\/images\\\/premios\\\/2024\\\/Premio%20Institucional%202024.jpg\",\"contentUrl\":\"http:\\\/\\\/www.implantecoclear.org\\\/images\\\/premios\\\/2024\\\/Premio%20Institucional%202024.jpg\"},{\"@type\":\"BreadcrumbList\",\"@id\":\"https:\\\/\\\/sindromecharge.es\\\/index.php\\\/2024\\\/11\\\/18\\\/index-php-115\\\/#breadcrumb\",\"itemListElement\":[{\"@type\":\"ListItem\",\"position\":1,\"name\":\"Portada\",\"item\":\"https:\\\/\\\/sindromecharge.es\\\/\"},{\"@type\":\"ListItem\",\"position\":2,\"name\":\"Entregados los Premios AICE 2024\"}]},{\"@type\":\"WebSite\",\"@id\":\"https:\\\/\\\/sindromecharge.es\\\/#website\",\"url\":\"https:\\\/\\\/sindromecharge.es\\\/\",\"name\":\"Asociaci\u00f3n Espa\u00f1ola S\u00edndrome de Charge\",\"description\":\"\",\"potentialAction\":[{\"@type\":\"SearchAction\",\"target\":{\"@type\":\"EntryPoint\",\"urlTemplate\":\"https:\\\/\\\/sindromecharge.es\\\/?s={search_term_string}\"},\"query-input\":{\"@type\":\"PropertyValueSpecification\",\"valueRequired\":true,\"valueName\":\"search_term_string\"}}],\"inLanguage\":\"es\"},{\"@type\":\"Person\",\"@id\":\"https:\\\/\\\/sindromecharge.es\\\/#\\\/schema\\\/person\\\/39a60ebe0a2b4d5a11179701e336b039\",\"name\":\"Charge\",\"image\":{\"@type\":\"ImageObject\",\"inLanguage\":\"es\",\"@id\":\"https:\\\/\\\/secure.gravatar.com\\\/avatar\\\/c3b46e32a0fc3b093a0873fb767bf3293de856293065e84ef06b7ec7a8acfb98?s=96&d=identicon&r=x\",\"url\":\"https:\\\/\\\/secure.gravatar.com\\\/avatar\\\/c3b46e32a0fc3b093a0873fb767bf3293de856293065e84ef06b7ec7a8acfb98?s=96&d=identicon&r=x\",\"contentUrl\":\"https:\\\/\\\/secure.gravatar.com\\\/avatar\\\/c3b46e32a0fc3b093a0873fb767bf3293de856293065e84ef06b7ec7a8acfb98?s=96&d=identicon&r=x\",\"caption\":\"Charge\"},\"url\":\"https:\\\/\\\/sindromecharge.es\\\/index.php\\\/author\\\/admin\\\/\"}]}<\/script>\n<!-- \/ Yoast SEO plugin. -->","yoast_head_json":{"title":"Entregados los Premios AICE 2024 - Asociaci\u00f3n Espa\u00f1ola S\u00edndrome de Charge","robots":{"index":"index","follow":"follow","max-snippet":"max-snippet:-1","max-image-preview":"max-image-preview:large","max-video-preview":"max-video-preview:-1"},"canonical":"https:\/\/sindromecharge.es\/index.php\/2024\/11\/18\/index-php-115\/","og_locale":"es_ES","og_type":"article","og_title":"Entregados los Premios AICE 2024 - Asociaci\u00f3n Espa\u00f1ola S\u00edndrome de Charge","og_description":"Los Premios AICE 2024, entregados en el transcurso de una cena el 16 de noviembre, van dirigidos a personas y entidades que durante el \u00faltimo a\u00f1o consideramos se hayan destacado por alguno de los objetivos que consideramos prioritarios en nuestra Federaci\u00f3n. Contamos con la presencia de D\u00aa Gloria G\u00e1lvez, Secretaria de Atenci\u00f3n Sanitaria y Participaci\u00f3n [&hellip;]","og_url":"https:\/\/sindromecharge.es\/index.php\/2024\/11\/18\/index-php-115\/","og_site_name":"Asociaci\u00f3n Espa\u00f1ola S\u00edndrome de Charge","article_publisher":"https:\/\/www.facebook.com\/asociacionsindromecharge","article_published_time":"2024-11-18T09:17:33+00:00","og_image":[{"url":"http:\/\/www.implantecoclear.org\/images\/premios\/2024\/Premio%20Institucional%202024.jpg","type":"","width":"","height":""}],"author":"Charge","twitter_card":"summary_large_image","twitter_creator":"@sindromecharge","twitter_site":"@sindromecharge","twitter_misc":{"Escrito por":"Charge","Tiempo de lectura":"7 minutos"},"schema":{"@context":"https:\/\/schema.org","@graph":[{"@type":"Article","@id":"https:\/\/sindromecharge.es\/index.php\/2024\/11\/18\/index-php-115\/#article","isPartOf":{"@id":"https:\/\/sindromecharge.es\/index.php\/2024\/11\/18\/index-php-115\/"},"author":{"name":"Charge","@id":"https:\/\/sindromecharge.es\/#\/schema\/person\/39a60ebe0a2b4d5a11179701e336b039"},"headline":"Entregados los Premios AICE 2024","datePublished":"2024-11-18T09:17:33+00:00","mainEntityOfPage":{"@id":"https:\/\/sindromecharge.es\/index.php\/2024\/11\/18\/index-php-115\/"},"wordCount":1478,"image":{"@id":"https:\/\/sindromecharge.es\/index.php\/2024\/11\/18\/index-php-115\/#primaryimage"},"thumbnailUrl":"http:\/\/www.implantecoclear.org\/images\/premios\/2024\/Premio%20Institucional%202024.jpg","articleSection":["noticias"],"inLanguage":"es"},{"@type":"WebPage","@id":"https:\/\/sindromecharge.es\/index.php\/2024\/11\/18\/index-php-115\/","url":"https:\/\/sindromecharge.es\/index.php\/2024\/11\/18\/index-php-115\/","name":"Entregados los Premios AICE 2024 - Asociaci\u00f3n Espa\u00f1ola S\u00edndrome de Charge","isPartOf":{"@id":"https:\/\/sindromecharge.es\/#website"},"primaryImageOfPage":{"@id":"https:\/\/sindromecharge.es\/index.php\/2024\/11\/18\/index-php-115\/#primaryimage"},"image":{"@id":"https:\/\/sindromecharge.es\/index.php\/2024\/11\/18\/index-php-115\/#primaryimage"},"thumbnailUrl":"http:\/\/www.implantecoclear.org\/images\/premios\/2024\/Premio%20Institucional%202024.jpg","datePublished":"2024-11-18T09:17:33+00:00","author":{"@id":"https:\/\/sindromecharge.es\/#\/schema\/person\/39a60ebe0a2b4d5a11179701e336b039"},"breadcrumb":{"@id":"https:\/\/sindromecharge.es\/index.php\/2024\/11\/18\/index-php-115\/#breadcrumb"},"inLanguage":"es","potentialAction":[{"@type":"ReadAction","target":["https:\/\/sindromecharge.es\/index.php\/2024\/11\/18\/index-php-115\/"]}]},{"@type":"ImageObject","inLanguage":"es","@id":"https:\/\/sindromecharge.es\/index.php\/2024\/11\/18\/index-php-115\/#primaryimage","url":"http:\/\/www.implantecoclear.org\/images\/premios\/2024\/Premio%20Institucional%202024.jpg","contentUrl":"http:\/\/www.implantecoclear.org\/images\/premios\/2024\/Premio%20Institucional%202024.jpg"},{"@type":"BreadcrumbList","@id":"https:\/\/sindromecharge.es\/index.php\/2024\/11\/18\/index-php-115\/#breadcrumb","itemListElement":[{"@type":"ListItem","position":1,"name":"Portada","item":"https:\/\/sindromecharge.es\/"},{"@type":"ListItem","position":2,"name":"Entregados los Premios AICE 2024"}]},{"@type":"WebSite","@id":"https:\/\/sindromecharge.es\/#website","url":"https:\/\/sindromecharge.es\/","name":"Asociaci\u00f3n Espa\u00f1ola S\u00edndrome de Charge","description":"","potentialAction":[{"@type":"SearchAction","target":{"@type":"EntryPoint","urlTemplate":"https:\/\/sindromecharge.es\/?s={search_term_string}"},"query-input":{"@type":"PropertyValueSpecification","valueRequired":true,"valueName":"search_term_string"}}],"inLanguage":"es"},{"@type":"Person","@id":"https:\/\/sindromecharge.es\/#\/schema\/person\/39a60ebe0a2b4d5a11179701e336b039","name":"Charge","image":{"@type":"ImageObject","inLanguage":"es","@id":"https:\/\/secure.gravatar.com\/avatar\/c3b46e32a0fc3b093a0873fb767bf3293de856293065e84ef06b7ec7a8acfb98?s=96&d=identicon&r=x","url":"https:\/\/secure.gravatar.com\/avatar\/c3b46e32a0fc3b093a0873fb767bf3293de856293065e84ef06b7ec7a8acfb98?s=96&d=identicon&r=x","contentUrl":"https:\/\/secure.gravatar.com\/avatar\/c3b46e32a0fc3b093a0873fb767bf3293de856293065e84ef06b7ec7a8acfb98?s=96&d=identicon&r=x","caption":"Charge"},"url":"https:\/\/sindromecharge.es\/index.php\/author\/admin\/"}]}},"_links":{"self":[{"href":"https:\/\/sindromecharge.es\/index.php\/wp-json\/wp\/v2\/posts\/10577","targetHints":{"allow":["GET"]}}],"collection":[{"href":"https:\/\/sindromecharge.es\/index.php\/wp-json\/wp\/v2\/posts"}],"about":[{"href":"https:\/\/sindromecharge.es\/index.php\/wp-json\/wp\/v2\/types\/post"}],"author":[{"embeddable":true,"href":"https:\/\/sindromecharge.es\/index.php\/wp-json\/wp\/v2\/users\/1"}],"replies":[{"embeddable":true,"href":"https:\/\/sindromecharge.es\/index.php\/wp-json\/wp\/v2\/comments?post=10577"}],"version-history":[{"count":0,"href":"https:\/\/sindromecharge.es\/index.php\/wp-json\/wp\/v2\/posts\/10577\/revisions"}],"wp:attachment":[{"href":"https:\/\/sindromecharge.es\/index.php\/wp-json\/wp\/v2\/media?parent=10577"}],"wp:term":[{"taxonomy":"category","embeddable":true,"href":"https:\/\/sindromecharge.es\/index.php\/wp-json\/wp\/v2\/categories?post=10577"},{"taxonomy":"post_tag","embeddable":true,"href":"https:\/\/sindromecharge.es\/index.php\/wp-json\/wp\/v2\/tags?post=10577"}],"curies":[{"name":"wp","href":"https:\/\/api.w.org\/{rel}","templated":true}]}}