{"id":10576,"date":"2024-11-17T10:00:00","date_gmt":"2024-11-17T10:00:00","guid":{"rendered":"https:\/\/sindromecharge.es\/index.php\/2024\/11\/17\/adif-contara-con-270-nuevas-plataformas-para-facilitar-acceso-viajeros-silla-ruedas-los-trenes\/"},"modified":"2024-11-17T10:00:00","modified_gmt":"2024-11-17T10:00:00","slug":"adif-contara-con-270-nuevas-plataformas-para-facilitar-acceso-viajeros-silla-ruedas-los-trenes","status":"publish","type":"post","link":"https:\/\/sindromecharge.es\/index.php\/2024\/11\/17\/adif-contara-con-270-nuevas-plataformas-para-facilitar-acceso-viajeros-silla-ruedas-los-trenes\/","title":{"rendered":"Adif Acerca contar\u00e1 con 270 nuevas plataformas para facilitar el acceso de viajeros en silla de ruedas a los trenes"},"content":{"rendered":"<p>Leemos en Discapacidad la siguiente noticia que os reproducimos de forma \u00edntegra: <\/p>\n<div>\n<p><a href=\"https:\/\/www.20minutos.es\/minuteca\/adif\/\" title=\"Adif\">Adif <\/a>Acerca, el servicio de asistencia gratuita que el organismo ofrece a viajeros con <a href=\"https:\/\/www.20minutos.es\/minuteca\/discapacidad\/\" title=\"Discapacidad\">discapacidad <\/a>y movilidad reducida, contar\u00e1 con <b>270 nuevas plataformas elevadoras <\/b>para facilitar el embarque y desembarque de pasajeros en <a href=\"https:\/\/www.20minutos.es\/minuteca\/silla-de-ruedas\/\" title=\"Silla de ruedas\">silla de ruedas<\/a> a los trenes. La compa\u00f1\u00eda ha licitado por 5,8 millones de euros la compra de estas prestaciones, seg\u00fan indica en un comunicado.<\/p>\n<p>Estas nuevas plataformas electromec\u00e1nicas tendr\u00e1n mayores prestaciones: presentar\u00e1n m\u00e1s fiabilidad, autonom\u00eda y maniobrabilidad.  Adif Acerca las distribuir\u00e1 entre las <b>146 estaciones en que presta asistencia. <\/b>De esta forma, renovar\u00e1 y ampliar\u00e1 el parque de equipos mec\u00e1nicos y auxiliares con el que cuenta (rampas plegables, sillas de ruedas, sistema de v\u00eddeo-interpretaci\u00f3n en lengua de signos, entre otros). <\/p>\n<p>Las plataformas elevadoras est\u00e1n situadas en los<b> andenes de las estaciones, <\/b>a disposici\u00f3n de los asistentes de movilidad, para facilitar el acceso a los trenes de los viajeros en silla de ruedas salvando la distancia entre los andenes de las estaciones y la puerta de entrada a los trenes.<\/p>\n<p>Para ello, Adif explica que el asistente coloca la plataforma ante la puerta del tren, despliega <b>una rampa por la que el viajero en silla de ruedas accede a la base de plataforma <\/b>y, una vez elevada por un sistema electromec\u00e1nico, conecta con el interior del tren mediante otra rampa.<\/p>\n<h2>600 asistentes en 146 estaciones<\/h2>\n<p>El organismo estatal asegura que <b>contin\u00faa ampliando y mejorando Adif Acerca <\/b>en respuesta al crecimiento del tr\u00e1fico ferroviario y de viajeros, y a la mayor demanda y nuevas necesidades de los pasajeros. De hecho, en abril, estren\u00f3 oficina en Puerta de Atocha Almudena Grandes y este mes de octubre comenz\u00f3 a dar servicio en la estaci\u00f3n de Avil\u00e9s.<\/p>\n<p>La oficina de Adif Acerca tambi\u00e9n ha sido implantada en <b>otras cinco estaciones <\/b>-Antequera AV, Sanabria AV, A Gudi\u00f1a-Porta de Galicia, Callosa de Segura-Cox, y Ar\u00e9valo (\u00c1vila)- durante 2023, a\u00f1o que cerr\u00f3 con r\u00e9cord de asistencias a viajeros: 750.499, un 17,3% m\u00e1s que en 2022.<\/p>\n<p>Unos 600 asistentes de movilidad prestan el servicio en 146 estaciones con circulaciones de alta velocidad, y media y larga distancia. Adif Acerca se puede solicitar a trav\u00e9s de los<b> canales de venta de las empresas ferroviarias<\/b> y presencialmente en 70 estaciones de Adif. En estas terminales, la petici\u00f3n puede realizarse hasta 30 minutos antes de la salida del tren y en las 76 estaciones restantes, al menos 12 horas antes.<\/p>\n<\/div>\n<p>Fuente: Discapacidad https:\/\/www.20minutos.es\/noticia\/5654792\/0\/adif-contara-con-270-nuevas-plataformas-para-facilitar-acceso-viajeros-silla-ruedas-los-trenes\/<\/p>\n","protected":false},"excerpt":{"rendered":"<p>Los equipos ser\u00e1n distribuidos entre las 146 estaciones en las que el organismo presta asistencia.<\/p>\n","protected":false},"author":1,"featured_media":0,"comment_status":"closed","ping_status":"closed","sticky":false,"template":"","format":"standard","meta":{"footnotes":""},"categories":[8],"tags":[],"class_list":["post-10576","post","type-post","status-publish","format-standard","hentry","category-noticias"],"yoast_head":"<!-- This site is optimized with the Yoast SEO plugin v27.5 - https:\/\/yoast.com\/product\/yoast-seo-wordpress\/ -->\n<title>Adif Acerca contar\u00e1 con 270 nuevas plataformas para facilitar el acceso de viajeros en silla de ruedas a los trenes - Asociaci\u00f3n Espa\u00f1ola S\u00edndrome de Charge<\/title>\n<meta name=\"robots\" content=\"index, follow, max-snippet:-1, max-image-preview:large, max-video-preview:-1\" \/>\n<link rel=\"canonical\" href=\"https:\/\/sindromecharge.es\/index.php\/2024\/11\/17\/adif-contara-con-270-nuevas-plataformas-para-facilitar-acceso-viajeros-silla-ruedas-los-trenes\/\" \/>\n<meta property=\"og:locale\" content=\"es_ES\" \/>\n<meta property=\"og:type\" content=\"article\" \/>\n<meta property=\"og:title\" content=\"Adif Acerca contar\u00e1 con 270 nuevas plataformas para facilitar el acceso de viajeros en silla de ruedas a los trenes - Asociaci\u00f3n Espa\u00f1ola S\u00edndrome de Charge\" \/>\n<meta property=\"og:description\" content=\"Los equipos ser\u00e1n distribuidos entre las 146 estaciones en las que el organismo presta asistencia.\" \/>\n<meta property=\"og:url\" content=\"https:\/\/sindromecharge.es\/index.php\/2024\/11\/17\/adif-contara-con-270-nuevas-plataformas-para-facilitar-acceso-viajeros-silla-ruedas-los-trenes\/\" \/>\n<meta property=\"og:site_name\" content=\"Asociaci\u00f3n Espa\u00f1ola S\u00edndrome de Charge\" \/>\n<meta property=\"article:publisher\" content=\"https:\/\/www.facebook.com\/asociacionsindromecharge\" \/>\n<meta property=\"article:published_time\" content=\"2024-11-17T10:00:00+00:00\" \/>\n<meta property=\"og:image\" content=\"https:\/\/sindromecharge.es\/wp-content\/uploads\/2013\/09\/logodecharge300x98.png\" \/>\n\t<meta property=\"og:image:width\" content=\"300\" \/>\n\t<meta property=\"og:image:height\" content=\"98\" \/>\n\t<meta property=\"og:image:type\" content=\"image\/png\" \/>\n<meta name=\"author\" content=\"Charge\" \/>\n<meta name=\"twitter:card\" content=\"summary_large_image\" \/>\n<meta name=\"twitter:creator\" content=\"@sindromecharge\" \/>\n<meta name=\"twitter:site\" content=\"@sindromecharge\" \/>\n<meta name=\"twitter:label1\" content=\"Escrito por\" \/>\n\t<meta name=\"twitter:data1\" content=\"Charge\" \/>\n\t<meta name=\"twitter:label2\" content=\"Tiempo de lectura\" \/>\n\t<meta name=\"twitter:data2\" content=\"2 minutos\" \/>\n<script type=\"application\/ld+json\" class=\"yoast-schema-graph\">{\"@context\":\"https:\\\/\\\/schema.org\",\"@graph\":[{\"@type\":\"Article\",\"@id\":\"https:\\\/\\\/sindromecharge.es\\\/index.php\\\/2024\\\/11\\\/17\\\/adif-contara-con-270-nuevas-plataformas-para-facilitar-acceso-viajeros-silla-ruedas-los-trenes\\\/#article\",\"isPartOf\":{\"@id\":\"https:\\\/\\\/sindromecharge.es\\\/index.php\\\/2024\\\/11\\\/17\\\/adif-contara-con-270-nuevas-plataformas-para-facilitar-acceso-viajeros-silla-ruedas-los-trenes\\\/\"},\"author\":{\"name\":\"Charge\",\"@id\":\"https:\\\/\\\/sindromecharge.es\\\/#\\\/schema\\\/person\\\/39a60ebe0a2b4d5a11179701e336b039\"},\"headline\":\"Adif Acerca contar\u00e1 con 270 nuevas plataformas para facilitar el acceso de viajeros en silla de ruedas a los trenes\",\"datePublished\":\"2024-11-17T10:00:00+00:00\",\"mainEntityOfPage\":{\"@id\":\"https:\\\/\\\/sindromecharge.es\\\/index.php\\\/2024\\\/11\\\/17\\\/adif-contara-con-270-nuevas-plataformas-para-facilitar-acceso-viajeros-silla-ruedas-los-trenes\\\/\"},\"wordCount\":443,\"articleSection\":[\"noticias\"],\"inLanguage\":\"es\"},{\"@type\":\"WebPage\",\"@id\":\"https:\\\/\\\/sindromecharge.es\\\/index.php\\\/2024\\\/11\\\/17\\\/adif-contara-con-270-nuevas-plataformas-para-facilitar-acceso-viajeros-silla-ruedas-los-trenes\\\/\",\"url\":\"https:\\\/\\\/sindromecharge.es\\\/index.php\\\/2024\\\/11\\\/17\\\/adif-contara-con-270-nuevas-plataformas-para-facilitar-acceso-viajeros-silla-ruedas-los-trenes\\\/\",\"name\":\"Adif Acerca contar\u00e1 con 270 nuevas plataformas para facilitar el acceso de viajeros en silla de ruedas a los trenes - Asociaci\u00f3n Espa\u00f1ola S\u00edndrome de Charge\",\"isPartOf\":{\"@id\":\"https:\\\/\\\/sindromecharge.es\\\/#website\"},\"datePublished\":\"2024-11-17T10:00:00+00:00\",\"author\":{\"@id\":\"https:\\\/\\\/sindromecharge.es\\\/#\\\/schema\\\/person\\\/39a60ebe0a2b4d5a11179701e336b039\"},\"breadcrumb\":{\"@id\":\"https:\\\/\\\/sindromecharge.es\\\/index.php\\\/2024\\\/11\\\/17\\\/adif-contara-con-270-nuevas-plataformas-para-facilitar-acceso-viajeros-silla-ruedas-los-trenes\\\/#breadcrumb\"},\"inLanguage\":\"es\",\"potentialAction\":[{\"@type\":\"ReadAction\",\"target\":[\"https:\\\/\\\/sindromecharge.es\\\/index.php\\\/2024\\\/11\\\/17\\\/adif-contara-con-270-nuevas-plataformas-para-facilitar-acceso-viajeros-silla-ruedas-los-trenes\\\/\"]}]},{\"@type\":\"BreadcrumbList\",\"@id\":\"https:\\\/\\\/sindromecharge.es\\\/index.php\\\/2024\\\/11\\\/17\\\/adif-contara-con-270-nuevas-plataformas-para-facilitar-acceso-viajeros-silla-ruedas-los-trenes\\\/#breadcrumb\",\"itemListElement\":[{\"@type\":\"ListItem\",\"position\":1,\"name\":\"Portada\",\"item\":\"https:\\\/\\\/sindromecharge.es\\\/\"},{\"@type\":\"ListItem\",\"position\":2,\"name\":\"Adif Acerca contar\u00e1 con 270 nuevas plataformas para facilitar el acceso de viajeros en silla de ruedas a los trenes\"}]},{\"@type\":\"WebSite\",\"@id\":\"https:\\\/\\\/sindromecharge.es\\\/#website\",\"url\":\"https:\\\/\\\/sindromecharge.es\\\/\",\"name\":\"Asociaci\u00f3n Espa\u00f1ola S\u00edndrome de Charge\",\"description\":\"\",\"potentialAction\":[{\"@type\":\"SearchAction\",\"target\":{\"@type\":\"EntryPoint\",\"urlTemplate\":\"https:\\\/\\\/sindromecharge.es\\\/?s={search_term_string}\"},\"query-input\":{\"@type\":\"PropertyValueSpecification\",\"valueRequired\":true,\"valueName\":\"search_term_string\"}}],\"inLanguage\":\"es\"},{\"@type\":\"Person\",\"@id\":\"https:\\\/\\\/sindromecharge.es\\\/#\\\/schema\\\/person\\\/39a60ebe0a2b4d5a11179701e336b039\",\"name\":\"Charge\",\"image\":{\"@type\":\"ImageObject\",\"inLanguage\":\"es\",\"@id\":\"https:\\\/\\\/secure.gravatar.com\\\/avatar\\\/c3b46e32a0fc3b093a0873fb767bf3293de856293065e84ef06b7ec7a8acfb98?s=96&d=identicon&r=x\",\"url\":\"https:\\\/\\\/secure.gravatar.com\\\/avatar\\\/c3b46e32a0fc3b093a0873fb767bf3293de856293065e84ef06b7ec7a8acfb98?s=96&d=identicon&r=x\",\"contentUrl\":\"https:\\\/\\\/secure.gravatar.com\\\/avatar\\\/c3b46e32a0fc3b093a0873fb767bf3293de856293065e84ef06b7ec7a8acfb98?s=96&d=identicon&r=x\",\"caption\":\"Charge\"},\"url\":\"https:\\\/\\\/sindromecharge.es\\\/index.php\\\/author\\\/admin\\\/\"}]}<\/script>\n<!-- \/ Yoast SEO plugin. -->","yoast_head_json":{"title":"Adif Acerca contar\u00e1 con 270 nuevas plataformas para facilitar el acceso de viajeros en silla de ruedas a los trenes - Asociaci\u00f3n Espa\u00f1ola S\u00edndrome de Charge","robots":{"index":"index","follow":"follow","max-snippet":"max-snippet:-1","max-image-preview":"max-image-preview:large","max-video-preview":"max-video-preview:-1"},"canonical":"https:\/\/sindromecharge.es\/index.php\/2024\/11\/17\/adif-contara-con-270-nuevas-plataformas-para-facilitar-acceso-viajeros-silla-ruedas-los-trenes\/","og_locale":"es_ES","og_type":"article","og_title":"Adif Acerca contar\u00e1 con 270 nuevas plataformas para facilitar el acceso de viajeros en silla de ruedas a los trenes - Asociaci\u00f3n Espa\u00f1ola S\u00edndrome de Charge","og_description":"Los equipos ser\u00e1n distribuidos entre las 146 estaciones en las que el organismo presta asistencia.","og_url":"https:\/\/sindromecharge.es\/index.php\/2024\/11\/17\/adif-contara-con-270-nuevas-plataformas-para-facilitar-acceso-viajeros-silla-ruedas-los-trenes\/","og_site_name":"Asociaci\u00f3n Espa\u00f1ola S\u00edndrome de Charge","article_publisher":"https:\/\/www.facebook.com\/asociacionsindromecharge","article_published_time":"2024-11-17T10:00:00+00:00","og_image":[{"width":300,"height":98,"url":"https:\/\/sindromecharge.es\/wp-content\/uploads\/2013\/09\/logodecharge300x98.png","type":"image\/png"}],"author":"Charge","twitter_card":"summary_large_image","twitter_creator":"@sindromecharge","twitter_site":"@sindromecharge","twitter_misc":{"Escrito por":"Charge","Tiempo de lectura":"2 minutos"},"schema":{"@context":"https:\/\/schema.org","@graph":[{"@type":"Article","@id":"https:\/\/sindromecharge.es\/index.php\/2024\/11\/17\/adif-contara-con-270-nuevas-plataformas-para-facilitar-acceso-viajeros-silla-ruedas-los-trenes\/#article","isPartOf":{"@id":"https:\/\/sindromecharge.es\/index.php\/2024\/11\/17\/adif-contara-con-270-nuevas-plataformas-para-facilitar-acceso-viajeros-silla-ruedas-los-trenes\/"},"author":{"name":"Charge","@id":"https:\/\/sindromecharge.es\/#\/schema\/person\/39a60ebe0a2b4d5a11179701e336b039"},"headline":"Adif Acerca contar\u00e1 con 270 nuevas plataformas para facilitar el acceso de viajeros en silla de ruedas a los trenes","datePublished":"2024-11-17T10:00:00+00:00","mainEntityOfPage":{"@id":"https:\/\/sindromecharge.es\/index.php\/2024\/11\/17\/adif-contara-con-270-nuevas-plataformas-para-facilitar-acceso-viajeros-silla-ruedas-los-trenes\/"},"wordCount":443,"articleSection":["noticias"],"inLanguage":"es"},{"@type":"WebPage","@id":"https:\/\/sindromecharge.es\/index.php\/2024\/11\/17\/adif-contara-con-270-nuevas-plataformas-para-facilitar-acceso-viajeros-silla-ruedas-los-trenes\/","url":"https:\/\/sindromecharge.es\/index.php\/2024\/11\/17\/adif-contara-con-270-nuevas-plataformas-para-facilitar-acceso-viajeros-silla-ruedas-los-trenes\/","name":"Adif Acerca contar\u00e1 con 270 nuevas plataformas para facilitar el acceso de viajeros en silla de ruedas a los trenes - Asociaci\u00f3n Espa\u00f1ola S\u00edndrome de Charge","isPartOf":{"@id":"https:\/\/sindromecharge.es\/#website"},"datePublished":"2024-11-17T10:00:00+00:00","author":{"@id":"https:\/\/sindromecharge.es\/#\/schema\/person\/39a60ebe0a2b4d5a11179701e336b039"},"breadcrumb":{"@id":"https:\/\/sindromecharge.es\/index.php\/2024\/11\/17\/adif-contara-con-270-nuevas-plataformas-para-facilitar-acceso-viajeros-silla-ruedas-los-trenes\/#breadcrumb"},"inLanguage":"es","potentialAction":[{"@type":"ReadAction","target":["https:\/\/sindromecharge.es\/index.php\/2024\/11\/17\/adif-contara-con-270-nuevas-plataformas-para-facilitar-acceso-viajeros-silla-ruedas-los-trenes\/"]}]},{"@type":"BreadcrumbList","@id":"https:\/\/sindromecharge.es\/index.php\/2024\/11\/17\/adif-contara-con-270-nuevas-plataformas-para-facilitar-acceso-viajeros-silla-ruedas-los-trenes\/#breadcrumb","itemListElement":[{"@type":"ListItem","position":1,"name":"Portada","item":"https:\/\/sindromecharge.es\/"},{"@type":"ListItem","position":2,"name":"Adif Acerca contar\u00e1 con 270 nuevas plataformas para facilitar el acceso de viajeros en silla de ruedas a los trenes"}]},{"@type":"WebSite","@id":"https:\/\/sindromecharge.es\/#website","url":"https:\/\/sindromecharge.es\/","name":"Asociaci\u00f3n Espa\u00f1ola S\u00edndrome de Charge","description":"","potentialAction":[{"@type":"SearchAction","target":{"@type":"EntryPoint","urlTemplate":"https:\/\/sindromecharge.es\/?s={search_term_string}"},"query-input":{"@type":"PropertyValueSpecification","valueRequired":true,"valueName":"search_term_string"}}],"inLanguage":"es"},{"@type":"Person","@id":"https:\/\/sindromecharge.es\/#\/schema\/person\/39a60ebe0a2b4d5a11179701e336b039","name":"Charge","image":{"@type":"ImageObject","inLanguage":"es","@id":"https:\/\/secure.gravatar.com\/avatar\/c3b46e32a0fc3b093a0873fb767bf3293de856293065e84ef06b7ec7a8acfb98?s=96&d=identicon&r=x","url":"https:\/\/secure.gravatar.com\/avatar\/c3b46e32a0fc3b093a0873fb767bf3293de856293065e84ef06b7ec7a8acfb98?s=96&d=identicon&r=x","contentUrl":"https:\/\/secure.gravatar.com\/avatar\/c3b46e32a0fc3b093a0873fb767bf3293de856293065e84ef06b7ec7a8acfb98?s=96&d=identicon&r=x","caption":"Charge"},"url":"https:\/\/sindromecharge.es\/index.php\/author\/admin\/"}]}},"_links":{"self":[{"href":"https:\/\/sindromecharge.es\/index.php\/wp-json\/wp\/v2\/posts\/10576","targetHints":{"allow":["GET"]}}],"collection":[{"href":"https:\/\/sindromecharge.es\/index.php\/wp-json\/wp\/v2\/posts"}],"about":[{"href":"https:\/\/sindromecharge.es\/index.php\/wp-json\/wp\/v2\/types\/post"}],"author":[{"embeddable":true,"href":"https:\/\/sindromecharge.es\/index.php\/wp-json\/wp\/v2\/users\/1"}],"replies":[{"embeddable":true,"href":"https:\/\/sindromecharge.es\/index.php\/wp-json\/wp\/v2\/comments?post=10576"}],"version-history":[{"count":0,"href":"https:\/\/sindromecharge.es\/index.php\/wp-json\/wp\/v2\/posts\/10576\/revisions"}],"wp:attachment":[{"href":"https:\/\/sindromecharge.es\/index.php\/wp-json\/wp\/v2\/media?parent=10576"}],"wp:term":[{"taxonomy":"category","embeddable":true,"href":"https:\/\/sindromecharge.es\/index.php\/wp-json\/wp\/v2\/categories?post=10576"},{"taxonomy":"post_tag","embeddable":true,"href":"https:\/\/sindromecharge.es\/index.php\/wp-json\/wp\/v2\/tags?post=10576"}],"curies":[{"name":"wp","href":"https:\/\/api.w.org\/{rel}","templated":true}]}}