{"id":10575,"date":"2024-11-17T07:32:07","date_gmt":"2024-11-17T07:32:07","guid":{"rendered":"https:\/\/sindromecharge.es\/index.php\/2024\/11\/17\/los-ninos-prematuros-tienen-mas-riesgo-tener-discapacidad\/"},"modified":"2024-11-17T07:32:07","modified_gmt":"2024-11-17T07:32:07","slug":"los-ninos-prematuros-tienen-mas-riesgo-tener-discapacidad","status":"publish","type":"post","link":"https:\/\/sindromecharge.es\/index.php\/2024\/11\/17\/los-ninos-prematuros-tienen-mas-riesgo-tener-discapacidad\/","title":{"rendered":"Especializaci\u00f3n y recursos, claves para minimizar la discapacidad en beb\u00e9s prematuros: \u00abAfectan a su evoluci\u00f3n\u00bb"},"content":{"rendered":"<p>Leemos en Discapacidad la siguiente noticia que os reproducimos de forma \u00edntegra: <\/p>\n<div>\n<p>En Espa\u00f1a nacen cada a\u00f1o unos 20.000 ni\u00f1os <a href=\"https:\/\/www.20minutos.es\/minuteca\/bebes-prematuros\/\" title=\"Beb\u00e9s prematuros\" target=\"_blank\">prematuros<\/a>, y de ellos, un porcentaje considerable, sobre todo los nacidos muy prematuramente, tendr\u00e1 secuelas a largo plazo. La prematuridad es, por tanto, un <b>factor de riesgo para que las personas desarrollen una <a href=\"https:\/\/www.20minutos.es\/minuteca\/discapacidad\/\" title=\"Discapacidad\" target=\"_blank\">discapacidad<\/a><\/b> y, una de sus causas principales, ya sea en el momento de nacer, o en un futuro en forma de trastornos del desarrollo como TDAH, TEL o autismo. De hecho, de los nacidos extremadamente prematuros (antes de las 28 semanas de gestaci\u00f3n), entre un <b>5 y un 15% tiene secuelas motoras, cognitivas, sensoriales o conductuales<\/b>.<\/p>\n<p>Teniendo en cuenta que el n\u00famero de grandes prematuros se ha duplicado en las \u00faltimos dos d\u00e9cadas, gracias a que los avances en neonatolog\u00eda han aumentado la supervivencia, el<b> n\u00famero de nuevos nacimientos con riesgo de tener discapacidad<\/b> en el futuro tambien ha aumentado.<\/p>\n<p>Desde la <b>Fundaci\u00f3n NeNe<\/b>, dedicada a la investigaci\u00f3n y divulgaci\u00f3n de los problemas neurol\u00f3gicos del reci\u00e9n nacido, consideran que, con la inversi\u00f3n y los recursos adecuados, las tasas de discapacidad entre estos ni\u00f1os podr\u00edan reducirse considerablemente, \u00ab<b>cuidar la salud infantil es la mejor inversi\u00f3n<\/b> para mejorar la salud de la poblaci\u00f3n general, y para mejorar la salud infantil es imprescindible promover la <b>investigaci\u00f3n en pediatr\u00eda<\/b>\u00ab, subraya el vicepresidente de la Fundaci\u00f3n NeNe, Sim\u00f3n Lubi\u00e1n, \u00abes imprescindible conocer en profundidad las alteraciones del desarrollo cerebral que conducen a estas secuelas\u00bb, explica el vicepresidente de NeNe. \u00abAs\u00ed, podremos<b> prevenirlas y, en su caso, tratarlas<\/b>. Por eso necesitamos investigar el efecto que nacer antes de tiempo tiene sobre el desarrollo cerebral de estos ni\u00f1os\u00bb, a\u00f1ade.<\/p>\n<h2>Menos par\u00e1lisis cerebral, pero prevalecen los trastornos del desarrollo<\/h2>\n<p>Que un beb\u00e9 prematuro desarrolle una discapacidad en un futuro depende de muchos factores. El primero de ellos, como explica<b> Juan Arn\u00e1ez, Director del Fundaci\u00f3n Nene<\/b>, es la semana en la que han nacido, pues \u00abaunque cualquier prematuridad tiene cierto riesgo, los que se acerquen a t\u00e9rmino (34, 35 o 36 semanas) tienen menos riesgo de tener secuelas que uno de 26, 28 o 30.<b> El ni\u00f1o de m\u00e1s riesgo siempre ser\u00e1 el ni\u00f1o m\u00e1s peque\u00f1o<\/b>\u00bb advierte.<\/p>\n<p>Los avances en neonatolog\u00eda, han reducido el riesgo de algunos tipos de discapacidad, pero menos de otros, pues, como explica Arn\u00e1ez, la m\u00e1s com\u00fan antes era la <a href=\"https:\/\/www.20minutos.es\/minuteca\/paralisis-cerebral\/\" title=\"Par\u00e1lisis cerebral\" target=\"_blank\">par\u00e1lisis cerebral<\/a>, cuya prevalencia ha disminuido considerablemente en pa\u00edses como Espa\u00f1a y su entorno, \u00abesto indica que las cosas se est\u00e1n haciendo cada vez mejor, pero es cierto que hay otro tipo de <b>discapacidad de car\u00e1cter m\u00e1s cognitivo<\/b>, no tanto a nivel motor, en la que hemos avanzado menos\u00bb, advierte.<\/p>\n<p>As\u00ed, por ejemplo, sigue siendo muy habitual que beb\u00e9s prematuros desarrollen <b>problemas en el \u00e1rea de aprendizaje<\/b>, pues \u00abla velocidad de procesamiento es diferente, el razonamiento abstracto es diferente, les cuesta mucho la atenci\u00f3n\u2026 No quiere decir que todos los prematuros los vayan a tener, sino que tienen claramente m\u00e1s riesgo, y eso supone un desaf\u00edo\u00bb. <\/p>\n<h1>No quiere decir que todos los prematuros vayan a tener discapacidad, sino que tienen claramente m\u00e1s riesgo, y eso supone un desaf\u00edo<\/h1>\n<p>La discapacidad del beb\u00e9 prematuro, como explica el Dr. Arn\u00e1ez,<b> se asocia fundamentalmente a dos cosas<\/b>: a una<b> lesi\u00f3n en el cerebro<\/b> y al desarrollo de este. La primera se suele producir por sangrados o falta de ox\u00edgeno, que es m\u00e1s frecuente cuanto m\u00e1s peque\u00f1o es el cerebro, \u00abesto al al final produce una lesi\u00f3n, un da\u00f1o permanente en el cerebro. Salvo que sea muy peque\u00f1a y en un \u00e1rea que no comprometa, normalmente ya deja una secuela\u00bb. <\/p>\n<p>Cuando se produce un da\u00f1o cerebral de este tipo, lo m\u00e1s com\u00fan es que se lesione un \u00e1rea que normalmente <b>afecta a la v\u00eda motora<\/b>, es decir, que suelen ser \u00abni\u00f1os que tienen afectaci\u00f3n a nivel de movilidad, como hemiparesias, pero muchas veces su desarrollo de aprendizaje es bueno\u00bb. <\/p>\n<p>Otras <b>secuelas se producen por haber nacido antes de tiempo<\/b>, por \u00abtodo lo que se a\u00f1ade a vivir fuera del \u00fatero materno, porque al final los beb\u00e9s, en vez de estar en un medio l\u00edquido protegidos de todo un ambiente externo agresivo, tienen ruidos, dolor porque se le hacen cosas, con estr\u00e9s con <i>disconfort<\/i>\u2026\u00bb, explica Arn\u00e1ez.<\/p>\n<p>Por eso, en los \u00faltimos a\u00f1os, adem\u00e1s de en evitar da\u00f1os en el cerebro, se est\u00e1 poniendo el foco en <b>que la maduraci\u00f3n del cerebro del beb\u00e9 prematuro no se vea afectada<\/b> por desarrollarse fuera del \u00fatero, \u00abpara conseguirlo, en la Fundaci\u00f3n NENE, hemos establecido una serie de cuidados m\u00ednimos que deber\u00edan tener todas las unidades neonatales, como regular la luminosidad, el ruido, hacer el piel con piel -que sensorialmente mejora la maduraci\u00f3n cerebral-, la <b>lactancia materna<\/b>, no examinar al ni\u00f1o cuando duerme\u2026 todas esas cosas parecen muy tontas, pero<b> son esenciales para un cerebro que est\u00e1 en desarrollo<\/b>\u00ab, advierte.<\/p>\n<p>Si eso no se hace,<b> el cerebro se inflama <\/b>y, aunque no se da\u00f1a como cuando hay un sangrado o falta de ox\u00edgeno, no va a dejar que se desarrolle igual, \u00abal final, el volumen de conexiones y el desarrollo en estas etapas tan precoces, que es cuando el cerebro es m\u00e1s pl\u00e1stico, <b>es lo que m\u00e1s va a condicionar el futuro<\/b>, y ah\u00ed es donde se est\u00e1 poniendo el foco actual de investigaci\u00f3n y del cuidado al beb\u00e9 prematuro\u00bb.<\/p>\n<p>Poniendo el foco en estas cuestiones, se podr\u00edan <b>minimizar las otras secuelas<\/b>, que no son motoras, pero que tambi\u00e9n condicionan mucho el futuro del ni\u00f1o, como el<b> TDAH, el TEL, el <a href=\"https:\/\/www.20minutos.es\/minuteca\/autismo\/\" title=\"Autismo\" target=\"_blank\">autismo<\/a>, problemas de aprendizaje, de conducta<\/b>, etc., \u00absus lesiones son menos visibles, pero su volumen cerebral de conexiones es menor y eso afecta las \u00e1reas del aprendizaje y de la conducta, les cuesta un poco el lenguaje, procesar la informaci\u00f3n, la atenci\u00f3n, el \u00e1rea socioemocional\u2026\u00bb. <\/p>\n<h1>El volumen de conexiones y el desarrollo en estas etapas tan precoces, que es con el cerebro es m\u00e1s pl\u00e1stico, es lo que m\u00e1s va a condicionar el futuro<\/h1>\n<h2>La importancia de lo que pasa tras el ingreso<\/h2>\n<p>Arna\u00e9z asegura que otra cosa que se podr\u00eda mejorar y que <b>minimizar\u00eda tambi\u00e9n la discapacidad <\/b>de estos ni\u00f1os es la atenci\u00f3n tras el alta del hospital, y eso pasa, por un lado, por asegurarnos de que todos los ni\u00f1os, nazcan donde nazcan, <b>tengan la atenci\u00f3n que necesitan<\/b> y, por otro, por la especializaci\u00f3n de los profesionales, \u00abaunque parezca sorprendente, el cuidado en las unidades de neonatolog\u00eda no siempre es especializada. Por ejemplo, en muchos hospitales, el personal de enfermer\u00eda rota, y<b> no es lo mismo atender un paciente adulto que a un beb\u00e9 de 900 gramos<\/b>, o los fisioterapeutas, que en muchos hospitales no son infantiles\u00bb.<\/p>\n<p><b>Todos los ni\u00f1os prematuros deber\u00edan nacer, por tanto, \u00aben centros con la especializaci\u00f3n para atenderlos<\/b>. Eso, en general, se hace bien a nivel de m\u00e9dicos neonatales, pero no est\u00e1n generalizados a nivel enfermero. Y el cuidado de enfermero es m\u00e1s del 70% del \u00e9xito de un beb\u00e9 prematuro, mucho m\u00e1s en el cuidado m\u00e9dico\u00bb, reconoce.<\/p>\n<p>El alta es, adem\u00e1s, un momento clave, \u00abla transici\u00f3n no se hace bien. Se va para casa y ya nos olvidamos del ni\u00f1o. Le damos unas consultas con una serie de especialistas, que puede ser una consulta de neonatolog\u00eda de alto riesgo o un neuropediatra, pero los pap\u00e1s comentan muchas veces que se sienten un poco abandonados porque hay como un cambio brusco desde el ingreso a irse a casa. Y esa <b>transici\u00f3n hay que hacerla bien<\/b>, tiene que ser planificada, estructurada, individualizando los riesgos, porque no todos los beb\u00e9s tienen los mismos riesgos. Hay que emplear tiempo en explicarles c\u00f3mo va a ser el proceso, qu\u00e9 tipo de especialistas pueden intervenir, etc.\u00bb<\/p>\n<p>Adem\u00e1s, desde NeNe creen que es fundamental que, tras el alta, un m\u00e9dico coordine, pero <b>que el equipo sea multidisciplinar<\/b>, porque \u00abno solo hay que vigilar la parte neuroevolutiva, son beb\u00e9s que a veces necesitan cosas de nutrici\u00f3n, respiratorias&#8230;  o de otras especialidades. Para eso existen las consultas de <b>neonatolog\u00eda de alto riesgo<\/b>, que tienen un coordinador que se apoya en otros especialistas. Sin embargo, estas unidades no siempre est\u00e1n, sobre todo en ciudades peque\u00f1as, donde no suele haber fisioterapeutas infantiles especializados, logopedas infantiles que sepan c\u00f3mo manejar, por ejemplo, el tema de la comida, etc. El <b>soporte multidisciplinar que necesita el beb\u00e9 despu\u00e9s del alta<\/b> y durante los a\u00f1os siguientes tiene que ser especializado\u00bb.<\/p>\n<p>Por otro lado, est\u00e1 la <b>atenci\u00f3n temprana<\/b>, indispensable en estos ni\u00f1os, una atenci\u00f3n temprana que, aunque en su caso acceden casi directamente desde el hospital, est\u00e1 muy saturada en muchas comunidades y <b>no tienen profesionales especializados en prematuros<\/b>, \u00abpara minimizar el riesgo de desarrollar una discapacidad por parte de estos ni\u00f1os, los profesionales de la atenci\u00f3n temprana tambi\u00e9n deber\u00edan estar especializados\u00bb, insiste. <\/p>\n<p>Y lo mismo deber\u00eda ocurrir en los colegios, en los que <b>el<\/b> <b>profesorado deber\u00eda estar formado e informado sobre los riesgos en el desarrollo de su aprendizaje<\/b> que pueden tener estos ni\u00f1os, \u00ablos educadores deben saber cu\u00e1les son los riesgos del beb\u00e9 prematuro en materia de aprendizaje para hacer las adaptaciones necesarias\u00bb, asegura.<\/p>\n<h1>Para minimizar el riesgo de desarrollar una discapacidad, la atenci\u00f3n temprana tambi\u00e9n deber\u00eda estar especializada en beb\u00e9s prematuros<\/h1>\n<p>Y todos estos recursos, tanto los sanitarios, como los educativos y los sociales,<b> deber\u00edan estar al alcance de todos los ni\u00f1os prematuros<\/b>, algo que, a d\u00eda de hoy, no sucede, lo que produce mucha desigualdad, \u00abal final, el nivel socioecon\u00f3mico o sociocultural afecta a la evoluci\u00f3n del beb\u00e9 prematuro\u00bb, lamenta Arn\u00e1ez, \u00aby eso est\u00e1 muy estudiado, porque si el apoyo, a pesar de haber nacido muy prematuramente, es bueno tras el alta, es decir, si hay buena estimulaci\u00f3n, un buen apoyo interdisciplinar\u2026 el beb\u00e9 va bien, pero<b> si el apoyo no es el adecuado, su evoluci\u00f3n es peor<\/b>. Por eso <b>hay que universalizar el apoyo<\/b>, porque la gente con recursos se busca la vida y se va a lo privado. Los que no los tienen, no pueden. Por eso, el nivel socioecon\u00f3mico es un factor fundamental para minimizar la discapacidad\u00bb. <\/p>\n<\/div>\n<p>Fuente: Discapacidad https:\/\/www.20minutos.es\/noticia\/5654735\/0\/los-ninos-prematuros-tienen-mas-riesgo-tener-discapacidad\/<\/p>\n","protected":false},"excerpt":{"rendered":"<p>El 17 de noviembre es el d\u00eda mundial de la prematuridad.<\/p>\n","protected":false},"author":1,"featured_media":0,"comment_status":"closed","ping_status":"closed","sticky":false,"template":"","format":"standard","meta":{"footnotes":""},"categories":[8],"tags":[],"class_list":["post-10575","post","type-post","status-publish","format-standard","hentry","category-noticias"],"yoast_head":"<!-- This site is optimized with the Yoast SEO plugin v27.5 - https:\/\/yoast.com\/product\/yoast-seo-wordpress\/ -->\n<title>Especializaci\u00f3n y recursos, claves para minimizar la discapacidad en beb\u00e9s prematuros: &quot;Afectan a su evoluci\u00f3n&quot; - Asociaci\u00f3n Espa\u00f1ola S\u00edndrome de Charge<\/title>\n<meta name=\"robots\" content=\"index, follow, max-snippet:-1, max-image-preview:large, max-video-preview:-1\" \/>\n<link rel=\"canonical\" href=\"https:\/\/sindromecharge.es\/index.php\/2024\/11\/17\/los-ninos-prematuros-tienen-mas-riesgo-tener-discapacidad\/\" \/>\n<meta property=\"og:locale\" content=\"es_ES\" \/>\n<meta property=\"og:type\" content=\"article\" \/>\n<meta property=\"og:title\" content=\"Especializaci\u00f3n y recursos, claves para minimizar la discapacidad en beb\u00e9s prematuros: &quot;Afectan a su evoluci\u00f3n&quot; - Asociaci\u00f3n Espa\u00f1ola S\u00edndrome de Charge\" \/>\n<meta property=\"og:description\" content=\"El 17 de noviembre es el d\u00eda mundial de la prematuridad.\" \/>\n<meta property=\"og:url\" content=\"https:\/\/sindromecharge.es\/index.php\/2024\/11\/17\/los-ninos-prematuros-tienen-mas-riesgo-tener-discapacidad\/\" \/>\n<meta property=\"og:site_name\" content=\"Asociaci\u00f3n Espa\u00f1ola S\u00edndrome de Charge\" \/>\n<meta property=\"article:publisher\" content=\"https:\/\/www.facebook.com\/asociacionsindromecharge\" \/>\n<meta property=\"article:published_time\" content=\"2024-11-17T07:32:07+00:00\" \/>\n<meta property=\"og:image\" content=\"https:\/\/sindromecharge.es\/wp-content\/uploads\/2013\/09\/logodecharge300x98.png\" \/>\n\t<meta property=\"og:image:width\" content=\"300\" \/>\n\t<meta property=\"og:image:height\" content=\"98\" \/>\n\t<meta property=\"og:image:type\" content=\"image\/png\" \/>\n<meta name=\"author\" content=\"Charge\" \/>\n<meta name=\"twitter:card\" content=\"summary_large_image\" \/>\n<meta name=\"twitter:creator\" content=\"@sindromecharge\" \/>\n<meta name=\"twitter:site\" content=\"@sindromecharge\" \/>\n<meta name=\"twitter:label1\" content=\"Escrito por\" \/>\n\t<meta name=\"twitter:data1\" content=\"Charge\" \/>\n\t<meta name=\"twitter:label2\" content=\"Tiempo de lectura\" \/>\n\t<meta name=\"twitter:data2\" content=\"9 minutos\" \/>\n<script type=\"application\/ld+json\" class=\"yoast-schema-graph\">{\"@context\":\"https:\\\/\\\/schema.org\",\"@graph\":[{\"@type\":\"Article\",\"@id\":\"https:\\\/\\\/sindromecharge.es\\\/index.php\\\/2024\\\/11\\\/17\\\/los-ninos-prematuros-tienen-mas-riesgo-tener-discapacidad\\\/#article\",\"isPartOf\":{\"@id\":\"https:\\\/\\\/sindromecharge.es\\\/index.php\\\/2024\\\/11\\\/17\\\/los-ninos-prematuros-tienen-mas-riesgo-tener-discapacidad\\\/\"},\"author\":{\"name\":\"Charge\",\"@id\":\"https:\\\/\\\/sindromecharge.es\\\/#\\\/schema\\\/person\\\/39a60ebe0a2b4d5a11179701e336b039\"},\"headline\":\"Especializaci\u00f3n y recursos, claves para minimizar la discapacidad en beb\u00e9s prematuros: \u00abAfectan a su evoluci\u00f3n\u00bb\",\"datePublished\":\"2024-11-17T07:32:07+00:00\",\"mainEntityOfPage\":{\"@id\":\"https:\\\/\\\/sindromecharge.es\\\/index.php\\\/2024\\\/11\\\/17\\\/los-ninos-prematuros-tienen-mas-riesgo-tener-discapacidad\\\/\"},\"wordCount\":1823,\"articleSection\":[\"noticias\"],\"inLanguage\":\"es\"},{\"@type\":\"WebPage\",\"@id\":\"https:\\\/\\\/sindromecharge.es\\\/index.php\\\/2024\\\/11\\\/17\\\/los-ninos-prematuros-tienen-mas-riesgo-tener-discapacidad\\\/\",\"url\":\"https:\\\/\\\/sindromecharge.es\\\/index.php\\\/2024\\\/11\\\/17\\\/los-ninos-prematuros-tienen-mas-riesgo-tener-discapacidad\\\/\",\"name\":\"Especializaci\u00f3n y recursos, claves para minimizar la discapacidad en beb\u00e9s prematuros: \\\"Afectan a su evoluci\u00f3n\\\" - Asociaci\u00f3n Espa\u00f1ola S\u00edndrome de Charge\",\"isPartOf\":{\"@id\":\"https:\\\/\\\/sindromecharge.es\\\/#website\"},\"datePublished\":\"2024-11-17T07:32:07+00:00\",\"author\":{\"@id\":\"https:\\\/\\\/sindromecharge.es\\\/#\\\/schema\\\/person\\\/39a60ebe0a2b4d5a11179701e336b039\"},\"breadcrumb\":{\"@id\":\"https:\\\/\\\/sindromecharge.es\\\/index.php\\\/2024\\\/11\\\/17\\\/los-ninos-prematuros-tienen-mas-riesgo-tener-discapacidad\\\/#breadcrumb\"},\"inLanguage\":\"es\",\"potentialAction\":[{\"@type\":\"ReadAction\",\"target\":[\"https:\\\/\\\/sindromecharge.es\\\/index.php\\\/2024\\\/11\\\/17\\\/los-ninos-prematuros-tienen-mas-riesgo-tener-discapacidad\\\/\"]}]},{\"@type\":\"BreadcrumbList\",\"@id\":\"https:\\\/\\\/sindromecharge.es\\\/index.php\\\/2024\\\/11\\\/17\\\/los-ninos-prematuros-tienen-mas-riesgo-tener-discapacidad\\\/#breadcrumb\",\"itemListElement\":[{\"@type\":\"ListItem\",\"position\":1,\"name\":\"Portada\",\"item\":\"https:\\\/\\\/sindromecharge.es\\\/\"},{\"@type\":\"ListItem\",\"position\":2,\"name\":\"Especializaci\u00f3n y recursos, claves para minimizar la discapacidad en beb\u00e9s prematuros: &#8220;Afectan a su evoluci\u00f3n&#8221;\"}]},{\"@type\":\"WebSite\",\"@id\":\"https:\\\/\\\/sindromecharge.es\\\/#website\",\"url\":\"https:\\\/\\\/sindromecharge.es\\\/\",\"name\":\"Asociaci\u00f3n Espa\u00f1ola S\u00edndrome de Charge\",\"description\":\"\",\"potentialAction\":[{\"@type\":\"SearchAction\",\"target\":{\"@type\":\"EntryPoint\",\"urlTemplate\":\"https:\\\/\\\/sindromecharge.es\\\/?s={search_term_string}\"},\"query-input\":{\"@type\":\"PropertyValueSpecification\",\"valueRequired\":true,\"valueName\":\"search_term_string\"}}],\"inLanguage\":\"es\"},{\"@type\":\"Person\",\"@id\":\"https:\\\/\\\/sindromecharge.es\\\/#\\\/schema\\\/person\\\/39a60ebe0a2b4d5a11179701e336b039\",\"name\":\"Charge\",\"image\":{\"@type\":\"ImageObject\",\"inLanguage\":\"es\",\"@id\":\"https:\\\/\\\/secure.gravatar.com\\\/avatar\\\/c3b46e32a0fc3b093a0873fb767bf3293de856293065e84ef06b7ec7a8acfb98?s=96&d=identicon&r=x\",\"url\":\"https:\\\/\\\/secure.gravatar.com\\\/avatar\\\/c3b46e32a0fc3b093a0873fb767bf3293de856293065e84ef06b7ec7a8acfb98?s=96&d=identicon&r=x\",\"contentUrl\":\"https:\\\/\\\/secure.gravatar.com\\\/avatar\\\/c3b46e32a0fc3b093a0873fb767bf3293de856293065e84ef06b7ec7a8acfb98?s=96&d=identicon&r=x\",\"caption\":\"Charge\"},\"url\":\"https:\\\/\\\/sindromecharge.es\\\/index.php\\\/author\\\/admin\\\/\"}]}<\/script>\n<!-- \/ Yoast SEO plugin. -->","yoast_head_json":{"title":"Especializaci\u00f3n y recursos, claves para minimizar la discapacidad en beb\u00e9s prematuros: \"Afectan a su evoluci\u00f3n\" - Asociaci\u00f3n Espa\u00f1ola S\u00edndrome de Charge","robots":{"index":"index","follow":"follow","max-snippet":"max-snippet:-1","max-image-preview":"max-image-preview:large","max-video-preview":"max-video-preview:-1"},"canonical":"https:\/\/sindromecharge.es\/index.php\/2024\/11\/17\/los-ninos-prematuros-tienen-mas-riesgo-tener-discapacidad\/","og_locale":"es_ES","og_type":"article","og_title":"Especializaci\u00f3n y recursos, claves para minimizar la discapacidad en beb\u00e9s prematuros: \"Afectan a su evoluci\u00f3n\" - Asociaci\u00f3n Espa\u00f1ola S\u00edndrome de Charge","og_description":"El 17 de noviembre es el d\u00eda mundial de la prematuridad.","og_url":"https:\/\/sindromecharge.es\/index.php\/2024\/11\/17\/los-ninos-prematuros-tienen-mas-riesgo-tener-discapacidad\/","og_site_name":"Asociaci\u00f3n Espa\u00f1ola S\u00edndrome de Charge","article_publisher":"https:\/\/www.facebook.com\/asociacionsindromecharge","article_published_time":"2024-11-17T07:32:07+00:00","og_image":[{"width":300,"height":98,"url":"https:\/\/sindromecharge.es\/wp-content\/uploads\/2013\/09\/logodecharge300x98.png","type":"image\/png"}],"author":"Charge","twitter_card":"summary_large_image","twitter_creator":"@sindromecharge","twitter_site":"@sindromecharge","twitter_misc":{"Escrito por":"Charge","Tiempo de lectura":"9 minutos"},"schema":{"@context":"https:\/\/schema.org","@graph":[{"@type":"Article","@id":"https:\/\/sindromecharge.es\/index.php\/2024\/11\/17\/los-ninos-prematuros-tienen-mas-riesgo-tener-discapacidad\/#article","isPartOf":{"@id":"https:\/\/sindromecharge.es\/index.php\/2024\/11\/17\/los-ninos-prematuros-tienen-mas-riesgo-tener-discapacidad\/"},"author":{"name":"Charge","@id":"https:\/\/sindromecharge.es\/#\/schema\/person\/39a60ebe0a2b4d5a11179701e336b039"},"headline":"Especializaci\u00f3n y recursos, claves para minimizar la discapacidad en beb\u00e9s prematuros: \u00abAfectan a su evoluci\u00f3n\u00bb","datePublished":"2024-11-17T07:32:07+00:00","mainEntityOfPage":{"@id":"https:\/\/sindromecharge.es\/index.php\/2024\/11\/17\/los-ninos-prematuros-tienen-mas-riesgo-tener-discapacidad\/"},"wordCount":1823,"articleSection":["noticias"],"inLanguage":"es"},{"@type":"WebPage","@id":"https:\/\/sindromecharge.es\/index.php\/2024\/11\/17\/los-ninos-prematuros-tienen-mas-riesgo-tener-discapacidad\/","url":"https:\/\/sindromecharge.es\/index.php\/2024\/11\/17\/los-ninos-prematuros-tienen-mas-riesgo-tener-discapacidad\/","name":"Especializaci\u00f3n y recursos, claves para minimizar la discapacidad en beb\u00e9s prematuros: \"Afectan a su evoluci\u00f3n\" - Asociaci\u00f3n Espa\u00f1ola S\u00edndrome de Charge","isPartOf":{"@id":"https:\/\/sindromecharge.es\/#website"},"datePublished":"2024-11-17T07:32:07+00:00","author":{"@id":"https:\/\/sindromecharge.es\/#\/schema\/person\/39a60ebe0a2b4d5a11179701e336b039"},"breadcrumb":{"@id":"https:\/\/sindromecharge.es\/index.php\/2024\/11\/17\/los-ninos-prematuros-tienen-mas-riesgo-tener-discapacidad\/#breadcrumb"},"inLanguage":"es","potentialAction":[{"@type":"ReadAction","target":["https:\/\/sindromecharge.es\/index.php\/2024\/11\/17\/los-ninos-prematuros-tienen-mas-riesgo-tener-discapacidad\/"]}]},{"@type":"BreadcrumbList","@id":"https:\/\/sindromecharge.es\/index.php\/2024\/11\/17\/los-ninos-prematuros-tienen-mas-riesgo-tener-discapacidad\/#breadcrumb","itemListElement":[{"@type":"ListItem","position":1,"name":"Portada","item":"https:\/\/sindromecharge.es\/"},{"@type":"ListItem","position":2,"name":"Especializaci\u00f3n y recursos, claves para minimizar la discapacidad en beb\u00e9s prematuros: &#8220;Afectan a su evoluci\u00f3n&#8221;"}]},{"@type":"WebSite","@id":"https:\/\/sindromecharge.es\/#website","url":"https:\/\/sindromecharge.es\/","name":"Asociaci\u00f3n Espa\u00f1ola S\u00edndrome de Charge","description":"","potentialAction":[{"@type":"SearchAction","target":{"@type":"EntryPoint","urlTemplate":"https:\/\/sindromecharge.es\/?s={search_term_string}"},"query-input":{"@type":"PropertyValueSpecification","valueRequired":true,"valueName":"search_term_string"}}],"inLanguage":"es"},{"@type":"Person","@id":"https:\/\/sindromecharge.es\/#\/schema\/person\/39a60ebe0a2b4d5a11179701e336b039","name":"Charge","image":{"@type":"ImageObject","inLanguage":"es","@id":"https:\/\/secure.gravatar.com\/avatar\/c3b46e32a0fc3b093a0873fb767bf3293de856293065e84ef06b7ec7a8acfb98?s=96&d=identicon&r=x","url":"https:\/\/secure.gravatar.com\/avatar\/c3b46e32a0fc3b093a0873fb767bf3293de856293065e84ef06b7ec7a8acfb98?s=96&d=identicon&r=x","contentUrl":"https:\/\/secure.gravatar.com\/avatar\/c3b46e32a0fc3b093a0873fb767bf3293de856293065e84ef06b7ec7a8acfb98?s=96&d=identicon&r=x","caption":"Charge"},"url":"https:\/\/sindromecharge.es\/index.php\/author\/admin\/"}]}},"_links":{"self":[{"href":"https:\/\/sindromecharge.es\/index.php\/wp-json\/wp\/v2\/posts\/10575","targetHints":{"allow":["GET"]}}],"collection":[{"href":"https:\/\/sindromecharge.es\/index.php\/wp-json\/wp\/v2\/posts"}],"about":[{"href":"https:\/\/sindromecharge.es\/index.php\/wp-json\/wp\/v2\/types\/post"}],"author":[{"embeddable":true,"href":"https:\/\/sindromecharge.es\/index.php\/wp-json\/wp\/v2\/users\/1"}],"replies":[{"embeddable":true,"href":"https:\/\/sindromecharge.es\/index.php\/wp-json\/wp\/v2\/comments?post=10575"}],"version-history":[{"count":0,"href":"https:\/\/sindromecharge.es\/index.php\/wp-json\/wp\/v2\/posts\/10575\/revisions"}],"wp:attachment":[{"href":"https:\/\/sindromecharge.es\/index.php\/wp-json\/wp\/v2\/media?parent=10575"}],"wp:term":[{"taxonomy":"category","embeddable":true,"href":"https:\/\/sindromecharge.es\/index.php\/wp-json\/wp\/v2\/categories?post=10575"},{"taxonomy":"post_tag","embeddable":true,"href":"https:\/\/sindromecharge.es\/index.php\/wp-json\/wp\/v2\/tags?post=10575"}],"curies":[{"name":"wp","href":"https:\/\/api.w.org\/{rel}","templated":true}]}}