{"id":10573,"date":"2024-11-15T07:10:17","date_gmt":"2024-11-15T07:10:17","guid":{"rendered":"https:\/\/sindromecharge.es\/index.php\/2024\/11\/15\/temporal-inundaciones-dana-valencia-impacta-mas-1-600-personas-con-discapacidad-segun-un-informe\/"},"modified":"2024-11-15T07:10:17","modified_gmt":"2024-11-15T07:10:17","slug":"temporal-inundaciones-dana-valencia-impacta-mas-1-600-personas-con-discapacidad-segun-un-informe","status":"publish","type":"post","link":"https:\/\/sindromecharge.es\/index.php\/2024\/11\/15\/temporal-inundaciones-dana-valencia-impacta-mas-1-600-personas-con-discapacidad-segun-un-informe\/","title":{"rendered":"La DANA de Valencia impacta en m\u00e1s de 1.600 personas con discapacidad, seg\u00fan un informe: \u00abHa evidenciado su vulnerabilidad\u00bb"},"content":{"rendered":"<p>Leemos en Discapacidad la siguiente noticia que os reproducimos de forma \u00edntegra: <\/p>\n<div>\n<p>La dana que afect\u00f3 a la provincia de Valencia el pasado 29 de octubre ha impactado en<b> 1.625 personas con discapacidad asociadas a entidades del <a href=\"https:\/\/www.20minutos.es\/minuteca\/cermi\/\" title=\"Cermi\" target=\"_blank\">CERMI<\/a><\/b> en la Comunitat Valenciana y que residen en las zonas devastadas, as\u00ed como a<b> 32 centros residenciales y 26 centros especiales de empleo<\/b>.<\/p>\n<p>As\u00ed lo concluye un informe del Comit\u00e9 de Entidades Representantes de Personas con Discapacidad de la Comunidad Valenciana (CERMI CV), que afirma que<b> el acceso a dispositivos de movilidad y asistencia<\/b> \u00abha sido gravemente afectado, comprometiendo la autonom\u00eda de numerosas personas\u00bb.<\/p>\n<p>El documento, que destaca la<b> \u00abr\u00e1pida respuesta\u00bb del movimiento de la discapacidad <\/b>frente a los efectos de la dana, es una \u00abllamada a la acci\u00f3n coordinada y eficaz para garantizar que las personas con discapacidad no sean dejadas atr\u00e1s en situaciones de emergencia\u00bb, afirma en un comunicado Luis Va\u00f1\u00f3, presidente de CERMI CV.<\/p>\n<p>Seg\u00fan indica, la<b> destrucci\u00f3n o inaccesibilidad <\/b>de los hogares de las personas con discapacidades, la p\u00e9rdida de materiales ortoprot\u00e9sicos y dispositivos de asistencia personal \u2014como <a href=\"https:\/\/www.20minutos.es\/minuteca\/silla-de-ruedas\/\" title=\"Silla de ruedas\" target=\"_blank\">sillas de ruedas<\/a>, aud\u00edfonos, pr\u00f3tesis y otros equipos esenciales\u2014<b> \u00abha comprometido\u00bb su autonom\u00eda y movilidad<\/b>.<\/p>\n<p>Adem\u00e1s, la<b> falta de acceso a medicaci\u00f3n esencial<\/b> y tratamientos m\u00e9dicos especializados \u00abha agravado las condiciones de salud de este colectivo\u00bb, a\u00f1ade el informe, que insiste en que la dana \u00ab<b>ha evidenciado las vulnerabilidades existentes<\/b> y ha resaltado la necesidad de fortalecer los sistemas de apoyo y respuesta ante emergencias, especialmente para los colectivos m\u00e1s vulnerables\u00bb.<\/p>\n<p>El documento ha sido trasladado a la Direcci\u00f3n General de Personas con Discapacidad de la Conselleria de Servicios Sociales, Igualdad y Vivienda, as\u00ed como al CERMI estatal, al Gobierno de Espa\u00f1a y al Parlamento Europeo, y en el mismo se incluyen <b>recomendaciones y acciones prioritarias <\/b>dirigidas a las autoridades, las entidades del tercer sector y la sociedad en general.<\/p>\n<p>Entre estas acciones, destaca la<b> necesidad de establecer fondos espec\u00edficos para la recuperaci\u00f3n<\/b> de infraestructuras y dispositivos ortoprot\u00e9sicos, transportes adaptados, as\u00ed como la creaci\u00f3n de redes de apoyo psicol\u00f3gico y asistencia personalizada para las familias afectadas.<\/p>\n<p>Seg\u00fan el informe, adem\u00e1s de las 1.625 personas con <a href=\"https:\/\/www.20minutos.es\/minuteca\/discapacidad\/\" title=\"Discapacidad\" target=\"_blank\">discapacidad<\/a> de las que se tiene constancia que viven en las zonas afectadas, 32 centros residenciales han sido \u00abgravemente tocados, est\u00e1n inoperativos\u00bb, afectando a<b> 1.315 residentes<\/b>, y tambi\u00e9n en el entorno laboral<b>, 26 centros especiales de empleo<\/b> han sufrido \u00abda\u00f1os considerables, afectando la continuidad de las operaciones y la seguridad\u00bb.<\/p>\n<p>El CERMI CV ha conformado protocolos globales de atenci\u00f3n que incluyen la<b> reposici\u00f3n de material del cat\u00e1logo ortoprot\u00e9sico da\u00f1ado<\/b> o inutilizado por la dana, la provisi\u00f3n de medicaci\u00f3n esencial, el reparto de material esencial a las propias entidades de la Confederaci\u00f3n y la difusi\u00f3n de informaci\u00f3n con asistencia jur\u00eddica para resolver cualquier gesti\u00f3n que puedan necesitar las personas afectadas.<\/p>\n<p>Asimismo, se ha impulsado una colaboraci\u00f3n estrecha con la Plataforma del Tercer Sector de Acci\u00f3n Social de la Comunitat Valenciana y la Conselleria de Servicios Sociales para<b> coordinar acciones y facilitar la ayuda en las zonas m\u00e1s impactadas<\/b>. <\/p>\n<\/div>\n<p>Fuente: Discapacidad https:\/\/www.20minutos.es\/noticia\/5654487\/0\/temporal-inundaciones-dana-valencia-impacta-mas-1-600-personas-con-discapacidad-segun-un-informe\/<\/p>\n","protected":false},"excerpt":{"rendered":"<p>La p\u00e9rdida de materiales ortoprot\u00e9sicos o dispositivos como sillas de ruedas \u00abha comprometido\u00bb aun m\u00e1s su autonom\u00eda y movilidad.<\/p>\n","protected":false},"author":1,"featured_media":0,"comment_status":"closed","ping_status":"closed","sticky":false,"template":"","format":"standard","meta":{"footnotes":""},"categories":[8],"tags":[],"class_list":["post-10573","post","type-post","status-publish","format-standard","hentry","category-noticias"],"yoast_head":"<!-- This site is optimized with the Yoast SEO plugin v27.5 - https:\/\/yoast.com\/product\/yoast-seo-wordpress\/ -->\n<title>La DANA de Valencia impacta en m\u00e1s de 1.600 personas con discapacidad, seg\u00fan un informe: &quot;Ha evidenciado su vulnerabilidad&quot; - Asociaci\u00f3n Espa\u00f1ola S\u00edndrome de Charge<\/title>\n<meta name=\"robots\" content=\"index, follow, max-snippet:-1, max-image-preview:large, max-video-preview:-1\" \/>\n<link rel=\"canonical\" href=\"https:\/\/sindromecharge.es\/index.php\/2024\/11\/15\/temporal-inundaciones-dana-valencia-impacta-mas-1-600-personas-con-discapacidad-segun-un-informe\/\" \/>\n<meta property=\"og:locale\" content=\"es_ES\" \/>\n<meta property=\"og:type\" content=\"article\" \/>\n<meta property=\"og:title\" content=\"La DANA de Valencia impacta en m\u00e1s de 1.600 personas con discapacidad, seg\u00fan un informe: &quot;Ha evidenciado su vulnerabilidad&quot; - Asociaci\u00f3n Espa\u00f1ola S\u00edndrome de Charge\" \/>\n<meta property=\"og:description\" content=\"La p\u00e9rdida de materiales ortoprot\u00e9sicos o dispositivos como sillas de ruedas \u00abha comprometido\u00bb aun m\u00e1s su autonom\u00eda y movilidad.\" \/>\n<meta property=\"og:url\" content=\"https:\/\/sindromecharge.es\/index.php\/2024\/11\/15\/temporal-inundaciones-dana-valencia-impacta-mas-1-600-personas-con-discapacidad-segun-un-informe\/\" \/>\n<meta property=\"og:site_name\" content=\"Asociaci\u00f3n Espa\u00f1ola S\u00edndrome de Charge\" \/>\n<meta property=\"article:publisher\" content=\"https:\/\/www.facebook.com\/asociacionsindromecharge\" \/>\n<meta property=\"article:published_time\" content=\"2024-11-15T07:10:17+00:00\" \/>\n<meta property=\"og:image\" content=\"https:\/\/sindromecharge.es\/wp-content\/uploads\/2013\/09\/logodecharge300x98.png\" \/>\n\t<meta property=\"og:image:width\" content=\"300\" \/>\n\t<meta property=\"og:image:height\" content=\"98\" \/>\n\t<meta property=\"og:image:type\" content=\"image\/png\" \/>\n<meta name=\"author\" content=\"Charge\" \/>\n<meta name=\"twitter:card\" content=\"summary_large_image\" \/>\n<meta name=\"twitter:creator\" content=\"@sindromecharge\" \/>\n<meta name=\"twitter:site\" content=\"@sindromecharge\" \/>\n<meta name=\"twitter:label1\" content=\"Escrito por\" \/>\n\t<meta name=\"twitter:data1\" content=\"Charge\" \/>\n\t<meta name=\"twitter:label2\" content=\"Tiempo de lectura\" \/>\n\t<meta name=\"twitter:data2\" content=\"3 minutos\" \/>\n<script type=\"application\/ld+json\" class=\"yoast-schema-graph\">{\"@context\":\"https:\\\/\\\/schema.org\",\"@graph\":[{\"@type\":\"Article\",\"@id\":\"https:\\\/\\\/sindromecharge.es\\\/index.php\\\/2024\\\/11\\\/15\\\/temporal-inundaciones-dana-valencia-impacta-mas-1-600-personas-con-discapacidad-segun-un-informe\\\/#article\",\"isPartOf\":{\"@id\":\"https:\\\/\\\/sindromecharge.es\\\/index.php\\\/2024\\\/11\\\/15\\\/temporal-inundaciones-dana-valencia-impacta-mas-1-600-personas-con-discapacidad-segun-un-informe\\\/\"},\"author\":{\"name\":\"Charge\",\"@id\":\"https:\\\/\\\/sindromecharge.es\\\/#\\\/schema\\\/person\\\/39a60ebe0a2b4d5a11179701e336b039\"},\"headline\":\"La DANA de Valencia impacta en m\u00e1s de 1.600 personas con discapacidad, seg\u00fan un informe: \u00abHa evidenciado su vulnerabilidad\u00bb\",\"datePublished\":\"2024-11-15T07:10:17+00:00\",\"mainEntityOfPage\":{\"@id\":\"https:\\\/\\\/sindromecharge.es\\\/index.php\\\/2024\\\/11\\\/15\\\/temporal-inundaciones-dana-valencia-impacta-mas-1-600-personas-con-discapacidad-segun-un-informe\\\/\"},\"wordCount\":567,\"articleSection\":[\"noticias\"],\"inLanguage\":\"es\"},{\"@type\":\"WebPage\",\"@id\":\"https:\\\/\\\/sindromecharge.es\\\/index.php\\\/2024\\\/11\\\/15\\\/temporal-inundaciones-dana-valencia-impacta-mas-1-600-personas-con-discapacidad-segun-un-informe\\\/\",\"url\":\"https:\\\/\\\/sindromecharge.es\\\/index.php\\\/2024\\\/11\\\/15\\\/temporal-inundaciones-dana-valencia-impacta-mas-1-600-personas-con-discapacidad-segun-un-informe\\\/\",\"name\":\"La DANA de Valencia impacta en m\u00e1s de 1.600 personas con discapacidad, seg\u00fan un informe: \\\"Ha evidenciado su vulnerabilidad\\\" - Asociaci\u00f3n Espa\u00f1ola S\u00edndrome de Charge\",\"isPartOf\":{\"@id\":\"https:\\\/\\\/sindromecharge.es\\\/#website\"},\"datePublished\":\"2024-11-15T07:10:17+00:00\",\"author\":{\"@id\":\"https:\\\/\\\/sindromecharge.es\\\/#\\\/schema\\\/person\\\/39a60ebe0a2b4d5a11179701e336b039\"},\"breadcrumb\":{\"@id\":\"https:\\\/\\\/sindromecharge.es\\\/index.php\\\/2024\\\/11\\\/15\\\/temporal-inundaciones-dana-valencia-impacta-mas-1-600-personas-con-discapacidad-segun-un-informe\\\/#breadcrumb\"},\"inLanguage\":\"es\",\"potentialAction\":[{\"@type\":\"ReadAction\",\"target\":[\"https:\\\/\\\/sindromecharge.es\\\/index.php\\\/2024\\\/11\\\/15\\\/temporal-inundaciones-dana-valencia-impacta-mas-1-600-personas-con-discapacidad-segun-un-informe\\\/\"]}]},{\"@type\":\"BreadcrumbList\",\"@id\":\"https:\\\/\\\/sindromecharge.es\\\/index.php\\\/2024\\\/11\\\/15\\\/temporal-inundaciones-dana-valencia-impacta-mas-1-600-personas-con-discapacidad-segun-un-informe\\\/#breadcrumb\",\"itemListElement\":[{\"@type\":\"ListItem\",\"position\":1,\"name\":\"Portada\",\"item\":\"https:\\\/\\\/sindromecharge.es\\\/\"},{\"@type\":\"ListItem\",\"position\":2,\"name\":\"La DANA de Valencia impacta en m\u00e1s de 1.600 personas con discapacidad, seg\u00fan un informe: &#8220;Ha evidenciado su vulnerabilidad&#8221;\"}]},{\"@type\":\"WebSite\",\"@id\":\"https:\\\/\\\/sindromecharge.es\\\/#website\",\"url\":\"https:\\\/\\\/sindromecharge.es\\\/\",\"name\":\"Asociaci\u00f3n Espa\u00f1ola S\u00edndrome de Charge\",\"description\":\"\",\"potentialAction\":[{\"@type\":\"SearchAction\",\"target\":{\"@type\":\"EntryPoint\",\"urlTemplate\":\"https:\\\/\\\/sindromecharge.es\\\/?s={search_term_string}\"},\"query-input\":{\"@type\":\"PropertyValueSpecification\",\"valueRequired\":true,\"valueName\":\"search_term_string\"}}],\"inLanguage\":\"es\"},{\"@type\":\"Person\",\"@id\":\"https:\\\/\\\/sindromecharge.es\\\/#\\\/schema\\\/person\\\/39a60ebe0a2b4d5a11179701e336b039\",\"name\":\"Charge\",\"image\":{\"@type\":\"ImageObject\",\"inLanguage\":\"es\",\"@id\":\"https:\\\/\\\/secure.gravatar.com\\\/avatar\\\/c3b46e32a0fc3b093a0873fb767bf3293de856293065e84ef06b7ec7a8acfb98?s=96&d=identicon&r=x\",\"url\":\"https:\\\/\\\/secure.gravatar.com\\\/avatar\\\/c3b46e32a0fc3b093a0873fb767bf3293de856293065e84ef06b7ec7a8acfb98?s=96&d=identicon&r=x\",\"contentUrl\":\"https:\\\/\\\/secure.gravatar.com\\\/avatar\\\/c3b46e32a0fc3b093a0873fb767bf3293de856293065e84ef06b7ec7a8acfb98?s=96&d=identicon&r=x\",\"caption\":\"Charge\"},\"url\":\"https:\\\/\\\/sindromecharge.es\\\/index.php\\\/author\\\/admin\\\/\"}]}<\/script>\n<!-- \/ Yoast SEO plugin. -->","yoast_head_json":{"title":"La DANA de Valencia impacta en m\u00e1s de 1.600 personas con discapacidad, seg\u00fan un informe: \"Ha evidenciado su vulnerabilidad\" - Asociaci\u00f3n Espa\u00f1ola S\u00edndrome de Charge","robots":{"index":"index","follow":"follow","max-snippet":"max-snippet:-1","max-image-preview":"max-image-preview:large","max-video-preview":"max-video-preview:-1"},"canonical":"https:\/\/sindromecharge.es\/index.php\/2024\/11\/15\/temporal-inundaciones-dana-valencia-impacta-mas-1-600-personas-con-discapacidad-segun-un-informe\/","og_locale":"es_ES","og_type":"article","og_title":"La DANA de Valencia impacta en m\u00e1s de 1.600 personas con discapacidad, seg\u00fan un informe: \"Ha evidenciado su vulnerabilidad\" - Asociaci\u00f3n Espa\u00f1ola S\u00edndrome de Charge","og_description":"La p\u00e9rdida de materiales ortoprot\u00e9sicos o dispositivos como sillas de ruedas \u00abha comprometido\u00bb aun m\u00e1s su autonom\u00eda y movilidad.","og_url":"https:\/\/sindromecharge.es\/index.php\/2024\/11\/15\/temporal-inundaciones-dana-valencia-impacta-mas-1-600-personas-con-discapacidad-segun-un-informe\/","og_site_name":"Asociaci\u00f3n Espa\u00f1ola S\u00edndrome de Charge","article_publisher":"https:\/\/www.facebook.com\/asociacionsindromecharge","article_published_time":"2024-11-15T07:10:17+00:00","og_image":[{"width":300,"height":98,"url":"https:\/\/sindromecharge.es\/wp-content\/uploads\/2013\/09\/logodecharge300x98.png","type":"image\/png"}],"author":"Charge","twitter_card":"summary_large_image","twitter_creator":"@sindromecharge","twitter_site":"@sindromecharge","twitter_misc":{"Escrito por":"Charge","Tiempo de lectura":"3 minutos"},"schema":{"@context":"https:\/\/schema.org","@graph":[{"@type":"Article","@id":"https:\/\/sindromecharge.es\/index.php\/2024\/11\/15\/temporal-inundaciones-dana-valencia-impacta-mas-1-600-personas-con-discapacidad-segun-un-informe\/#article","isPartOf":{"@id":"https:\/\/sindromecharge.es\/index.php\/2024\/11\/15\/temporal-inundaciones-dana-valencia-impacta-mas-1-600-personas-con-discapacidad-segun-un-informe\/"},"author":{"name":"Charge","@id":"https:\/\/sindromecharge.es\/#\/schema\/person\/39a60ebe0a2b4d5a11179701e336b039"},"headline":"La DANA de Valencia impacta en m\u00e1s de 1.600 personas con discapacidad, seg\u00fan un informe: \u00abHa evidenciado su vulnerabilidad\u00bb","datePublished":"2024-11-15T07:10:17+00:00","mainEntityOfPage":{"@id":"https:\/\/sindromecharge.es\/index.php\/2024\/11\/15\/temporal-inundaciones-dana-valencia-impacta-mas-1-600-personas-con-discapacidad-segun-un-informe\/"},"wordCount":567,"articleSection":["noticias"],"inLanguage":"es"},{"@type":"WebPage","@id":"https:\/\/sindromecharge.es\/index.php\/2024\/11\/15\/temporal-inundaciones-dana-valencia-impacta-mas-1-600-personas-con-discapacidad-segun-un-informe\/","url":"https:\/\/sindromecharge.es\/index.php\/2024\/11\/15\/temporal-inundaciones-dana-valencia-impacta-mas-1-600-personas-con-discapacidad-segun-un-informe\/","name":"La DANA de Valencia impacta en m\u00e1s de 1.600 personas con discapacidad, seg\u00fan un informe: \"Ha evidenciado su vulnerabilidad\" - Asociaci\u00f3n Espa\u00f1ola S\u00edndrome de Charge","isPartOf":{"@id":"https:\/\/sindromecharge.es\/#website"},"datePublished":"2024-11-15T07:10:17+00:00","author":{"@id":"https:\/\/sindromecharge.es\/#\/schema\/person\/39a60ebe0a2b4d5a11179701e336b039"},"breadcrumb":{"@id":"https:\/\/sindromecharge.es\/index.php\/2024\/11\/15\/temporal-inundaciones-dana-valencia-impacta-mas-1-600-personas-con-discapacidad-segun-un-informe\/#breadcrumb"},"inLanguage":"es","potentialAction":[{"@type":"ReadAction","target":["https:\/\/sindromecharge.es\/index.php\/2024\/11\/15\/temporal-inundaciones-dana-valencia-impacta-mas-1-600-personas-con-discapacidad-segun-un-informe\/"]}]},{"@type":"BreadcrumbList","@id":"https:\/\/sindromecharge.es\/index.php\/2024\/11\/15\/temporal-inundaciones-dana-valencia-impacta-mas-1-600-personas-con-discapacidad-segun-un-informe\/#breadcrumb","itemListElement":[{"@type":"ListItem","position":1,"name":"Portada","item":"https:\/\/sindromecharge.es\/"},{"@type":"ListItem","position":2,"name":"La DANA de Valencia impacta en m\u00e1s de 1.600 personas con discapacidad, seg\u00fan un informe: &#8220;Ha evidenciado su vulnerabilidad&#8221;"}]},{"@type":"WebSite","@id":"https:\/\/sindromecharge.es\/#website","url":"https:\/\/sindromecharge.es\/","name":"Asociaci\u00f3n Espa\u00f1ola S\u00edndrome de Charge","description":"","potentialAction":[{"@type":"SearchAction","target":{"@type":"EntryPoint","urlTemplate":"https:\/\/sindromecharge.es\/?s={search_term_string}"},"query-input":{"@type":"PropertyValueSpecification","valueRequired":true,"valueName":"search_term_string"}}],"inLanguage":"es"},{"@type":"Person","@id":"https:\/\/sindromecharge.es\/#\/schema\/person\/39a60ebe0a2b4d5a11179701e336b039","name":"Charge","image":{"@type":"ImageObject","inLanguage":"es","@id":"https:\/\/secure.gravatar.com\/avatar\/c3b46e32a0fc3b093a0873fb767bf3293de856293065e84ef06b7ec7a8acfb98?s=96&d=identicon&r=x","url":"https:\/\/secure.gravatar.com\/avatar\/c3b46e32a0fc3b093a0873fb767bf3293de856293065e84ef06b7ec7a8acfb98?s=96&d=identicon&r=x","contentUrl":"https:\/\/secure.gravatar.com\/avatar\/c3b46e32a0fc3b093a0873fb767bf3293de856293065e84ef06b7ec7a8acfb98?s=96&d=identicon&r=x","caption":"Charge"},"url":"https:\/\/sindromecharge.es\/index.php\/author\/admin\/"}]}},"_links":{"self":[{"href":"https:\/\/sindromecharge.es\/index.php\/wp-json\/wp\/v2\/posts\/10573","targetHints":{"allow":["GET"]}}],"collection":[{"href":"https:\/\/sindromecharge.es\/index.php\/wp-json\/wp\/v2\/posts"}],"about":[{"href":"https:\/\/sindromecharge.es\/index.php\/wp-json\/wp\/v2\/types\/post"}],"author":[{"embeddable":true,"href":"https:\/\/sindromecharge.es\/index.php\/wp-json\/wp\/v2\/users\/1"}],"replies":[{"embeddable":true,"href":"https:\/\/sindromecharge.es\/index.php\/wp-json\/wp\/v2\/comments?post=10573"}],"version-history":[{"count":0,"href":"https:\/\/sindromecharge.es\/index.php\/wp-json\/wp\/v2\/posts\/10573\/revisions"}],"wp:attachment":[{"href":"https:\/\/sindromecharge.es\/index.php\/wp-json\/wp\/v2\/media?parent=10573"}],"wp:term":[{"taxonomy":"category","embeddable":true,"href":"https:\/\/sindromecharge.es\/index.php\/wp-json\/wp\/v2\/categories?post=10573"},{"taxonomy":"post_tag","embeddable":true,"href":"https:\/\/sindromecharge.es\/index.php\/wp-json\/wp\/v2\/tags?post=10573"}],"curies":[{"name":"wp","href":"https:\/\/api.w.org\/{rel}","templated":true}]}}