{"id":10572,"date":"2024-11-15T06:43:55","date_gmt":"2024-11-15T06:43:55","guid":{"rendered":"https:\/\/sindromecharge.es\/index.php\/2024\/11\/15\/mas-20-las-personas-con-discapacidad-apuestan-por-emprendimiento-para-ganarse-vida-mayoria-las-veces-por-necesidad\/"},"modified":"2024-11-15T06:43:55","modified_gmt":"2024-11-15T06:43:55","slug":"mas-20-las-personas-con-discapacidad-apuestan-por-emprendimiento-para-ganarse-vida-mayoria-las-veces-por-necesidad","status":"publish","type":"post","link":"https:\/\/sindromecharge.es\/index.php\/2024\/11\/15\/mas-20-las-personas-con-discapacidad-apuestan-por-emprendimiento-para-ganarse-vida-mayoria-las-veces-por-necesidad\/","title":{"rendered":"M\u00e1s del 20% de las personas con discapacidad apuestan por el emprendimiento, la mayor\u00eda por necesidad"},"content":{"rendered":"<p>Leemos en Discapacidad la siguiente noticia que os reproducimos de forma \u00edntegra: <\/p>\n<div>\n<p><a href=\"https:\/\/www.20minutos.es\/minuteca\/fundacion-once\/\" title=\"Fundaci\u00f3n Once\" target=\"_blank\">Fundaci\u00f3n ONCE<\/a> y el <b>Observatorio del Emprendimiento<\/b> en Espa\u00f1a (GEM) presentaron este jueves el estudio <b>\u2018Emprender con discapacidad en Espa\u00f1a\u2019, <\/b>un primer documento que avanza el diagn\u00f3stico de la situaci\u00f3n del emprendimiento. El informe revela el inter\u00e9s de las personas con<a href=\"https:\/\/www.20minutos.es\/minuteca\/discapacidad\/\" title=\"Discapacidad\" target=\"_blank\"> discapacidad<\/a> por la actividad emprendedora, que alcanza a m\u00e1s del 20%, si bien ese inter\u00e9s est\u00e1 motivado, en buena medida por la necesidad, ya que<b> no encuentran otra oportunidad laboral<\/b>.<\/p>\n<p>El trabajo, que present\u00f3 Ana Fern\u00e1ndez, presidenta de GEM, forma parte de un informe anual que en 2023 incorpor\u00f3 la perspectiva de discapacidad. De esta forma, de las 30.000 entrevistas de la macroencuesta del a\u00f1o pasado<b>, m\u00e1s de 1.700 corresponden a personas con discapacidad<\/b>.<\/p>\n<p>Seg\u00fan los primeros resultados del estudio \u2018Emprender con discapacidad en Espa\u00f1a: Diagn\u00f3stico de la Situaci\u00f3n Actual\u2019, el<b> 12% de las personas con discapacidad se encuentran inmersas actualmente en alguna actividad emprendedora<\/b>. A ello hay que a\u00f1adir un <b>9,7% adicional<\/b> que se\u00f1ala su <b>inter\u00e9s de hacerlo en los pr\u00f3ximos tres a\u00f1os<\/b>. Sin embargo, en comparaci\u00f3n con las personas sin discapacidad, las que viven con discapacidad tienen una menor intenci\u00f3n emprendedora y consolidan menos negocios que los<b> emprendedores sin discapacidad<\/b>.<\/p>\n<p>La presentaci\u00f3n de estos datos tuvo lugar en el marco del<b> II Congreso Nacional de Emprendimiento y Discapacidad<\/b>, un evento que se celebra hasta el viernes en Bilbao organizado por Fundaci\u00f3n ONCE, el Comit\u00e9 Espa\u00f1ol de Representantes de Personas con Discapacidad (<a href=\"https:\/\/www.20minutos.es\/minuteca\/cermi\/\" title=\"Cermi\" target=\"_blank\">Cermi<\/a>) y la Asociaci\u00f3n de Emprendimiento y Discapacidad (Asemdis).<\/p>\n<p>Para la elaboraci\u00f3n del informe s<b>e han analizado 30.201 respuestas, de las que 1.755 eran de personas con discapacidad<\/b>. Se entiende el emprendimiento como un proceso en tres etapas: potencialidad o intenci\u00f3n, nuevo (hasta 3,5 a\u00f1os) y consolidado.<\/p>\n<p>De este modo, se puede observar que la intenci\u00f3n de emprender en los pr\u00f3ximos tres a\u00f1os en las personas con discapacidad (9,7%) es significativamente inferior al de las personas sin discapacidad, que se sit\u00faa en el 11,2%.<\/p>\n<p>Por su parte, del 12% que se encuentran desarrollando alg\u00fan tipo de actividad emprendedora, el 7,5% no superan todav\u00eda los 3,5 a\u00f1os de vida, mientras que el 4,5% restante cuentan con<b> iniciativas ya consolidadas en el mercado<\/b>. El porcentaje de personas sin discapacidad que est\u00e1n presentes en iniciativas consolidadas es de nuevo significativamente superior, situ\u00e1ndose en el 6,9%.<\/p>\n<h2>Principales conclusiones <\/h2>\n<p>El informe revela el bajo nivel de emprendimiento en este colectivo. A pesar de que<b> las personas con discapacidad representan m\u00e1s del 6% de la poblaci\u00f3n en edad laboral en Espa\u00f1a<\/b>, las cifras de emprendimiento siguen siendo bajas en comparaci\u00f3n con personas sin discapacidad, lo que refleja importantes barreras estructurales.<\/p>\n<p>Otro dato revelador es la motivaci\u00f3n por necesidad. As\u00ed, el 57,6% de las personas con discapacidad que emprenden lo hacen por necesidad, debido a la escasez de oportunidades laborales en el mercado tradicional. Esto contrasta con el 35,6% que lo hacen para crear riqueza o generar altos ingresos.<\/p>\n<p>Las personas con discapacidad enfrentan, adem\u00e1s, <b>mayores dificultades para acceder a fuentes de financiaci\u00f3n<\/b>. Utilizan menos ahorros personales en comparaci\u00f3n con personas sin discapacidad y dependen m\u00e1s de otras fuentes, como amigos y apoyo p\u00fablico. Adem\u00e1s del acceso limitado a la financiaci\u00f3n, se\u00f1alan la falta de redes de apoyo, la escasa formaci\u00f3n adaptada y los prejuicios sociales.<\/p>\n<p>Lo que tambi\u00e9n constata el estudio es que <b>las personas con discapacidad tienen una mayor tasa de abandono <\/b>en sus iniciativas emprendedoras, del 5,7% frente al 1,9% en personas sin discapacidad.<\/p>\n<p>Con todo ello, el perfil del emprendedor con discapacidad se corresponde con el de un<b> hombre menor de 35 a\u00f1os, con estudios de Educaci\u00f3n Secundaria <\/b>o Formaci\u00f3n Profesional.<\/p>\n<p>A pesar de los desaf\u00edos, el 37,3% de las personas con discapacidad perciben oportunidades para emprender en los pr\u00f3ximos seis meses, una cifra m\u00e1s alta que la de personas sin discapacidad (30,2%).<\/p>\n<p>Por \u00faltimo, en cuanto a innovaci\u00f3n, uso de la tecnolog\u00eda, sostenibilidad e impacto social, la mayor\u00eda perciben que sus productos son innovadores y que tienen en cuenta los impactos sociales. Sin embargo,<b> solo un peque\u00f1o porcentaje adopta tecnolog\u00edas digitales en sus negocios<\/b> y menos de la mitad tienen en cuenta el impacto medioambiental.<\/p>\n<\/div>\n<p>Fuente: Discapacidad https:\/\/www.20minutos.es\/noticia\/5654484\/0\/mas-20-las-personas-con-discapacidad-apuestan-por-emprendimiento-para-ganarse-vida-mayoria-las-veces-por-necesidad\/<\/p>\n","protected":false},"excerpt":{"rendered":"<p>Seg\u00fan el estudio \u2018Emprender con discapacidad en Espa\u00f1a\u2019, la mayor\u00eda de las personas con discapacidad emprenden porque no encuentran otra oportunidad laboral.<\/p>\n","protected":false},"author":1,"featured_media":0,"comment_status":"closed","ping_status":"closed","sticky":false,"template":"","format":"standard","meta":{"footnotes":""},"categories":[8],"tags":[],"class_list":["post-10572","post","type-post","status-publish","format-standard","hentry","category-noticias"],"yoast_head":"<!-- This site is optimized with the Yoast SEO plugin v27.5 - https:\/\/yoast.com\/product\/yoast-seo-wordpress\/ -->\n<title>M\u00e1s del 20% de las personas con discapacidad apuestan por el emprendimiento, la mayor\u00eda por necesidad - Asociaci\u00f3n Espa\u00f1ola S\u00edndrome de Charge<\/title>\n<meta name=\"robots\" content=\"index, follow, max-snippet:-1, max-image-preview:large, max-video-preview:-1\" \/>\n<link rel=\"canonical\" href=\"https:\/\/sindromecharge.es\/index.php\/2024\/11\/15\/mas-20-las-personas-con-discapacidad-apuestan-por-emprendimiento-para-ganarse-vida-mayoria-las-veces-por-necesidad\/\" \/>\n<meta property=\"og:locale\" content=\"es_ES\" \/>\n<meta property=\"og:type\" content=\"article\" \/>\n<meta property=\"og:title\" content=\"M\u00e1s del 20% de las personas con discapacidad apuestan por el emprendimiento, la mayor\u00eda por necesidad - Asociaci\u00f3n Espa\u00f1ola S\u00edndrome de Charge\" \/>\n<meta property=\"og:description\" content=\"Seg\u00fan el estudio \u2018Emprender con discapacidad en Espa\u00f1a\u2019, la mayor\u00eda de las personas con discapacidad emprenden porque no encuentran otra oportunidad laboral.\" \/>\n<meta property=\"og:url\" content=\"https:\/\/sindromecharge.es\/index.php\/2024\/11\/15\/mas-20-las-personas-con-discapacidad-apuestan-por-emprendimiento-para-ganarse-vida-mayoria-las-veces-por-necesidad\/\" \/>\n<meta property=\"og:site_name\" content=\"Asociaci\u00f3n Espa\u00f1ola S\u00edndrome de Charge\" \/>\n<meta property=\"article:publisher\" content=\"https:\/\/www.facebook.com\/asociacionsindromecharge\" \/>\n<meta property=\"article:published_time\" content=\"2024-11-15T06:43:55+00:00\" \/>\n<meta property=\"og:image\" content=\"https:\/\/sindromecharge.es\/wp-content\/uploads\/2013\/09\/logodecharge300x98.png\" \/>\n\t<meta property=\"og:image:width\" content=\"300\" \/>\n\t<meta property=\"og:image:height\" content=\"98\" \/>\n\t<meta property=\"og:image:type\" content=\"image\/png\" \/>\n<meta name=\"author\" content=\"Charge\" \/>\n<meta name=\"twitter:card\" content=\"summary_large_image\" \/>\n<meta name=\"twitter:creator\" content=\"@sindromecharge\" \/>\n<meta name=\"twitter:site\" content=\"@sindromecharge\" \/>\n<meta name=\"twitter:label1\" content=\"Escrito por\" \/>\n\t<meta name=\"twitter:data1\" content=\"Charge\" \/>\n\t<meta name=\"twitter:label2\" content=\"Tiempo de lectura\" \/>\n\t<meta name=\"twitter:data2\" content=\"4 minutos\" \/>\n<script type=\"application\/ld+json\" class=\"yoast-schema-graph\">{\"@context\":\"https:\\\/\\\/schema.org\",\"@graph\":[{\"@type\":\"Article\",\"@id\":\"https:\\\/\\\/sindromecharge.es\\\/index.php\\\/2024\\\/11\\\/15\\\/mas-20-las-personas-con-discapacidad-apuestan-por-emprendimiento-para-ganarse-vida-mayoria-las-veces-por-necesidad\\\/#article\",\"isPartOf\":{\"@id\":\"https:\\\/\\\/sindromecharge.es\\\/index.php\\\/2024\\\/11\\\/15\\\/mas-20-las-personas-con-discapacidad-apuestan-por-emprendimiento-para-ganarse-vida-mayoria-las-veces-por-necesidad\\\/\"},\"author\":{\"name\":\"Charge\",\"@id\":\"https:\\\/\\\/sindromecharge.es\\\/#\\\/schema\\\/person\\\/39a60ebe0a2b4d5a11179701e336b039\"},\"headline\":\"M\u00e1s del 20% de las personas con discapacidad apuestan por el emprendimiento, la mayor\u00eda por necesidad\",\"datePublished\":\"2024-11-15T06:43:55+00:00\",\"mainEntityOfPage\":{\"@id\":\"https:\\\/\\\/sindromecharge.es\\\/index.php\\\/2024\\\/11\\\/15\\\/mas-20-las-personas-con-discapacidad-apuestan-por-emprendimiento-para-ganarse-vida-mayoria-las-veces-por-necesidad\\\/\"},\"wordCount\":755,\"articleSection\":[\"noticias\"],\"inLanguage\":\"es\"},{\"@type\":\"WebPage\",\"@id\":\"https:\\\/\\\/sindromecharge.es\\\/index.php\\\/2024\\\/11\\\/15\\\/mas-20-las-personas-con-discapacidad-apuestan-por-emprendimiento-para-ganarse-vida-mayoria-las-veces-por-necesidad\\\/\",\"url\":\"https:\\\/\\\/sindromecharge.es\\\/index.php\\\/2024\\\/11\\\/15\\\/mas-20-las-personas-con-discapacidad-apuestan-por-emprendimiento-para-ganarse-vida-mayoria-las-veces-por-necesidad\\\/\",\"name\":\"M\u00e1s del 20% de las personas con discapacidad apuestan por el emprendimiento, la mayor\u00eda por necesidad - Asociaci\u00f3n Espa\u00f1ola S\u00edndrome de Charge\",\"isPartOf\":{\"@id\":\"https:\\\/\\\/sindromecharge.es\\\/#website\"},\"datePublished\":\"2024-11-15T06:43:55+00:00\",\"author\":{\"@id\":\"https:\\\/\\\/sindromecharge.es\\\/#\\\/schema\\\/person\\\/39a60ebe0a2b4d5a11179701e336b039\"},\"breadcrumb\":{\"@id\":\"https:\\\/\\\/sindromecharge.es\\\/index.php\\\/2024\\\/11\\\/15\\\/mas-20-las-personas-con-discapacidad-apuestan-por-emprendimiento-para-ganarse-vida-mayoria-las-veces-por-necesidad\\\/#breadcrumb\"},\"inLanguage\":\"es\",\"potentialAction\":[{\"@type\":\"ReadAction\",\"target\":[\"https:\\\/\\\/sindromecharge.es\\\/index.php\\\/2024\\\/11\\\/15\\\/mas-20-las-personas-con-discapacidad-apuestan-por-emprendimiento-para-ganarse-vida-mayoria-las-veces-por-necesidad\\\/\"]}]},{\"@type\":\"BreadcrumbList\",\"@id\":\"https:\\\/\\\/sindromecharge.es\\\/index.php\\\/2024\\\/11\\\/15\\\/mas-20-las-personas-con-discapacidad-apuestan-por-emprendimiento-para-ganarse-vida-mayoria-las-veces-por-necesidad\\\/#breadcrumb\",\"itemListElement\":[{\"@type\":\"ListItem\",\"position\":1,\"name\":\"Portada\",\"item\":\"https:\\\/\\\/sindromecharge.es\\\/\"},{\"@type\":\"ListItem\",\"position\":2,\"name\":\"M\u00e1s del 20% de las personas con discapacidad apuestan por el emprendimiento, la mayor\u00eda por necesidad\"}]},{\"@type\":\"WebSite\",\"@id\":\"https:\\\/\\\/sindromecharge.es\\\/#website\",\"url\":\"https:\\\/\\\/sindromecharge.es\\\/\",\"name\":\"Asociaci\u00f3n Espa\u00f1ola S\u00edndrome de Charge\",\"description\":\"\",\"potentialAction\":[{\"@type\":\"SearchAction\",\"target\":{\"@type\":\"EntryPoint\",\"urlTemplate\":\"https:\\\/\\\/sindromecharge.es\\\/?s={search_term_string}\"},\"query-input\":{\"@type\":\"PropertyValueSpecification\",\"valueRequired\":true,\"valueName\":\"search_term_string\"}}],\"inLanguage\":\"es\"},{\"@type\":\"Person\",\"@id\":\"https:\\\/\\\/sindromecharge.es\\\/#\\\/schema\\\/person\\\/39a60ebe0a2b4d5a11179701e336b039\",\"name\":\"Charge\",\"image\":{\"@type\":\"ImageObject\",\"inLanguage\":\"es\",\"@id\":\"https:\\\/\\\/secure.gravatar.com\\\/avatar\\\/c3b46e32a0fc3b093a0873fb767bf3293de856293065e84ef06b7ec7a8acfb98?s=96&d=identicon&r=x\",\"url\":\"https:\\\/\\\/secure.gravatar.com\\\/avatar\\\/c3b46e32a0fc3b093a0873fb767bf3293de856293065e84ef06b7ec7a8acfb98?s=96&d=identicon&r=x\",\"contentUrl\":\"https:\\\/\\\/secure.gravatar.com\\\/avatar\\\/c3b46e32a0fc3b093a0873fb767bf3293de856293065e84ef06b7ec7a8acfb98?s=96&d=identicon&r=x\",\"caption\":\"Charge\"},\"url\":\"https:\\\/\\\/sindromecharge.es\\\/index.php\\\/author\\\/admin\\\/\"}]}<\/script>\n<!-- \/ Yoast SEO plugin. -->","yoast_head_json":{"title":"M\u00e1s del 20% de las personas con discapacidad apuestan por el emprendimiento, la mayor\u00eda por necesidad - Asociaci\u00f3n Espa\u00f1ola S\u00edndrome de Charge","robots":{"index":"index","follow":"follow","max-snippet":"max-snippet:-1","max-image-preview":"max-image-preview:large","max-video-preview":"max-video-preview:-1"},"canonical":"https:\/\/sindromecharge.es\/index.php\/2024\/11\/15\/mas-20-las-personas-con-discapacidad-apuestan-por-emprendimiento-para-ganarse-vida-mayoria-las-veces-por-necesidad\/","og_locale":"es_ES","og_type":"article","og_title":"M\u00e1s del 20% de las personas con discapacidad apuestan por el emprendimiento, la mayor\u00eda por necesidad - Asociaci\u00f3n Espa\u00f1ola S\u00edndrome de Charge","og_description":"Seg\u00fan el estudio \u2018Emprender con discapacidad en Espa\u00f1a\u2019, la mayor\u00eda de las personas con discapacidad emprenden porque no encuentran otra oportunidad laboral.","og_url":"https:\/\/sindromecharge.es\/index.php\/2024\/11\/15\/mas-20-las-personas-con-discapacidad-apuestan-por-emprendimiento-para-ganarse-vida-mayoria-las-veces-por-necesidad\/","og_site_name":"Asociaci\u00f3n Espa\u00f1ola S\u00edndrome de Charge","article_publisher":"https:\/\/www.facebook.com\/asociacionsindromecharge","article_published_time":"2024-11-15T06:43:55+00:00","og_image":[{"width":300,"height":98,"url":"https:\/\/sindromecharge.es\/wp-content\/uploads\/2013\/09\/logodecharge300x98.png","type":"image\/png"}],"author":"Charge","twitter_card":"summary_large_image","twitter_creator":"@sindromecharge","twitter_site":"@sindromecharge","twitter_misc":{"Escrito por":"Charge","Tiempo de lectura":"4 minutos"},"schema":{"@context":"https:\/\/schema.org","@graph":[{"@type":"Article","@id":"https:\/\/sindromecharge.es\/index.php\/2024\/11\/15\/mas-20-las-personas-con-discapacidad-apuestan-por-emprendimiento-para-ganarse-vida-mayoria-las-veces-por-necesidad\/#article","isPartOf":{"@id":"https:\/\/sindromecharge.es\/index.php\/2024\/11\/15\/mas-20-las-personas-con-discapacidad-apuestan-por-emprendimiento-para-ganarse-vida-mayoria-las-veces-por-necesidad\/"},"author":{"name":"Charge","@id":"https:\/\/sindromecharge.es\/#\/schema\/person\/39a60ebe0a2b4d5a11179701e336b039"},"headline":"M\u00e1s del 20% de las personas con discapacidad apuestan por el emprendimiento, la mayor\u00eda por necesidad","datePublished":"2024-11-15T06:43:55+00:00","mainEntityOfPage":{"@id":"https:\/\/sindromecharge.es\/index.php\/2024\/11\/15\/mas-20-las-personas-con-discapacidad-apuestan-por-emprendimiento-para-ganarse-vida-mayoria-las-veces-por-necesidad\/"},"wordCount":755,"articleSection":["noticias"],"inLanguage":"es"},{"@type":"WebPage","@id":"https:\/\/sindromecharge.es\/index.php\/2024\/11\/15\/mas-20-las-personas-con-discapacidad-apuestan-por-emprendimiento-para-ganarse-vida-mayoria-las-veces-por-necesidad\/","url":"https:\/\/sindromecharge.es\/index.php\/2024\/11\/15\/mas-20-las-personas-con-discapacidad-apuestan-por-emprendimiento-para-ganarse-vida-mayoria-las-veces-por-necesidad\/","name":"M\u00e1s del 20% de las personas con discapacidad apuestan por el emprendimiento, la mayor\u00eda por necesidad - Asociaci\u00f3n Espa\u00f1ola S\u00edndrome de Charge","isPartOf":{"@id":"https:\/\/sindromecharge.es\/#website"},"datePublished":"2024-11-15T06:43:55+00:00","author":{"@id":"https:\/\/sindromecharge.es\/#\/schema\/person\/39a60ebe0a2b4d5a11179701e336b039"},"breadcrumb":{"@id":"https:\/\/sindromecharge.es\/index.php\/2024\/11\/15\/mas-20-las-personas-con-discapacidad-apuestan-por-emprendimiento-para-ganarse-vida-mayoria-las-veces-por-necesidad\/#breadcrumb"},"inLanguage":"es","potentialAction":[{"@type":"ReadAction","target":["https:\/\/sindromecharge.es\/index.php\/2024\/11\/15\/mas-20-las-personas-con-discapacidad-apuestan-por-emprendimiento-para-ganarse-vida-mayoria-las-veces-por-necesidad\/"]}]},{"@type":"BreadcrumbList","@id":"https:\/\/sindromecharge.es\/index.php\/2024\/11\/15\/mas-20-las-personas-con-discapacidad-apuestan-por-emprendimiento-para-ganarse-vida-mayoria-las-veces-por-necesidad\/#breadcrumb","itemListElement":[{"@type":"ListItem","position":1,"name":"Portada","item":"https:\/\/sindromecharge.es\/"},{"@type":"ListItem","position":2,"name":"M\u00e1s del 20% de las personas con discapacidad apuestan por el emprendimiento, la mayor\u00eda por necesidad"}]},{"@type":"WebSite","@id":"https:\/\/sindromecharge.es\/#website","url":"https:\/\/sindromecharge.es\/","name":"Asociaci\u00f3n Espa\u00f1ola S\u00edndrome de Charge","description":"","potentialAction":[{"@type":"SearchAction","target":{"@type":"EntryPoint","urlTemplate":"https:\/\/sindromecharge.es\/?s={search_term_string}"},"query-input":{"@type":"PropertyValueSpecification","valueRequired":true,"valueName":"search_term_string"}}],"inLanguage":"es"},{"@type":"Person","@id":"https:\/\/sindromecharge.es\/#\/schema\/person\/39a60ebe0a2b4d5a11179701e336b039","name":"Charge","image":{"@type":"ImageObject","inLanguage":"es","@id":"https:\/\/secure.gravatar.com\/avatar\/c3b46e32a0fc3b093a0873fb767bf3293de856293065e84ef06b7ec7a8acfb98?s=96&d=identicon&r=x","url":"https:\/\/secure.gravatar.com\/avatar\/c3b46e32a0fc3b093a0873fb767bf3293de856293065e84ef06b7ec7a8acfb98?s=96&d=identicon&r=x","contentUrl":"https:\/\/secure.gravatar.com\/avatar\/c3b46e32a0fc3b093a0873fb767bf3293de856293065e84ef06b7ec7a8acfb98?s=96&d=identicon&r=x","caption":"Charge"},"url":"https:\/\/sindromecharge.es\/index.php\/author\/admin\/"}]}},"_links":{"self":[{"href":"https:\/\/sindromecharge.es\/index.php\/wp-json\/wp\/v2\/posts\/10572","targetHints":{"allow":["GET"]}}],"collection":[{"href":"https:\/\/sindromecharge.es\/index.php\/wp-json\/wp\/v2\/posts"}],"about":[{"href":"https:\/\/sindromecharge.es\/index.php\/wp-json\/wp\/v2\/types\/post"}],"author":[{"embeddable":true,"href":"https:\/\/sindromecharge.es\/index.php\/wp-json\/wp\/v2\/users\/1"}],"replies":[{"embeddable":true,"href":"https:\/\/sindromecharge.es\/index.php\/wp-json\/wp\/v2\/comments?post=10572"}],"version-history":[{"count":0,"href":"https:\/\/sindromecharge.es\/index.php\/wp-json\/wp\/v2\/posts\/10572\/revisions"}],"wp:attachment":[{"href":"https:\/\/sindromecharge.es\/index.php\/wp-json\/wp\/v2\/media?parent=10572"}],"wp:term":[{"taxonomy":"category","embeddable":true,"href":"https:\/\/sindromecharge.es\/index.php\/wp-json\/wp\/v2\/categories?post=10572"},{"taxonomy":"post_tag","embeddable":true,"href":"https:\/\/sindromecharge.es\/index.php\/wp-json\/wp\/v2\/tags?post=10572"}],"curies":[{"name":"wp","href":"https:\/\/api.w.org\/{rel}","templated":true}]}}