{"id":10570,"date":"2024-11-15T06:23:35","date_gmt":"2024-11-15T06:23:35","guid":{"rendered":"https:\/\/sindromecharge.es\/index.php\/2024\/11\/15\/asi-es-cume-prestacion-para-padres-que-cuidan-menores-con-enfermedades-graves-compensa-reduccion-jornada\/"},"modified":"2024-11-15T06:23:35","modified_gmt":"2024-11-15T06:23:35","slug":"asi-es-cume-prestacion-para-padres-que-cuidan-menores-con-enfermedades-graves-compensa-reduccion-jornada","status":"publish","type":"post","link":"https:\/\/sindromecharge.es\/index.php\/2024\/11\/15\/asi-es-cume-prestacion-para-padres-que-cuidan-menores-con-enfermedades-graves-compensa-reduccion-jornada\/","title":{"rendered":"As\u00ed es la CUME, la prestaci\u00f3n para padres que cuidan de menores con enfermedades graves: \u00abCompensa la reducci\u00f3n de jornada\u00bb"},"content":{"rendered":"<p>Leemos en Discapacidad la siguiente noticia que os reproducimos de forma \u00edntegra: <\/p>\n<div>\n<p>Desde 2011 existe una <a href=\"https:\/\/grupogarantia.es\/video\/prestacion-por-cuidado-de-menores-con-enfermedad-grave\/\" target=\"_blank\" rel=\"nofollow\">prestaci\u00f3n destinada a los padres<\/a> o tutores con menores a su cargo <b>que tengan c\u00e1ncer o enfermedades graves<\/b>. Conocida com\u00fanmente como CUME, esta prestaci\u00f3n permite compensar<b> una reducci\u00f3n de jornada de al menos un 50%<\/b> cuando esta se produce para cuidar a menores que necesiten, por diversas enfermedades, cuidados constantes u hospitalizaciones.<\/p>\n<p>Como explica el abogado Pedro L\u00f3pez, \u00ab<span>el Estado le va a<b> compensar por la p\u00e9rdida de ingreso<\/b> que supone la reducci\u00f3n de la jornada. Los padres <\/span>van a recibir, por tanto, una prestaci\u00f3n por la parte que no trabajen porque est\u00e1n cuidando del ni\u00f1o. La cuant\u00eda depender\u00e1 del salario de cada uno, de la cotizaci\u00f3n que has tenido. Si, por ejemplo, te reduces la jornada en un 60%, el Estado te va a compensar con ese 60%\u00bb.<\/p>\n<p><b>\u00bfPor qu\u00e9 enfermedades se puede pedir la CUME?<\/b> En principio, esta prestaci\u00f3n estaba pensada para menores con <a href=\"https:\/\/www.20minutos.es\/minuteca\/cancer\/\" title=\"C\u00e1ncer\" target=\"_blank\">c\u00e1ncer<\/a>, pero actualmente existe un anexo -que se puede <a href=\"https:\/\/www.boe.es\/diario_boe\/txt.php?id=BOE-A-2019-1691\" rel=\"nofollow\" target=\"_blank\">consultar aqu\u00ed<\/a>&#8211; que especifica para qu\u00e9 enfermedades, un total de 113, se podr\u00eda solicitar esta ayuda.<\/p>\n<p>Sin embargo, adem\u00e1s de que algunos colectivos, como el de <a href=\"https:\/\/www.20minutos.es\/minuteca\/autismo\/\" title=\"Autismo\" target=\"_blank\">autismo<\/a>, <b>est\u00e1n pidiendo que se recojan m\u00e1s trastornos o enfermedades<\/b> de manera expresa, hay un apartado que &#8216;abre la puerta&#8217; a otras enfermedades que no est\u00e1n en la lista, pues el punto 113 del anexo afirma que tambi\u00e9n se podr\u00e1 beneficiar de esta prestaci\u00f3n \u00abcualquier otro trastorno de base gen\u00e9tica grave que, por indicaci\u00f3n expresa facultativa, como en las anteriores, precise de<b> cuidados permanentes<\/b> en r\u00e9gimen de ingreso hospitalario u hospitalizaci\u00f3n a domicilio\u00bb. <\/p>\n<p>En cuanto a la edad hasta que esta prestaci\u00f3n se puede recibir, L\u00f3pez explica que \u00ab<b>es hasta que el hijo cumple 23<\/b>, salvo que se acredite que se tiene una<b> <a href=\"https:\/\/www.20minutos.es\/minuteca\/discapacidad\/\" title=\"Discapacidad\" target=\"_blank\">discapacidad<\/a> igual o superior al 65%, que se ampl\u00eda hasta los 26<\/b>. Una vez cumplida esa edad, o en caso de fallecimiento, la prestaci\u00f3n finalizar\u00eda\u00bb, concluye el abogado.<\/p>\n<p>Para resolver dudas como esta, relacionadas con el mundo de la discapacidad y el derecho, es posible mandar preguntas a trav\u00e9s &#8216;<a href=\"https:\/\/www.instagram.com\/tododiscapacidad\/\" target=\"_blank\" rel=\"nofollow\">Tododiscapacidad<\/a>&#8216;, el perfil que Pedro L\u00f3pez de Cerro ha creado en Instagram.<\/p>\n<\/div>\n<p>Fuente: Discapacidad https:\/\/www.20minutos.es\/noticia\/5654123\/0\/asi-es-cume-prestacion-para-padres-que-cuidan-menores-con-enfermedades-graves-compensa-reduccion-jornada\/<\/p>\n","protected":false},"excerpt":{"rendered":"<p>El abogado Pedro L\u00f3pez explica en &#8216;Tododiscapacidad&#8217; qu\u00e9 es la CUME y qu\u00e9 requisitos se necesitan para acceder a esta prestaci\u00f3n.<\/p>\n","protected":false},"author":1,"featured_media":0,"comment_status":"closed","ping_status":"closed","sticky":false,"template":"","format":"standard","meta":{"footnotes":""},"categories":[8],"tags":[],"class_list":["post-10570","post","type-post","status-publish","format-standard","hentry","category-noticias"],"yoast_head":"<!-- This site is optimized with the Yoast SEO plugin v27.5 - https:\/\/yoast.com\/product\/yoast-seo-wordpress\/ -->\n<title>As\u00ed es la CUME, la prestaci\u00f3n para padres que cuidan de menores con enfermedades graves: &quot;Compensa la reducci\u00f3n de jornada&quot; - Asociaci\u00f3n Espa\u00f1ola S\u00edndrome de Charge<\/title>\n<meta name=\"robots\" content=\"index, follow, max-snippet:-1, max-image-preview:large, max-video-preview:-1\" \/>\n<link rel=\"canonical\" href=\"https:\/\/sindromecharge.es\/index.php\/2024\/11\/15\/asi-es-cume-prestacion-para-padres-que-cuidan-menores-con-enfermedades-graves-compensa-reduccion-jornada\/\" \/>\n<meta property=\"og:locale\" content=\"es_ES\" \/>\n<meta property=\"og:type\" content=\"article\" \/>\n<meta property=\"og:title\" content=\"As\u00ed es la CUME, la prestaci\u00f3n para padres que cuidan de menores con enfermedades graves: &quot;Compensa la reducci\u00f3n de jornada&quot; - Asociaci\u00f3n Espa\u00f1ola S\u00edndrome de Charge\" \/>\n<meta property=\"og:description\" content=\"El abogado Pedro L\u00f3pez explica en &#8216;Tododiscapacidad&#8217; qu\u00e9 es la CUME y qu\u00e9 requisitos se necesitan para acceder a esta prestaci\u00f3n.\" \/>\n<meta property=\"og:url\" content=\"https:\/\/sindromecharge.es\/index.php\/2024\/11\/15\/asi-es-cume-prestacion-para-padres-que-cuidan-menores-con-enfermedades-graves-compensa-reduccion-jornada\/\" \/>\n<meta property=\"og:site_name\" content=\"Asociaci\u00f3n Espa\u00f1ola S\u00edndrome de Charge\" \/>\n<meta property=\"article:publisher\" content=\"https:\/\/www.facebook.com\/asociacionsindromecharge\" \/>\n<meta property=\"article:published_time\" content=\"2024-11-15T06:23:35+00:00\" \/>\n<meta property=\"og:image\" content=\"https:\/\/sindromecharge.es\/wp-content\/uploads\/2013\/09\/logodecharge300x98.png\" \/>\n\t<meta property=\"og:image:width\" content=\"300\" \/>\n\t<meta property=\"og:image:height\" content=\"98\" \/>\n\t<meta property=\"og:image:type\" content=\"image\/png\" \/>\n<meta name=\"author\" content=\"Charge\" \/>\n<meta name=\"twitter:card\" content=\"summary_large_image\" \/>\n<meta name=\"twitter:creator\" content=\"@sindromecharge\" \/>\n<meta name=\"twitter:site\" content=\"@sindromecharge\" \/>\n<meta name=\"twitter:label1\" content=\"Escrito por\" \/>\n\t<meta name=\"twitter:data1\" content=\"Charge\" \/>\n\t<meta name=\"twitter:label2\" content=\"Tiempo de lectura\" \/>\n\t<meta name=\"twitter:data2\" content=\"2 minutos\" \/>\n<script type=\"application\/ld+json\" class=\"yoast-schema-graph\">{\"@context\":\"https:\\\/\\\/schema.org\",\"@graph\":[{\"@type\":\"Article\",\"@id\":\"https:\\\/\\\/sindromecharge.es\\\/index.php\\\/2024\\\/11\\\/15\\\/asi-es-cume-prestacion-para-padres-que-cuidan-menores-con-enfermedades-graves-compensa-reduccion-jornada\\\/#article\",\"isPartOf\":{\"@id\":\"https:\\\/\\\/sindromecharge.es\\\/index.php\\\/2024\\\/11\\\/15\\\/asi-es-cume-prestacion-para-padres-que-cuidan-menores-con-enfermedades-graves-compensa-reduccion-jornada\\\/\"},\"author\":{\"name\":\"Charge\",\"@id\":\"https:\\\/\\\/sindromecharge.es\\\/#\\\/schema\\\/person\\\/39a60ebe0a2b4d5a11179701e336b039\"},\"headline\":\"As\u00ed es la CUME, la prestaci\u00f3n para padres que cuidan de menores con enfermedades graves: \u00abCompensa la reducci\u00f3n de jornada\u00bb\",\"datePublished\":\"2024-11-15T06:23:35+00:00\",\"mainEntityOfPage\":{\"@id\":\"https:\\\/\\\/sindromecharge.es\\\/index.php\\\/2024\\\/11\\\/15\\\/asi-es-cume-prestacion-para-padres-que-cuidan-menores-con-enfermedades-graves-compensa-reduccion-jornada\\\/\"},\"wordCount\":416,\"articleSection\":[\"noticias\"],\"inLanguage\":\"es\"},{\"@type\":\"WebPage\",\"@id\":\"https:\\\/\\\/sindromecharge.es\\\/index.php\\\/2024\\\/11\\\/15\\\/asi-es-cume-prestacion-para-padres-que-cuidan-menores-con-enfermedades-graves-compensa-reduccion-jornada\\\/\",\"url\":\"https:\\\/\\\/sindromecharge.es\\\/index.php\\\/2024\\\/11\\\/15\\\/asi-es-cume-prestacion-para-padres-que-cuidan-menores-con-enfermedades-graves-compensa-reduccion-jornada\\\/\",\"name\":\"As\u00ed es la CUME, la prestaci\u00f3n para padres que cuidan de menores con enfermedades graves: \\\"Compensa la reducci\u00f3n de jornada\\\" - Asociaci\u00f3n Espa\u00f1ola S\u00edndrome de Charge\",\"isPartOf\":{\"@id\":\"https:\\\/\\\/sindromecharge.es\\\/#website\"},\"datePublished\":\"2024-11-15T06:23:35+00:00\",\"author\":{\"@id\":\"https:\\\/\\\/sindromecharge.es\\\/#\\\/schema\\\/person\\\/39a60ebe0a2b4d5a11179701e336b039\"},\"breadcrumb\":{\"@id\":\"https:\\\/\\\/sindromecharge.es\\\/index.php\\\/2024\\\/11\\\/15\\\/asi-es-cume-prestacion-para-padres-que-cuidan-menores-con-enfermedades-graves-compensa-reduccion-jornada\\\/#breadcrumb\"},\"inLanguage\":\"es\",\"potentialAction\":[{\"@type\":\"ReadAction\",\"target\":[\"https:\\\/\\\/sindromecharge.es\\\/index.php\\\/2024\\\/11\\\/15\\\/asi-es-cume-prestacion-para-padres-que-cuidan-menores-con-enfermedades-graves-compensa-reduccion-jornada\\\/\"]}]},{\"@type\":\"BreadcrumbList\",\"@id\":\"https:\\\/\\\/sindromecharge.es\\\/index.php\\\/2024\\\/11\\\/15\\\/asi-es-cume-prestacion-para-padres-que-cuidan-menores-con-enfermedades-graves-compensa-reduccion-jornada\\\/#breadcrumb\",\"itemListElement\":[{\"@type\":\"ListItem\",\"position\":1,\"name\":\"Portada\",\"item\":\"https:\\\/\\\/sindromecharge.es\\\/\"},{\"@type\":\"ListItem\",\"position\":2,\"name\":\"As\u00ed es la CUME, la prestaci\u00f3n para padres que cuidan de menores con enfermedades graves: &#8220;Compensa la reducci\u00f3n de jornada&#8221;\"}]},{\"@type\":\"WebSite\",\"@id\":\"https:\\\/\\\/sindromecharge.es\\\/#website\",\"url\":\"https:\\\/\\\/sindromecharge.es\\\/\",\"name\":\"Asociaci\u00f3n Espa\u00f1ola S\u00edndrome de Charge\",\"description\":\"\",\"potentialAction\":[{\"@type\":\"SearchAction\",\"target\":{\"@type\":\"EntryPoint\",\"urlTemplate\":\"https:\\\/\\\/sindromecharge.es\\\/?s={search_term_string}\"},\"query-input\":{\"@type\":\"PropertyValueSpecification\",\"valueRequired\":true,\"valueName\":\"search_term_string\"}}],\"inLanguage\":\"es\"},{\"@type\":\"Person\",\"@id\":\"https:\\\/\\\/sindromecharge.es\\\/#\\\/schema\\\/person\\\/39a60ebe0a2b4d5a11179701e336b039\",\"name\":\"Charge\",\"image\":{\"@type\":\"ImageObject\",\"inLanguage\":\"es\",\"@id\":\"https:\\\/\\\/secure.gravatar.com\\\/avatar\\\/c3b46e32a0fc3b093a0873fb767bf3293de856293065e84ef06b7ec7a8acfb98?s=96&d=identicon&r=x\",\"url\":\"https:\\\/\\\/secure.gravatar.com\\\/avatar\\\/c3b46e32a0fc3b093a0873fb767bf3293de856293065e84ef06b7ec7a8acfb98?s=96&d=identicon&r=x\",\"contentUrl\":\"https:\\\/\\\/secure.gravatar.com\\\/avatar\\\/c3b46e32a0fc3b093a0873fb767bf3293de856293065e84ef06b7ec7a8acfb98?s=96&d=identicon&r=x\",\"caption\":\"Charge\"},\"url\":\"https:\\\/\\\/sindromecharge.es\\\/index.php\\\/author\\\/admin\\\/\"}]}<\/script>\n<!-- \/ Yoast SEO plugin. -->","yoast_head_json":{"title":"As\u00ed es la CUME, la prestaci\u00f3n para padres que cuidan de menores con enfermedades graves: \"Compensa la reducci\u00f3n de jornada\" - Asociaci\u00f3n Espa\u00f1ola S\u00edndrome de Charge","robots":{"index":"index","follow":"follow","max-snippet":"max-snippet:-1","max-image-preview":"max-image-preview:large","max-video-preview":"max-video-preview:-1"},"canonical":"https:\/\/sindromecharge.es\/index.php\/2024\/11\/15\/asi-es-cume-prestacion-para-padres-que-cuidan-menores-con-enfermedades-graves-compensa-reduccion-jornada\/","og_locale":"es_ES","og_type":"article","og_title":"As\u00ed es la CUME, la prestaci\u00f3n para padres que cuidan de menores con enfermedades graves: \"Compensa la reducci\u00f3n de jornada\" - Asociaci\u00f3n Espa\u00f1ola S\u00edndrome de Charge","og_description":"El abogado Pedro L\u00f3pez explica en &#8216;Tododiscapacidad&#8217; qu\u00e9 es la CUME y qu\u00e9 requisitos se necesitan para acceder a esta prestaci\u00f3n.","og_url":"https:\/\/sindromecharge.es\/index.php\/2024\/11\/15\/asi-es-cume-prestacion-para-padres-que-cuidan-menores-con-enfermedades-graves-compensa-reduccion-jornada\/","og_site_name":"Asociaci\u00f3n Espa\u00f1ola S\u00edndrome de Charge","article_publisher":"https:\/\/www.facebook.com\/asociacionsindromecharge","article_published_time":"2024-11-15T06:23:35+00:00","og_image":[{"width":300,"height":98,"url":"https:\/\/sindromecharge.es\/wp-content\/uploads\/2013\/09\/logodecharge300x98.png","type":"image\/png"}],"author":"Charge","twitter_card":"summary_large_image","twitter_creator":"@sindromecharge","twitter_site":"@sindromecharge","twitter_misc":{"Escrito por":"Charge","Tiempo de lectura":"2 minutos"},"schema":{"@context":"https:\/\/schema.org","@graph":[{"@type":"Article","@id":"https:\/\/sindromecharge.es\/index.php\/2024\/11\/15\/asi-es-cume-prestacion-para-padres-que-cuidan-menores-con-enfermedades-graves-compensa-reduccion-jornada\/#article","isPartOf":{"@id":"https:\/\/sindromecharge.es\/index.php\/2024\/11\/15\/asi-es-cume-prestacion-para-padres-que-cuidan-menores-con-enfermedades-graves-compensa-reduccion-jornada\/"},"author":{"name":"Charge","@id":"https:\/\/sindromecharge.es\/#\/schema\/person\/39a60ebe0a2b4d5a11179701e336b039"},"headline":"As\u00ed es la CUME, la prestaci\u00f3n para padres que cuidan de menores con enfermedades graves: \u00abCompensa la reducci\u00f3n de jornada\u00bb","datePublished":"2024-11-15T06:23:35+00:00","mainEntityOfPage":{"@id":"https:\/\/sindromecharge.es\/index.php\/2024\/11\/15\/asi-es-cume-prestacion-para-padres-que-cuidan-menores-con-enfermedades-graves-compensa-reduccion-jornada\/"},"wordCount":416,"articleSection":["noticias"],"inLanguage":"es"},{"@type":"WebPage","@id":"https:\/\/sindromecharge.es\/index.php\/2024\/11\/15\/asi-es-cume-prestacion-para-padres-que-cuidan-menores-con-enfermedades-graves-compensa-reduccion-jornada\/","url":"https:\/\/sindromecharge.es\/index.php\/2024\/11\/15\/asi-es-cume-prestacion-para-padres-que-cuidan-menores-con-enfermedades-graves-compensa-reduccion-jornada\/","name":"As\u00ed es la CUME, la prestaci\u00f3n para padres que cuidan de menores con enfermedades graves: \"Compensa la reducci\u00f3n de jornada\" - Asociaci\u00f3n Espa\u00f1ola S\u00edndrome de Charge","isPartOf":{"@id":"https:\/\/sindromecharge.es\/#website"},"datePublished":"2024-11-15T06:23:35+00:00","author":{"@id":"https:\/\/sindromecharge.es\/#\/schema\/person\/39a60ebe0a2b4d5a11179701e336b039"},"breadcrumb":{"@id":"https:\/\/sindromecharge.es\/index.php\/2024\/11\/15\/asi-es-cume-prestacion-para-padres-que-cuidan-menores-con-enfermedades-graves-compensa-reduccion-jornada\/#breadcrumb"},"inLanguage":"es","potentialAction":[{"@type":"ReadAction","target":["https:\/\/sindromecharge.es\/index.php\/2024\/11\/15\/asi-es-cume-prestacion-para-padres-que-cuidan-menores-con-enfermedades-graves-compensa-reduccion-jornada\/"]}]},{"@type":"BreadcrumbList","@id":"https:\/\/sindromecharge.es\/index.php\/2024\/11\/15\/asi-es-cume-prestacion-para-padres-que-cuidan-menores-con-enfermedades-graves-compensa-reduccion-jornada\/#breadcrumb","itemListElement":[{"@type":"ListItem","position":1,"name":"Portada","item":"https:\/\/sindromecharge.es\/"},{"@type":"ListItem","position":2,"name":"As\u00ed es la CUME, la prestaci\u00f3n para padres que cuidan de menores con enfermedades graves: &#8220;Compensa la reducci\u00f3n de jornada&#8221;"}]},{"@type":"WebSite","@id":"https:\/\/sindromecharge.es\/#website","url":"https:\/\/sindromecharge.es\/","name":"Asociaci\u00f3n Espa\u00f1ola S\u00edndrome de Charge","description":"","potentialAction":[{"@type":"SearchAction","target":{"@type":"EntryPoint","urlTemplate":"https:\/\/sindromecharge.es\/?s={search_term_string}"},"query-input":{"@type":"PropertyValueSpecification","valueRequired":true,"valueName":"search_term_string"}}],"inLanguage":"es"},{"@type":"Person","@id":"https:\/\/sindromecharge.es\/#\/schema\/person\/39a60ebe0a2b4d5a11179701e336b039","name":"Charge","image":{"@type":"ImageObject","inLanguage":"es","@id":"https:\/\/secure.gravatar.com\/avatar\/c3b46e32a0fc3b093a0873fb767bf3293de856293065e84ef06b7ec7a8acfb98?s=96&d=identicon&r=x","url":"https:\/\/secure.gravatar.com\/avatar\/c3b46e32a0fc3b093a0873fb767bf3293de856293065e84ef06b7ec7a8acfb98?s=96&d=identicon&r=x","contentUrl":"https:\/\/secure.gravatar.com\/avatar\/c3b46e32a0fc3b093a0873fb767bf3293de856293065e84ef06b7ec7a8acfb98?s=96&d=identicon&r=x","caption":"Charge"},"url":"https:\/\/sindromecharge.es\/index.php\/author\/admin\/"}]}},"_links":{"self":[{"href":"https:\/\/sindromecharge.es\/index.php\/wp-json\/wp\/v2\/posts\/10570","targetHints":{"allow":["GET"]}}],"collection":[{"href":"https:\/\/sindromecharge.es\/index.php\/wp-json\/wp\/v2\/posts"}],"about":[{"href":"https:\/\/sindromecharge.es\/index.php\/wp-json\/wp\/v2\/types\/post"}],"author":[{"embeddable":true,"href":"https:\/\/sindromecharge.es\/index.php\/wp-json\/wp\/v2\/users\/1"}],"replies":[{"embeddable":true,"href":"https:\/\/sindromecharge.es\/index.php\/wp-json\/wp\/v2\/comments?post=10570"}],"version-history":[{"count":0,"href":"https:\/\/sindromecharge.es\/index.php\/wp-json\/wp\/v2\/posts\/10570\/revisions"}],"wp:attachment":[{"href":"https:\/\/sindromecharge.es\/index.php\/wp-json\/wp\/v2\/media?parent=10570"}],"wp:term":[{"taxonomy":"category","embeddable":true,"href":"https:\/\/sindromecharge.es\/index.php\/wp-json\/wp\/v2\/categories?post=10570"},{"taxonomy":"post_tag","embeddable":true,"href":"https:\/\/sindromecharge.es\/index.php\/wp-json\/wp\/v2\/tags?post=10570"}],"curies":[{"name":"wp","href":"https:\/\/api.w.org\/{rel}","templated":true}]}}