{"id":10569,"date":"2024-11-15T05:32:53","date_gmt":"2024-11-15T05:32:53","guid":{"rendered":"https:\/\/sindromecharge.es\/index.php\/2024\/11\/15\/conchita-oyarzun-con-distonia\/"},"modified":"2024-11-15T05:32:53","modified_gmt":"2024-11-15T05:32:53","slug":"conchita-oyarzun-con-distonia","status":"publish","type":"post","link":"https:\/\/sindromecharge.es\/index.php\/2024\/11\/15\/conchita-oyarzun-con-distonia\/","title":{"rendered":"Conchita Oyarzun, con una diston\u00eda que le afecta al habla y al rostro: \u00abAl principio sufr\u00ed mucho, no quer\u00eda salir a la calle\u00bb"},"content":{"rendered":"<p>Leemos en Discapacidad la siguiente noticia que os reproducimos de forma \u00edntegra: <\/p>\n<div>\n<p>En Espa\u00f1a hay unas <b>20.000 personas diagnosticadas son diston\u00eda<\/b>, un trastorno del movimiento caracterizado por contracciones musculares involuntarias, sostenidas o intermitentes, y que es el m\u00e1s com\u00fan despu\u00e9s del <a href=\"https:\/\/www.20minutos.es\/minuteca\/parkinson\/\" title=\"P\u00e1rkinson\" target=\"_blank\">p\u00e1rkinson<\/a> y del temblor esencial. Sin embargo, a pesar de su prevalencia, es muy desconocido e infradiagnosticado, lo que repercute en el bienestar de los pacientes, que no dan con diagn\u00f3stico ni tratamiento adecuados.<\/p>\n<p>Se trata, adem\u00e1s de <b>un trastorno muy estigmatizante<\/b>, ya no solo porque los movimientos involuntarios provocan miradas que les incomodan, sino porque en muchos casos estos pacientes <b>son diagnosticados err\u00f3neamente<\/b> con trastornos emocionales o psicol\u00f3gicos, lo que provoca aun m\u00e1s incomprensi\u00f3n y malestar a los pacientes con diston\u00eda.<\/p>\n<p>Eso es lo que ocurri\u00f3 a <b>Conchita Oyarzyn<\/b> hace cuatro a\u00f1os cuando, casi de un d\u00eda para otro empez\u00f3 a no poder hablar bien, \u00abfue justo despu\u00e9s de hacerme dos implantes en la parte inferior de la boca, as\u00ed que pens\u00e9 que pod\u00eda haber sido por eso. El dentista, tras hacerme varias pruebas, me dijo que no ve\u00eda nada y que si me hubiera da\u00f1ado alg\u00fan nervio, me doler\u00eda, y a m\u00ed no me dol\u00eda nada\u00bb, recuerda.<\/p>\n<p>Despu\u00e9s, tras acudir a varios neur\u00f3logos, dio con uno que por fin la diagnostic\u00f3, \u00ab<b>me dijeron que ten\u00eda diston\u00eda idiop\u00e1tica<\/b>, es decir, que no saben de d\u00f3nde viene, no encuentran la causa, pero que en muchos casos se desencadenaba por un estr\u00e9s continuado\u00bb.<\/p>\n<p><b>El 75% de las diston\u00edas son idiop\u00e1ticas<\/b>, pueden afectar a una parte del cuerpo, a varias, o al cuerpo entero, y puede manifestarse en la infancia, en adolescencia o en la edad adulta, as\u00ed como presentar gran variabilidad de s\u00edntomas con patrones temporales diferentes. Cuando aparece en la edad adulta, es sobre todo focal, es decir, que se concentra en alguna parte del cuerpo. <\/p>\n<p>En el caso de Conchita,<b> se le manifest\u00f3 en la cara y en la lengua<\/b>, lo que le provocaba muchas dificultades para hablar, y en el rostro, \u00abten\u00eda un rictus muy raro\u00bb, asegura, \u00abera muy visual\u00bb. Adem\u00e1s, ten\u00eda espasmos muy fuertes, incluso durante la noche, y empezaron a medicarla con Rivotril en dosis muy bajas, \u00abporque al principio<b> ten\u00eda tambi\u00e9n convulsiones <\/b>muy fuertes, tanto de d\u00eda como de noche, pero ya no, me lo quitaron cuando mejor\u00e9\u00bb.<\/p>\n<p>Con lo que s\u00ed sigue es con el<a href=\"https:\/\/www.20minutos.es\/minuteca\/botox\/\" title=\"B\u00f3tox\" target=\"_blank\"> botox<\/a>, que tiene que inyectarse en la consulta cada tres meses, y aunque reconoce que ha mejorado, los s\u00edntomas todav\u00eda siguen siendo evidentes, \u00abhablo mal, se me sale la lengua cuando hablo y la boca me hace un movimiento raro. Y cuando me ponen botox me afecta a la hora de hablar y de levantar la cabeza\u00bb.<\/p>\n<p>Tambi\u00e9n tiene<b> una leve diston\u00eda en un brazo <\/b>que le dificulta un poco escribir, \u00abme dicen que no ven relaci\u00f3n, que tiene que ser de otra cosa, pero yo no estoy muy de acuerdo, porque, \u00bfc\u00f3mo va a ser casualidad que tenga diston\u00eda en dos partes del cierto y no tengan nada que ver? Mucha coincidencia. Tendr\u00edan que preocuparse m\u00e1s del origen de las cosas y no tanto de paliar el s\u00edntoma r\u00e1pido\u00bb, se queja.<\/p>\n<h1>Es inc\u00f3modo porque me miran a la boca en lugar de a los ojos\u2026 pero ya no me importa, he aprendido a vivir con ello<\/h1>\n<h2>El dolor de la mirada ajena<\/h2>\n<p>Desde el diagn\u00f3stico han pasado cuatro a\u00f1os y Conchita asegura que <b>ahora ya puede llevar una vida m\u00e1s menos normal<\/b>, pero que los inicios fueron muy duros, sobre todo psicol\u00f3gicamente, \u00aben mi caso es que adem\u00e1s es algo muy visual, la gente se te queda mirando\u2026 Recuerdo que iba al pueblo de mi padre, en Navarra, donde se conoce todo el mundo, y yo lo pasaba mal porque se me quedaban mirando, me preguntaban\u2026 y hasta llegaron a decir que ten\u00eda c\u00e1ncer y que me estaba muriendo\u00bb.<\/p>\n<p>Despu\u00e9s de varios a\u00f1os y de mucho trabajo psicol\u00f3gico, asegura que ahora lo lleva bastante mejor, \u00abcomo es tan visual, la gente se te queda mirando, y es inc\u00f3modo porque  me miran a la boca en lugar de a los ojos\u2026 pero vamos, que <b>ya no me importa<\/b>, incluso los ni\u00f1os, que son tan inocentes, me preguntan que me pasa en la lengua y se lo digo tranquilamente. Ya s\u00e9 lo que tengo y lo he asumido. <b>He aprendido a vivir con ello y tirar para adelante<\/b>, que es fundamental en cualquier tipo de enfermedad o circunstancia\u00bb.<\/p>\n<p>En lo que m\u00e1s le condiciona ahora mismo es en eso, en las miradas indiscretas y a la hora de ir a sitio o con personas que no le conocen, \u00abno me entienden y<b> tengo que repetir las cosas m\u00e1s de una vez<\/b>, pero poco m\u00e1s. Cuando m\u00e1s lo noto es cuando hablo por tel\u00e9fono o con compa\u00f1\u00edas de estas en las que hablas con un robot. Cuando empiezan a decirme, &#8216;perd\u00f3n, no le he entendido&#8217;, me desespero un poco, porque no hay nada de <a href=\"https:\/\/www.20minutos.es\/minuteca\/accesibilidad\/\" title=\"Accesibilidad\" target=\"_blank\">accesibilidad<\/a> en estos casos. Y yo a\u00fan puedo hablar, pero la gente que no pueda o tenga otras patolog\u00edas que le impidan hablar bien y que tenga que hacerse entender a de alguna manera, \u00bfc\u00f3mo lo hacen?<b> Hasta que no te pasan estas cosas, no eres consciente de muchas realidades<\/b>\u00ab, reconoce.<\/p>\n<p>Para cuidarse, adem\u00e1s de acudir regularmente al neur\u00f3logo, <b>va a yoga, a pilates y al quiropr\u00e1ctico<\/b>, \u00abalgunas veces me trata la espalda y otras hacemos ejercicio con las palabras\u2026 cosas un poco raras, pero que a m\u00ed me funcionan, igual que el yoga y el pilates, que me ayudan mucho\u00bb.<\/p>\n<p>Una vez asumida su patolog\u00eda, Conchita se siente hasta afortunada, pues en consciente de que muchas personas no pueden cuidarse como ella, \u00abla verdad es que<b> tengo una posici\u00f3n econ\u00f3mica bastante buena y que puedo permitirme todas las terapias <\/b>y hacerlo en horas en las que otra persona no podr\u00eda porque no trabajo, y eso, en cualquier enfermedad, no solo en esta, ayuda mucho\u00bb, reconoce, \u00absoy consciente, por un lado, de que mi diston\u00eda podr\u00eda afectar a mi trabajo y, por otro, de que si trabajara, no tendr\u00eda tanto tiempo, no podr\u00eda dedicar tanto tiempo a cuidarme\u00bb.<\/p>\n<h1>Yo m\u00e1s o menos me apa\u00f1o, pero hay diston\u00edas mucho m\u00e1s graves, que limitan mucho, y de las que no se sabe nada<\/h1>\n<p>Por ese motivo, aunque en la inmensa mayor\u00eda de las diston\u00edas s\u00ed conlleva el reconocimiento de una<a href=\"https:\/\/www.20minutos.es\/minuteca\/discapacidad\/\" title=\"Discapacidad\" target=\"_blank\"> discapacidad<\/a>, porque impactan mucho en la calidad de vida, Conchita ha decidido no pedir este reconocimiento, \u00abcomo no trabajo y econ\u00f3micamente no me hace falta, no me he querido meter en ese l\u00edo. Adem\u00e1s<b>, como los recursos no sobran, prefiero que se los dediquen a otro que s\u00ed lo necesita<\/b>\u00ab, asegura.<\/p>\n<p>Lo que s\u00ed que le gustar\u00eda es <b>que las diston\u00edas se estudiaran<\/b> m\u00e1s para que se pudiera, de alguna manera, mejorar la vida de las personas que ven sus capacidades m\u00e1s mermadas, \u00abyo m\u00e1s o menos me apa\u00f1o, pero <b>hay diston\u00edas mucho m\u00e1s graves<\/b>, que limitan mucho, y de las que no se sabe nada. Y esto ocurre como con otras <a href=\"https:\/\/www.20minutos.es\/salud\/minuteca\/enfermedades-raras\/\" title=\"Enfermedades raras\" target=\"_blank\">enfermedades raras<\/a>, que no se investigan por motivos econ\u00f3micos\u00bb. <\/p>\n<p>Ella, tras mucho trabajo, terap\u00e9utico y psicol\u00f3gico, adem\u00e1s de que ha mejorado, ya puede decir alto y claro que<b> ha conseguido aprender a vivir con su diston\u00eda<\/b>, \u00abal principio sufr\u00ed mucho, no quer\u00eda salir a la calle, no quer\u00eda ver a nadie\u2026 y hasta me vino bien lo de la mascarilla para que no me vieran la cara, pero ahora he aprendido a vivir con ella, he asumido que es parte de mi vida\u00bb, asegura m\u00e1s optimista. <\/p>\n<\/div>\n<p>Fuente: Discapacidad https:\/\/www.20minutos.es\/noticia\/5654380\/0\/conchita-oyarzun-con-distonia\/<\/p>\n","protected":false},"excerpt":{"rendered":"<p>La diston\u00eda es un trastorno del movimiento caracterizado por contracciones musculares involuntarias.<\/p>\n","protected":false},"author":1,"featured_media":0,"comment_status":"closed","ping_status":"closed","sticky":false,"template":"","format":"standard","meta":{"footnotes":""},"categories":[8],"tags":[],"class_list":["post-10569","post","type-post","status-publish","format-standard","hentry","category-noticias"],"yoast_head":"<!-- This site is optimized with the Yoast SEO plugin v27.5 - https:\/\/yoast.com\/product\/yoast-seo-wordpress\/ -->\n<title>Conchita Oyarzun, con una diston\u00eda que le afecta al habla y al rostro: &quot;Al principio sufr\u00ed mucho, no quer\u00eda salir a la calle&quot; - Asociaci\u00f3n Espa\u00f1ola S\u00edndrome de Charge<\/title>\n<meta name=\"robots\" content=\"index, follow, max-snippet:-1, max-image-preview:large, max-video-preview:-1\" \/>\n<link rel=\"canonical\" href=\"https:\/\/sindromecharge.es\/index.php\/2024\/11\/15\/conchita-oyarzun-con-distonia\/\" \/>\n<meta property=\"og:locale\" content=\"es_ES\" \/>\n<meta property=\"og:type\" content=\"article\" \/>\n<meta property=\"og:title\" content=\"Conchita Oyarzun, con una diston\u00eda que le afecta al habla y al rostro: &quot;Al principio sufr\u00ed mucho, no quer\u00eda salir a la calle&quot; - Asociaci\u00f3n Espa\u00f1ola S\u00edndrome de Charge\" \/>\n<meta property=\"og:description\" content=\"La diston\u00eda es un trastorno del movimiento caracterizado por contracciones musculares involuntarias.\" \/>\n<meta property=\"og:url\" content=\"https:\/\/sindromecharge.es\/index.php\/2024\/11\/15\/conchita-oyarzun-con-distonia\/\" \/>\n<meta property=\"og:site_name\" content=\"Asociaci\u00f3n Espa\u00f1ola S\u00edndrome de Charge\" \/>\n<meta property=\"article:publisher\" content=\"https:\/\/www.facebook.com\/asociacionsindromecharge\" \/>\n<meta property=\"article:published_time\" content=\"2024-11-15T05:32:53+00:00\" \/>\n<meta property=\"og:image\" content=\"https:\/\/sindromecharge.es\/wp-content\/uploads\/2013\/09\/logodecharge300x98.png\" \/>\n\t<meta property=\"og:image:width\" content=\"300\" \/>\n\t<meta property=\"og:image:height\" content=\"98\" \/>\n\t<meta property=\"og:image:type\" content=\"image\/png\" \/>\n<meta name=\"author\" content=\"Charge\" \/>\n<meta name=\"twitter:card\" content=\"summary_large_image\" \/>\n<meta name=\"twitter:creator\" content=\"@sindromecharge\" \/>\n<meta name=\"twitter:site\" content=\"@sindromecharge\" \/>\n<meta name=\"twitter:label1\" content=\"Escrito por\" \/>\n\t<meta name=\"twitter:data1\" content=\"Charge\" \/>\n\t<meta name=\"twitter:label2\" content=\"Tiempo de lectura\" \/>\n\t<meta name=\"twitter:data2\" content=\"7 minutos\" \/>\n<script type=\"application\/ld+json\" class=\"yoast-schema-graph\">{\"@context\":\"https:\\\/\\\/schema.org\",\"@graph\":[{\"@type\":\"Article\",\"@id\":\"https:\\\/\\\/sindromecharge.es\\\/index.php\\\/2024\\\/11\\\/15\\\/conchita-oyarzun-con-distonia\\\/#article\",\"isPartOf\":{\"@id\":\"https:\\\/\\\/sindromecharge.es\\\/index.php\\\/2024\\\/11\\\/15\\\/conchita-oyarzun-con-distonia\\\/\"},\"author\":{\"name\":\"Charge\",\"@id\":\"https:\\\/\\\/sindromecharge.es\\\/#\\\/schema\\\/person\\\/39a60ebe0a2b4d5a11179701e336b039\"},\"headline\":\"Conchita Oyarzun, con una diston\u00eda que le afecta al habla y al rostro: \u00abAl principio sufr\u00ed mucho, no quer\u00eda salir a la calle\u00bb\",\"datePublished\":\"2024-11-15T05:32:53+00:00\",\"mainEntityOfPage\":{\"@id\":\"https:\\\/\\\/sindromecharge.es\\\/index.php\\\/2024\\\/11\\\/15\\\/conchita-oyarzun-con-distonia\\\/\"},\"wordCount\":1399,\"articleSection\":[\"noticias\"],\"inLanguage\":\"es\"},{\"@type\":\"WebPage\",\"@id\":\"https:\\\/\\\/sindromecharge.es\\\/index.php\\\/2024\\\/11\\\/15\\\/conchita-oyarzun-con-distonia\\\/\",\"url\":\"https:\\\/\\\/sindromecharge.es\\\/index.php\\\/2024\\\/11\\\/15\\\/conchita-oyarzun-con-distonia\\\/\",\"name\":\"Conchita Oyarzun, con una diston\u00eda que le afecta al habla y al rostro: \\\"Al principio sufr\u00ed mucho, no quer\u00eda salir a la calle\\\" - Asociaci\u00f3n Espa\u00f1ola S\u00edndrome de Charge\",\"isPartOf\":{\"@id\":\"https:\\\/\\\/sindromecharge.es\\\/#website\"},\"datePublished\":\"2024-11-15T05:32:53+00:00\",\"author\":{\"@id\":\"https:\\\/\\\/sindromecharge.es\\\/#\\\/schema\\\/person\\\/39a60ebe0a2b4d5a11179701e336b039\"},\"breadcrumb\":{\"@id\":\"https:\\\/\\\/sindromecharge.es\\\/index.php\\\/2024\\\/11\\\/15\\\/conchita-oyarzun-con-distonia\\\/#breadcrumb\"},\"inLanguage\":\"es\",\"potentialAction\":[{\"@type\":\"ReadAction\",\"target\":[\"https:\\\/\\\/sindromecharge.es\\\/index.php\\\/2024\\\/11\\\/15\\\/conchita-oyarzun-con-distonia\\\/\"]}]},{\"@type\":\"BreadcrumbList\",\"@id\":\"https:\\\/\\\/sindromecharge.es\\\/index.php\\\/2024\\\/11\\\/15\\\/conchita-oyarzun-con-distonia\\\/#breadcrumb\",\"itemListElement\":[{\"@type\":\"ListItem\",\"position\":1,\"name\":\"Portada\",\"item\":\"https:\\\/\\\/sindromecharge.es\\\/\"},{\"@type\":\"ListItem\",\"position\":2,\"name\":\"Conchita Oyarzun, con una diston\u00eda que le afecta al habla y al rostro: &#8220;Al principio sufr\u00ed mucho, no quer\u00eda salir a la calle&#8221;\"}]},{\"@type\":\"WebSite\",\"@id\":\"https:\\\/\\\/sindromecharge.es\\\/#website\",\"url\":\"https:\\\/\\\/sindromecharge.es\\\/\",\"name\":\"Asociaci\u00f3n Espa\u00f1ola S\u00edndrome de Charge\",\"description\":\"\",\"potentialAction\":[{\"@type\":\"SearchAction\",\"target\":{\"@type\":\"EntryPoint\",\"urlTemplate\":\"https:\\\/\\\/sindromecharge.es\\\/?s={search_term_string}\"},\"query-input\":{\"@type\":\"PropertyValueSpecification\",\"valueRequired\":true,\"valueName\":\"search_term_string\"}}],\"inLanguage\":\"es\"},{\"@type\":\"Person\",\"@id\":\"https:\\\/\\\/sindromecharge.es\\\/#\\\/schema\\\/person\\\/39a60ebe0a2b4d5a11179701e336b039\",\"name\":\"Charge\",\"image\":{\"@type\":\"ImageObject\",\"inLanguage\":\"es\",\"@id\":\"https:\\\/\\\/secure.gravatar.com\\\/avatar\\\/c3b46e32a0fc3b093a0873fb767bf3293de856293065e84ef06b7ec7a8acfb98?s=96&d=identicon&r=x\",\"url\":\"https:\\\/\\\/secure.gravatar.com\\\/avatar\\\/c3b46e32a0fc3b093a0873fb767bf3293de856293065e84ef06b7ec7a8acfb98?s=96&d=identicon&r=x\",\"contentUrl\":\"https:\\\/\\\/secure.gravatar.com\\\/avatar\\\/c3b46e32a0fc3b093a0873fb767bf3293de856293065e84ef06b7ec7a8acfb98?s=96&d=identicon&r=x\",\"caption\":\"Charge\"},\"url\":\"https:\\\/\\\/sindromecharge.es\\\/index.php\\\/author\\\/admin\\\/\"}]}<\/script>\n<!-- \/ Yoast SEO plugin. -->","yoast_head_json":{"title":"Conchita Oyarzun, con una diston\u00eda que le afecta al habla y al rostro: \"Al principio sufr\u00ed mucho, no quer\u00eda salir a la calle\" - Asociaci\u00f3n Espa\u00f1ola S\u00edndrome de Charge","robots":{"index":"index","follow":"follow","max-snippet":"max-snippet:-1","max-image-preview":"max-image-preview:large","max-video-preview":"max-video-preview:-1"},"canonical":"https:\/\/sindromecharge.es\/index.php\/2024\/11\/15\/conchita-oyarzun-con-distonia\/","og_locale":"es_ES","og_type":"article","og_title":"Conchita Oyarzun, con una diston\u00eda que le afecta al habla y al rostro: \"Al principio sufr\u00ed mucho, no quer\u00eda salir a la calle\" - Asociaci\u00f3n Espa\u00f1ola S\u00edndrome de Charge","og_description":"La diston\u00eda es un trastorno del movimiento caracterizado por contracciones musculares involuntarias.","og_url":"https:\/\/sindromecharge.es\/index.php\/2024\/11\/15\/conchita-oyarzun-con-distonia\/","og_site_name":"Asociaci\u00f3n Espa\u00f1ola S\u00edndrome de Charge","article_publisher":"https:\/\/www.facebook.com\/asociacionsindromecharge","article_published_time":"2024-11-15T05:32:53+00:00","og_image":[{"width":300,"height":98,"url":"https:\/\/sindromecharge.es\/wp-content\/uploads\/2013\/09\/logodecharge300x98.png","type":"image\/png"}],"author":"Charge","twitter_card":"summary_large_image","twitter_creator":"@sindromecharge","twitter_site":"@sindromecharge","twitter_misc":{"Escrito por":"Charge","Tiempo de lectura":"7 minutos"},"schema":{"@context":"https:\/\/schema.org","@graph":[{"@type":"Article","@id":"https:\/\/sindromecharge.es\/index.php\/2024\/11\/15\/conchita-oyarzun-con-distonia\/#article","isPartOf":{"@id":"https:\/\/sindromecharge.es\/index.php\/2024\/11\/15\/conchita-oyarzun-con-distonia\/"},"author":{"name":"Charge","@id":"https:\/\/sindromecharge.es\/#\/schema\/person\/39a60ebe0a2b4d5a11179701e336b039"},"headline":"Conchita Oyarzun, con una diston\u00eda que le afecta al habla y al rostro: \u00abAl principio sufr\u00ed mucho, no quer\u00eda salir a la calle\u00bb","datePublished":"2024-11-15T05:32:53+00:00","mainEntityOfPage":{"@id":"https:\/\/sindromecharge.es\/index.php\/2024\/11\/15\/conchita-oyarzun-con-distonia\/"},"wordCount":1399,"articleSection":["noticias"],"inLanguage":"es"},{"@type":"WebPage","@id":"https:\/\/sindromecharge.es\/index.php\/2024\/11\/15\/conchita-oyarzun-con-distonia\/","url":"https:\/\/sindromecharge.es\/index.php\/2024\/11\/15\/conchita-oyarzun-con-distonia\/","name":"Conchita Oyarzun, con una diston\u00eda que le afecta al habla y al rostro: \"Al principio sufr\u00ed mucho, no quer\u00eda salir a la calle\" - Asociaci\u00f3n Espa\u00f1ola S\u00edndrome de Charge","isPartOf":{"@id":"https:\/\/sindromecharge.es\/#website"},"datePublished":"2024-11-15T05:32:53+00:00","author":{"@id":"https:\/\/sindromecharge.es\/#\/schema\/person\/39a60ebe0a2b4d5a11179701e336b039"},"breadcrumb":{"@id":"https:\/\/sindromecharge.es\/index.php\/2024\/11\/15\/conchita-oyarzun-con-distonia\/#breadcrumb"},"inLanguage":"es","potentialAction":[{"@type":"ReadAction","target":["https:\/\/sindromecharge.es\/index.php\/2024\/11\/15\/conchita-oyarzun-con-distonia\/"]}]},{"@type":"BreadcrumbList","@id":"https:\/\/sindromecharge.es\/index.php\/2024\/11\/15\/conchita-oyarzun-con-distonia\/#breadcrumb","itemListElement":[{"@type":"ListItem","position":1,"name":"Portada","item":"https:\/\/sindromecharge.es\/"},{"@type":"ListItem","position":2,"name":"Conchita Oyarzun, con una diston\u00eda que le afecta al habla y al rostro: &#8220;Al principio sufr\u00ed mucho, no quer\u00eda salir a la calle&#8221;"}]},{"@type":"WebSite","@id":"https:\/\/sindromecharge.es\/#website","url":"https:\/\/sindromecharge.es\/","name":"Asociaci\u00f3n Espa\u00f1ola S\u00edndrome de Charge","description":"","potentialAction":[{"@type":"SearchAction","target":{"@type":"EntryPoint","urlTemplate":"https:\/\/sindromecharge.es\/?s={search_term_string}"},"query-input":{"@type":"PropertyValueSpecification","valueRequired":true,"valueName":"search_term_string"}}],"inLanguage":"es"},{"@type":"Person","@id":"https:\/\/sindromecharge.es\/#\/schema\/person\/39a60ebe0a2b4d5a11179701e336b039","name":"Charge","image":{"@type":"ImageObject","inLanguage":"es","@id":"https:\/\/secure.gravatar.com\/avatar\/c3b46e32a0fc3b093a0873fb767bf3293de856293065e84ef06b7ec7a8acfb98?s=96&d=identicon&r=x","url":"https:\/\/secure.gravatar.com\/avatar\/c3b46e32a0fc3b093a0873fb767bf3293de856293065e84ef06b7ec7a8acfb98?s=96&d=identicon&r=x","contentUrl":"https:\/\/secure.gravatar.com\/avatar\/c3b46e32a0fc3b093a0873fb767bf3293de856293065e84ef06b7ec7a8acfb98?s=96&d=identicon&r=x","caption":"Charge"},"url":"https:\/\/sindromecharge.es\/index.php\/author\/admin\/"}]}},"_links":{"self":[{"href":"https:\/\/sindromecharge.es\/index.php\/wp-json\/wp\/v2\/posts\/10569","targetHints":{"allow":["GET"]}}],"collection":[{"href":"https:\/\/sindromecharge.es\/index.php\/wp-json\/wp\/v2\/posts"}],"about":[{"href":"https:\/\/sindromecharge.es\/index.php\/wp-json\/wp\/v2\/types\/post"}],"author":[{"embeddable":true,"href":"https:\/\/sindromecharge.es\/index.php\/wp-json\/wp\/v2\/users\/1"}],"replies":[{"embeddable":true,"href":"https:\/\/sindromecharge.es\/index.php\/wp-json\/wp\/v2\/comments?post=10569"}],"version-history":[{"count":0,"href":"https:\/\/sindromecharge.es\/index.php\/wp-json\/wp\/v2\/posts\/10569\/revisions"}],"wp:attachment":[{"href":"https:\/\/sindromecharge.es\/index.php\/wp-json\/wp\/v2\/media?parent=10569"}],"wp:term":[{"taxonomy":"category","embeddable":true,"href":"https:\/\/sindromecharge.es\/index.php\/wp-json\/wp\/v2\/categories?post=10569"},{"taxonomy":"post_tag","embeddable":true,"href":"https:\/\/sindromecharge.es\/index.php\/wp-json\/wp\/v2\/tags?post=10569"}],"curies":[{"name":"wp","href":"https:\/\/api.w.org\/{rel}","templated":true}]}}