{"id":10568,"date":"2024-11-14T11:33:59","date_gmt":"2024-11-14T11:33:59","guid":{"rendered":"https:\/\/sindromecharge.es\/index.php\/2024\/11\/14\/ceddd-alerta-riesgo-perder-trabajos-discapacidad\/"},"modified":"2024-11-14T11:33:59","modified_gmt":"2024-11-14T11:33:59","slug":"ceddd-alerta-riesgo-perder-trabajos-discapacidad","status":"publish","type":"post","link":"https:\/\/sindromecharge.es\/index.php\/2024\/11\/14\/ceddd-alerta-riesgo-perder-trabajos-discapacidad\/","title":{"rendered":"CEDDD alerta del riesgo de perder 60.000 empleos de personas con discapacidad si sale la &#8216;ley de Econom\u00eda Social&#8217;"},"content":{"rendered":"<p>Leemos en Discapacidad la siguiente noticia que os reproducimos de forma \u00edntegra: <\/p>\n<div>\n<p>El <b>Consejo Espa\u00f1ol para la Defensa de la Discapacidad y la Dependencia (CEDDD) <\/b>alerta sobre el grave riesgo de <b>destrucci\u00f3n de empleo para personas con discapacidad<\/b> en Espa\u00f1a que pueden acarrear algunas iniciativas legislativas en ciernes. <\/p>\n<p>Concretamente, consideran que los<b> cambios planteados en el Proyecto de Ley Integral de Impulso a la Econom\u00eda Social<\/b> ponen en peligro la continuidad de cerca de 60.000 puestos de trabajo ocupados por este colectivo.<\/p>\n<p>Esta inquietud de CEDDD se debe a la propuesta de modificaci\u00f3n del art\u00edculo<b> 5.1 de la Ley 5\/2011, de 29 de marzo, de Econom\u00eda Social<\/b>, que tiene por objeto dejar fuera del paraguas jur\u00eddico de la Econom\u00eda Social a un total de 1.655 centros especiales de empleo, que no ostentan la calificaci\u00f3n de iniciativa social. <\/p>\n<p>\u00abDesde su creaci\u00f3n en 1982 con la Ley de Integraci\u00f3n Social del Minusv\u00e1lido (LISMI), los <b>Centros Especiales de Empleo (CEE)<\/b> son una herramienta clave para asegurar un empleo remunerado a personas con discapacidad en Espa\u00f1a. Seg\u00fan datos oficiales del SEPE, en 2022 hab\u00eda 2.417 centros especiales de empleo en el pa\u00eds, que emplean a m\u00e1s de 124.000 personas, de las cuales 106.429 tienen alguna discapacidad\u00bb, firman desde CEDDD. <\/p>\n<p>Atendiendo a la misma fuente, desde CEDDD destacan que el 68,5% de estos centros especiales de empleo no estaban calificados como de Iniciativa Social y que en el a\u00f1o 2022<b> trabajaban en ellos 61.425 empleados con discapacidad<\/b>, \u00abnuestro temor radica en que el Proyecto de Ley acabe con la posibilidad de que muchos de estos centros sigan operando, ya que plantea eliminar su reconocimiento como prestadores de Servicios de Inter\u00e9s Econ\u00f3mico General\u00bb. <\/p>\n<p>La Confederaci\u00f3n Nacional de Centros Especiales de Empleo (<b>CONACEE<\/b>), asociada a CEDDD, plantea que esta normativa \u00ab<b>dejar\u00eda sin empleo a decenas de miles de personas con <a href=\"https:\/\/www.20minutos.es\/minuteca\/discapacidad\/\" title=\"Discapacidad\" target=\"_blank\">discapacidad<\/a><\/b>, en un contexto en el que ya enfrentan grandes barreras para integrarse en el mercado laboral\u00bb.<\/p>\n<p>En este sentido, desde CEDDD recuerdan que \u00absolo el 25% de los dos millones de personas con discapacidad en edad de trabajar que hay en Espa\u00f1a, tiene empleo. De ellas, 100.000 trabajan en este tipo de centros, sean de Iniciativa Social o no. Para las <b>personas con discapacidades de especial dificultad<\/b> (<a href=\"https:\/\/www.20minutos.es\/minuteca\/discapacidad-intelectual\/\" title=\"Discapacidad intelectual\" target=\"_blank\">discapacidad intelectual<\/a>, enfermedad mental o discapacidad f\u00edsica igual o superior al 65%), la situaci\u00f3n es a\u00fan m\u00e1s complicada, pues solo 1 de cada 10 tiene empleo y la mayor\u00eda de ellos se encuentra tambi\u00e9n en estos centros\u00bb. <\/p>\n<p>Para CEDDD, e<span>ste hecho pone en relieve el papel social que desempe\u00f1an todos los CEE, m\u00e1s all\u00e1 de lo que pueda establecer una etiqueta asociada a su iniciativa, pues \u00ab<\/span>la <a href=\"https:\/\/www.20minutos.es\/minuteca\/inclusion\/\" title=\"Inclusi\u00f3n\" target=\"_blank\">inclusi\u00f3n<\/a> de personas con discapacidad en el mercado laboral no solo tiene un impacto positivo en la vida de los propios trabajadores, sino tambi\u00e9n en la econom\u00eda y en la cohesi\u00f3n social del pa\u00eds. Por eso, la p\u00e9rdida de estos empleos no solo dejar\u00eda a miles de personas sin ingresos, sino qu<b>e aumentar\u00eda la dependencia de las familias<\/b> y del Estado, generando un costo econ\u00f3mico y social elevado\u00bb. <\/p>\n<p>Por ello, en l\u00ednea con CONACEE, considera fundamental que los legisladores comprendan que la propuesta de ley actual excluye a una mayor\u00eda de los CEEs, que <b>no est\u00e1n calificados como de Iniciativa Social<\/b>, pero que representan m\u00e1s del 70% de las nuevas contrataciones de personas con discapacidad. Adem\u00e1s, se\u00f1alan que estos centros, en su mayor\u00eda, \u00abson peque\u00f1as empresas fundadas por personas con discapacidad o sus familiares, quienes se esfuerzan por ofrecer un entorno laboral adaptado y digno\u00bb. <\/p>\n<p>Asimismo, CEDDD \u00ablamenta profundamente\u00bb que en la redacci\u00f3n del Proyecto de la Ley 5\/2011, de 29 de marzo, de Econom\u00eda Social, no se haya contado con CONACEE, \u00abprimera y m\u00e1s antigua Patronal de Centros Especiales de Empleo de Espa\u00f1a. Este hecho<b> ha dejado indefensos a los centros que no tiene la calificaci\u00f3n de social <\/b>y que son mayoritarios en el sector, dado que Confederaci\u00f3n Espa\u00f1ola Para la Econom\u00eda Social (CEPES) \u00fanicamente representa y defiende los intereses de los Centros Especiales de Empleo de Iniciativa Social presentes entre sus asociados\u00bb.<\/p>\n<p>Por todo ello, CEDDD reclama la &#8216;urgente y necesaria&#8217; revisi\u00f3n del citado Proyecto de Ley y que se escuche a todos los actores implicados. En palabras del <b>presidente de CEDDD, Albert Campabadal<\/b>, \u00abno se puede avanzar en inclusi\u00f3n social y econ\u00f3mica dejando fuera del mercado laboral a decenas de miles de personas con discapacidad, muchas de las cuales dif\u00edcilmente encontrar\u00e1n otra oportunidad fuera de un Centro Especial de Empleo\u00bb. <\/p>\n<p>Con el objetivo de transmitir este mensaje a los responsables pol\u00edticos, <b>CEDDD ha iniciado una ronda de contactos con los partidos<\/b>, que arranc\u00f3 ayer en el Congreso con sendos encuentros con los diputados Josep Mar\u00eda Cervera, de Junts per Catalunya, y con los diputados del Partido Popular (PP) Ana Isabel Al\u00f3s, Isabel Prieto Serrano, Violante Tom\u00e1s Olivares, Agust\u00edn Parra, Alma Alfonso Silvestre, Rosario Cayuela y Jaime Arellano.<\/p>\n<\/div>\n<p>Fuente: Discapacidad https:\/\/www.20minutos.es\/noticia\/5654066\/0\/ceddd-alerta-riesgo-perder-trabajos-discapacidad\/<\/p>\n","protected":false},"excerpt":{"rendered":"<p>Desde el Consejo Espa\u00f1ol para la Defensa de la Discapacidad y la Dependencia lamentan que no se haya contado para su redacci\u00f3n con CONACEE, Patronal de Centros Especiales de Empleo de Espa\u00f1a.<\/p>\n","protected":false},"author":1,"featured_media":0,"comment_status":"closed","ping_status":"closed","sticky":false,"template":"","format":"standard","meta":{"footnotes":""},"categories":[8],"tags":[],"class_list":["post-10568","post","type-post","status-publish","format-standard","hentry","category-noticias"],"yoast_head":"<!-- This site is optimized with the Yoast SEO plugin v27.5 - https:\/\/yoast.com\/product\/yoast-seo-wordpress\/ -->\n<title>CEDDD alerta del riesgo de perder 60.000 empleos de personas con discapacidad si sale la &#039;ley de Econom\u00eda Social&#039; - Asociaci\u00f3n Espa\u00f1ola S\u00edndrome de Charge<\/title>\n<meta name=\"robots\" content=\"index, follow, max-snippet:-1, max-image-preview:large, max-video-preview:-1\" \/>\n<link rel=\"canonical\" href=\"https:\/\/sindromecharge.es\/index.php\/2024\/11\/14\/ceddd-alerta-riesgo-perder-trabajos-discapacidad\/\" \/>\n<meta property=\"og:locale\" content=\"es_ES\" \/>\n<meta property=\"og:type\" content=\"article\" \/>\n<meta property=\"og:title\" content=\"CEDDD alerta del riesgo de perder 60.000 empleos de personas con discapacidad si sale la &#039;ley de Econom\u00eda Social&#039; - Asociaci\u00f3n Espa\u00f1ola S\u00edndrome de Charge\" \/>\n<meta property=\"og:description\" content=\"Desde el Consejo Espa\u00f1ol para la Defensa de la Discapacidad y la Dependencia lamentan que no se haya contado para su redacci\u00f3n con CONACEE, Patronal de Centros Especiales de Empleo de Espa\u00f1a.\" \/>\n<meta property=\"og:url\" content=\"https:\/\/sindromecharge.es\/index.php\/2024\/11\/14\/ceddd-alerta-riesgo-perder-trabajos-discapacidad\/\" \/>\n<meta property=\"og:site_name\" content=\"Asociaci\u00f3n Espa\u00f1ola S\u00edndrome de Charge\" \/>\n<meta property=\"article:publisher\" content=\"https:\/\/www.facebook.com\/asociacionsindromecharge\" \/>\n<meta property=\"article:published_time\" content=\"2024-11-14T11:33:59+00:00\" \/>\n<meta property=\"og:image\" content=\"https:\/\/sindromecharge.es\/wp-content\/uploads\/2013\/09\/logodecharge300x98.png\" \/>\n\t<meta property=\"og:image:width\" content=\"300\" \/>\n\t<meta property=\"og:image:height\" content=\"98\" \/>\n\t<meta property=\"og:image:type\" content=\"image\/png\" \/>\n<meta name=\"author\" content=\"Charge\" \/>\n<meta name=\"twitter:card\" content=\"summary_large_image\" \/>\n<meta name=\"twitter:creator\" content=\"@sindromecharge\" \/>\n<meta name=\"twitter:site\" content=\"@sindromecharge\" \/>\n<meta name=\"twitter:label1\" content=\"Escrito por\" \/>\n\t<meta name=\"twitter:data1\" content=\"Charge\" \/>\n\t<meta name=\"twitter:label2\" content=\"Tiempo de lectura\" \/>\n\t<meta name=\"twitter:data2\" content=\"4 minutos\" \/>\n<script type=\"application\/ld+json\" class=\"yoast-schema-graph\">{\"@context\":\"https:\\\/\\\/schema.org\",\"@graph\":[{\"@type\":\"Article\",\"@id\":\"https:\\\/\\\/sindromecharge.es\\\/index.php\\\/2024\\\/11\\\/14\\\/ceddd-alerta-riesgo-perder-trabajos-discapacidad\\\/#article\",\"isPartOf\":{\"@id\":\"https:\\\/\\\/sindromecharge.es\\\/index.php\\\/2024\\\/11\\\/14\\\/ceddd-alerta-riesgo-perder-trabajos-discapacidad\\\/\"},\"author\":{\"name\":\"Charge\",\"@id\":\"https:\\\/\\\/sindromecharge.es\\\/#\\\/schema\\\/person\\\/39a60ebe0a2b4d5a11179701e336b039\"},\"headline\":\"CEDDD alerta del riesgo de perder 60.000 empleos de personas con discapacidad si sale la &#8216;ley de Econom\u00eda Social&#8217;\",\"datePublished\":\"2024-11-14T11:33:59+00:00\",\"mainEntityOfPage\":{\"@id\":\"https:\\\/\\\/sindromecharge.es\\\/index.php\\\/2024\\\/11\\\/14\\\/ceddd-alerta-riesgo-perder-trabajos-discapacidad\\\/\"},\"wordCount\":881,\"articleSection\":[\"noticias\"],\"inLanguage\":\"es\"},{\"@type\":\"WebPage\",\"@id\":\"https:\\\/\\\/sindromecharge.es\\\/index.php\\\/2024\\\/11\\\/14\\\/ceddd-alerta-riesgo-perder-trabajos-discapacidad\\\/\",\"url\":\"https:\\\/\\\/sindromecharge.es\\\/index.php\\\/2024\\\/11\\\/14\\\/ceddd-alerta-riesgo-perder-trabajos-discapacidad\\\/\",\"name\":\"CEDDD alerta del riesgo de perder 60.000 empleos de personas con discapacidad si sale la 'ley de Econom\u00eda Social' - Asociaci\u00f3n Espa\u00f1ola S\u00edndrome de Charge\",\"isPartOf\":{\"@id\":\"https:\\\/\\\/sindromecharge.es\\\/#website\"},\"datePublished\":\"2024-11-14T11:33:59+00:00\",\"author\":{\"@id\":\"https:\\\/\\\/sindromecharge.es\\\/#\\\/schema\\\/person\\\/39a60ebe0a2b4d5a11179701e336b039\"},\"breadcrumb\":{\"@id\":\"https:\\\/\\\/sindromecharge.es\\\/index.php\\\/2024\\\/11\\\/14\\\/ceddd-alerta-riesgo-perder-trabajos-discapacidad\\\/#breadcrumb\"},\"inLanguage\":\"es\",\"potentialAction\":[{\"@type\":\"ReadAction\",\"target\":[\"https:\\\/\\\/sindromecharge.es\\\/index.php\\\/2024\\\/11\\\/14\\\/ceddd-alerta-riesgo-perder-trabajos-discapacidad\\\/\"]}]},{\"@type\":\"BreadcrumbList\",\"@id\":\"https:\\\/\\\/sindromecharge.es\\\/index.php\\\/2024\\\/11\\\/14\\\/ceddd-alerta-riesgo-perder-trabajos-discapacidad\\\/#breadcrumb\",\"itemListElement\":[{\"@type\":\"ListItem\",\"position\":1,\"name\":\"Portada\",\"item\":\"https:\\\/\\\/sindromecharge.es\\\/\"},{\"@type\":\"ListItem\",\"position\":2,\"name\":\"CEDDD alerta del riesgo de perder 60.000 empleos de personas con discapacidad si sale la &#8216;ley de Econom\u00eda Social&#8217;\"}]},{\"@type\":\"WebSite\",\"@id\":\"https:\\\/\\\/sindromecharge.es\\\/#website\",\"url\":\"https:\\\/\\\/sindromecharge.es\\\/\",\"name\":\"Asociaci\u00f3n Espa\u00f1ola S\u00edndrome de Charge\",\"description\":\"\",\"potentialAction\":[{\"@type\":\"SearchAction\",\"target\":{\"@type\":\"EntryPoint\",\"urlTemplate\":\"https:\\\/\\\/sindromecharge.es\\\/?s={search_term_string}\"},\"query-input\":{\"@type\":\"PropertyValueSpecification\",\"valueRequired\":true,\"valueName\":\"search_term_string\"}}],\"inLanguage\":\"es\"},{\"@type\":\"Person\",\"@id\":\"https:\\\/\\\/sindromecharge.es\\\/#\\\/schema\\\/person\\\/39a60ebe0a2b4d5a11179701e336b039\",\"name\":\"Charge\",\"image\":{\"@type\":\"ImageObject\",\"inLanguage\":\"es\",\"@id\":\"https:\\\/\\\/secure.gravatar.com\\\/avatar\\\/c3b46e32a0fc3b093a0873fb767bf3293de856293065e84ef06b7ec7a8acfb98?s=96&d=identicon&r=x\",\"url\":\"https:\\\/\\\/secure.gravatar.com\\\/avatar\\\/c3b46e32a0fc3b093a0873fb767bf3293de856293065e84ef06b7ec7a8acfb98?s=96&d=identicon&r=x\",\"contentUrl\":\"https:\\\/\\\/secure.gravatar.com\\\/avatar\\\/c3b46e32a0fc3b093a0873fb767bf3293de856293065e84ef06b7ec7a8acfb98?s=96&d=identicon&r=x\",\"caption\":\"Charge\"},\"url\":\"https:\\\/\\\/sindromecharge.es\\\/index.php\\\/author\\\/admin\\\/\"}]}<\/script>\n<!-- \/ Yoast SEO plugin. -->","yoast_head_json":{"title":"CEDDD alerta del riesgo de perder 60.000 empleos de personas con discapacidad si sale la 'ley de Econom\u00eda Social' - Asociaci\u00f3n Espa\u00f1ola S\u00edndrome de Charge","robots":{"index":"index","follow":"follow","max-snippet":"max-snippet:-1","max-image-preview":"max-image-preview:large","max-video-preview":"max-video-preview:-1"},"canonical":"https:\/\/sindromecharge.es\/index.php\/2024\/11\/14\/ceddd-alerta-riesgo-perder-trabajos-discapacidad\/","og_locale":"es_ES","og_type":"article","og_title":"CEDDD alerta del riesgo de perder 60.000 empleos de personas con discapacidad si sale la 'ley de Econom\u00eda Social' - Asociaci\u00f3n Espa\u00f1ola S\u00edndrome de Charge","og_description":"Desde el Consejo Espa\u00f1ol para la Defensa de la Discapacidad y la Dependencia lamentan que no se haya contado para su redacci\u00f3n con CONACEE, Patronal de Centros Especiales de Empleo de Espa\u00f1a.","og_url":"https:\/\/sindromecharge.es\/index.php\/2024\/11\/14\/ceddd-alerta-riesgo-perder-trabajos-discapacidad\/","og_site_name":"Asociaci\u00f3n Espa\u00f1ola S\u00edndrome de Charge","article_publisher":"https:\/\/www.facebook.com\/asociacionsindromecharge","article_published_time":"2024-11-14T11:33:59+00:00","og_image":[{"width":300,"height":98,"url":"https:\/\/sindromecharge.es\/wp-content\/uploads\/2013\/09\/logodecharge300x98.png","type":"image\/png"}],"author":"Charge","twitter_card":"summary_large_image","twitter_creator":"@sindromecharge","twitter_site":"@sindromecharge","twitter_misc":{"Escrito por":"Charge","Tiempo de lectura":"4 minutos"},"schema":{"@context":"https:\/\/schema.org","@graph":[{"@type":"Article","@id":"https:\/\/sindromecharge.es\/index.php\/2024\/11\/14\/ceddd-alerta-riesgo-perder-trabajos-discapacidad\/#article","isPartOf":{"@id":"https:\/\/sindromecharge.es\/index.php\/2024\/11\/14\/ceddd-alerta-riesgo-perder-trabajos-discapacidad\/"},"author":{"name":"Charge","@id":"https:\/\/sindromecharge.es\/#\/schema\/person\/39a60ebe0a2b4d5a11179701e336b039"},"headline":"CEDDD alerta del riesgo de perder 60.000 empleos de personas con discapacidad si sale la &#8216;ley de Econom\u00eda Social&#8217;","datePublished":"2024-11-14T11:33:59+00:00","mainEntityOfPage":{"@id":"https:\/\/sindromecharge.es\/index.php\/2024\/11\/14\/ceddd-alerta-riesgo-perder-trabajos-discapacidad\/"},"wordCount":881,"articleSection":["noticias"],"inLanguage":"es"},{"@type":"WebPage","@id":"https:\/\/sindromecharge.es\/index.php\/2024\/11\/14\/ceddd-alerta-riesgo-perder-trabajos-discapacidad\/","url":"https:\/\/sindromecharge.es\/index.php\/2024\/11\/14\/ceddd-alerta-riesgo-perder-trabajos-discapacidad\/","name":"CEDDD alerta del riesgo de perder 60.000 empleos de personas con discapacidad si sale la 'ley de Econom\u00eda Social' - Asociaci\u00f3n Espa\u00f1ola S\u00edndrome de Charge","isPartOf":{"@id":"https:\/\/sindromecharge.es\/#website"},"datePublished":"2024-11-14T11:33:59+00:00","author":{"@id":"https:\/\/sindromecharge.es\/#\/schema\/person\/39a60ebe0a2b4d5a11179701e336b039"},"breadcrumb":{"@id":"https:\/\/sindromecharge.es\/index.php\/2024\/11\/14\/ceddd-alerta-riesgo-perder-trabajos-discapacidad\/#breadcrumb"},"inLanguage":"es","potentialAction":[{"@type":"ReadAction","target":["https:\/\/sindromecharge.es\/index.php\/2024\/11\/14\/ceddd-alerta-riesgo-perder-trabajos-discapacidad\/"]}]},{"@type":"BreadcrumbList","@id":"https:\/\/sindromecharge.es\/index.php\/2024\/11\/14\/ceddd-alerta-riesgo-perder-trabajos-discapacidad\/#breadcrumb","itemListElement":[{"@type":"ListItem","position":1,"name":"Portada","item":"https:\/\/sindromecharge.es\/"},{"@type":"ListItem","position":2,"name":"CEDDD alerta del riesgo de perder 60.000 empleos de personas con discapacidad si sale la &#8216;ley de Econom\u00eda Social&#8217;"}]},{"@type":"WebSite","@id":"https:\/\/sindromecharge.es\/#website","url":"https:\/\/sindromecharge.es\/","name":"Asociaci\u00f3n Espa\u00f1ola S\u00edndrome de Charge","description":"","potentialAction":[{"@type":"SearchAction","target":{"@type":"EntryPoint","urlTemplate":"https:\/\/sindromecharge.es\/?s={search_term_string}"},"query-input":{"@type":"PropertyValueSpecification","valueRequired":true,"valueName":"search_term_string"}}],"inLanguage":"es"},{"@type":"Person","@id":"https:\/\/sindromecharge.es\/#\/schema\/person\/39a60ebe0a2b4d5a11179701e336b039","name":"Charge","image":{"@type":"ImageObject","inLanguage":"es","@id":"https:\/\/secure.gravatar.com\/avatar\/c3b46e32a0fc3b093a0873fb767bf3293de856293065e84ef06b7ec7a8acfb98?s=96&d=identicon&r=x","url":"https:\/\/secure.gravatar.com\/avatar\/c3b46e32a0fc3b093a0873fb767bf3293de856293065e84ef06b7ec7a8acfb98?s=96&d=identicon&r=x","contentUrl":"https:\/\/secure.gravatar.com\/avatar\/c3b46e32a0fc3b093a0873fb767bf3293de856293065e84ef06b7ec7a8acfb98?s=96&d=identicon&r=x","caption":"Charge"},"url":"https:\/\/sindromecharge.es\/index.php\/author\/admin\/"}]}},"_links":{"self":[{"href":"https:\/\/sindromecharge.es\/index.php\/wp-json\/wp\/v2\/posts\/10568","targetHints":{"allow":["GET"]}}],"collection":[{"href":"https:\/\/sindromecharge.es\/index.php\/wp-json\/wp\/v2\/posts"}],"about":[{"href":"https:\/\/sindromecharge.es\/index.php\/wp-json\/wp\/v2\/types\/post"}],"author":[{"embeddable":true,"href":"https:\/\/sindromecharge.es\/index.php\/wp-json\/wp\/v2\/users\/1"}],"replies":[{"embeddable":true,"href":"https:\/\/sindromecharge.es\/index.php\/wp-json\/wp\/v2\/comments?post=10568"}],"version-history":[{"count":0,"href":"https:\/\/sindromecharge.es\/index.php\/wp-json\/wp\/v2\/posts\/10568\/revisions"}],"wp:attachment":[{"href":"https:\/\/sindromecharge.es\/index.php\/wp-json\/wp\/v2\/media?parent=10568"}],"wp:term":[{"taxonomy":"category","embeddable":true,"href":"https:\/\/sindromecharge.es\/index.php\/wp-json\/wp\/v2\/categories?post=10568"},{"taxonomy":"post_tag","embeddable":true,"href":"https:\/\/sindromecharge.es\/index.php\/wp-json\/wp\/v2\/tags?post=10568"}],"curies":[{"name":"wp","href":"https:\/\/api.w.org\/{rel}","templated":true}]}}