{"id":10567,"date":"2024-11-14T11:20:54","date_gmt":"2024-11-14T11:20:54","guid":{"rendered":"https:\/\/sindromecharge.es\/index.php\/2024\/11\/14\/asi-ha-sido-vi-congreso-nacional-educacion-especial-nuevas-metodologias-retos-discapacidad\/"},"modified":"2024-11-14T11:20:54","modified_gmt":"2024-11-14T11:20:54","slug":"asi-ha-sido-vi-congreso-nacional-educacion-especial-nuevas-metodologias-retos-discapacidad","status":"publish","type":"post","link":"https:\/\/sindromecharge.es\/index.php\/2024\/11\/14\/asi-ha-sido-vi-congreso-nacional-educacion-especial-nuevas-metodologias-retos-discapacidad\/","title":{"rendered":"As\u00ed ha sido el VI Congreso Nacional de Educaci\u00f3n Especial: nuevas metodolog\u00edas y retos en la discapacidad"},"content":{"rendered":"<p>Leemos en Discapacidad la siguiente noticia que os reproducimos de forma \u00edntegra: <\/p>\n<div>\n<p>Durante los pr\u00f3ximos d\u00edas 6, 7 y 8 del mes de noviembre del presente a\u00f1o 2024, en el Centro Cultural <b>CaixaForum<\/b> de <a href=\"https:\/\/www.20minutos.es\/minuteca\/madrid\/\" title=\"Madrid\">Madrid<\/a>, ha tendido lugar la celebraci\u00f3n del VI CONGRESO NACIONAL INTERDISCIPLINAR DE EDUCACION ESPECIAL y III CONGRESO INTERNACIONAL DE DISCAPACIDAD Y CICLO VITAL, organizado por la Asociaci\u00f3n Nacional de Centros de <a href=\"https:\/\/www.20minutos.es\/minuteca\/educacion-especial\/\" title=\"Educaci\u00f3n Especial\">Educaci\u00f3n Especial<\/a> (<b>ANCEE<\/b>) y la FUNDACION PROMIVA, contando con la participaci\u00f3n y apoyo de numerosos Centros Educativos y entidades relacionadas con la discapacidad, repartidas por toda la <b>geograf\u00eda nacional e internacional<\/b>.<\/p>\n<p>En este evento, junto a la presencia de personalidades y representantes p\u00fablicos, <b>se han dado cita todos los colectivos implicados en este sector<\/b>, abordando diferentes tem\u00e1ticas que cuentan con la m\u00e1s absoluta relevancia y actualidad. De este modo, a trav\u00e9s de distintas ponencias y mesas redondas, disertaron algunos de los m\u00e1s destacados profesionales, acad\u00e9micos e investigadores que<b> dedican su labor a la optimizaci\u00f3n de la calidad de vida de las personas con discapacidad<\/b>, en sus distintas expresiones e implicaciones.<\/p>\n<p>Se presentaron trabajos basados en los m\u00faltiples roles profesionales especializados, que integran las plantillas de los <b>Colegios de Educaci\u00f3n Especial<\/b> y centros de atenci\u00f3n a las personas con discapacidad. De este modo, junto al ejercido por los propios docentes y auxiliares t\u00e9cnicos educativos \u2013eje fundamental de estos centros-, tambi\u00e9n acudieron los <b>representados por los profesionales de la psicolog\u00eda, neurolog\u00eda, pediatr\u00eda, gen\u00e9tica, logopedia, fisioterapia, trabajo social y terapia ocupacional<\/b>, as\u00ed como por el servicio que se presta desde los departamentos m\u00e9dicos y de enfermer\u00eda escolar. <\/p>\n<p>A su vez, se compartieron <b>distintas buenas pr\u00e1cticas y propuestas educativas <\/b>que, desde hace mucho tiempo, se llevan implementando en estos centros, con una clara mirada a las metodolog\u00edas m\u00e1s modernas. Diversas instituciones dieron a conocer las intervenciones y tratamientos que se est\u00e1n implementando, conectando todo ello con el desarrollo de la investigaci\u00f3n aplicada, en aras a <b>obtener un mayor conocimiento de todas las dimensiones personales del alumnado<\/b>. En conexi\u00f3n con esto, se presentaron ponencias de destacados investigadores y profesores universitarios en relaci\u00f3n a tem\u00e1ticas cient\u00edficas referidas a todo nuestro espectro de actuaci\u00f3n.<\/p>\n<p>Por otra parte, como realidad insoslayable en este \u00e1mbito, se dio a conocer la situaci\u00f3n jur\u00eddico-pol\u00edtica del sector. Y, de modo especial para esta edici\u00f3n, se cont\u00f3 con una mesa que represent\u00f3 a algunas de las m\u00e1s importantes instituciones educativas de nuestro pa\u00eds, incluyendo a la presidenta nacional de la <b>CONCAPA<\/b>, el secretario general de la <b>CECE <\/b>y el presidente <b>ANPE<\/b>, sindicato independiente del profesorado de la ense\u00f1anza p\u00fablica, quienes, junto al presidente de <b>ANCEE<\/b>, que, adem\u00e1s, actu\u00f3 de moderador, disertaron sobre <b>los retos educativos en Espa\u00f1a<\/b> con <b>\u00e9nfasis en la protecci\u00f3n de la educaci\u00f3n especial<\/b> y su imprescindible labor.<\/p>\n<p>A su vez, como ya ocurri\u00f3 en las anteriores ediciones, trat\u00e1ndose de un congreso con car\u00e1cter internacional, <b>se compartieron experiencias y din\u00e1micas de la educaci\u00f3n especial<\/b> en distintos pa\u00edses y continentes, a la vez que, de modo m\u00e1s enf\u00e1tico, se puso el punto de mira en la amplitud que abarca el completo ciclo vital de las personas con discapacidad.<\/p>\n<p>Adem\u00e1s, esta edici\u00f3n cont\u00f3 con la <b>presencia de numerosos estudiantes universitarios<\/b>, tanto de grados como de posgrados afines a la educaci\u00f3n y la salud, destacando la <b>representaci\u00f3n de los procedentes de Navarra, Valladolid y Madrid<\/b>.<\/p>\n<p>Momento singular supuso la entrega del <b>Premio Nacional 2024<\/b> al artista, actor y humorista, <a href=\"https:\/\/www.20minutos.es\/minuteca\/leo-harlem\/\" title=\"Leo Harlem\">Leo Harlem<\/a>, el cual, brind\u00f3 unas <b>palabras de mucha profundidad, no sin aderezarlas de sus habituales e ingeniosos chispazos de humor<\/b>. Mediante este galard\u00f3n, que reconoce los a\u00f1os que lleva destac\u00e1ndose a trav\u00e9s de iniciativas de apoyo en favor de las personas con discapacidad, toma el relavo de la periodista <b>Victoria Prego<\/b> y del escritor y profesor <b>Javier Urra<\/b>.<\/p>\n<p>Como colof\u00f3n e indiscutible elemento esencial del evento, se desarroll\u00f3 la <b>mesa final<\/b>, constituida por <b>testimonios <\/b>vivos desde distintas perspectivas, cuales fueron las representadas por una alumna con <a href=\"https:\/\/www.20minutos.es\/minuteca\/discapacidad-intelectual\/\" title=\"Discapacidad intelectual\">discapacidad intelectual<\/a>, as\u00ed como el de una hermana de un chico con similar afectaci\u00f3n, junto a las palabras de dos madres de hijos con <a href=\"https:\/\/www.20minutos.es\/minuteca\/discapacidad\/\" title=\"Discapacidad\">discapacidad<\/a>, una de las cuales, acaba de asentarse en nuestro pa\u00eds, procedente de <a href=\"https:\/\/www.20minutos.es\/minuteca\/mexico\/\" title=\"M\u00e9xico\">M\u00e9xico<\/a>, debido a que desea que su hijo goce del proyecto <b>AVANZA <\/b>de la Fundaci\u00f3n Promiva, que incluye a alumnado con discapacidad intelectual en un contexto acad\u00e9mico facilitado por la Universidad Francisco de Vitoria.<\/p>\n<\/div>\n<p>Fuente: Discapacidad https:\/\/www.20minutos.es\/noticia\/5654133\/0\/asi-ha-sido-vi-congreso-nacional-educacion-especial-nuevas-metodologias-retos-discapacidad\/<\/p>\n","protected":false},"excerpt":{"rendered":"<p>Durante los pr\u00f3ximos d\u00edas 6, 7 y 8 del mes de noviembre del presente a\u00f1o 2024, en el Centro Cultural CaixaForum de Madrid, ha tendido lugar la celebraci\u00f3n&#8230;<\/p>\n","protected":false},"author":1,"featured_media":0,"comment_status":"closed","ping_status":"closed","sticky":false,"template":"","format":"standard","meta":{"footnotes":""},"categories":[8],"tags":[],"class_list":["post-10567","post","type-post","status-publish","format-standard","hentry","category-noticias"],"yoast_head":"<!-- This site is optimized with the Yoast SEO plugin v27.5 - https:\/\/yoast.com\/product\/yoast-seo-wordpress\/ -->\n<title>As\u00ed ha sido el VI Congreso Nacional de Educaci\u00f3n Especial: nuevas metodolog\u00edas y retos en la discapacidad - Asociaci\u00f3n Espa\u00f1ola S\u00edndrome de Charge<\/title>\n<meta name=\"robots\" content=\"index, follow, max-snippet:-1, max-image-preview:large, max-video-preview:-1\" \/>\n<link rel=\"canonical\" href=\"https:\/\/sindromecharge.es\/index.php\/2024\/11\/14\/asi-ha-sido-vi-congreso-nacional-educacion-especial-nuevas-metodologias-retos-discapacidad\/\" \/>\n<meta property=\"og:locale\" content=\"es_ES\" \/>\n<meta property=\"og:type\" content=\"article\" \/>\n<meta property=\"og:title\" content=\"As\u00ed ha sido el VI Congreso Nacional de Educaci\u00f3n Especial: nuevas metodolog\u00edas y retos en la discapacidad - Asociaci\u00f3n Espa\u00f1ola S\u00edndrome de Charge\" \/>\n<meta property=\"og:description\" content=\"Durante los pr\u00f3ximos d\u00edas 6, 7 y 8 del mes de noviembre del presente a\u00f1o 2024, en el Centro Cultural CaixaForum de Madrid, ha tendido lugar la celebraci\u00f3n&#8230;\" \/>\n<meta property=\"og:url\" content=\"https:\/\/sindromecharge.es\/index.php\/2024\/11\/14\/asi-ha-sido-vi-congreso-nacional-educacion-especial-nuevas-metodologias-retos-discapacidad\/\" \/>\n<meta property=\"og:site_name\" content=\"Asociaci\u00f3n Espa\u00f1ola S\u00edndrome de Charge\" \/>\n<meta property=\"article:publisher\" content=\"https:\/\/www.facebook.com\/asociacionsindromecharge\" \/>\n<meta property=\"article:published_time\" content=\"2024-11-14T11:20:54+00:00\" \/>\n<meta property=\"og:image\" content=\"https:\/\/sindromecharge.es\/wp-content\/uploads\/2013\/09\/logodecharge300x98.png\" \/>\n\t<meta property=\"og:image:width\" content=\"300\" \/>\n\t<meta property=\"og:image:height\" content=\"98\" \/>\n\t<meta property=\"og:image:type\" content=\"image\/png\" \/>\n<meta name=\"author\" content=\"Charge\" \/>\n<meta name=\"twitter:card\" content=\"summary_large_image\" \/>\n<meta name=\"twitter:creator\" content=\"@sindromecharge\" \/>\n<meta name=\"twitter:site\" content=\"@sindromecharge\" \/>\n<meta name=\"twitter:label1\" content=\"Escrito por\" \/>\n\t<meta name=\"twitter:data1\" content=\"Charge\" \/>\n\t<meta name=\"twitter:label2\" content=\"Tiempo de lectura\" \/>\n\t<meta name=\"twitter:data2\" content=\"4 minutos\" \/>\n<script type=\"application\/ld+json\" class=\"yoast-schema-graph\">{\"@context\":\"https:\\\/\\\/schema.org\",\"@graph\":[{\"@type\":\"Article\",\"@id\":\"https:\\\/\\\/sindromecharge.es\\\/index.php\\\/2024\\\/11\\\/14\\\/asi-ha-sido-vi-congreso-nacional-educacion-especial-nuevas-metodologias-retos-discapacidad\\\/#article\",\"isPartOf\":{\"@id\":\"https:\\\/\\\/sindromecharge.es\\\/index.php\\\/2024\\\/11\\\/14\\\/asi-ha-sido-vi-congreso-nacional-educacion-especial-nuevas-metodologias-retos-discapacidad\\\/\"},\"author\":{\"name\":\"Charge\",\"@id\":\"https:\\\/\\\/sindromecharge.es\\\/#\\\/schema\\\/person\\\/39a60ebe0a2b4d5a11179701e336b039\"},\"headline\":\"As\u00ed ha sido el VI Congreso Nacional de Educaci\u00f3n Especial: nuevas metodolog\u00edas y retos en la discapacidad\",\"datePublished\":\"2024-11-14T11:20:54+00:00\",\"mainEntityOfPage\":{\"@id\":\"https:\\\/\\\/sindromecharge.es\\\/index.php\\\/2024\\\/11\\\/14\\\/asi-ha-sido-vi-congreso-nacional-educacion-especial-nuevas-metodologias-retos-discapacidad\\\/\"},\"wordCount\":809,\"articleSection\":[\"noticias\"],\"inLanguage\":\"es\"},{\"@type\":\"WebPage\",\"@id\":\"https:\\\/\\\/sindromecharge.es\\\/index.php\\\/2024\\\/11\\\/14\\\/asi-ha-sido-vi-congreso-nacional-educacion-especial-nuevas-metodologias-retos-discapacidad\\\/\",\"url\":\"https:\\\/\\\/sindromecharge.es\\\/index.php\\\/2024\\\/11\\\/14\\\/asi-ha-sido-vi-congreso-nacional-educacion-especial-nuevas-metodologias-retos-discapacidad\\\/\",\"name\":\"As\u00ed ha sido el VI Congreso Nacional de Educaci\u00f3n Especial: nuevas metodolog\u00edas y retos en la discapacidad - Asociaci\u00f3n Espa\u00f1ola S\u00edndrome de Charge\",\"isPartOf\":{\"@id\":\"https:\\\/\\\/sindromecharge.es\\\/#website\"},\"datePublished\":\"2024-11-14T11:20:54+00:00\",\"author\":{\"@id\":\"https:\\\/\\\/sindromecharge.es\\\/#\\\/schema\\\/person\\\/39a60ebe0a2b4d5a11179701e336b039\"},\"breadcrumb\":{\"@id\":\"https:\\\/\\\/sindromecharge.es\\\/index.php\\\/2024\\\/11\\\/14\\\/asi-ha-sido-vi-congreso-nacional-educacion-especial-nuevas-metodologias-retos-discapacidad\\\/#breadcrumb\"},\"inLanguage\":\"es\",\"potentialAction\":[{\"@type\":\"ReadAction\",\"target\":[\"https:\\\/\\\/sindromecharge.es\\\/index.php\\\/2024\\\/11\\\/14\\\/asi-ha-sido-vi-congreso-nacional-educacion-especial-nuevas-metodologias-retos-discapacidad\\\/\"]}]},{\"@type\":\"BreadcrumbList\",\"@id\":\"https:\\\/\\\/sindromecharge.es\\\/index.php\\\/2024\\\/11\\\/14\\\/asi-ha-sido-vi-congreso-nacional-educacion-especial-nuevas-metodologias-retos-discapacidad\\\/#breadcrumb\",\"itemListElement\":[{\"@type\":\"ListItem\",\"position\":1,\"name\":\"Portada\",\"item\":\"https:\\\/\\\/sindromecharge.es\\\/\"},{\"@type\":\"ListItem\",\"position\":2,\"name\":\"As\u00ed ha sido el VI Congreso Nacional de Educaci\u00f3n Especial: nuevas metodolog\u00edas y retos en la discapacidad\"}]},{\"@type\":\"WebSite\",\"@id\":\"https:\\\/\\\/sindromecharge.es\\\/#website\",\"url\":\"https:\\\/\\\/sindromecharge.es\\\/\",\"name\":\"Asociaci\u00f3n Espa\u00f1ola S\u00edndrome de Charge\",\"description\":\"\",\"potentialAction\":[{\"@type\":\"SearchAction\",\"target\":{\"@type\":\"EntryPoint\",\"urlTemplate\":\"https:\\\/\\\/sindromecharge.es\\\/?s={search_term_string}\"},\"query-input\":{\"@type\":\"PropertyValueSpecification\",\"valueRequired\":true,\"valueName\":\"search_term_string\"}}],\"inLanguage\":\"es\"},{\"@type\":\"Person\",\"@id\":\"https:\\\/\\\/sindromecharge.es\\\/#\\\/schema\\\/person\\\/39a60ebe0a2b4d5a11179701e336b039\",\"name\":\"Charge\",\"image\":{\"@type\":\"ImageObject\",\"inLanguage\":\"es\",\"@id\":\"https:\\\/\\\/secure.gravatar.com\\\/avatar\\\/c3b46e32a0fc3b093a0873fb767bf3293de856293065e84ef06b7ec7a8acfb98?s=96&d=identicon&r=x\",\"url\":\"https:\\\/\\\/secure.gravatar.com\\\/avatar\\\/c3b46e32a0fc3b093a0873fb767bf3293de856293065e84ef06b7ec7a8acfb98?s=96&d=identicon&r=x\",\"contentUrl\":\"https:\\\/\\\/secure.gravatar.com\\\/avatar\\\/c3b46e32a0fc3b093a0873fb767bf3293de856293065e84ef06b7ec7a8acfb98?s=96&d=identicon&r=x\",\"caption\":\"Charge\"},\"url\":\"https:\\\/\\\/sindromecharge.es\\\/index.php\\\/author\\\/admin\\\/\"}]}<\/script>\n<!-- \/ Yoast SEO plugin. -->","yoast_head_json":{"title":"As\u00ed ha sido el VI Congreso Nacional de Educaci\u00f3n Especial: nuevas metodolog\u00edas y retos en la discapacidad - Asociaci\u00f3n Espa\u00f1ola S\u00edndrome de Charge","robots":{"index":"index","follow":"follow","max-snippet":"max-snippet:-1","max-image-preview":"max-image-preview:large","max-video-preview":"max-video-preview:-1"},"canonical":"https:\/\/sindromecharge.es\/index.php\/2024\/11\/14\/asi-ha-sido-vi-congreso-nacional-educacion-especial-nuevas-metodologias-retos-discapacidad\/","og_locale":"es_ES","og_type":"article","og_title":"As\u00ed ha sido el VI Congreso Nacional de Educaci\u00f3n Especial: nuevas metodolog\u00edas y retos en la discapacidad - Asociaci\u00f3n Espa\u00f1ola S\u00edndrome de Charge","og_description":"Durante los pr\u00f3ximos d\u00edas 6, 7 y 8 del mes de noviembre del presente a\u00f1o 2024, en el Centro Cultural CaixaForum de Madrid, ha tendido lugar la celebraci\u00f3n&#8230;","og_url":"https:\/\/sindromecharge.es\/index.php\/2024\/11\/14\/asi-ha-sido-vi-congreso-nacional-educacion-especial-nuevas-metodologias-retos-discapacidad\/","og_site_name":"Asociaci\u00f3n Espa\u00f1ola S\u00edndrome de Charge","article_publisher":"https:\/\/www.facebook.com\/asociacionsindromecharge","article_published_time":"2024-11-14T11:20:54+00:00","og_image":[{"width":300,"height":98,"url":"https:\/\/sindromecharge.es\/wp-content\/uploads\/2013\/09\/logodecharge300x98.png","type":"image\/png"}],"author":"Charge","twitter_card":"summary_large_image","twitter_creator":"@sindromecharge","twitter_site":"@sindromecharge","twitter_misc":{"Escrito por":"Charge","Tiempo de lectura":"4 minutos"},"schema":{"@context":"https:\/\/schema.org","@graph":[{"@type":"Article","@id":"https:\/\/sindromecharge.es\/index.php\/2024\/11\/14\/asi-ha-sido-vi-congreso-nacional-educacion-especial-nuevas-metodologias-retos-discapacidad\/#article","isPartOf":{"@id":"https:\/\/sindromecharge.es\/index.php\/2024\/11\/14\/asi-ha-sido-vi-congreso-nacional-educacion-especial-nuevas-metodologias-retos-discapacidad\/"},"author":{"name":"Charge","@id":"https:\/\/sindromecharge.es\/#\/schema\/person\/39a60ebe0a2b4d5a11179701e336b039"},"headline":"As\u00ed ha sido el VI Congreso Nacional de Educaci\u00f3n Especial: nuevas metodolog\u00edas y retos en la discapacidad","datePublished":"2024-11-14T11:20:54+00:00","mainEntityOfPage":{"@id":"https:\/\/sindromecharge.es\/index.php\/2024\/11\/14\/asi-ha-sido-vi-congreso-nacional-educacion-especial-nuevas-metodologias-retos-discapacidad\/"},"wordCount":809,"articleSection":["noticias"],"inLanguage":"es"},{"@type":"WebPage","@id":"https:\/\/sindromecharge.es\/index.php\/2024\/11\/14\/asi-ha-sido-vi-congreso-nacional-educacion-especial-nuevas-metodologias-retos-discapacidad\/","url":"https:\/\/sindromecharge.es\/index.php\/2024\/11\/14\/asi-ha-sido-vi-congreso-nacional-educacion-especial-nuevas-metodologias-retos-discapacidad\/","name":"As\u00ed ha sido el VI Congreso Nacional de Educaci\u00f3n Especial: nuevas metodolog\u00edas y retos en la discapacidad - Asociaci\u00f3n Espa\u00f1ola S\u00edndrome de Charge","isPartOf":{"@id":"https:\/\/sindromecharge.es\/#website"},"datePublished":"2024-11-14T11:20:54+00:00","author":{"@id":"https:\/\/sindromecharge.es\/#\/schema\/person\/39a60ebe0a2b4d5a11179701e336b039"},"breadcrumb":{"@id":"https:\/\/sindromecharge.es\/index.php\/2024\/11\/14\/asi-ha-sido-vi-congreso-nacional-educacion-especial-nuevas-metodologias-retos-discapacidad\/#breadcrumb"},"inLanguage":"es","potentialAction":[{"@type":"ReadAction","target":["https:\/\/sindromecharge.es\/index.php\/2024\/11\/14\/asi-ha-sido-vi-congreso-nacional-educacion-especial-nuevas-metodologias-retos-discapacidad\/"]}]},{"@type":"BreadcrumbList","@id":"https:\/\/sindromecharge.es\/index.php\/2024\/11\/14\/asi-ha-sido-vi-congreso-nacional-educacion-especial-nuevas-metodologias-retos-discapacidad\/#breadcrumb","itemListElement":[{"@type":"ListItem","position":1,"name":"Portada","item":"https:\/\/sindromecharge.es\/"},{"@type":"ListItem","position":2,"name":"As\u00ed ha sido el VI Congreso Nacional de Educaci\u00f3n Especial: nuevas metodolog\u00edas y retos en la discapacidad"}]},{"@type":"WebSite","@id":"https:\/\/sindromecharge.es\/#website","url":"https:\/\/sindromecharge.es\/","name":"Asociaci\u00f3n Espa\u00f1ola S\u00edndrome de Charge","description":"","potentialAction":[{"@type":"SearchAction","target":{"@type":"EntryPoint","urlTemplate":"https:\/\/sindromecharge.es\/?s={search_term_string}"},"query-input":{"@type":"PropertyValueSpecification","valueRequired":true,"valueName":"search_term_string"}}],"inLanguage":"es"},{"@type":"Person","@id":"https:\/\/sindromecharge.es\/#\/schema\/person\/39a60ebe0a2b4d5a11179701e336b039","name":"Charge","image":{"@type":"ImageObject","inLanguage":"es","@id":"https:\/\/secure.gravatar.com\/avatar\/c3b46e32a0fc3b093a0873fb767bf3293de856293065e84ef06b7ec7a8acfb98?s=96&d=identicon&r=x","url":"https:\/\/secure.gravatar.com\/avatar\/c3b46e32a0fc3b093a0873fb767bf3293de856293065e84ef06b7ec7a8acfb98?s=96&d=identicon&r=x","contentUrl":"https:\/\/secure.gravatar.com\/avatar\/c3b46e32a0fc3b093a0873fb767bf3293de856293065e84ef06b7ec7a8acfb98?s=96&d=identicon&r=x","caption":"Charge"},"url":"https:\/\/sindromecharge.es\/index.php\/author\/admin\/"}]}},"_links":{"self":[{"href":"https:\/\/sindromecharge.es\/index.php\/wp-json\/wp\/v2\/posts\/10567","targetHints":{"allow":["GET"]}}],"collection":[{"href":"https:\/\/sindromecharge.es\/index.php\/wp-json\/wp\/v2\/posts"}],"about":[{"href":"https:\/\/sindromecharge.es\/index.php\/wp-json\/wp\/v2\/types\/post"}],"author":[{"embeddable":true,"href":"https:\/\/sindromecharge.es\/index.php\/wp-json\/wp\/v2\/users\/1"}],"replies":[{"embeddable":true,"href":"https:\/\/sindromecharge.es\/index.php\/wp-json\/wp\/v2\/comments?post=10567"}],"version-history":[{"count":0,"href":"https:\/\/sindromecharge.es\/index.php\/wp-json\/wp\/v2\/posts\/10567\/revisions"}],"wp:attachment":[{"href":"https:\/\/sindromecharge.es\/index.php\/wp-json\/wp\/v2\/media?parent=10567"}],"wp:term":[{"taxonomy":"category","embeddable":true,"href":"https:\/\/sindromecharge.es\/index.php\/wp-json\/wp\/v2\/categories?post=10567"},{"taxonomy":"post_tag","embeddable":true,"href":"https:\/\/sindromecharge.es\/index.php\/wp-json\/wp\/v2\/tags?post=10567"}],"curies":[{"name":"wp","href":"https:\/\/api.w.org\/{rel}","templated":true}]}}