{"id":10566,"date":"2024-11-14T10:54:07","date_gmt":"2024-11-14T10:54:07","guid":{"rendered":"https:\/\/sindromecharge.es\/index.php\/2024\/11\/14\/gobierno-destinara-tres-millones-reparar-las-infraestructuras-para-personas-con-discapacidad-afectadas-por-dana\/"},"modified":"2024-11-14T10:54:07","modified_gmt":"2024-11-14T10:54:07","slug":"gobierno-destinara-tres-millones-reparar-las-infraestructuras-para-personas-con-discapacidad-afectadas-por-dana","status":"publish","type":"post","link":"https:\/\/sindromecharge.es\/index.php\/2024\/11\/14\/gobierno-destinara-tres-millones-reparar-las-infraestructuras-para-personas-con-discapacidad-afectadas-por-dana\/","title":{"rendered":"El Gobierno destinar\u00e1 tres millones a reparar las infraestructuras para personas con discapacidad afectadas por la DANA"},"content":{"rendered":"<p>Leemos en Discapacidad la siguiente noticia que os reproducimos de forma \u00edntegra: <\/p>\n<div>\n<p>El Gobierno destinar\u00e1 <b>tres millones de euros para cubrir la reparaci\u00f3n de todas las infraestructuras destinadas a personas con discapacidad<\/b> que fueron da\u00f1adas por la <a href=\"https:\/\/www.20minutos.es\/minuteca\/dana\/\" title=\"DANA\">DANA<\/a>. Seg\u00fan ha anunciado este jueves el ministro de Derechos Sociales, Consumo y Agenda 2030, <a href=\"https:\/\/www.20minutos.es\/minuteca\/pablo-bustinduy\/\" title=\"Pablo Bustinduy\">Pablo Bustinduy<\/a>, ese fondo que movilizar\u00e1 su departamento a las zonas m\u00e1s afectadas por el temporal procede del Real Patronato sobre Discapacidad y se usar\u00e1 tambi\u00e9n para comprar otros materiales necesarios, como las sillas de ruedas o los aud\u00edfonos, que las familias afectadas puedan haber perdido durante la cat\u00e1strofe. <\/p>\n<p>\u00abLas personas con discapacidad no pueden ser <b>dobles v\u00edctimas <\/b>de una situaci\u00f3n as\u00ed. Los poderes p\u00fablicos deben velar por cubrir sus necesidades espec\u00edficas\u00bb, ha defendido el ministro tras reunirse con el director del Real Patronato sobre Discapacidad, Jes\u00fas Mart\u00edn. Con esta nueva partida econ\u00f3mica, ha subrayado Bustinduy, su departamento aspira a seguir reforzando la red de protecci\u00f3n social, junto con el <a href=\"https:\/\/www.20minutos.es\/noticia\/5652961\/0\/gobierno-lanza-50-millones-para-servicios-sociales-municipios-afectados-por-dana-prohibe-las-funerarias-subir-precios\/\" title=\"El Gobierno lanza 50 millones para servicios sociales de municipios afectados por la DANA y proh\u00edbe a las funerarias subir precios\">decreto aprobado en el \u00faltimo Consejo de Ministros<\/a>, y mediante el cual se activaron<b> ayudas de 50 millones de euros para los servicios sociales municipales <\/b>de las localidades afectadas por el paso de la DANA. <\/p>\n<p>El fondo se usar\u00e1 principalmente para sufragar aquellas obras necesarias para reconstruir las infraestructuras que permiten que las personas con discapacidad tengan<b> accesibilidad en sus viviendas o en cualquier otro edificio y que quedaron destruidas por el temporal<\/b>; pero tambi\u00e9n para la compra de materiales dirigidos a estas personas, como podr\u00edan ser las sillas de ruedas o los aud\u00edfonos. <\/p>\n<p>Esos tres millones forman parte del remanente del Real Patronato sobre Discapacidad, un \u00f3rgano adscrito a Derechos Sociales, que puede destinar en situaciones de emregencia como la provocada por la DANA, fondos  espec\u00edficos para intervenciones y promoci\u00f3n de la accesibilidad de personas con discapacidad. <\/p>\n<p>El departamento dirigido por Bustinduy recuerda que estas nuevas ayudas se a\u00f1aden a los 50 millones aprobados el lunes, que permitieron la concesi\u00f3n directa de<b> cinco millones a la Plataforma del Tercer Sector,<\/b> representada por unas 28.000 entidades de todo el pa\u00eds; y otros<b> 700.000 euros para que el Consejo General de Trabajo Social <\/b>despliegue su grupo de intervenci\u00f3n formado por trabajadores sociales especializados en cat\u00e1strofes, y el cual se est\u00e1 encargando de atender a las personas vulnerables (con discapacidad o dependientes) de los municipios afectados. <\/p>\n<p>Tambi\u00e9n este jueves se ha activado<b> el &#8216;Bot\u00f3n DANA&#8217; en SVIsual,<\/b> un servicio de viedointerpretaci\u00f3n dirigido a las personas sordas para que tengan un canal al que puedan acudir en busca de cualquier informaci\u00f3n sobre la cat\u00e1strofe y comunicar cualquier emergencia a trav\u00e9s del 112. <\/p>\n<\/div>\n<p>Fuente: Discapacidad https:\/\/www.20minutos.es\/noticia\/5654159\/0\/gobierno-destinara-tres-millones-reparar-las-infraestructuras-para-personas-con-discapacidad-afectadas-por-dana\/<\/p>\n","protected":false},"excerpt":{"rendered":"<p>Parte de esa cuant\u00eda se usar\u00e1 tambi\u00e9n para comprar otros materiales, como sillas de ruedas o aud\u00edfonos.<\/p>\n","protected":false},"author":1,"featured_media":0,"comment_status":"closed","ping_status":"closed","sticky":false,"template":"","format":"standard","meta":{"footnotes":""},"categories":[8],"tags":[],"class_list":["post-10566","post","type-post","status-publish","format-standard","hentry","category-noticias"],"yoast_head":"<!-- This site is optimized with the Yoast SEO plugin v27.5 - https:\/\/yoast.com\/product\/yoast-seo-wordpress\/ -->\n<title>El Gobierno destinar\u00e1 tres millones a reparar las infraestructuras para personas con discapacidad afectadas por la DANA - Asociaci\u00f3n Espa\u00f1ola S\u00edndrome de Charge<\/title>\n<meta name=\"robots\" content=\"index, follow, max-snippet:-1, max-image-preview:large, max-video-preview:-1\" \/>\n<link rel=\"canonical\" href=\"https:\/\/sindromecharge.es\/index.php\/2024\/11\/14\/gobierno-destinara-tres-millones-reparar-las-infraestructuras-para-personas-con-discapacidad-afectadas-por-dana\/\" \/>\n<meta property=\"og:locale\" content=\"es_ES\" \/>\n<meta property=\"og:type\" content=\"article\" \/>\n<meta property=\"og:title\" content=\"El Gobierno destinar\u00e1 tres millones a reparar las infraestructuras para personas con discapacidad afectadas por la DANA - Asociaci\u00f3n Espa\u00f1ola S\u00edndrome de Charge\" \/>\n<meta property=\"og:description\" content=\"Parte de esa cuant\u00eda se usar\u00e1 tambi\u00e9n para comprar otros materiales, como sillas de ruedas o aud\u00edfonos.\" \/>\n<meta property=\"og:url\" content=\"https:\/\/sindromecharge.es\/index.php\/2024\/11\/14\/gobierno-destinara-tres-millones-reparar-las-infraestructuras-para-personas-con-discapacidad-afectadas-por-dana\/\" \/>\n<meta property=\"og:site_name\" content=\"Asociaci\u00f3n Espa\u00f1ola S\u00edndrome de Charge\" \/>\n<meta property=\"article:publisher\" content=\"https:\/\/www.facebook.com\/asociacionsindromecharge\" \/>\n<meta property=\"article:published_time\" content=\"2024-11-14T10:54:07+00:00\" \/>\n<meta property=\"og:image\" content=\"https:\/\/sindromecharge.es\/wp-content\/uploads\/2013\/09\/logodecharge300x98.png\" \/>\n\t<meta property=\"og:image:width\" content=\"300\" \/>\n\t<meta property=\"og:image:height\" content=\"98\" \/>\n\t<meta property=\"og:image:type\" content=\"image\/png\" \/>\n<meta name=\"author\" content=\"Charge\" \/>\n<meta name=\"twitter:card\" content=\"summary_large_image\" \/>\n<meta name=\"twitter:creator\" content=\"@sindromecharge\" \/>\n<meta name=\"twitter:site\" content=\"@sindromecharge\" \/>\n<meta name=\"twitter:label1\" content=\"Escrito por\" \/>\n\t<meta name=\"twitter:data1\" content=\"Charge\" \/>\n\t<meta name=\"twitter:label2\" content=\"Tiempo de lectura\" \/>\n\t<meta name=\"twitter:data2\" content=\"2 minutos\" \/>\n<script type=\"application\/ld+json\" class=\"yoast-schema-graph\">{\"@context\":\"https:\\\/\\\/schema.org\",\"@graph\":[{\"@type\":\"Article\",\"@id\":\"https:\\\/\\\/sindromecharge.es\\\/index.php\\\/2024\\\/11\\\/14\\\/gobierno-destinara-tres-millones-reparar-las-infraestructuras-para-personas-con-discapacidad-afectadas-por-dana\\\/#article\",\"isPartOf\":{\"@id\":\"https:\\\/\\\/sindromecharge.es\\\/index.php\\\/2024\\\/11\\\/14\\\/gobierno-destinara-tres-millones-reparar-las-infraestructuras-para-personas-con-discapacidad-afectadas-por-dana\\\/\"},\"author\":{\"name\":\"Charge\",\"@id\":\"https:\\\/\\\/sindromecharge.es\\\/#\\\/schema\\\/person\\\/39a60ebe0a2b4d5a11179701e336b039\"},\"headline\":\"El Gobierno destinar\u00e1 tres millones a reparar las infraestructuras para personas con discapacidad afectadas por la DANA\",\"datePublished\":\"2024-11-14T10:54:07+00:00\",\"mainEntityOfPage\":{\"@id\":\"https:\\\/\\\/sindromecharge.es\\\/index.php\\\/2024\\\/11\\\/14\\\/gobierno-destinara-tres-millones-reparar-las-infraestructuras-para-personas-con-discapacidad-afectadas-por-dana\\\/\"},\"wordCount\":481,\"articleSection\":[\"noticias\"],\"inLanguage\":\"es\"},{\"@type\":\"WebPage\",\"@id\":\"https:\\\/\\\/sindromecharge.es\\\/index.php\\\/2024\\\/11\\\/14\\\/gobierno-destinara-tres-millones-reparar-las-infraestructuras-para-personas-con-discapacidad-afectadas-por-dana\\\/\",\"url\":\"https:\\\/\\\/sindromecharge.es\\\/index.php\\\/2024\\\/11\\\/14\\\/gobierno-destinara-tres-millones-reparar-las-infraestructuras-para-personas-con-discapacidad-afectadas-por-dana\\\/\",\"name\":\"El Gobierno destinar\u00e1 tres millones a reparar las infraestructuras para personas con discapacidad afectadas por la DANA - Asociaci\u00f3n Espa\u00f1ola S\u00edndrome de Charge\",\"isPartOf\":{\"@id\":\"https:\\\/\\\/sindromecharge.es\\\/#website\"},\"datePublished\":\"2024-11-14T10:54:07+00:00\",\"author\":{\"@id\":\"https:\\\/\\\/sindromecharge.es\\\/#\\\/schema\\\/person\\\/39a60ebe0a2b4d5a11179701e336b039\"},\"breadcrumb\":{\"@id\":\"https:\\\/\\\/sindromecharge.es\\\/index.php\\\/2024\\\/11\\\/14\\\/gobierno-destinara-tres-millones-reparar-las-infraestructuras-para-personas-con-discapacidad-afectadas-por-dana\\\/#breadcrumb\"},\"inLanguage\":\"es\",\"potentialAction\":[{\"@type\":\"ReadAction\",\"target\":[\"https:\\\/\\\/sindromecharge.es\\\/index.php\\\/2024\\\/11\\\/14\\\/gobierno-destinara-tres-millones-reparar-las-infraestructuras-para-personas-con-discapacidad-afectadas-por-dana\\\/\"]}]},{\"@type\":\"BreadcrumbList\",\"@id\":\"https:\\\/\\\/sindromecharge.es\\\/index.php\\\/2024\\\/11\\\/14\\\/gobierno-destinara-tres-millones-reparar-las-infraestructuras-para-personas-con-discapacidad-afectadas-por-dana\\\/#breadcrumb\",\"itemListElement\":[{\"@type\":\"ListItem\",\"position\":1,\"name\":\"Portada\",\"item\":\"https:\\\/\\\/sindromecharge.es\\\/\"},{\"@type\":\"ListItem\",\"position\":2,\"name\":\"El Gobierno destinar\u00e1 tres millones a reparar las infraestructuras para personas con discapacidad afectadas por la DANA\"}]},{\"@type\":\"WebSite\",\"@id\":\"https:\\\/\\\/sindromecharge.es\\\/#website\",\"url\":\"https:\\\/\\\/sindromecharge.es\\\/\",\"name\":\"Asociaci\u00f3n Espa\u00f1ola S\u00edndrome de Charge\",\"description\":\"\",\"potentialAction\":[{\"@type\":\"SearchAction\",\"target\":{\"@type\":\"EntryPoint\",\"urlTemplate\":\"https:\\\/\\\/sindromecharge.es\\\/?s={search_term_string}\"},\"query-input\":{\"@type\":\"PropertyValueSpecification\",\"valueRequired\":true,\"valueName\":\"search_term_string\"}}],\"inLanguage\":\"es\"},{\"@type\":\"Person\",\"@id\":\"https:\\\/\\\/sindromecharge.es\\\/#\\\/schema\\\/person\\\/39a60ebe0a2b4d5a11179701e336b039\",\"name\":\"Charge\",\"image\":{\"@type\":\"ImageObject\",\"inLanguage\":\"es\",\"@id\":\"https:\\\/\\\/secure.gravatar.com\\\/avatar\\\/c3b46e32a0fc3b093a0873fb767bf3293de856293065e84ef06b7ec7a8acfb98?s=96&d=identicon&r=x\",\"url\":\"https:\\\/\\\/secure.gravatar.com\\\/avatar\\\/c3b46e32a0fc3b093a0873fb767bf3293de856293065e84ef06b7ec7a8acfb98?s=96&d=identicon&r=x\",\"contentUrl\":\"https:\\\/\\\/secure.gravatar.com\\\/avatar\\\/c3b46e32a0fc3b093a0873fb767bf3293de856293065e84ef06b7ec7a8acfb98?s=96&d=identicon&r=x\",\"caption\":\"Charge\"},\"url\":\"https:\\\/\\\/sindromecharge.es\\\/index.php\\\/author\\\/admin\\\/\"}]}<\/script>\n<!-- \/ Yoast SEO plugin. -->","yoast_head_json":{"title":"El Gobierno destinar\u00e1 tres millones a reparar las infraestructuras para personas con discapacidad afectadas por la DANA - Asociaci\u00f3n Espa\u00f1ola S\u00edndrome de Charge","robots":{"index":"index","follow":"follow","max-snippet":"max-snippet:-1","max-image-preview":"max-image-preview:large","max-video-preview":"max-video-preview:-1"},"canonical":"https:\/\/sindromecharge.es\/index.php\/2024\/11\/14\/gobierno-destinara-tres-millones-reparar-las-infraestructuras-para-personas-con-discapacidad-afectadas-por-dana\/","og_locale":"es_ES","og_type":"article","og_title":"El Gobierno destinar\u00e1 tres millones a reparar las infraestructuras para personas con discapacidad afectadas por la DANA - Asociaci\u00f3n Espa\u00f1ola S\u00edndrome de Charge","og_description":"Parte de esa cuant\u00eda se usar\u00e1 tambi\u00e9n para comprar otros materiales, como sillas de ruedas o aud\u00edfonos.","og_url":"https:\/\/sindromecharge.es\/index.php\/2024\/11\/14\/gobierno-destinara-tres-millones-reparar-las-infraestructuras-para-personas-con-discapacidad-afectadas-por-dana\/","og_site_name":"Asociaci\u00f3n Espa\u00f1ola S\u00edndrome de Charge","article_publisher":"https:\/\/www.facebook.com\/asociacionsindromecharge","article_published_time":"2024-11-14T10:54:07+00:00","og_image":[{"width":300,"height":98,"url":"https:\/\/sindromecharge.es\/wp-content\/uploads\/2013\/09\/logodecharge300x98.png","type":"image\/png"}],"author":"Charge","twitter_card":"summary_large_image","twitter_creator":"@sindromecharge","twitter_site":"@sindromecharge","twitter_misc":{"Escrito por":"Charge","Tiempo de lectura":"2 minutos"},"schema":{"@context":"https:\/\/schema.org","@graph":[{"@type":"Article","@id":"https:\/\/sindromecharge.es\/index.php\/2024\/11\/14\/gobierno-destinara-tres-millones-reparar-las-infraestructuras-para-personas-con-discapacidad-afectadas-por-dana\/#article","isPartOf":{"@id":"https:\/\/sindromecharge.es\/index.php\/2024\/11\/14\/gobierno-destinara-tres-millones-reparar-las-infraestructuras-para-personas-con-discapacidad-afectadas-por-dana\/"},"author":{"name":"Charge","@id":"https:\/\/sindromecharge.es\/#\/schema\/person\/39a60ebe0a2b4d5a11179701e336b039"},"headline":"El Gobierno destinar\u00e1 tres millones a reparar las infraestructuras para personas con discapacidad afectadas por la DANA","datePublished":"2024-11-14T10:54:07+00:00","mainEntityOfPage":{"@id":"https:\/\/sindromecharge.es\/index.php\/2024\/11\/14\/gobierno-destinara-tres-millones-reparar-las-infraestructuras-para-personas-con-discapacidad-afectadas-por-dana\/"},"wordCount":481,"articleSection":["noticias"],"inLanguage":"es"},{"@type":"WebPage","@id":"https:\/\/sindromecharge.es\/index.php\/2024\/11\/14\/gobierno-destinara-tres-millones-reparar-las-infraestructuras-para-personas-con-discapacidad-afectadas-por-dana\/","url":"https:\/\/sindromecharge.es\/index.php\/2024\/11\/14\/gobierno-destinara-tres-millones-reparar-las-infraestructuras-para-personas-con-discapacidad-afectadas-por-dana\/","name":"El Gobierno destinar\u00e1 tres millones a reparar las infraestructuras para personas con discapacidad afectadas por la DANA - Asociaci\u00f3n Espa\u00f1ola S\u00edndrome de Charge","isPartOf":{"@id":"https:\/\/sindromecharge.es\/#website"},"datePublished":"2024-11-14T10:54:07+00:00","author":{"@id":"https:\/\/sindromecharge.es\/#\/schema\/person\/39a60ebe0a2b4d5a11179701e336b039"},"breadcrumb":{"@id":"https:\/\/sindromecharge.es\/index.php\/2024\/11\/14\/gobierno-destinara-tres-millones-reparar-las-infraestructuras-para-personas-con-discapacidad-afectadas-por-dana\/#breadcrumb"},"inLanguage":"es","potentialAction":[{"@type":"ReadAction","target":["https:\/\/sindromecharge.es\/index.php\/2024\/11\/14\/gobierno-destinara-tres-millones-reparar-las-infraestructuras-para-personas-con-discapacidad-afectadas-por-dana\/"]}]},{"@type":"BreadcrumbList","@id":"https:\/\/sindromecharge.es\/index.php\/2024\/11\/14\/gobierno-destinara-tres-millones-reparar-las-infraestructuras-para-personas-con-discapacidad-afectadas-por-dana\/#breadcrumb","itemListElement":[{"@type":"ListItem","position":1,"name":"Portada","item":"https:\/\/sindromecharge.es\/"},{"@type":"ListItem","position":2,"name":"El Gobierno destinar\u00e1 tres millones a reparar las infraestructuras para personas con discapacidad afectadas por la DANA"}]},{"@type":"WebSite","@id":"https:\/\/sindromecharge.es\/#website","url":"https:\/\/sindromecharge.es\/","name":"Asociaci\u00f3n Espa\u00f1ola S\u00edndrome de Charge","description":"","potentialAction":[{"@type":"SearchAction","target":{"@type":"EntryPoint","urlTemplate":"https:\/\/sindromecharge.es\/?s={search_term_string}"},"query-input":{"@type":"PropertyValueSpecification","valueRequired":true,"valueName":"search_term_string"}}],"inLanguage":"es"},{"@type":"Person","@id":"https:\/\/sindromecharge.es\/#\/schema\/person\/39a60ebe0a2b4d5a11179701e336b039","name":"Charge","image":{"@type":"ImageObject","inLanguage":"es","@id":"https:\/\/secure.gravatar.com\/avatar\/c3b46e32a0fc3b093a0873fb767bf3293de856293065e84ef06b7ec7a8acfb98?s=96&d=identicon&r=x","url":"https:\/\/secure.gravatar.com\/avatar\/c3b46e32a0fc3b093a0873fb767bf3293de856293065e84ef06b7ec7a8acfb98?s=96&d=identicon&r=x","contentUrl":"https:\/\/secure.gravatar.com\/avatar\/c3b46e32a0fc3b093a0873fb767bf3293de856293065e84ef06b7ec7a8acfb98?s=96&d=identicon&r=x","caption":"Charge"},"url":"https:\/\/sindromecharge.es\/index.php\/author\/admin\/"}]}},"_links":{"self":[{"href":"https:\/\/sindromecharge.es\/index.php\/wp-json\/wp\/v2\/posts\/10566","targetHints":{"allow":["GET"]}}],"collection":[{"href":"https:\/\/sindromecharge.es\/index.php\/wp-json\/wp\/v2\/posts"}],"about":[{"href":"https:\/\/sindromecharge.es\/index.php\/wp-json\/wp\/v2\/types\/post"}],"author":[{"embeddable":true,"href":"https:\/\/sindromecharge.es\/index.php\/wp-json\/wp\/v2\/users\/1"}],"replies":[{"embeddable":true,"href":"https:\/\/sindromecharge.es\/index.php\/wp-json\/wp\/v2\/comments?post=10566"}],"version-history":[{"count":0,"href":"https:\/\/sindromecharge.es\/index.php\/wp-json\/wp\/v2\/posts\/10566\/revisions"}],"wp:attachment":[{"href":"https:\/\/sindromecharge.es\/index.php\/wp-json\/wp\/v2\/media?parent=10566"}],"wp:term":[{"taxonomy":"category","embeddable":true,"href":"https:\/\/sindromecharge.es\/index.php\/wp-json\/wp\/v2\/categories?post=10566"},{"taxonomy":"post_tag","embeddable":true,"href":"https:\/\/sindromecharge.es\/index.php\/wp-json\/wp\/v2\/tags?post=10566"}],"curies":[{"name":"wp","href":"https:\/\/api.w.org\/{rel}","templated":true}]}}