{"id":10565,"date":"2024-11-14T07:00:28","date_gmt":"2024-11-14T07:00:28","guid":{"rendered":"https:\/\/sindromecharge.es\/index.php\/2024\/11\/14\/fundacion-once-pide-mayor-accesibilidad-mundo-futbol\/"},"modified":"2024-11-14T07:00:28","modified_gmt":"2024-11-14T07:00:28","slug":"fundacion-once-pide-mayor-accesibilidad-mundo-futbol","status":"publish","type":"post","link":"https:\/\/sindromecharge.es\/index.php\/2024\/11\/14\/fundacion-once-pide-mayor-accesibilidad-mundo-futbol\/","title":{"rendered":"Fundaci\u00f3n ONCE pide mayor accesibilidad en el mundo del f\u00fatbol: \u00abNo podemos olvidar a las personas con discapacidad\u00bb"},"content":{"rendered":"<p>Leemos en Discapacidad la siguiente noticia que os reproducimos de forma \u00edntegra: <\/p>\n<div>\n<p><a href=\"https:\/\/www.20minutos.es\/minuteca\/fundacion-once\/\" title=\"Fundaci\u00f3n Once\" target=\"_blank\">Fundaci\u00f3n ONCE<\/a> pidi\u00f3 el mi\u00e9rcoles <b>que el mundo del f\u00fatbol sea m\u00e1s accesible e inclusivo<\/b>, lo que supone tanto la eliminaci\u00f3n de barreras en los estadios como la incorporaci\u00f3n de personas con discapacidad en clubes, asociaciones y organismos.<\/p>\n<p>\u201cDesde Fundaci\u00f3n ONCE siempre hemos tenido la meta de llevar la <a href=\"https:\/\/www.20minutos.es\/minuteca\/accesibilidad\/\" title=\"Accesibilidad\" target=\"_blank\">accesibilidad<\/a> a todos los rincones, y el caso del deporte, m\u00e1s concretamente el f\u00fatbol, no es ni ha sido una excepci\u00f3n\u201d, afirm\u00f3 Jos\u00e9 Luis Mart\u00ednez Donoso, director general de Fundaci\u00f3n ONCE, en el<b> AccessibAll Global Summit 2024<\/b>, un evento internacional que tiene lugar este mi\u00e9rcoles y jueves en el Riyadh Air Metropolitano.<\/p>\n<p>\u201cEl f\u00fatbol\u201d, prosigui\u00f3 Mart\u00ednez Donoso, \u201ces una pasi\u00f3n que alimenta y da vida, tanto a los que lo juegan como a sus aficionados y plantillas, lo que lo convierte en<b> un sector fundamental de la sociedad<\/b>, donde no podemos olvidar a las personas con <a href=\"https:\/\/www.20minutos.es\/minuteca\/discapacidad\/\" title=\"Discapacidad\" target=\"_blank\">discapacidad<\/a>\u201d.<\/p>\n<p>Desde esta perspectiva, el responsable de Fundaci\u00f3n ONCE apunt\u00f3 que la entidad<b> trabaja desde hace a\u00f1os con varios clubes de f\u00fatbol para lograr una mayor accesibilidad en sus estadios<\/b> e instalaciones. Adem\u00e1s, explic\u00f3 que la normativa de la UEFA y de la Uni\u00f3n Europea instan a <b>disponer en los estadios de un n\u00famero m\u00ednimo de plazas reservadas<\/b> para personas con movilidad reducida, \u201clo cual ha supuesto que varios clubes est\u00e9n <b>modificando sus instalaciones<\/b> y desarrollando nuevas con criterios de dise\u00f1o inclusivo de origen\u201d.<\/p>\n<p>En el marco de este trabajo conjunto, a\u00f1adi\u00f3, Fundaci\u00f3n ONCE est\u00e1 presente en cada partido que juega el Atl\u00e9tico de Madrid en el Metropolitano, gracias al programa de voluntariado que existe entre las dos entidades. Dicho programa consiste en el <b>acompa\u00f1amiento por parte de voluntarios de Fundaci\u00f3n ONCE a aficionados con discapacidad<\/b> para garantizar que lleguen bien a su localidad y para asistirles en cualquier problema que tengan durante el encuentro.<\/p>\n<p>Porque, asegur\u00f3 Mart\u00ednez Donoso, \u201cno es solo una cuesti\u00f3n de mantener un acuerdo entre dos entidades para lograr una mayor accesibilidad en el recinto deportivo que corresponda, sino que transciende de todo eso y pasa a convertirse en<b> una cuesti\u00f3n de solidaridad y humanidad<\/b>\u201d.<\/p>\n<p>Pero la accesibilidad e inclusi\u00f3n que pide Fundaci\u00f3n ONCE en el mundo del f\u00fatbol va m\u00e1s all\u00e1 de los estadios, tal y como explic\u00f3 su director general en el \u2018AccessibAll\u2019.<\/p>\n<h1>No es solo una cuesti\u00f3n de acuerdo entre dos entidades para lograr una mayor accesibilidad, sino que es una cuesti\u00f3n de solidaridad y humanidad<\/h1>\n<p>Seg\u00fan dijo, para Fundaci\u00f3n ONCE hablar de accesibilidad no aplica solo a los estadios y recintos, sino que se extiende tambi\u00e9n al mundo laboral: \u201cConsideramos que<b> es importante hablar de accesibilidad e<a href=\"https:\/\/www.20minutos.es\/minuteca\/inclusion\/\" title=\"Inclusi\u00f3n\" target=\"_blank\"> inclusi\u00f3n<\/a> <\/b>de las personas con discapacidad en el \u00e1mbito laboral y participaci\u00f3n en los clubes, asociaciones y organismos de f\u00fatbol\u201d.<\/p>\n<p>Porque hay que recordar, agreg\u00f3, que \u201cson muchos los que persiguen su objetivo de poder formar parte de la industria del f\u00fatbol y que <b>hay personas con discapacidad totalmente preparadas para aportar valor <\/b>en cualquier entidad futbol\u00edstica\u201d.<\/p>\n<p>Por todo esto, se\u00f1al\u00f3 el director general de Fundaci\u00f3n ONCE, la entidad considera importante la <b>creaci\u00f3n de un programa de ayuda<\/b> a todas esas personas con discapacidad que quieran trabajar en el mundo del f\u00fatbol y poder formar parte de sus distintos entes, como son clubes, federaciones y diversos organismos.<\/p>\n<p>Finalmente, el responsable de Fundaci\u00f3n ONCE record\u00f3 que la entidad lidera el consorcio encargado del Centro Europeo de Accesibilidad que ha puesto en marcha la Comisi\u00f3n Europea y que presta apoyo en la implementaci\u00f3n de la <b>legislaci\u00f3n de la Uni\u00f3n Europea en materia de accesibilidad<\/b>. Tambi\u00e9n brinda un v\u00ednculo entre las partes interesadas responsables de implementar las normas de accesibilidad en la UE, muchas de ellas directamente relacionadas con el mundo del deporte.<\/p>\n<\/div>\n<p>Fuente: Discapacidad https:\/\/www.20minutos.es\/noticia\/5654050\/0\/fundacion-once-pide-mayor-accesibilidad-mundo-futbol\/<\/p>\n","protected":false},"excerpt":{"rendered":"<p>La Fundaci\u00f3n pide la eliminaci\u00f3n de barreras en los estadios y la incorporaci\u00f3n de personas con discapacidad a clubes, asociaciones y organismos.<\/p>\n","protected":false},"author":1,"featured_media":0,"comment_status":"closed","ping_status":"closed","sticky":false,"template":"","format":"standard","meta":{"footnotes":""},"categories":[8],"tags":[],"class_list":["post-10565","post","type-post","status-publish","format-standard","hentry","category-noticias"],"yoast_head":"<!-- This site is optimized with the Yoast SEO plugin v27.5 - https:\/\/yoast.com\/product\/yoast-seo-wordpress\/ -->\n<title>Fundaci\u00f3n ONCE pide mayor accesibilidad en el mundo del f\u00fatbol: &quot;No podemos olvidar a las personas con discapacidad&quot; - Asociaci\u00f3n Espa\u00f1ola S\u00edndrome de Charge<\/title>\n<meta name=\"robots\" content=\"index, follow, max-snippet:-1, max-image-preview:large, max-video-preview:-1\" \/>\n<link rel=\"canonical\" href=\"https:\/\/sindromecharge.es\/index.php\/2024\/11\/14\/fundacion-once-pide-mayor-accesibilidad-mundo-futbol\/\" \/>\n<meta property=\"og:locale\" content=\"es_ES\" \/>\n<meta property=\"og:type\" content=\"article\" \/>\n<meta property=\"og:title\" content=\"Fundaci\u00f3n ONCE pide mayor accesibilidad en el mundo del f\u00fatbol: &quot;No podemos olvidar a las personas con discapacidad&quot; - Asociaci\u00f3n Espa\u00f1ola S\u00edndrome de Charge\" \/>\n<meta property=\"og:description\" content=\"La Fundaci\u00f3n pide la eliminaci\u00f3n de barreras en los estadios y la incorporaci\u00f3n de personas con discapacidad a clubes, asociaciones y organismos.\" \/>\n<meta property=\"og:url\" content=\"https:\/\/sindromecharge.es\/index.php\/2024\/11\/14\/fundacion-once-pide-mayor-accesibilidad-mundo-futbol\/\" \/>\n<meta property=\"og:site_name\" content=\"Asociaci\u00f3n Espa\u00f1ola S\u00edndrome de Charge\" \/>\n<meta property=\"article:publisher\" content=\"https:\/\/www.facebook.com\/asociacionsindromecharge\" \/>\n<meta property=\"article:published_time\" content=\"2024-11-14T07:00:28+00:00\" \/>\n<meta property=\"og:image\" content=\"https:\/\/sindromecharge.es\/wp-content\/uploads\/2013\/09\/logodecharge300x98.png\" \/>\n\t<meta property=\"og:image:width\" content=\"300\" \/>\n\t<meta property=\"og:image:height\" content=\"98\" \/>\n\t<meta property=\"og:image:type\" content=\"image\/png\" \/>\n<meta name=\"author\" content=\"Charge\" \/>\n<meta name=\"twitter:card\" content=\"summary_large_image\" \/>\n<meta name=\"twitter:creator\" content=\"@sindromecharge\" \/>\n<meta name=\"twitter:site\" content=\"@sindromecharge\" \/>\n<meta name=\"twitter:label1\" content=\"Escrito por\" \/>\n\t<meta name=\"twitter:data1\" content=\"Charge\" \/>\n\t<meta name=\"twitter:label2\" content=\"Tiempo de lectura\" \/>\n\t<meta name=\"twitter:data2\" content=\"3 minutos\" \/>\n<script type=\"application\/ld+json\" class=\"yoast-schema-graph\">{\"@context\":\"https:\\\/\\\/schema.org\",\"@graph\":[{\"@type\":\"Article\",\"@id\":\"https:\\\/\\\/sindromecharge.es\\\/index.php\\\/2024\\\/11\\\/14\\\/fundacion-once-pide-mayor-accesibilidad-mundo-futbol\\\/#article\",\"isPartOf\":{\"@id\":\"https:\\\/\\\/sindromecharge.es\\\/index.php\\\/2024\\\/11\\\/14\\\/fundacion-once-pide-mayor-accesibilidad-mundo-futbol\\\/\"},\"author\":{\"name\":\"Charge\",\"@id\":\"https:\\\/\\\/sindromecharge.es\\\/#\\\/schema\\\/person\\\/39a60ebe0a2b4d5a11179701e336b039\"},\"headline\":\"Fundaci\u00f3n ONCE pide mayor accesibilidad en el mundo del f\u00fatbol: \u00abNo podemos olvidar a las personas con discapacidad\u00bb\",\"datePublished\":\"2024-11-14T07:00:28+00:00\",\"mainEntityOfPage\":{\"@id\":\"https:\\\/\\\/sindromecharge.es\\\/index.php\\\/2024\\\/11\\\/14\\\/fundacion-once-pide-mayor-accesibilidad-mundo-futbol\\\/\"},\"wordCount\":707,\"articleSection\":[\"noticias\"],\"inLanguage\":\"es\"},{\"@type\":\"WebPage\",\"@id\":\"https:\\\/\\\/sindromecharge.es\\\/index.php\\\/2024\\\/11\\\/14\\\/fundacion-once-pide-mayor-accesibilidad-mundo-futbol\\\/\",\"url\":\"https:\\\/\\\/sindromecharge.es\\\/index.php\\\/2024\\\/11\\\/14\\\/fundacion-once-pide-mayor-accesibilidad-mundo-futbol\\\/\",\"name\":\"Fundaci\u00f3n ONCE pide mayor accesibilidad en el mundo del f\u00fatbol: \\\"No podemos olvidar a las personas con discapacidad\\\" - Asociaci\u00f3n Espa\u00f1ola S\u00edndrome de Charge\",\"isPartOf\":{\"@id\":\"https:\\\/\\\/sindromecharge.es\\\/#website\"},\"datePublished\":\"2024-11-14T07:00:28+00:00\",\"author\":{\"@id\":\"https:\\\/\\\/sindromecharge.es\\\/#\\\/schema\\\/person\\\/39a60ebe0a2b4d5a11179701e336b039\"},\"breadcrumb\":{\"@id\":\"https:\\\/\\\/sindromecharge.es\\\/index.php\\\/2024\\\/11\\\/14\\\/fundacion-once-pide-mayor-accesibilidad-mundo-futbol\\\/#breadcrumb\"},\"inLanguage\":\"es\",\"potentialAction\":[{\"@type\":\"ReadAction\",\"target\":[\"https:\\\/\\\/sindromecharge.es\\\/index.php\\\/2024\\\/11\\\/14\\\/fundacion-once-pide-mayor-accesibilidad-mundo-futbol\\\/\"]}]},{\"@type\":\"BreadcrumbList\",\"@id\":\"https:\\\/\\\/sindromecharge.es\\\/index.php\\\/2024\\\/11\\\/14\\\/fundacion-once-pide-mayor-accesibilidad-mundo-futbol\\\/#breadcrumb\",\"itemListElement\":[{\"@type\":\"ListItem\",\"position\":1,\"name\":\"Portada\",\"item\":\"https:\\\/\\\/sindromecharge.es\\\/\"},{\"@type\":\"ListItem\",\"position\":2,\"name\":\"Fundaci\u00f3n ONCE pide mayor accesibilidad en el mundo del f\u00fatbol: &#8220;No podemos olvidar a las personas con discapacidad&#8221;\"}]},{\"@type\":\"WebSite\",\"@id\":\"https:\\\/\\\/sindromecharge.es\\\/#website\",\"url\":\"https:\\\/\\\/sindromecharge.es\\\/\",\"name\":\"Asociaci\u00f3n Espa\u00f1ola S\u00edndrome de Charge\",\"description\":\"\",\"potentialAction\":[{\"@type\":\"SearchAction\",\"target\":{\"@type\":\"EntryPoint\",\"urlTemplate\":\"https:\\\/\\\/sindromecharge.es\\\/?s={search_term_string}\"},\"query-input\":{\"@type\":\"PropertyValueSpecification\",\"valueRequired\":true,\"valueName\":\"search_term_string\"}}],\"inLanguage\":\"es\"},{\"@type\":\"Person\",\"@id\":\"https:\\\/\\\/sindromecharge.es\\\/#\\\/schema\\\/person\\\/39a60ebe0a2b4d5a11179701e336b039\",\"name\":\"Charge\",\"image\":{\"@type\":\"ImageObject\",\"inLanguage\":\"es\",\"@id\":\"https:\\\/\\\/secure.gravatar.com\\\/avatar\\\/c3b46e32a0fc3b093a0873fb767bf3293de856293065e84ef06b7ec7a8acfb98?s=96&d=identicon&r=x\",\"url\":\"https:\\\/\\\/secure.gravatar.com\\\/avatar\\\/c3b46e32a0fc3b093a0873fb767bf3293de856293065e84ef06b7ec7a8acfb98?s=96&d=identicon&r=x\",\"contentUrl\":\"https:\\\/\\\/secure.gravatar.com\\\/avatar\\\/c3b46e32a0fc3b093a0873fb767bf3293de856293065e84ef06b7ec7a8acfb98?s=96&d=identicon&r=x\",\"caption\":\"Charge\"},\"url\":\"https:\\\/\\\/sindromecharge.es\\\/index.php\\\/author\\\/admin\\\/\"}]}<\/script>\n<!-- \/ Yoast SEO plugin. -->","yoast_head_json":{"title":"Fundaci\u00f3n ONCE pide mayor accesibilidad en el mundo del f\u00fatbol: \"No podemos olvidar a las personas con discapacidad\" - Asociaci\u00f3n Espa\u00f1ola S\u00edndrome de Charge","robots":{"index":"index","follow":"follow","max-snippet":"max-snippet:-1","max-image-preview":"max-image-preview:large","max-video-preview":"max-video-preview:-1"},"canonical":"https:\/\/sindromecharge.es\/index.php\/2024\/11\/14\/fundacion-once-pide-mayor-accesibilidad-mundo-futbol\/","og_locale":"es_ES","og_type":"article","og_title":"Fundaci\u00f3n ONCE pide mayor accesibilidad en el mundo del f\u00fatbol: \"No podemos olvidar a las personas con discapacidad\" - Asociaci\u00f3n Espa\u00f1ola S\u00edndrome de Charge","og_description":"La Fundaci\u00f3n pide la eliminaci\u00f3n de barreras en los estadios y la incorporaci\u00f3n de personas con discapacidad a clubes, asociaciones y organismos.","og_url":"https:\/\/sindromecharge.es\/index.php\/2024\/11\/14\/fundacion-once-pide-mayor-accesibilidad-mundo-futbol\/","og_site_name":"Asociaci\u00f3n Espa\u00f1ola S\u00edndrome de Charge","article_publisher":"https:\/\/www.facebook.com\/asociacionsindromecharge","article_published_time":"2024-11-14T07:00:28+00:00","og_image":[{"width":300,"height":98,"url":"https:\/\/sindromecharge.es\/wp-content\/uploads\/2013\/09\/logodecharge300x98.png","type":"image\/png"}],"author":"Charge","twitter_card":"summary_large_image","twitter_creator":"@sindromecharge","twitter_site":"@sindromecharge","twitter_misc":{"Escrito por":"Charge","Tiempo de lectura":"3 minutos"},"schema":{"@context":"https:\/\/schema.org","@graph":[{"@type":"Article","@id":"https:\/\/sindromecharge.es\/index.php\/2024\/11\/14\/fundacion-once-pide-mayor-accesibilidad-mundo-futbol\/#article","isPartOf":{"@id":"https:\/\/sindromecharge.es\/index.php\/2024\/11\/14\/fundacion-once-pide-mayor-accesibilidad-mundo-futbol\/"},"author":{"name":"Charge","@id":"https:\/\/sindromecharge.es\/#\/schema\/person\/39a60ebe0a2b4d5a11179701e336b039"},"headline":"Fundaci\u00f3n ONCE pide mayor accesibilidad en el mundo del f\u00fatbol: \u00abNo podemos olvidar a las personas con discapacidad\u00bb","datePublished":"2024-11-14T07:00:28+00:00","mainEntityOfPage":{"@id":"https:\/\/sindromecharge.es\/index.php\/2024\/11\/14\/fundacion-once-pide-mayor-accesibilidad-mundo-futbol\/"},"wordCount":707,"articleSection":["noticias"],"inLanguage":"es"},{"@type":"WebPage","@id":"https:\/\/sindromecharge.es\/index.php\/2024\/11\/14\/fundacion-once-pide-mayor-accesibilidad-mundo-futbol\/","url":"https:\/\/sindromecharge.es\/index.php\/2024\/11\/14\/fundacion-once-pide-mayor-accesibilidad-mundo-futbol\/","name":"Fundaci\u00f3n ONCE pide mayor accesibilidad en el mundo del f\u00fatbol: \"No podemos olvidar a las personas con discapacidad\" - Asociaci\u00f3n Espa\u00f1ola S\u00edndrome de Charge","isPartOf":{"@id":"https:\/\/sindromecharge.es\/#website"},"datePublished":"2024-11-14T07:00:28+00:00","author":{"@id":"https:\/\/sindromecharge.es\/#\/schema\/person\/39a60ebe0a2b4d5a11179701e336b039"},"breadcrumb":{"@id":"https:\/\/sindromecharge.es\/index.php\/2024\/11\/14\/fundacion-once-pide-mayor-accesibilidad-mundo-futbol\/#breadcrumb"},"inLanguage":"es","potentialAction":[{"@type":"ReadAction","target":["https:\/\/sindromecharge.es\/index.php\/2024\/11\/14\/fundacion-once-pide-mayor-accesibilidad-mundo-futbol\/"]}]},{"@type":"BreadcrumbList","@id":"https:\/\/sindromecharge.es\/index.php\/2024\/11\/14\/fundacion-once-pide-mayor-accesibilidad-mundo-futbol\/#breadcrumb","itemListElement":[{"@type":"ListItem","position":1,"name":"Portada","item":"https:\/\/sindromecharge.es\/"},{"@type":"ListItem","position":2,"name":"Fundaci\u00f3n ONCE pide mayor accesibilidad en el mundo del f\u00fatbol: &#8220;No podemos olvidar a las personas con discapacidad&#8221;"}]},{"@type":"WebSite","@id":"https:\/\/sindromecharge.es\/#website","url":"https:\/\/sindromecharge.es\/","name":"Asociaci\u00f3n Espa\u00f1ola S\u00edndrome de Charge","description":"","potentialAction":[{"@type":"SearchAction","target":{"@type":"EntryPoint","urlTemplate":"https:\/\/sindromecharge.es\/?s={search_term_string}"},"query-input":{"@type":"PropertyValueSpecification","valueRequired":true,"valueName":"search_term_string"}}],"inLanguage":"es"},{"@type":"Person","@id":"https:\/\/sindromecharge.es\/#\/schema\/person\/39a60ebe0a2b4d5a11179701e336b039","name":"Charge","image":{"@type":"ImageObject","inLanguage":"es","@id":"https:\/\/secure.gravatar.com\/avatar\/c3b46e32a0fc3b093a0873fb767bf3293de856293065e84ef06b7ec7a8acfb98?s=96&d=identicon&r=x","url":"https:\/\/secure.gravatar.com\/avatar\/c3b46e32a0fc3b093a0873fb767bf3293de856293065e84ef06b7ec7a8acfb98?s=96&d=identicon&r=x","contentUrl":"https:\/\/secure.gravatar.com\/avatar\/c3b46e32a0fc3b093a0873fb767bf3293de856293065e84ef06b7ec7a8acfb98?s=96&d=identicon&r=x","caption":"Charge"},"url":"https:\/\/sindromecharge.es\/index.php\/author\/admin\/"}]}},"_links":{"self":[{"href":"https:\/\/sindromecharge.es\/index.php\/wp-json\/wp\/v2\/posts\/10565","targetHints":{"allow":["GET"]}}],"collection":[{"href":"https:\/\/sindromecharge.es\/index.php\/wp-json\/wp\/v2\/posts"}],"about":[{"href":"https:\/\/sindromecharge.es\/index.php\/wp-json\/wp\/v2\/types\/post"}],"author":[{"embeddable":true,"href":"https:\/\/sindromecharge.es\/index.php\/wp-json\/wp\/v2\/users\/1"}],"replies":[{"embeddable":true,"href":"https:\/\/sindromecharge.es\/index.php\/wp-json\/wp\/v2\/comments?post=10565"}],"version-history":[{"count":0,"href":"https:\/\/sindromecharge.es\/index.php\/wp-json\/wp\/v2\/posts\/10565\/revisions"}],"wp:attachment":[{"href":"https:\/\/sindromecharge.es\/index.php\/wp-json\/wp\/v2\/media?parent=10565"}],"wp:term":[{"taxonomy":"category","embeddable":true,"href":"https:\/\/sindromecharge.es\/index.php\/wp-json\/wp\/v2\/categories?post=10565"},{"taxonomy":"post_tag","embeddable":true,"href":"https:\/\/sindromecharge.es\/index.php\/wp-json\/wp\/v2\/tags?post=10565"}],"curies":[{"name":"wp","href":"https:\/\/api.w.org\/{rel}","templated":true}]}}