{"id":10564,"date":"2024-11-14T06:16:14","date_gmt":"2024-11-14T06:16:14","guid":{"rendered":"https:\/\/sindromecharge.es\/index.php\/2024\/11\/14\/ia-educacion-especial-futuro-aprendizaje-personalizado-los-talleres-formacion-fundacion-querer\/"},"modified":"2024-11-14T06:16:14","modified_gmt":"2024-11-14T06:16:14","slug":"ia-educacion-especial-futuro-aprendizaje-personalizado-los-talleres-formacion-fundacion-querer","status":"publish","type":"post","link":"https:\/\/sindromecharge.es\/index.php\/2024\/11\/14\/ia-educacion-especial-futuro-aprendizaje-personalizado-los-talleres-formacion-fundacion-querer\/","title":{"rendered":"Inteligencia artificial y educaci\u00f3n especial: el futuro del aprendizaje personalizado"},"content":{"rendered":"<p>Leemos en Discapacidad la siguiente noticia que os reproducimos de forma \u00edntegra: <\/p>\n<div>\n<p>La <a href=\"https:\/\/www.20minutos.es\/minuteca\/inteligencia-artificial\/\" title=\"Inteligencia artificial\">inteligencia artificial<\/a> (IA) ha comenzado a transformar diversos sectores, y la <a href=\"https:\/\/www.20minutos.es\/minuteca\/educacion-especial\/\" title=\"Educaci\u00f3n Especial\">educaci\u00f3n especial<\/a> no es la excepci\u00f3n. <b>Manuel Garc\u00eda Navamuel<\/b>, ingeniero de Telecomunicaciones, y <b>Benjamin Pitters<\/b>, profesor de Ingl\u00e9s en <b>El Cole de Celia y Pepe<\/b>, un centro de educaci\u00f3n especial, abordar\u00e1n el impacto de esta tecnolog\u00eda en <b>la creaci\u00f3n de materiales adaptados<\/b> a las necesidades de ni\u00f1os con <a href=\"https:\/\/www.20minutos.es\/minuteca\/discapacidad\/\" title=\"Discapacidad\">discapacidad <\/a>en su ponencia del pr\u00f3ximo <b>23 de noviembre<\/b>. Bajo el marco de las jornadas de <b>Formaci\u00f3n <\/b>de <a href=\"https:\/\/www.20minutos.es\/minuteca\/fundacion-querer\/\" title=\"Fundaci\u00f3n Querer\">Fundaci\u00f3n Querer<\/a> en CaixaF\u00f3rum, ambos profesionales expondr\u00e1n las oportunidades y desaf\u00edos que presenta la <b>IA<\/b> en este campo, as\u00ed como la necesidad de colaboraci\u00f3n entre ingenieros y docentes. <\/p>\n<p>Hablamos con ellos antes de la ponencia, para la que a\u00fan quedan plazas libres, para conocer los hitos m\u00e1s importantes de su investigaci\u00f3n. <\/p>\n<h2>Potencial de la IA en la Educaci\u00f3n Especial<\/h2>\n<p>Para <b>Garc\u00eda Navamuel<\/b>, la <b>IA <\/b>tiene un \u201cpotencial inmenso\u201d para personalizar los materiales did\u00e1cticos. Gracias a la posibilidad de ajustar los \u00abprompts\u00bb o instrucciones que se dan a los algoritmos, es posible definir las habilidades y necesidades espec\u00edficas de cada ni\u00f1o. Esto significa que los contenidos creados se adaptan de manera m\u00e1s precisa a cada caso. \u00abAntes de la IA, este ejercicio ya se realizaba por los docentes, pero <b>ahora cuentan con una herramienta poderosa que les permite hacerlo de forma m\u00e1s efectiva y eficiente<\/b>\u00ab, explica. En un pr\u00f3ximo taller, Garc\u00eda y su equipo planean mostrar ejemplos pr\u00e1cticos, como la creaci\u00f3n de cuentos y videos musicales adaptados, que ilustran <b>c\u00f3mo la tecnolog\u00eda puede eliminar barreras en el aprendizaje y fomentar la inclusi\u00f3n<\/b>.<\/p>\n<p>Una de las grandes ventajas de la IA es su capacidad de personalizar los contenidos seg\u00fan el tipo de discapacidad, afirma Garc\u00eda Navamuel. \u00ab<b>Las herramientas de IA utilizan modelos entrenados con miles de millones de datos<\/b>, lo que permite analizar una gran variedad de casos similares a los que planteamos. De esta manera, al introducir un &#8216;prompt&#8217; sobre una necesidad espec\u00edfica, la IA busca patrones relevantes, adaptando los contenidos de forma precisa\u00bb. Este enfoque facilita que los estudiantes con discapacidad <b>puedan seguir el ritmo del aula, promoviendo un aprendizaje inclusivo<\/b>. Adem\u00e1s, al reducir el tiempo y esfuerzo requeridos para adaptar materiales, los docentes pueden centrarse en apoyar y guiar a cada alumno.<\/p>\n<h2>Innovaci\u00f3n en recursos did\u00e1cticos<\/h2>\n<p>Las <b>posibilidades <\/b>que ofrece la IA en la creaci\u00f3n de recursos innovadores son, seg\u00fan Garc\u00eda Navamuel, <b>pr\u00e1cticamente infinitas<\/b>. Como parte de su trabajo en el taller, han desarrollado un asistente de voz que responde en tiempo real a preguntas formuladas por los asistentes, un modelo que podr\u00eda ser adaptado para el aula. \u00abEste asistente no es gen\u00e9rico, sino que <b>adapta el lenguaje y la forma de explicar los conceptos a un p\u00fablico espec\u00edfico: los profesionales de la docencia<\/b>\u00ab, comenta. Un asistente similar en el aula podr\u00eda considerar las necesidades e intereses de los alumnos, generando un impacto positivo en su experiencia de aprendizaje.<\/p>\n<p>El papel de los ingenieros, se\u00f1ala Garc\u00eda Navamuel, se centra en la gesti\u00f3n de los datos para entrenar los algoritmos, as\u00ed como en ajustar y validar las respuestas. Sin embargo, resalta que el verdadero reto es democratizar el acceso a estas herramientas, <b>haci\u00e9ndolas accesibles para los docentes sin que requieran conocimientos t\u00e9cnicos avanzados<\/b>. \u201cMuchos tel\u00e9fonos m\u00f3viles ya no traen instrucciones, queremos que la IA tampoco las necesite\u201d, enfatiza, haciendo una analog\u00eda para destacar la facilidad de uso que se pretende alcanzar.<\/p>\n<p>Un aspecto clave que Garc\u00eda recalca es la necesidad de mitigar los sesgos presentes en los modelos de IA, los cuales han sido entrenados con datos de grandes corporaciones. \u00ab<b>Tenemos que ser muy conscientes de las limitaciones de estos modelos y de c\u00f3mo el matiz humano es fundamental <\/b>para conseguir respuestas apropiadas. La IA no te quitar\u00e1 el trabajo, pero s\u00ed lo har\u00e1 una persona que sepa usar la IA mejor que t\u00fa\u00bb, advierte.<\/p>\n<h2>Privacidad y seguridad en el uso de IA en el aula<\/h2>\n<p><b>Benjamin Pitters<\/b> subraya la importancia de asegurar que la IA sea segura y respete la privacidad de los estudiantes, especialmente en un \u00e1mbito tan sensible como la educaci\u00f3n especial. \u00ab<b>Es clave anonimizar los datos con los que entrenamos la IA<\/b>\u00ab, asegura. En caso de que se usen informes m\u00e9dicos u otros documentos privados, es fundamental evitar compartir informaci\u00f3n que comprometa la privacidad de alumnos, familias y equipo multifuncional. Pitters recuerda que, al igual que sucede con las redes sociales, <b>una vez que los datos se introducen en un sistema, no siempre se puede garantizar su destino final<\/b>.<\/p>\n<p>La formaci\u00f3n de los docentes es esencial para que puedan utilizar estas herramientas en sus clases. Pitters destaca la necesidad de m\u00e1s espacios como <b>el taller EducatIA, donde se re\u00fanan t\u00e9cnicos y docentes para explorar conjuntamente el potencial de la IA<\/b> y su aplicaci\u00f3n en el aula. Este tipo de iniciativas, explica, no solo promueven la capacitaci\u00f3n, sino que permiten a los docentes descubrir c\u00f3mo resolver problemas espec\u00edficos con la tecnolog\u00eda.<\/p>\n<h2>El futuro de la Educaci\u00f3n<\/h2>\n<p>Para <b>Pitters<\/b>, el futuro de la IA en la educaci\u00f3n especial es prometedor. Imagina un mundo en el que <b>la IA permita una personalizaci\u00f3n del aprendizaje sin precedentes, transformando la interacci\u00f3n con el entorno educativo<\/b> y redefiniendo el papel de muchas tareas. Sin embargo, se\u00f1ala que esto no implica una reducci\u00f3n de la relevancia del docente, sino una oportunidad para centrarse en habilidades humanas insustituibles, como la empat\u00eda y el juicio cr\u00edtico.<\/p>\n<p> \u201cEn el \u00e1mbito de la educaci\u00f3n especial, los docentes podr\u00e1n contar con herramientas que les ayuden a <b>crear entornos inclusivos<\/b> y centrarse en guiar y apoyar a cada estudiante\u201d, concluye Pitters.<\/p>\n<\/div>\n<p>Fuente: Discapacidad https:\/\/www.20minutos.es\/noticia\/5653315\/0\/ia-educacion-especial-futuro-aprendizaje-personalizado-los-talleres-formacion-fundacion-querer\/<\/p>\n","protected":false},"excerpt":{"rendered":"<p>La inteligencia artificial (IA) ha comenzado a transformar diversos sectores, y la educaci\u00f3n especial no es la excepci\u00f3n. Manuel Garc\u00eda Navamuel, ingeniero&#8230;<\/p>\n","protected":false},"author":1,"featured_media":0,"comment_status":"closed","ping_status":"closed","sticky":false,"template":"","format":"standard","meta":{"footnotes":""},"categories":[8],"tags":[],"class_list":["post-10564","post","type-post","status-publish","format-standard","hentry","category-noticias"],"yoast_head":"<!-- This site is optimized with the Yoast SEO plugin v27.5 - https:\/\/yoast.com\/product\/yoast-seo-wordpress\/ -->\n<title>Inteligencia artificial y educaci\u00f3n especial: el futuro del aprendizaje personalizado - Asociaci\u00f3n Espa\u00f1ola S\u00edndrome de Charge<\/title>\n<meta name=\"robots\" content=\"index, follow, max-snippet:-1, max-image-preview:large, max-video-preview:-1\" \/>\n<link rel=\"canonical\" href=\"https:\/\/sindromecharge.es\/index.php\/2024\/11\/14\/ia-educacion-especial-futuro-aprendizaje-personalizado-los-talleres-formacion-fundacion-querer\/\" \/>\n<meta property=\"og:locale\" content=\"es_ES\" \/>\n<meta property=\"og:type\" content=\"article\" \/>\n<meta property=\"og:title\" content=\"Inteligencia artificial y educaci\u00f3n especial: el futuro del aprendizaje personalizado - Asociaci\u00f3n Espa\u00f1ola S\u00edndrome de Charge\" \/>\n<meta property=\"og:description\" content=\"La inteligencia artificial (IA) ha comenzado a transformar diversos sectores, y la educaci\u00f3n especial no es la excepci\u00f3n. Manuel Garc\u00eda Navamuel, ingeniero&#8230;\" \/>\n<meta property=\"og:url\" content=\"https:\/\/sindromecharge.es\/index.php\/2024\/11\/14\/ia-educacion-especial-futuro-aprendizaje-personalizado-los-talleres-formacion-fundacion-querer\/\" \/>\n<meta property=\"og:site_name\" content=\"Asociaci\u00f3n Espa\u00f1ola S\u00edndrome de Charge\" \/>\n<meta property=\"article:publisher\" content=\"https:\/\/www.facebook.com\/asociacionsindromecharge\" \/>\n<meta property=\"article:published_time\" content=\"2024-11-14T06:16:14+00:00\" \/>\n<meta property=\"og:image\" content=\"https:\/\/sindromecharge.es\/wp-content\/uploads\/2013\/09\/logodecharge300x98.png\" \/>\n\t<meta property=\"og:image:width\" content=\"300\" \/>\n\t<meta property=\"og:image:height\" content=\"98\" \/>\n\t<meta property=\"og:image:type\" content=\"image\/png\" \/>\n<meta name=\"author\" content=\"Charge\" \/>\n<meta name=\"twitter:card\" content=\"summary_large_image\" \/>\n<meta name=\"twitter:creator\" content=\"@sindromecharge\" \/>\n<meta name=\"twitter:site\" content=\"@sindromecharge\" \/>\n<meta name=\"twitter:label1\" content=\"Escrito por\" \/>\n\t<meta name=\"twitter:data1\" content=\"Charge\" \/>\n\t<meta name=\"twitter:label2\" content=\"Tiempo de lectura\" \/>\n\t<meta name=\"twitter:data2\" content=\"5 minutos\" \/>\n<script type=\"application\/ld+json\" class=\"yoast-schema-graph\">{\"@context\":\"https:\\\/\\\/schema.org\",\"@graph\":[{\"@type\":\"Article\",\"@id\":\"https:\\\/\\\/sindromecharge.es\\\/index.php\\\/2024\\\/11\\\/14\\\/ia-educacion-especial-futuro-aprendizaje-personalizado-los-talleres-formacion-fundacion-querer\\\/#article\",\"isPartOf\":{\"@id\":\"https:\\\/\\\/sindromecharge.es\\\/index.php\\\/2024\\\/11\\\/14\\\/ia-educacion-especial-futuro-aprendizaje-personalizado-los-talleres-formacion-fundacion-querer\\\/\"},\"author\":{\"name\":\"Charge\",\"@id\":\"https:\\\/\\\/sindromecharge.es\\\/#\\\/schema\\\/person\\\/39a60ebe0a2b4d5a11179701e336b039\"},\"headline\":\"Inteligencia artificial y educaci\u00f3n especial: el futuro del aprendizaje personalizado\",\"datePublished\":\"2024-11-14T06:16:14+00:00\",\"mainEntityOfPage\":{\"@id\":\"https:\\\/\\\/sindromecharge.es\\\/index.php\\\/2024\\\/11\\\/14\\\/ia-educacion-especial-futuro-aprendizaje-personalizado-los-talleres-formacion-fundacion-querer\\\/\"},\"wordCount\":1030,\"articleSection\":[\"noticias\"],\"inLanguage\":\"es\"},{\"@type\":\"WebPage\",\"@id\":\"https:\\\/\\\/sindromecharge.es\\\/index.php\\\/2024\\\/11\\\/14\\\/ia-educacion-especial-futuro-aprendizaje-personalizado-los-talleres-formacion-fundacion-querer\\\/\",\"url\":\"https:\\\/\\\/sindromecharge.es\\\/index.php\\\/2024\\\/11\\\/14\\\/ia-educacion-especial-futuro-aprendizaje-personalizado-los-talleres-formacion-fundacion-querer\\\/\",\"name\":\"Inteligencia artificial y educaci\u00f3n especial: el futuro del aprendizaje personalizado - Asociaci\u00f3n Espa\u00f1ola S\u00edndrome de Charge\",\"isPartOf\":{\"@id\":\"https:\\\/\\\/sindromecharge.es\\\/#website\"},\"datePublished\":\"2024-11-14T06:16:14+00:00\",\"author\":{\"@id\":\"https:\\\/\\\/sindromecharge.es\\\/#\\\/schema\\\/person\\\/39a60ebe0a2b4d5a11179701e336b039\"},\"breadcrumb\":{\"@id\":\"https:\\\/\\\/sindromecharge.es\\\/index.php\\\/2024\\\/11\\\/14\\\/ia-educacion-especial-futuro-aprendizaje-personalizado-los-talleres-formacion-fundacion-querer\\\/#breadcrumb\"},\"inLanguage\":\"es\",\"potentialAction\":[{\"@type\":\"ReadAction\",\"target\":[\"https:\\\/\\\/sindromecharge.es\\\/index.php\\\/2024\\\/11\\\/14\\\/ia-educacion-especial-futuro-aprendizaje-personalizado-los-talleres-formacion-fundacion-querer\\\/\"]}]},{\"@type\":\"BreadcrumbList\",\"@id\":\"https:\\\/\\\/sindromecharge.es\\\/index.php\\\/2024\\\/11\\\/14\\\/ia-educacion-especial-futuro-aprendizaje-personalizado-los-talleres-formacion-fundacion-querer\\\/#breadcrumb\",\"itemListElement\":[{\"@type\":\"ListItem\",\"position\":1,\"name\":\"Portada\",\"item\":\"https:\\\/\\\/sindromecharge.es\\\/\"},{\"@type\":\"ListItem\",\"position\":2,\"name\":\"Inteligencia artificial y educaci\u00f3n especial: el futuro del aprendizaje personalizado\"}]},{\"@type\":\"WebSite\",\"@id\":\"https:\\\/\\\/sindromecharge.es\\\/#website\",\"url\":\"https:\\\/\\\/sindromecharge.es\\\/\",\"name\":\"Asociaci\u00f3n Espa\u00f1ola S\u00edndrome de Charge\",\"description\":\"\",\"potentialAction\":[{\"@type\":\"SearchAction\",\"target\":{\"@type\":\"EntryPoint\",\"urlTemplate\":\"https:\\\/\\\/sindromecharge.es\\\/?s={search_term_string}\"},\"query-input\":{\"@type\":\"PropertyValueSpecification\",\"valueRequired\":true,\"valueName\":\"search_term_string\"}}],\"inLanguage\":\"es\"},{\"@type\":\"Person\",\"@id\":\"https:\\\/\\\/sindromecharge.es\\\/#\\\/schema\\\/person\\\/39a60ebe0a2b4d5a11179701e336b039\",\"name\":\"Charge\",\"image\":{\"@type\":\"ImageObject\",\"inLanguage\":\"es\",\"@id\":\"https:\\\/\\\/secure.gravatar.com\\\/avatar\\\/c3b46e32a0fc3b093a0873fb767bf3293de856293065e84ef06b7ec7a8acfb98?s=96&d=identicon&r=x\",\"url\":\"https:\\\/\\\/secure.gravatar.com\\\/avatar\\\/c3b46e32a0fc3b093a0873fb767bf3293de856293065e84ef06b7ec7a8acfb98?s=96&d=identicon&r=x\",\"contentUrl\":\"https:\\\/\\\/secure.gravatar.com\\\/avatar\\\/c3b46e32a0fc3b093a0873fb767bf3293de856293065e84ef06b7ec7a8acfb98?s=96&d=identicon&r=x\",\"caption\":\"Charge\"},\"url\":\"https:\\\/\\\/sindromecharge.es\\\/index.php\\\/author\\\/admin\\\/\"}]}<\/script>\n<!-- \/ Yoast SEO plugin. -->","yoast_head_json":{"title":"Inteligencia artificial y educaci\u00f3n especial: el futuro del aprendizaje personalizado - Asociaci\u00f3n Espa\u00f1ola S\u00edndrome de Charge","robots":{"index":"index","follow":"follow","max-snippet":"max-snippet:-1","max-image-preview":"max-image-preview:large","max-video-preview":"max-video-preview:-1"},"canonical":"https:\/\/sindromecharge.es\/index.php\/2024\/11\/14\/ia-educacion-especial-futuro-aprendizaje-personalizado-los-talleres-formacion-fundacion-querer\/","og_locale":"es_ES","og_type":"article","og_title":"Inteligencia artificial y educaci\u00f3n especial: el futuro del aprendizaje personalizado - Asociaci\u00f3n Espa\u00f1ola S\u00edndrome de Charge","og_description":"La inteligencia artificial (IA) ha comenzado a transformar diversos sectores, y la educaci\u00f3n especial no es la excepci\u00f3n. Manuel Garc\u00eda Navamuel, ingeniero&#8230;","og_url":"https:\/\/sindromecharge.es\/index.php\/2024\/11\/14\/ia-educacion-especial-futuro-aprendizaje-personalizado-los-talleres-formacion-fundacion-querer\/","og_site_name":"Asociaci\u00f3n Espa\u00f1ola S\u00edndrome de Charge","article_publisher":"https:\/\/www.facebook.com\/asociacionsindromecharge","article_published_time":"2024-11-14T06:16:14+00:00","og_image":[{"width":300,"height":98,"url":"https:\/\/sindromecharge.es\/wp-content\/uploads\/2013\/09\/logodecharge300x98.png","type":"image\/png"}],"author":"Charge","twitter_card":"summary_large_image","twitter_creator":"@sindromecharge","twitter_site":"@sindromecharge","twitter_misc":{"Escrito por":"Charge","Tiempo de lectura":"5 minutos"},"schema":{"@context":"https:\/\/schema.org","@graph":[{"@type":"Article","@id":"https:\/\/sindromecharge.es\/index.php\/2024\/11\/14\/ia-educacion-especial-futuro-aprendizaje-personalizado-los-talleres-formacion-fundacion-querer\/#article","isPartOf":{"@id":"https:\/\/sindromecharge.es\/index.php\/2024\/11\/14\/ia-educacion-especial-futuro-aprendizaje-personalizado-los-talleres-formacion-fundacion-querer\/"},"author":{"name":"Charge","@id":"https:\/\/sindromecharge.es\/#\/schema\/person\/39a60ebe0a2b4d5a11179701e336b039"},"headline":"Inteligencia artificial y educaci\u00f3n especial: el futuro del aprendizaje personalizado","datePublished":"2024-11-14T06:16:14+00:00","mainEntityOfPage":{"@id":"https:\/\/sindromecharge.es\/index.php\/2024\/11\/14\/ia-educacion-especial-futuro-aprendizaje-personalizado-los-talleres-formacion-fundacion-querer\/"},"wordCount":1030,"articleSection":["noticias"],"inLanguage":"es"},{"@type":"WebPage","@id":"https:\/\/sindromecharge.es\/index.php\/2024\/11\/14\/ia-educacion-especial-futuro-aprendizaje-personalizado-los-talleres-formacion-fundacion-querer\/","url":"https:\/\/sindromecharge.es\/index.php\/2024\/11\/14\/ia-educacion-especial-futuro-aprendizaje-personalizado-los-talleres-formacion-fundacion-querer\/","name":"Inteligencia artificial y educaci\u00f3n especial: el futuro del aprendizaje personalizado - Asociaci\u00f3n Espa\u00f1ola S\u00edndrome de Charge","isPartOf":{"@id":"https:\/\/sindromecharge.es\/#website"},"datePublished":"2024-11-14T06:16:14+00:00","author":{"@id":"https:\/\/sindromecharge.es\/#\/schema\/person\/39a60ebe0a2b4d5a11179701e336b039"},"breadcrumb":{"@id":"https:\/\/sindromecharge.es\/index.php\/2024\/11\/14\/ia-educacion-especial-futuro-aprendizaje-personalizado-los-talleres-formacion-fundacion-querer\/#breadcrumb"},"inLanguage":"es","potentialAction":[{"@type":"ReadAction","target":["https:\/\/sindromecharge.es\/index.php\/2024\/11\/14\/ia-educacion-especial-futuro-aprendizaje-personalizado-los-talleres-formacion-fundacion-querer\/"]}]},{"@type":"BreadcrumbList","@id":"https:\/\/sindromecharge.es\/index.php\/2024\/11\/14\/ia-educacion-especial-futuro-aprendizaje-personalizado-los-talleres-formacion-fundacion-querer\/#breadcrumb","itemListElement":[{"@type":"ListItem","position":1,"name":"Portada","item":"https:\/\/sindromecharge.es\/"},{"@type":"ListItem","position":2,"name":"Inteligencia artificial y educaci\u00f3n especial: el futuro del aprendizaje personalizado"}]},{"@type":"WebSite","@id":"https:\/\/sindromecharge.es\/#website","url":"https:\/\/sindromecharge.es\/","name":"Asociaci\u00f3n Espa\u00f1ola S\u00edndrome de Charge","description":"","potentialAction":[{"@type":"SearchAction","target":{"@type":"EntryPoint","urlTemplate":"https:\/\/sindromecharge.es\/?s={search_term_string}"},"query-input":{"@type":"PropertyValueSpecification","valueRequired":true,"valueName":"search_term_string"}}],"inLanguage":"es"},{"@type":"Person","@id":"https:\/\/sindromecharge.es\/#\/schema\/person\/39a60ebe0a2b4d5a11179701e336b039","name":"Charge","image":{"@type":"ImageObject","inLanguage":"es","@id":"https:\/\/secure.gravatar.com\/avatar\/c3b46e32a0fc3b093a0873fb767bf3293de856293065e84ef06b7ec7a8acfb98?s=96&d=identicon&r=x","url":"https:\/\/secure.gravatar.com\/avatar\/c3b46e32a0fc3b093a0873fb767bf3293de856293065e84ef06b7ec7a8acfb98?s=96&d=identicon&r=x","contentUrl":"https:\/\/secure.gravatar.com\/avatar\/c3b46e32a0fc3b093a0873fb767bf3293de856293065e84ef06b7ec7a8acfb98?s=96&d=identicon&r=x","caption":"Charge"},"url":"https:\/\/sindromecharge.es\/index.php\/author\/admin\/"}]}},"_links":{"self":[{"href":"https:\/\/sindromecharge.es\/index.php\/wp-json\/wp\/v2\/posts\/10564","targetHints":{"allow":["GET"]}}],"collection":[{"href":"https:\/\/sindromecharge.es\/index.php\/wp-json\/wp\/v2\/posts"}],"about":[{"href":"https:\/\/sindromecharge.es\/index.php\/wp-json\/wp\/v2\/types\/post"}],"author":[{"embeddable":true,"href":"https:\/\/sindromecharge.es\/index.php\/wp-json\/wp\/v2\/users\/1"}],"replies":[{"embeddable":true,"href":"https:\/\/sindromecharge.es\/index.php\/wp-json\/wp\/v2\/comments?post=10564"}],"version-history":[{"count":0,"href":"https:\/\/sindromecharge.es\/index.php\/wp-json\/wp\/v2\/posts\/10564\/revisions"}],"wp:attachment":[{"href":"https:\/\/sindromecharge.es\/index.php\/wp-json\/wp\/v2\/media?parent=10564"}],"wp:term":[{"taxonomy":"category","embeddable":true,"href":"https:\/\/sindromecharge.es\/index.php\/wp-json\/wp\/v2\/categories?post=10564"},{"taxonomy":"post_tag","embeddable":true,"href":"https:\/\/sindromecharge.es\/index.php\/wp-json\/wp\/v2\/tags?post=10564"}],"curies":[{"name":"wp","href":"https:\/\/api.w.org\/{rel}","templated":true}]}}