{"id":10561,"date":"2024-11-14T09:51:59","date_gmt":"2024-11-14T09:51:59","guid":{"rendered":"https:\/\/sindromecharge.es\/index.php\/2024\/11\/14\/index-php-114\/"},"modified":"2024-11-14T09:51:59","modified_gmt":"2024-11-14T09:51:59","slug":"index-php-114","status":"publish","type":"post","link":"https:\/\/sindromecharge.es\/index.php\/2024\/11\/14\/index-php-114\/","title":{"rendered":"XVII Edici\u00f3n de los Premios AICE"},"content":{"rendered":"<p>Leemos en Federaci\u00f3n de Asociaciones de Implantados Cocleares de Espa\u00f1a. Federaci\u00f3n AICE la siguiente noticia que os reproducimos de forma \u00edntegra: <\/p>\n<div>\n<p><img loading=\"lazy\" decoding=\"async\" height=\"233\" width=\"350\" alt=\"Esculturas de los Premios AICE\" src=\"http:\/\/implantecoclear.org\/images\/premios\/Esculturas\/Premio_AICE_3.jpg\" style=\"margin: 0px auto 10px; display: block;\"><\/p>\n<p>Este s\u00e1bado, 16 de noviembre, se celebrar\u00e1n los Premios AICE 2024.<\/p>\n<p>Estos premios se entregan a personas, organizaciones o instituciones que durante el a\u00f1o anterior hayan destacado por alguno de los objetivos que la Federaci\u00f3n AICE considera prioritarios en el mundo de los implantados cocleares, de la sordera y\/o de la discapacidad en general.<\/p>\n<p>La entrega ser\u00e1 presidida por Golria \u00e1lvarez, Secretaria de Atenci\u00f3n Sanitaria y Participaci\u00f3n de la Generalitat de Catalu\u00f1a<\/p>\n<p>Son cinco las categor\u00edas de los premios:<\/p>\n<dl>\n<dt><strong>Premio Institucional: Real Patronato sobre Discapacidad<\/strong><\/dt>\n<dd>Por impulsar diversas medidas legislativas que buscan garantizar los derechos de las personas con discapacidad.<\/dd>\n<dt><strong>Premio M\u00e9dico: Xabier Altuna<\/strong><\/dt>\n<dd>Por su trabajo en el Programade Implantes Cocleares del Servicio de Otorrinolaringolog\u00eda del Hospital de Donosti.<\/dd>\n<dt><strong>Premio a la Accesibilidad: Ayuntamiento de Lebrija (Sevilla)<\/strong><\/dt>\n<dd>Por impulsar la accesibilidad a la comunicaci\u00f3n para personas con p\u00e9rdida auditiva. Asistir\u00e1n las concejalas de Igualdad, Inclusi\u00f3n y Diversidad, y de Salud y Mayores del Ayuntamiento<\/dd>\n<dt><strong>Premio a la Divulgaci\u00f3n:<\/strong> Yomara Garc\u00eda Viera, Presidenta de Juristas contra el Ruido<\/dt>\n<dd>Por sus campa\u00f1as de sensibilizaci\u00f3n sobre la contaminaci\u00f3n ac\u00fastica y en concienciar a la sociedad de los efectos sobre la salud.<\/dd>\n<dt><strong>Premio al Voluntariado<\/strong><\/dt>\n<dd>Como ya es tradicional desde la insttuci\u00f3n de estos premios, ser\u00e1 durante la entrega cuando se revelar\u00e1 el nombre de la persona en qui\u00e9n recae este premio. La Federaci\u00f3n AICE quiere reconocer el esfuerzo de una de las personas que contribuyen con su labor a la visibilizaci\u00f3n y funcionamiento de la entidad.<\/dd>\n<\/dl>\n<\/div>\n<p>Fuente: Federaci\u00f3n de Asociaciones de Implantados Cocleares de Espa\u00f1a. Federaci\u00f3n AICE http:\/\/implantecoclear.org\/index.php?option=com_content&#038;view=article&#038;id=734:2024-11-14-10-14-39&#038;catid=1:latest-news<\/p>\n","protected":false},"excerpt":{"rendered":"<p>Este s\u00e1bado, 16 de noviembre, se celebrar\u00e1n los Premios AICE 2024. Estos premios se entregan a personas, organizaciones o instituciones que durante el a\u00f1o anterior hayan destacado por alguno de los objetivos que la Federaci\u00f3n AICE considera prioritarios en el mundo de los implantados cocleares, de la sordera y\/o de la discapacidad en general. La [&hellip;]<\/p>\n","protected":false},"author":1,"featured_media":0,"comment_status":"closed","ping_status":"closed","sticky":false,"template":"","format":"standard","meta":{"footnotes":""},"categories":[8],"tags":[],"class_list":["post-10561","post","type-post","status-publish","format-standard","hentry","category-noticias"],"yoast_head":"<!-- This site is optimized with the Yoast SEO plugin v27.5 - https:\/\/yoast.com\/product\/yoast-seo-wordpress\/ -->\n<title>XVII Edici\u00f3n de los Premios AICE - Asociaci\u00f3n Espa\u00f1ola S\u00edndrome de Charge<\/title>\n<meta name=\"robots\" content=\"index, follow, max-snippet:-1, max-image-preview:large, max-video-preview:-1\" \/>\n<link rel=\"canonical\" href=\"https:\/\/sindromecharge.es\/index.php\/2024\/11\/14\/index-php-114\/\" \/>\n<meta property=\"og:locale\" content=\"es_ES\" \/>\n<meta property=\"og:type\" content=\"article\" \/>\n<meta property=\"og:title\" content=\"XVII Edici\u00f3n de los Premios AICE - Asociaci\u00f3n Espa\u00f1ola S\u00edndrome de Charge\" \/>\n<meta property=\"og:description\" content=\"Este s\u00e1bado, 16 de noviembre, se celebrar\u00e1n los Premios AICE 2024. Estos premios se entregan a personas, organizaciones o instituciones que durante el a\u00f1o anterior hayan destacado por alguno de los objetivos que la Federaci\u00f3n AICE considera prioritarios en el mundo de los implantados cocleares, de la sordera y\/o de la discapacidad en general. La [&hellip;]\" \/>\n<meta property=\"og:url\" content=\"https:\/\/sindromecharge.es\/index.php\/2024\/11\/14\/index-php-114\/\" \/>\n<meta property=\"og:site_name\" content=\"Asociaci\u00f3n Espa\u00f1ola S\u00edndrome de Charge\" \/>\n<meta property=\"article:publisher\" content=\"https:\/\/www.facebook.com\/asociacionsindromecharge\" \/>\n<meta property=\"article:published_time\" content=\"2024-11-14T09:51:59+00:00\" \/>\n<meta property=\"og:image\" content=\"http:\/\/implantecoclear.org\/images\/premios\/Esculturas\/Premio_AICE_3.jpg\" \/>\n<meta name=\"author\" content=\"Charge\" \/>\n<meta name=\"twitter:card\" content=\"summary_large_image\" \/>\n<meta name=\"twitter:creator\" content=\"@sindromecharge\" \/>\n<meta name=\"twitter:site\" content=\"@sindromecharge\" \/>\n<meta name=\"twitter:label1\" content=\"Escrito por\" \/>\n\t<meta name=\"twitter:data1\" content=\"Charge\" \/>\n\t<meta name=\"twitter:label2\" content=\"Tiempo de lectura\" \/>\n\t<meta name=\"twitter:data2\" content=\"2 minutos\" \/>\n<script type=\"application\/ld+json\" class=\"yoast-schema-graph\">{\"@context\":\"https:\\\/\\\/schema.org\",\"@graph\":[{\"@type\":\"Article\",\"@id\":\"https:\\\/\\\/sindromecharge.es\\\/index.php\\\/2024\\\/11\\\/14\\\/index-php-114\\\/#article\",\"isPartOf\":{\"@id\":\"https:\\\/\\\/sindromecharge.es\\\/index.php\\\/2024\\\/11\\\/14\\\/index-php-114\\\/\"},\"author\":{\"name\":\"Charge\",\"@id\":\"https:\\\/\\\/sindromecharge.es\\\/#\\\/schema\\\/person\\\/39a60ebe0a2b4d5a11179701e336b039\"},\"headline\":\"XVII Edici\u00f3n de los Premios AICE\",\"datePublished\":\"2024-11-14T09:51:59+00:00\",\"mainEntityOfPage\":{\"@id\":\"https:\\\/\\\/sindromecharge.es\\\/index.php\\\/2024\\\/11\\\/14\\\/index-php-114\\\/\"},\"wordCount\":330,\"image\":{\"@id\":\"https:\\\/\\\/sindromecharge.es\\\/index.php\\\/2024\\\/11\\\/14\\\/index-php-114\\\/#primaryimage\"},\"thumbnailUrl\":\"http:\\\/\\\/implantecoclear.org\\\/images\\\/premios\\\/Esculturas\\\/Premio_AICE_3.jpg\",\"articleSection\":[\"noticias\"],\"inLanguage\":\"es\"},{\"@type\":\"WebPage\",\"@id\":\"https:\\\/\\\/sindromecharge.es\\\/index.php\\\/2024\\\/11\\\/14\\\/index-php-114\\\/\",\"url\":\"https:\\\/\\\/sindromecharge.es\\\/index.php\\\/2024\\\/11\\\/14\\\/index-php-114\\\/\",\"name\":\"XVII Edici\u00f3n de los Premios AICE - Asociaci\u00f3n Espa\u00f1ola S\u00edndrome de Charge\",\"isPartOf\":{\"@id\":\"https:\\\/\\\/sindromecharge.es\\\/#website\"},\"primaryImageOfPage\":{\"@id\":\"https:\\\/\\\/sindromecharge.es\\\/index.php\\\/2024\\\/11\\\/14\\\/index-php-114\\\/#primaryimage\"},\"image\":{\"@id\":\"https:\\\/\\\/sindromecharge.es\\\/index.php\\\/2024\\\/11\\\/14\\\/index-php-114\\\/#primaryimage\"},\"thumbnailUrl\":\"http:\\\/\\\/implantecoclear.org\\\/images\\\/premios\\\/Esculturas\\\/Premio_AICE_3.jpg\",\"datePublished\":\"2024-11-14T09:51:59+00:00\",\"author\":{\"@id\":\"https:\\\/\\\/sindromecharge.es\\\/#\\\/schema\\\/person\\\/39a60ebe0a2b4d5a11179701e336b039\"},\"breadcrumb\":{\"@id\":\"https:\\\/\\\/sindromecharge.es\\\/index.php\\\/2024\\\/11\\\/14\\\/index-php-114\\\/#breadcrumb\"},\"inLanguage\":\"es\",\"potentialAction\":[{\"@type\":\"ReadAction\",\"target\":[\"https:\\\/\\\/sindromecharge.es\\\/index.php\\\/2024\\\/11\\\/14\\\/index-php-114\\\/\"]}]},{\"@type\":\"ImageObject\",\"inLanguage\":\"es\",\"@id\":\"https:\\\/\\\/sindromecharge.es\\\/index.php\\\/2024\\\/11\\\/14\\\/index-php-114\\\/#primaryimage\",\"url\":\"http:\\\/\\\/implantecoclear.org\\\/images\\\/premios\\\/Esculturas\\\/Premio_AICE_3.jpg\",\"contentUrl\":\"http:\\\/\\\/implantecoclear.org\\\/images\\\/premios\\\/Esculturas\\\/Premio_AICE_3.jpg\"},{\"@type\":\"BreadcrumbList\",\"@id\":\"https:\\\/\\\/sindromecharge.es\\\/index.php\\\/2024\\\/11\\\/14\\\/index-php-114\\\/#breadcrumb\",\"itemListElement\":[{\"@type\":\"ListItem\",\"position\":1,\"name\":\"Portada\",\"item\":\"https:\\\/\\\/sindromecharge.es\\\/\"},{\"@type\":\"ListItem\",\"position\":2,\"name\":\"XVII Edici\u00f3n de los Premios AICE\"}]},{\"@type\":\"WebSite\",\"@id\":\"https:\\\/\\\/sindromecharge.es\\\/#website\",\"url\":\"https:\\\/\\\/sindromecharge.es\\\/\",\"name\":\"Asociaci\u00f3n Espa\u00f1ola S\u00edndrome de Charge\",\"description\":\"\",\"potentialAction\":[{\"@type\":\"SearchAction\",\"target\":{\"@type\":\"EntryPoint\",\"urlTemplate\":\"https:\\\/\\\/sindromecharge.es\\\/?s={search_term_string}\"},\"query-input\":{\"@type\":\"PropertyValueSpecification\",\"valueRequired\":true,\"valueName\":\"search_term_string\"}}],\"inLanguage\":\"es\"},{\"@type\":\"Person\",\"@id\":\"https:\\\/\\\/sindromecharge.es\\\/#\\\/schema\\\/person\\\/39a60ebe0a2b4d5a11179701e336b039\",\"name\":\"Charge\",\"image\":{\"@type\":\"ImageObject\",\"inLanguage\":\"es\",\"@id\":\"https:\\\/\\\/secure.gravatar.com\\\/avatar\\\/c3b46e32a0fc3b093a0873fb767bf3293de856293065e84ef06b7ec7a8acfb98?s=96&d=identicon&r=x\",\"url\":\"https:\\\/\\\/secure.gravatar.com\\\/avatar\\\/c3b46e32a0fc3b093a0873fb767bf3293de856293065e84ef06b7ec7a8acfb98?s=96&d=identicon&r=x\",\"contentUrl\":\"https:\\\/\\\/secure.gravatar.com\\\/avatar\\\/c3b46e32a0fc3b093a0873fb767bf3293de856293065e84ef06b7ec7a8acfb98?s=96&d=identicon&r=x\",\"caption\":\"Charge\"},\"url\":\"https:\\\/\\\/sindromecharge.es\\\/index.php\\\/author\\\/admin\\\/\"}]}<\/script>\n<!-- \/ Yoast SEO plugin. -->","yoast_head_json":{"title":"XVII Edici\u00f3n de los Premios AICE - Asociaci\u00f3n Espa\u00f1ola S\u00edndrome de Charge","robots":{"index":"index","follow":"follow","max-snippet":"max-snippet:-1","max-image-preview":"max-image-preview:large","max-video-preview":"max-video-preview:-1"},"canonical":"https:\/\/sindromecharge.es\/index.php\/2024\/11\/14\/index-php-114\/","og_locale":"es_ES","og_type":"article","og_title":"XVII Edici\u00f3n de los Premios AICE - Asociaci\u00f3n Espa\u00f1ola S\u00edndrome de Charge","og_description":"Este s\u00e1bado, 16 de noviembre, se celebrar\u00e1n los Premios AICE 2024. Estos premios se entregan a personas, organizaciones o instituciones que durante el a\u00f1o anterior hayan destacado por alguno de los objetivos que la Federaci\u00f3n AICE considera prioritarios en el mundo de los implantados cocleares, de la sordera y\/o de la discapacidad en general. La [&hellip;]","og_url":"https:\/\/sindromecharge.es\/index.php\/2024\/11\/14\/index-php-114\/","og_site_name":"Asociaci\u00f3n Espa\u00f1ola S\u00edndrome de Charge","article_publisher":"https:\/\/www.facebook.com\/asociacionsindromecharge","article_published_time":"2024-11-14T09:51:59+00:00","og_image":[{"url":"http:\/\/implantecoclear.org\/images\/premios\/Esculturas\/Premio_AICE_3.jpg","type":"","width":"","height":""}],"author":"Charge","twitter_card":"summary_large_image","twitter_creator":"@sindromecharge","twitter_site":"@sindromecharge","twitter_misc":{"Escrito por":"Charge","Tiempo de lectura":"2 minutos"},"schema":{"@context":"https:\/\/schema.org","@graph":[{"@type":"Article","@id":"https:\/\/sindromecharge.es\/index.php\/2024\/11\/14\/index-php-114\/#article","isPartOf":{"@id":"https:\/\/sindromecharge.es\/index.php\/2024\/11\/14\/index-php-114\/"},"author":{"name":"Charge","@id":"https:\/\/sindromecharge.es\/#\/schema\/person\/39a60ebe0a2b4d5a11179701e336b039"},"headline":"XVII Edici\u00f3n de los Premios AICE","datePublished":"2024-11-14T09:51:59+00:00","mainEntityOfPage":{"@id":"https:\/\/sindromecharge.es\/index.php\/2024\/11\/14\/index-php-114\/"},"wordCount":330,"image":{"@id":"https:\/\/sindromecharge.es\/index.php\/2024\/11\/14\/index-php-114\/#primaryimage"},"thumbnailUrl":"http:\/\/implantecoclear.org\/images\/premios\/Esculturas\/Premio_AICE_3.jpg","articleSection":["noticias"],"inLanguage":"es"},{"@type":"WebPage","@id":"https:\/\/sindromecharge.es\/index.php\/2024\/11\/14\/index-php-114\/","url":"https:\/\/sindromecharge.es\/index.php\/2024\/11\/14\/index-php-114\/","name":"XVII Edici\u00f3n de los Premios AICE - Asociaci\u00f3n Espa\u00f1ola S\u00edndrome de Charge","isPartOf":{"@id":"https:\/\/sindromecharge.es\/#website"},"primaryImageOfPage":{"@id":"https:\/\/sindromecharge.es\/index.php\/2024\/11\/14\/index-php-114\/#primaryimage"},"image":{"@id":"https:\/\/sindromecharge.es\/index.php\/2024\/11\/14\/index-php-114\/#primaryimage"},"thumbnailUrl":"http:\/\/implantecoclear.org\/images\/premios\/Esculturas\/Premio_AICE_3.jpg","datePublished":"2024-11-14T09:51:59+00:00","author":{"@id":"https:\/\/sindromecharge.es\/#\/schema\/person\/39a60ebe0a2b4d5a11179701e336b039"},"breadcrumb":{"@id":"https:\/\/sindromecharge.es\/index.php\/2024\/11\/14\/index-php-114\/#breadcrumb"},"inLanguage":"es","potentialAction":[{"@type":"ReadAction","target":["https:\/\/sindromecharge.es\/index.php\/2024\/11\/14\/index-php-114\/"]}]},{"@type":"ImageObject","inLanguage":"es","@id":"https:\/\/sindromecharge.es\/index.php\/2024\/11\/14\/index-php-114\/#primaryimage","url":"http:\/\/implantecoclear.org\/images\/premios\/Esculturas\/Premio_AICE_3.jpg","contentUrl":"http:\/\/implantecoclear.org\/images\/premios\/Esculturas\/Premio_AICE_3.jpg"},{"@type":"BreadcrumbList","@id":"https:\/\/sindromecharge.es\/index.php\/2024\/11\/14\/index-php-114\/#breadcrumb","itemListElement":[{"@type":"ListItem","position":1,"name":"Portada","item":"https:\/\/sindromecharge.es\/"},{"@type":"ListItem","position":2,"name":"XVII Edici\u00f3n de los Premios AICE"}]},{"@type":"WebSite","@id":"https:\/\/sindromecharge.es\/#website","url":"https:\/\/sindromecharge.es\/","name":"Asociaci\u00f3n Espa\u00f1ola S\u00edndrome de Charge","description":"","potentialAction":[{"@type":"SearchAction","target":{"@type":"EntryPoint","urlTemplate":"https:\/\/sindromecharge.es\/?s={search_term_string}"},"query-input":{"@type":"PropertyValueSpecification","valueRequired":true,"valueName":"search_term_string"}}],"inLanguage":"es"},{"@type":"Person","@id":"https:\/\/sindromecharge.es\/#\/schema\/person\/39a60ebe0a2b4d5a11179701e336b039","name":"Charge","image":{"@type":"ImageObject","inLanguage":"es","@id":"https:\/\/secure.gravatar.com\/avatar\/c3b46e32a0fc3b093a0873fb767bf3293de856293065e84ef06b7ec7a8acfb98?s=96&d=identicon&r=x","url":"https:\/\/secure.gravatar.com\/avatar\/c3b46e32a0fc3b093a0873fb767bf3293de856293065e84ef06b7ec7a8acfb98?s=96&d=identicon&r=x","contentUrl":"https:\/\/secure.gravatar.com\/avatar\/c3b46e32a0fc3b093a0873fb767bf3293de856293065e84ef06b7ec7a8acfb98?s=96&d=identicon&r=x","caption":"Charge"},"url":"https:\/\/sindromecharge.es\/index.php\/author\/admin\/"}]}},"_links":{"self":[{"href":"https:\/\/sindromecharge.es\/index.php\/wp-json\/wp\/v2\/posts\/10561","targetHints":{"allow":["GET"]}}],"collection":[{"href":"https:\/\/sindromecharge.es\/index.php\/wp-json\/wp\/v2\/posts"}],"about":[{"href":"https:\/\/sindromecharge.es\/index.php\/wp-json\/wp\/v2\/types\/post"}],"author":[{"embeddable":true,"href":"https:\/\/sindromecharge.es\/index.php\/wp-json\/wp\/v2\/users\/1"}],"replies":[{"embeddable":true,"href":"https:\/\/sindromecharge.es\/index.php\/wp-json\/wp\/v2\/comments?post=10561"}],"version-history":[{"count":0,"href":"https:\/\/sindromecharge.es\/index.php\/wp-json\/wp\/v2\/posts\/10561\/revisions"}],"wp:attachment":[{"href":"https:\/\/sindromecharge.es\/index.php\/wp-json\/wp\/v2\/media?parent=10561"}],"wp:term":[{"taxonomy":"category","embeddable":true,"href":"https:\/\/sindromecharge.es\/index.php\/wp-json\/wp\/v2\/categories?post=10561"},{"taxonomy":"post_tag","embeddable":true,"href":"https:\/\/sindromecharge.es\/index.php\/wp-json\/wp\/v2\/tags?post=10561"}],"curies":[{"name":"wp","href":"https:\/\/api.w.org\/{rel}","templated":true}]}}