{"id":10560,"date":"2024-11-13T07:20:00","date_gmt":"2024-11-13T07:20:00","guid":{"rendered":"https:\/\/sindromecharge.es\/index.php\/2024\/11\/13\/presentan-desafio-aspace-un-juego-para-impulsar-vida-independiente-las-personas-con-paralisis-cerebral\/"},"modified":"2024-11-13T07:20:00","modified_gmt":"2024-11-13T07:20:00","slug":"presentan-desafio-aspace-un-juego-para-impulsar-vida-independiente-las-personas-con-paralisis-cerebral","status":"publish","type":"post","link":"https:\/\/sindromecharge.es\/index.php\/2024\/11\/13\/presentan-desafio-aspace-un-juego-para-impulsar-vida-independiente-las-personas-con-paralisis-cerebral\/","title":{"rendered":"&#8216;Desaf\u00edo Aspace&#8217;, un juego para impulsar la vida independiente de las personas con par\u00e1lisis cerebral"},"content":{"rendered":"<p>Leemos en Discapacidad la siguiente noticia que os reproducimos de forma \u00edntegra: <\/p>\n<div>\n<p><b>Confederaci\u00f3n Aspace y el Real Patronato sobre Discapacidad<\/b> presentaron este martes \u2018<b>Desaf\u00edo Aspace<\/b>\u2019, una herramienta l\u00fadica a modo de &#8216;Trivial&#8217; para<b> sensibilizar sobre el enfoque social de derechos y la vida independiente<\/b> de las personas con <a href=\"https:\/\/www.20minutos.es\/minuteca\/paralisis-cerebral\/\" title=\"Par\u00e1lisis cerebral\" target=\"_blank\" rel=\"noopener\">par\u00e1lisis cerebral<\/a>.<\/p>\n<p>Seg\u00fan la Confederaci\u00f3n de Asociaciones de Personas con Par\u00e1lisis Cerebral, su objetivo es concienciar sobre este paradigma a familias, personas con par\u00e1lisis cerebral, equipos profesionales y sociedad en general.<\/p>\n<p>&#8216;Desaf\u00edo Aspace&#8217; es un juego similar al &#8216;Trivial&#8217; en el que, a trav\u00e9s de preguntas y respuestas divididas en seis tem\u00e1ticas,<b> se refuerzan conceptos clave sobre la vida independiente<\/b> de las personas con par\u00e1lisis cerebral. El juego <b>permite una autoevaluaci\u00f3n de conocimientos<\/b> sobre la vida independiente y el proceso de implantaci\u00f3n en las entidades especializadas en par\u00e1lisis cerebral.<\/p>\n<p>Cada partida ofrece resultados que invitan a la reflexi\u00f3n y consejos de personas con par\u00e1lisis cerebral para avanzar en este paradigma.<\/p>\n<p>El proyecto se desarroll\u00f3 de forma colaborativa entre Confederaci\u00f3n Aspace y el Real Patronato sobre Discapacidad, a fin de concienciar y <b>promover un cambio de mirada hacia las personas con par\u00e1lisis cerebral<\/b>, buscando que sea m\u00e1s inclusiva y centrada en sus derechos.<\/p>\n<p>La jornada fue inaugurada por la<b> presidenta de Confederaci\u00f3n Aspace, Manuela Muro<\/b>, y por el director del Real Patronato sobre Discapacidad y director general de Derechos de las Personas con Discapacidad,<b> Jes\u00fas Mart\u00edn<\/b>.<\/p>\n<p>Ambos coincidieron en la necesidad de impulsar proyectos innovadores como este para<b> promover la participaci\u00f3n de las personas con par\u00e1lisis cerebral<\/b> y con grandes necesidades de apoyo.<\/p>\n<p>De esta forma, Muro agradeci\u00f3 al Real Patronato sobre Discapacidad su confianza y colaboraci\u00f3n en el proyecto y puso de manifiesto la importancia de este juego que ayudar\u00e1 a \u201ccomprender mejor las necesidades, gustos y derechos de las personas con par\u00e1lisis cerebral, para promover de manera efectiva una transformaci\u00f3n hacia<b> una sociedad que se construya en torno al respeto y la igualdad<\/b>\u201d.<\/p>\n<p>Seg\u00fan Mart\u00edn, este juego \u201cest\u00e1 alineado con la<b> nueva pol\u00edtica de cuidados y de desinstitucionalizaci\u00f3n<\/b> impulsada por el Ministerio de Derechos Sociales, Consumo y Agenda 2030 y que en este caso busca empoderar a las personas con par\u00e1lisis cerebral sobre su<b> derecho a contar con apoyos para una vida en la comunidad<\/b> donde sus deseos y preferencias sean respetados\u201d.<\/p>\n<p>Seguidamente, la responsable de la Red de Ciudadan\u00eda Activa y Vida Independiente de Confederaci\u00f3n Aspace, Luc\u00eda Pericacho, imparti\u00f3 una ponencia sobre c\u00f3mo activar la vida independiente desde el enfoque social de derechos y subray\u00f3 que \u201c<b>vida independiente es tener oportunidades de tomar decisiones<\/b> sin importar la intensidad de los apoyos\u201d.<\/p>\n<\/div>\n<p>Fuente: Discapacidad https:\/\/www.20minutos.es\/noticia\/5653622\/0\/presentan-desafio-aspace-un-juego-para-impulsar-vida-independiente-las-personas-con-paralisis-cerebral\/<\/p>\n","protected":false},"excerpt":{"rendered":"<p>El objetivo de este &#8216;trivial&#8217; es promover un cambio de mirada hacia las personas con par\u00e1lisis cerebral.<\/p>\n","protected":false},"author":1,"featured_media":0,"comment_status":"closed","ping_status":"closed","sticky":false,"template":"","format":"standard","meta":{"footnotes":""},"categories":[8],"tags":[],"class_list":["post-10560","post","type-post","status-publish","format-standard","hentry","category-noticias"],"yoast_head":"<!-- This site is optimized with the Yoast SEO plugin v27.5 - https:\/\/yoast.com\/product\/yoast-seo-wordpress\/ -->\n<title>&#039;Desaf\u00edo Aspace&#039;, un juego para impulsar la vida independiente de las personas con par\u00e1lisis cerebral - Asociaci\u00f3n Espa\u00f1ola S\u00edndrome de Charge<\/title>\n<meta name=\"robots\" content=\"index, follow, max-snippet:-1, max-image-preview:large, max-video-preview:-1\" \/>\n<link rel=\"canonical\" href=\"https:\/\/sindromecharge.es\/index.php\/2024\/11\/13\/presentan-desafio-aspace-un-juego-para-impulsar-vida-independiente-las-personas-con-paralisis-cerebral\/\" \/>\n<meta property=\"og:locale\" content=\"es_ES\" \/>\n<meta property=\"og:type\" content=\"article\" \/>\n<meta property=\"og:title\" content=\"&#039;Desaf\u00edo Aspace&#039;, un juego para impulsar la vida independiente de las personas con par\u00e1lisis cerebral - Asociaci\u00f3n Espa\u00f1ola S\u00edndrome de Charge\" \/>\n<meta property=\"og:description\" content=\"El objetivo de este &#8216;trivial&#8217; es promover un cambio de mirada hacia las personas con par\u00e1lisis cerebral.\" \/>\n<meta property=\"og:url\" content=\"https:\/\/sindromecharge.es\/index.php\/2024\/11\/13\/presentan-desafio-aspace-un-juego-para-impulsar-vida-independiente-las-personas-con-paralisis-cerebral\/\" \/>\n<meta property=\"og:site_name\" content=\"Asociaci\u00f3n Espa\u00f1ola S\u00edndrome de Charge\" \/>\n<meta property=\"article:publisher\" content=\"https:\/\/www.facebook.com\/asociacionsindromecharge\" \/>\n<meta property=\"article:published_time\" content=\"2024-11-13T07:20:00+00:00\" \/>\n<meta property=\"og:image\" content=\"https:\/\/sindromecharge.es\/wp-content\/uploads\/2013\/09\/logodecharge300x98.png\" \/>\n\t<meta property=\"og:image:width\" content=\"300\" \/>\n\t<meta property=\"og:image:height\" content=\"98\" \/>\n\t<meta property=\"og:image:type\" content=\"image\/png\" \/>\n<meta name=\"author\" content=\"Charge\" \/>\n<meta name=\"twitter:card\" content=\"summary_large_image\" \/>\n<meta name=\"twitter:creator\" content=\"@sindromecharge\" \/>\n<meta name=\"twitter:site\" content=\"@sindromecharge\" \/>\n<meta name=\"twitter:label1\" content=\"Escrito por\" \/>\n\t<meta name=\"twitter:data1\" content=\"Charge\" \/>\n\t<meta name=\"twitter:label2\" content=\"Tiempo de lectura\" \/>\n\t<meta name=\"twitter:data2\" content=\"2 minutos\" \/>\n<script type=\"application\/ld+json\" class=\"yoast-schema-graph\">{\"@context\":\"https:\\\/\\\/schema.org\",\"@graph\":[{\"@type\":\"Article\",\"@id\":\"https:\\\/\\\/sindromecharge.es\\\/index.php\\\/2024\\\/11\\\/13\\\/presentan-desafio-aspace-un-juego-para-impulsar-vida-independiente-las-personas-con-paralisis-cerebral\\\/#article\",\"isPartOf\":{\"@id\":\"https:\\\/\\\/sindromecharge.es\\\/index.php\\\/2024\\\/11\\\/13\\\/presentan-desafio-aspace-un-juego-para-impulsar-vida-independiente-las-personas-con-paralisis-cerebral\\\/\"},\"author\":{\"name\":\"Charge\",\"@id\":\"https:\\\/\\\/sindromecharge.es\\\/#\\\/schema\\\/person\\\/39a60ebe0a2b4d5a11179701e336b039\"},\"headline\":\"&#8216;Desaf\u00edo Aspace&#8217;, un juego para impulsar la vida independiente de las personas con par\u00e1lisis cerebral\",\"datePublished\":\"2024-11-13T07:20:00+00:00\",\"mainEntityOfPage\":{\"@id\":\"https:\\\/\\\/sindromecharge.es\\\/index.php\\\/2024\\\/11\\\/13\\\/presentan-desafio-aspace-un-juego-para-impulsar-vida-independiente-las-personas-con-paralisis-cerebral\\\/\"},\"wordCount\":492,\"articleSection\":[\"noticias\"],\"inLanguage\":\"es\"},{\"@type\":\"WebPage\",\"@id\":\"https:\\\/\\\/sindromecharge.es\\\/index.php\\\/2024\\\/11\\\/13\\\/presentan-desafio-aspace-un-juego-para-impulsar-vida-independiente-las-personas-con-paralisis-cerebral\\\/\",\"url\":\"https:\\\/\\\/sindromecharge.es\\\/index.php\\\/2024\\\/11\\\/13\\\/presentan-desafio-aspace-un-juego-para-impulsar-vida-independiente-las-personas-con-paralisis-cerebral\\\/\",\"name\":\"'Desaf\u00edo Aspace', un juego para impulsar la vida independiente de las personas con par\u00e1lisis cerebral - Asociaci\u00f3n Espa\u00f1ola S\u00edndrome de Charge\",\"isPartOf\":{\"@id\":\"https:\\\/\\\/sindromecharge.es\\\/#website\"},\"datePublished\":\"2024-11-13T07:20:00+00:00\",\"author\":{\"@id\":\"https:\\\/\\\/sindromecharge.es\\\/#\\\/schema\\\/person\\\/39a60ebe0a2b4d5a11179701e336b039\"},\"breadcrumb\":{\"@id\":\"https:\\\/\\\/sindromecharge.es\\\/index.php\\\/2024\\\/11\\\/13\\\/presentan-desafio-aspace-un-juego-para-impulsar-vida-independiente-las-personas-con-paralisis-cerebral\\\/#breadcrumb\"},\"inLanguage\":\"es\",\"potentialAction\":[{\"@type\":\"ReadAction\",\"target\":[\"https:\\\/\\\/sindromecharge.es\\\/index.php\\\/2024\\\/11\\\/13\\\/presentan-desafio-aspace-un-juego-para-impulsar-vida-independiente-las-personas-con-paralisis-cerebral\\\/\"]}]},{\"@type\":\"BreadcrumbList\",\"@id\":\"https:\\\/\\\/sindromecharge.es\\\/index.php\\\/2024\\\/11\\\/13\\\/presentan-desafio-aspace-un-juego-para-impulsar-vida-independiente-las-personas-con-paralisis-cerebral\\\/#breadcrumb\",\"itemListElement\":[{\"@type\":\"ListItem\",\"position\":1,\"name\":\"Portada\",\"item\":\"https:\\\/\\\/sindromecharge.es\\\/\"},{\"@type\":\"ListItem\",\"position\":2,\"name\":\"&#8216;Desaf\u00edo Aspace&#8217;, un juego para impulsar la vida independiente de las personas con par\u00e1lisis cerebral\"}]},{\"@type\":\"WebSite\",\"@id\":\"https:\\\/\\\/sindromecharge.es\\\/#website\",\"url\":\"https:\\\/\\\/sindromecharge.es\\\/\",\"name\":\"Asociaci\u00f3n Espa\u00f1ola S\u00edndrome de Charge\",\"description\":\"\",\"potentialAction\":[{\"@type\":\"SearchAction\",\"target\":{\"@type\":\"EntryPoint\",\"urlTemplate\":\"https:\\\/\\\/sindromecharge.es\\\/?s={search_term_string}\"},\"query-input\":{\"@type\":\"PropertyValueSpecification\",\"valueRequired\":true,\"valueName\":\"search_term_string\"}}],\"inLanguage\":\"es\"},{\"@type\":\"Person\",\"@id\":\"https:\\\/\\\/sindromecharge.es\\\/#\\\/schema\\\/person\\\/39a60ebe0a2b4d5a11179701e336b039\",\"name\":\"Charge\",\"image\":{\"@type\":\"ImageObject\",\"inLanguage\":\"es\",\"@id\":\"https:\\\/\\\/secure.gravatar.com\\\/avatar\\\/c3b46e32a0fc3b093a0873fb767bf3293de856293065e84ef06b7ec7a8acfb98?s=96&d=identicon&r=x\",\"url\":\"https:\\\/\\\/secure.gravatar.com\\\/avatar\\\/c3b46e32a0fc3b093a0873fb767bf3293de856293065e84ef06b7ec7a8acfb98?s=96&d=identicon&r=x\",\"contentUrl\":\"https:\\\/\\\/secure.gravatar.com\\\/avatar\\\/c3b46e32a0fc3b093a0873fb767bf3293de856293065e84ef06b7ec7a8acfb98?s=96&d=identicon&r=x\",\"caption\":\"Charge\"},\"url\":\"https:\\\/\\\/sindromecharge.es\\\/index.php\\\/author\\\/admin\\\/\"}]}<\/script>\n<!-- \/ Yoast SEO plugin. -->","yoast_head_json":{"title":"'Desaf\u00edo Aspace', un juego para impulsar la vida independiente de las personas con par\u00e1lisis cerebral - Asociaci\u00f3n Espa\u00f1ola S\u00edndrome de Charge","robots":{"index":"index","follow":"follow","max-snippet":"max-snippet:-1","max-image-preview":"max-image-preview:large","max-video-preview":"max-video-preview:-1"},"canonical":"https:\/\/sindromecharge.es\/index.php\/2024\/11\/13\/presentan-desafio-aspace-un-juego-para-impulsar-vida-independiente-las-personas-con-paralisis-cerebral\/","og_locale":"es_ES","og_type":"article","og_title":"'Desaf\u00edo Aspace', un juego para impulsar la vida independiente de las personas con par\u00e1lisis cerebral - Asociaci\u00f3n Espa\u00f1ola S\u00edndrome de Charge","og_description":"El objetivo de este &#8216;trivial&#8217; es promover un cambio de mirada hacia las personas con par\u00e1lisis cerebral.","og_url":"https:\/\/sindromecharge.es\/index.php\/2024\/11\/13\/presentan-desafio-aspace-un-juego-para-impulsar-vida-independiente-las-personas-con-paralisis-cerebral\/","og_site_name":"Asociaci\u00f3n Espa\u00f1ola S\u00edndrome de Charge","article_publisher":"https:\/\/www.facebook.com\/asociacionsindromecharge","article_published_time":"2024-11-13T07:20:00+00:00","og_image":[{"width":300,"height":98,"url":"https:\/\/sindromecharge.es\/wp-content\/uploads\/2013\/09\/logodecharge300x98.png","type":"image\/png"}],"author":"Charge","twitter_card":"summary_large_image","twitter_creator":"@sindromecharge","twitter_site":"@sindromecharge","twitter_misc":{"Escrito por":"Charge","Tiempo de lectura":"2 minutos"},"schema":{"@context":"https:\/\/schema.org","@graph":[{"@type":"Article","@id":"https:\/\/sindromecharge.es\/index.php\/2024\/11\/13\/presentan-desafio-aspace-un-juego-para-impulsar-vida-independiente-las-personas-con-paralisis-cerebral\/#article","isPartOf":{"@id":"https:\/\/sindromecharge.es\/index.php\/2024\/11\/13\/presentan-desafio-aspace-un-juego-para-impulsar-vida-independiente-las-personas-con-paralisis-cerebral\/"},"author":{"name":"Charge","@id":"https:\/\/sindromecharge.es\/#\/schema\/person\/39a60ebe0a2b4d5a11179701e336b039"},"headline":"&#8216;Desaf\u00edo Aspace&#8217;, un juego para impulsar la vida independiente de las personas con par\u00e1lisis cerebral","datePublished":"2024-11-13T07:20:00+00:00","mainEntityOfPage":{"@id":"https:\/\/sindromecharge.es\/index.php\/2024\/11\/13\/presentan-desafio-aspace-un-juego-para-impulsar-vida-independiente-las-personas-con-paralisis-cerebral\/"},"wordCount":492,"articleSection":["noticias"],"inLanguage":"es"},{"@type":"WebPage","@id":"https:\/\/sindromecharge.es\/index.php\/2024\/11\/13\/presentan-desafio-aspace-un-juego-para-impulsar-vida-independiente-las-personas-con-paralisis-cerebral\/","url":"https:\/\/sindromecharge.es\/index.php\/2024\/11\/13\/presentan-desafio-aspace-un-juego-para-impulsar-vida-independiente-las-personas-con-paralisis-cerebral\/","name":"'Desaf\u00edo Aspace', un juego para impulsar la vida independiente de las personas con par\u00e1lisis cerebral - Asociaci\u00f3n Espa\u00f1ola S\u00edndrome de Charge","isPartOf":{"@id":"https:\/\/sindromecharge.es\/#website"},"datePublished":"2024-11-13T07:20:00+00:00","author":{"@id":"https:\/\/sindromecharge.es\/#\/schema\/person\/39a60ebe0a2b4d5a11179701e336b039"},"breadcrumb":{"@id":"https:\/\/sindromecharge.es\/index.php\/2024\/11\/13\/presentan-desafio-aspace-un-juego-para-impulsar-vida-independiente-las-personas-con-paralisis-cerebral\/#breadcrumb"},"inLanguage":"es","potentialAction":[{"@type":"ReadAction","target":["https:\/\/sindromecharge.es\/index.php\/2024\/11\/13\/presentan-desafio-aspace-un-juego-para-impulsar-vida-independiente-las-personas-con-paralisis-cerebral\/"]}]},{"@type":"BreadcrumbList","@id":"https:\/\/sindromecharge.es\/index.php\/2024\/11\/13\/presentan-desafio-aspace-un-juego-para-impulsar-vida-independiente-las-personas-con-paralisis-cerebral\/#breadcrumb","itemListElement":[{"@type":"ListItem","position":1,"name":"Portada","item":"https:\/\/sindromecharge.es\/"},{"@type":"ListItem","position":2,"name":"&#8216;Desaf\u00edo Aspace&#8217;, un juego para impulsar la vida independiente de las personas con par\u00e1lisis cerebral"}]},{"@type":"WebSite","@id":"https:\/\/sindromecharge.es\/#website","url":"https:\/\/sindromecharge.es\/","name":"Asociaci\u00f3n Espa\u00f1ola S\u00edndrome de Charge","description":"","potentialAction":[{"@type":"SearchAction","target":{"@type":"EntryPoint","urlTemplate":"https:\/\/sindromecharge.es\/?s={search_term_string}"},"query-input":{"@type":"PropertyValueSpecification","valueRequired":true,"valueName":"search_term_string"}}],"inLanguage":"es"},{"@type":"Person","@id":"https:\/\/sindromecharge.es\/#\/schema\/person\/39a60ebe0a2b4d5a11179701e336b039","name":"Charge","image":{"@type":"ImageObject","inLanguage":"es","@id":"https:\/\/secure.gravatar.com\/avatar\/c3b46e32a0fc3b093a0873fb767bf3293de856293065e84ef06b7ec7a8acfb98?s=96&d=identicon&r=x","url":"https:\/\/secure.gravatar.com\/avatar\/c3b46e32a0fc3b093a0873fb767bf3293de856293065e84ef06b7ec7a8acfb98?s=96&d=identicon&r=x","contentUrl":"https:\/\/secure.gravatar.com\/avatar\/c3b46e32a0fc3b093a0873fb767bf3293de856293065e84ef06b7ec7a8acfb98?s=96&d=identicon&r=x","caption":"Charge"},"url":"https:\/\/sindromecharge.es\/index.php\/author\/admin\/"}]}},"_links":{"self":[{"href":"https:\/\/sindromecharge.es\/index.php\/wp-json\/wp\/v2\/posts\/10560","targetHints":{"allow":["GET"]}}],"collection":[{"href":"https:\/\/sindromecharge.es\/index.php\/wp-json\/wp\/v2\/posts"}],"about":[{"href":"https:\/\/sindromecharge.es\/index.php\/wp-json\/wp\/v2\/types\/post"}],"author":[{"embeddable":true,"href":"https:\/\/sindromecharge.es\/index.php\/wp-json\/wp\/v2\/users\/1"}],"replies":[{"embeddable":true,"href":"https:\/\/sindromecharge.es\/index.php\/wp-json\/wp\/v2\/comments?post=10560"}],"version-history":[{"count":0,"href":"https:\/\/sindromecharge.es\/index.php\/wp-json\/wp\/v2\/posts\/10560\/revisions"}],"wp:attachment":[{"href":"https:\/\/sindromecharge.es\/index.php\/wp-json\/wp\/v2\/media?parent=10560"}],"wp:term":[{"taxonomy":"category","embeddable":true,"href":"https:\/\/sindromecharge.es\/index.php\/wp-json\/wp\/v2\/categories?post=10560"},{"taxonomy":"post_tag","embeddable":true,"href":"https:\/\/sindromecharge.es\/index.php\/wp-json\/wp\/v2\/tags?post=10560"}],"curies":[{"name":"wp","href":"https:\/\/api.w.org\/{rel}","templated":true}]}}