{"id":10559,"date":"2024-11-13T06:22:57","date_gmt":"2024-11-13T06:22:57","guid":{"rendered":"https:\/\/sindromecharge.es\/index.php\/2024\/11\/13\/luis-aguilar-riesgo-desarrollar-enfermedad-huntington\/"},"modified":"2024-11-13T06:22:57","modified_gmt":"2024-11-13T06:22:57","slug":"luis-aguilar-riesgo-desarrollar-enfermedad-huntington","status":"publish","type":"post","link":"https:\/\/sindromecharge.es\/index.php\/2024\/11\/13\/luis-aguilar-riesgo-desarrollar-enfermedad-huntington\/","title":{"rendered":"Luis Aguilar, en riesgo de desarrollar la enfermedad de Huntington: \u00abHay m\u00e1s esperanza que hace unos a\u00f1os\u00bb"},"content":{"rendered":"<p>Leemos en Discapacidad la siguiente noticia que os reproducimos de forma \u00edntegra: <\/p>\n<div>\n<p>La <b>enfermedad de Huntington<\/b> es, despu\u00e9s del <a href=\"https:\/\/www.20minutos.es\/minuteca\/alzheimer\/\" title=\"Alzh\u00e9imer\" target=\"_blank\" rel=\"noopener\">alzh\u00e9imer<\/a> y el <a href=\"https:\/\/www.20minutos.es\/minuteca\/parkinson\/\" title=\"P\u00e1rkinson\" target=\"_blank\" rel=\"noopener\">p\u00e1rkinson<\/a>, la tercera enfermedad neurodegerenativa m\u00e1s frecuente. Una enfermedad que, al ser de<b> origen gen\u00e9tico<\/b>, se puede trasmitir de padres a hijos con una probabilidad del 50%. De hecho, se calcula que unas 14.000 personas en Espa\u00f1a est\u00e1n en riesgo de desarrollarla por tener progenitores enfermos.<\/p>\n<p>Una simple <b>prueba gen\u00e9tica<\/b> sirve para despejar las dudas sobre si se ha heredado o no la enfermedad, pero muchas de estas personas en riesgo prefieren no lanzar esa moneda al aire, pues en la actualidad no existen tratamientos espec\u00edficos y eficaces que la frenen o mejoren sus s\u00edntomas.<\/p>\n<p>Una de esas personas es<b> Luis Aguilar <\/b>que, adem\u00e1s de decidir no hacerse la prueba que despejar\u00eda -o no- muchas dudas sobre su futuro, ha plasmado en un libro, <i>Cr\u00f3nica de una suerte anunciada<\/i>, las emociones y sentimientos que, desde adolescente, ha provocado en \u00e9l la enfermedad de su padre.<\/p>\n<p>El autor, que colabora desde con ellas, destinar\u00e1 todos los <b>beneficios de esta obra a la Asociaci\u00f3n Espa\u00f1ola Corea Huntington ACHE y a la EHA <\/b>(Asociaci\u00f3n Europea de Huntigton). <\/p>\n<h1>Escribir este libro me sirvi\u00f3 para descubrir cosas de m\u00ed mismo, de mi padre\u2026 y para poner en palabras a cosas que llevaba sintiendo toda mi vida<\/h1>\n<h1>Soy muy consciente de que todos estamos aqu\u00ed de paso y no quiero hacerme la prueba y que, si es negativa, me haga pensar que soy eterno<\/h1>\n<h1>Pas\u00e9 de no querer saber nada de la enfermedad a acercarme a la asociaci\u00f3n, escribir un libro\u2026 pero hay cosas para las que a\u00fan no estoy preparado, como acompa\u00f1ar a los pacientes<\/h1>\n<\/div>\n<p>Fuente: Discapacidad https:\/\/www.20minutos.es\/noticia\/5652914\/0\/luis-aguilar-riesgo-desarrollar-enfermedad-huntington\/<\/p>\n","protected":false},"excerpt":{"rendered":"<p>Luis Aguilar Vera es el autor del libro &#8216;Cr\u00f3nica de suerte anunciada&#8217;, donde habla de su experiencia como persona en riesgo de desarrollar esta enfermedad neurodegenerativa.<\/p>\n","protected":false},"author":1,"featured_media":0,"comment_status":"closed","ping_status":"closed","sticky":false,"template":"","format":"standard","meta":{"footnotes":""},"categories":[8],"tags":[],"class_list":["post-10559","post","type-post","status-publish","format-standard","hentry","category-noticias"],"yoast_head":"<!-- This site is optimized with the Yoast SEO plugin v27.5 - https:\/\/yoast.com\/product\/yoast-seo-wordpress\/ -->\n<title>Luis Aguilar, en riesgo de desarrollar la enfermedad de Huntington: &quot;Hay m\u00e1s esperanza que hace unos a\u00f1os&quot; - Asociaci\u00f3n Espa\u00f1ola S\u00edndrome de Charge<\/title>\n<meta name=\"robots\" content=\"index, follow, max-snippet:-1, max-image-preview:large, max-video-preview:-1\" \/>\n<link rel=\"canonical\" href=\"https:\/\/sindromecharge.es\/index.php\/2024\/11\/13\/luis-aguilar-riesgo-desarrollar-enfermedad-huntington\/\" \/>\n<meta property=\"og:locale\" content=\"es_ES\" \/>\n<meta property=\"og:type\" content=\"article\" \/>\n<meta property=\"og:title\" content=\"Luis Aguilar, en riesgo de desarrollar la enfermedad de Huntington: &quot;Hay m\u00e1s esperanza que hace unos a\u00f1os&quot; - Asociaci\u00f3n Espa\u00f1ola S\u00edndrome de Charge\" \/>\n<meta property=\"og:description\" content=\"Luis Aguilar Vera es el autor del libro &#8216;Cr\u00f3nica de suerte anunciada&#8217;, donde habla de su experiencia como persona en riesgo de desarrollar esta enfermedad neurodegenerativa.\" \/>\n<meta property=\"og:url\" content=\"https:\/\/sindromecharge.es\/index.php\/2024\/11\/13\/luis-aguilar-riesgo-desarrollar-enfermedad-huntington\/\" \/>\n<meta property=\"og:site_name\" content=\"Asociaci\u00f3n Espa\u00f1ola S\u00edndrome de Charge\" \/>\n<meta property=\"article:publisher\" content=\"https:\/\/www.facebook.com\/asociacionsindromecharge\" \/>\n<meta property=\"article:published_time\" content=\"2024-11-13T06:22:57+00:00\" \/>\n<meta property=\"og:image\" content=\"https:\/\/sindromecharge.es\/wp-content\/uploads\/2013\/09\/logodecharge300x98.png\" \/>\n\t<meta property=\"og:image:width\" content=\"300\" \/>\n\t<meta property=\"og:image:height\" content=\"98\" \/>\n\t<meta property=\"og:image:type\" content=\"image\/png\" \/>\n<meta name=\"author\" content=\"Charge\" \/>\n<meta name=\"twitter:card\" content=\"summary_large_image\" \/>\n<meta name=\"twitter:creator\" content=\"@sindromecharge\" \/>\n<meta name=\"twitter:site\" content=\"@sindromecharge\" \/>\n<meta name=\"twitter:label1\" content=\"Escrito por\" \/>\n\t<meta name=\"twitter:data1\" content=\"Charge\" \/>\n\t<meta name=\"twitter:label2\" content=\"Tiempo de lectura\" \/>\n\t<meta name=\"twitter:data2\" content=\"2 minutos\" \/>\n<script type=\"application\/ld+json\" class=\"yoast-schema-graph\">{\"@context\":\"https:\\\/\\\/schema.org\",\"@graph\":[{\"@type\":\"Article\",\"@id\":\"https:\\\/\\\/sindromecharge.es\\\/index.php\\\/2024\\\/11\\\/13\\\/luis-aguilar-riesgo-desarrollar-enfermedad-huntington\\\/#article\",\"isPartOf\":{\"@id\":\"https:\\\/\\\/sindromecharge.es\\\/index.php\\\/2024\\\/11\\\/13\\\/luis-aguilar-riesgo-desarrollar-enfermedad-huntington\\\/\"},\"author\":{\"name\":\"Charge\",\"@id\":\"https:\\\/\\\/sindromecharge.es\\\/#\\\/schema\\\/person\\\/39a60ebe0a2b4d5a11179701e336b039\"},\"headline\":\"Luis Aguilar, en riesgo de desarrollar la enfermedad de Huntington: \u00abHay m\u00e1s esperanza que hace unos a\u00f1os\u00bb\",\"datePublished\":\"2024-11-13T06:22:57+00:00\",\"mainEntityOfPage\":{\"@id\":\"https:\\\/\\\/sindromecharge.es\\\/index.php\\\/2024\\\/11\\\/13\\\/luis-aguilar-riesgo-desarrollar-enfermedad-huntington\\\/\"},\"wordCount\":326,\"articleSection\":[\"noticias\"],\"inLanguage\":\"es\"},{\"@type\":\"WebPage\",\"@id\":\"https:\\\/\\\/sindromecharge.es\\\/index.php\\\/2024\\\/11\\\/13\\\/luis-aguilar-riesgo-desarrollar-enfermedad-huntington\\\/\",\"url\":\"https:\\\/\\\/sindromecharge.es\\\/index.php\\\/2024\\\/11\\\/13\\\/luis-aguilar-riesgo-desarrollar-enfermedad-huntington\\\/\",\"name\":\"Luis Aguilar, en riesgo de desarrollar la enfermedad de Huntington: \\\"Hay m\u00e1s esperanza que hace unos a\u00f1os\\\" - Asociaci\u00f3n Espa\u00f1ola S\u00edndrome de Charge\",\"isPartOf\":{\"@id\":\"https:\\\/\\\/sindromecharge.es\\\/#website\"},\"datePublished\":\"2024-11-13T06:22:57+00:00\",\"author\":{\"@id\":\"https:\\\/\\\/sindromecharge.es\\\/#\\\/schema\\\/person\\\/39a60ebe0a2b4d5a11179701e336b039\"},\"breadcrumb\":{\"@id\":\"https:\\\/\\\/sindromecharge.es\\\/index.php\\\/2024\\\/11\\\/13\\\/luis-aguilar-riesgo-desarrollar-enfermedad-huntington\\\/#breadcrumb\"},\"inLanguage\":\"es\",\"potentialAction\":[{\"@type\":\"ReadAction\",\"target\":[\"https:\\\/\\\/sindromecharge.es\\\/index.php\\\/2024\\\/11\\\/13\\\/luis-aguilar-riesgo-desarrollar-enfermedad-huntington\\\/\"]}]},{\"@type\":\"BreadcrumbList\",\"@id\":\"https:\\\/\\\/sindromecharge.es\\\/index.php\\\/2024\\\/11\\\/13\\\/luis-aguilar-riesgo-desarrollar-enfermedad-huntington\\\/#breadcrumb\",\"itemListElement\":[{\"@type\":\"ListItem\",\"position\":1,\"name\":\"Portada\",\"item\":\"https:\\\/\\\/sindromecharge.es\\\/\"},{\"@type\":\"ListItem\",\"position\":2,\"name\":\"Luis Aguilar, en riesgo de desarrollar la enfermedad de Huntington: &#8220;Hay m\u00e1s esperanza que hace unos a\u00f1os&#8221;\"}]},{\"@type\":\"WebSite\",\"@id\":\"https:\\\/\\\/sindromecharge.es\\\/#website\",\"url\":\"https:\\\/\\\/sindromecharge.es\\\/\",\"name\":\"Asociaci\u00f3n Espa\u00f1ola S\u00edndrome de Charge\",\"description\":\"\",\"potentialAction\":[{\"@type\":\"SearchAction\",\"target\":{\"@type\":\"EntryPoint\",\"urlTemplate\":\"https:\\\/\\\/sindromecharge.es\\\/?s={search_term_string}\"},\"query-input\":{\"@type\":\"PropertyValueSpecification\",\"valueRequired\":true,\"valueName\":\"search_term_string\"}}],\"inLanguage\":\"es\"},{\"@type\":\"Person\",\"@id\":\"https:\\\/\\\/sindromecharge.es\\\/#\\\/schema\\\/person\\\/39a60ebe0a2b4d5a11179701e336b039\",\"name\":\"Charge\",\"image\":{\"@type\":\"ImageObject\",\"inLanguage\":\"es\",\"@id\":\"https:\\\/\\\/secure.gravatar.com\\\/avatar\\\/c3b46e32a0fc3b093a0873fb767bf3293de856293065e84ef06b7ec7a8acfb98?s=96&d=identicon&r=x\",\"url\":\"https:\\\/\\\/secure.gravatar.com\\\/avatar\\\/c3b46e32a0fc3b093a0873fb767bf3293de856293065e84ef06b7ec7a8acfb98?s=96&d=identicon&r=x\",\"contentUrl\":\"https:\\\/\\\/secure.gravatar.com\\\/avatar\\\/c3b46e32a0fc3b093a0873fb767bf3293de856293065e84ef06b7ec7a8acfb98?s=96&d=identicon&r=x\",\"caption\":\"Charge\"},\"url\":\"https:\\\/\\\/sindromecharge.es\\\/index.php\\\/author\\\/admin\\\/\"}]}<\/script>\n<!-- \/ Yoast SEO plugin. -->","yoast_head_json":{"title":"Luis Aguilar, en riesgo de desarrollar la enfermedad de Huntington: \"Hay m\u00e1s esperanza que hace unos a\u00f1os\" - Asociaci\u00f3n Espa\u00f1ola S\u00edndrome de Charge","robots":{"index":"index","follow":"follow","max-snippet":"max-snippet:-1","max-image-preview":"max-image-preview:large","max-video-preview":"max-video-preview:-1"},"canonical":"https:\/\/sindromecharge.es\/index.php\/2024\/11\/13\/luis-aguilar-riesgo-desarrollar-enfermedad-huntington\/","og_locale":"es_ES","og_type":"article","og_title":"Luis Aguilar, en riesgo de desarrollar la enfermedad de Huntington: \"Hay m\u00e1s esperanza que hace unos a\u00f1os\" - Asociaci\u00f3n Espa\u00f1ola S\u00edndrome de Charge","og_description":"Luis Aguilar Vera es el autor del libro &#8216;Cr\u00f3nica de suerte anunciada&#8217;, donde habla de su experiencia como persona en riesgo de desarrollar esta enfermedad neurodegenerativa.","og_url":"https:\/\/sindromecharge.es\/index.php\/2024\/11\/13\/luis-aguilar-riesgo-desarrollar-enfermedad-huntington\/","og_site_name":"Asociaci\u00f3n Espa\u00f1ola S\u00edndrome de Charge","article_publisher":"https:\/\/www.facebook.com\/asociacionsindromecharge","article_published_time":"2024-11-13T06:22:57+00:00","og_image":[{"width":300,"height":98,"url":"https:\/\/sindromecharge.es\/wp-content\/uploads\/2013\/09\/logodecharge300x98.png","type":"image\/png"}],"author":"Charge","twitter_card":"summary_large_image","twitter_creator":"@sindromecharge","twitter_site":"@sindromecharge","twitter_misc":{"Escrito por":"Charge","Tiempo de lectura":"2 minutos"},"schema":{"@context":"https:\/\/schema.org","@graph":[{"@type":"Article","@id":"https:\/\/sindromecharge.es\/index.php\/2024\/11\/13\/luis-aguilar-riesgo-desarrollar-enfermedad-huntington\/#article","isPartOf":{"@id":"https:\/\/sindromecharge.es\/index.php\/2024\/11\/13\/luis-aguilar-riesgo-desarrollar-enfermedad-huntington\/"},"author":{"name":"Charge","@id":"https:\/\/sindromecharge.es\/#\/schema\/person\/39a60ebe0a2b4d5a11179701e336b039"},"headline":"Luis Aguilar, en riesgo de desarrollar la enfermedad de Huntington: \u00abHay m\u00e1s esperanza que hace unos a\u00f1os\u00bb","datePublished":"2024-11-13T06:22:57+00:00","mainEntityOfPage":{"@id":"https:\/\/sindromecharge.es\/index.php\/2024\/11\/13\/luis-aguilar-riesgo-desarrollar-enfermedad-huntington\/"},"wordCount":326,"articleSection":["noticias"],"inLanguage":"es"},{"@type":"WebPage","@id":"https:\/\/sindromecharge.es\/index.php\/2024\/11\/13\/luis-aguilar-riesgo-desarrollar-enfermedad-huntington\/","url":"https:\/\/sindromecharge.es\/index.php\/2024\/11\/13\/luis-aguilar-riesgo-desarrollar-enfermedad-huntington\/","name":"Luis Aguilar, en riesgo de desarrollar la enfermedad de Huntington: \"Hay m\u00e1s esperanza que hace unos a\u00f1os\" - Asociaci\u00f3n Espa\u00f1ola S\u00edndrome de Charge","isPartOf":{"@id":"https:\/\/sindromecharge.es\/#website"},"datePublished":"2024-11-13T06:22:57+00:00","author":{"@id":"https:\/\/sindromecharge.es\/#\/schema\/person\/39a60ebe0a2b4d5a11179701e336b039"},"breadcrumb":{"@id":"https:\/\/sindromecharge.es\/index.php\/2024\/11\/13\/luis-aguilar-riesgo-desarrollar-enfermedad-huntington\/#breadcrumb"},"inLanguage":"es","potentialAction":[{"@type":"ReadAction","target":["https:\/\/sindromecharge.es\/index.php\/2024\/11\/13\/luis-aguilar-riesgo-desarrollar-enfermedad-huntington\/"]}]},{"@type":"BreadcrumbList","@id":"https:\/\/sindromecharge.es\/index.php\/2024\/11\/13\/luis-aguilar-riesgo-desarrollar-enfermedad-huntington\/#breadcrumb","itemListElement":[{"@type":"ListItem","position":1,"name":"Portada","item":"https:\/\/sindromecharge.es\/"},{"@type":"ListItem","position":2,"name":"Luis Aguilar, en riesgo de desarrollar la enfermedad de Huntington: &#8220;Hay m\u00e1s esperanza que hace unos a\u00f1os&#8221;"}]},{"@type":"WebSite","@id":"https:\/\/sindromecharge.es\/#website","url":"https:\/\/sindromecharge.es\/","name":"Asociaci\u00f3n Espa\u00f1ola S\u00edndrome de Charge","description":"","potentialAction":[{"@type":"SearchAction","target":{"@type":"EntryPoint","urlTemplate":"https:\/\/sindromecharge.es\/?s={search_term_string}"},"query-input":{"@type":"PropertyValueSpecification","valueRequired":true,"valueName":"search_term_string"}}],"inLanguage":"es"},{"@type":"Person","@id":"https:\/\/sindromecharge.es\/#\/schema\/person\/39a60ebe0a2b4d5a11179701e336b039","name":"Charge","image":{"@type":"ImageObject","inLanguage":"es","@id":"https:\/\/secure.gravatar.com\/avatar\/c3b46e32a0fc3b093a0873fb767bf3293de856293065e84ef06b7ec7a8acfb98?s=96&d=identicon&r=x","url":"https:\/\/secure.gravatar.com\/avatar\/c3b46e32a0fc3b093a0873fb767bf3293de856293065e84ef06b7ec7a8acfb98?s=96&d=identicon&r=x","contentUrl":"https:\/\/secure.gravatar.com\/avatar\/c3b46e32a0fc3b093a0873fb767bf3293de856293065e84ef06b7ec7a8acfb98?s=96&d=identicon&r=x","caption":"Charge"},"url":"https:\/\/sindromecharge.es\/index.php\/author\/admin\/"}]}},"_links":{"self":[{"href":"https:\/\/sindromecharge.es\/index.php\/wp-json\/wp\/v2\/posts\/10559","targetHints":{"allow":["GET"]}}],"collection":[{"href":"https:\/\/sindromecharge.es\/index.php\/wp-json\/wp\/v2\/posts"}],"about":[{"href":"https:\/\/sindromecharge.es\/index.php\/wp-json\/wp\/v2\/types\/post"}],"author":[{"embeddable":true,"href":"https:\/\/sindromecharge.es\/index.php\/wp-json\/wp\/v2\/users\/1"}],"replies":[{"embeddable":true,"href":"https:\/\/sindromecharge.es\/index.php\/wp-json\/wp\/v2\/comments?post=10559"}],"version-history":[{"count":0,"href":"https:\/\/sindromecharge.es\/index.php\/wp-json\/wp\/v2\/posts\/10559\/revisions"}],"wp:attachment":[{"href":"https:\/\/sindromecharge.es\/index.php\/wp-json\/wp\/v2\/media?parent=10559"}],"wp:term":[{"taxonomy":"category","embeddable":true,"href":"https:\/\/sindromecharge.es\/index.php\/wp-json\/wp\/v2\/categories?post=10559"},{"taxonomy":"post_tag","embeddable":true,"href":"https:\/\/sindromecharge.es\/index.php\/wp-json\/wp\/v2\/tags?post=10559"}],"curies":[{"name":"wp","href":"https:\/\/api.w.org\/{rel}","templated":true}]}}