{"id":10558,"date":"2024-11-12T12:04:02","date_gmt":"2024-11-12T12:04:02","guid":{"rendered":"https:\/\/sindromecharge.es\/index.php\/2024\/11\/12\/miguel-carballeda-expresidente-comite-paralimpico-personas-discapacidad\/"},"modified":"2024-11-12T12:04:02","modified_gmt":"2024-11-12T12:04:02","slug":"miguel-carballeda-expresidente-comite-paralimpico-personas-discapacidad","status":"publish","type":"post","link":"https:\/\/sindromecharge.es\/index.php\/2024\/11\/12\/miguel-carballeda-expresidente-comite-paralimpico-personas-discapacidad\/","title":{"rendered":"El expresidente del CPE Miguel Carballeda: \u00abNo hay nada m\u00e1s importante que las personas y el apellido con discapacidad\u00bb"},"content":{"rendered":"<p>Leemos en Discapacidad la siguiente noticia que os reproducimos de forma \u00edntegra: <\/p>\n<div>\n<p><b>Miguel Carballeda<\/b>, ya expresidente del Comit\u00e9 Paral\u00edmpico Espa\u00f1ol (CPE), ha asegurado que pese a haber dejado el cargo, no ha cesado su compromiso con <b>un movimiento que lider\u00f3 durante dos d\u00e9cadas <\/b>y que ha ido creciendo paulatinamente. Su relevo es Alberto Dur\u00e1n, del que Carballeda aseguro que \u00abde esto sabe\u00bb.<\/p>\n<p>\u00abS\u00ed, el traje de presidente s\u00ed me lo he quitado porque hay que ponerse inmediatamente a otras cosas, pero <b>el compromiso no y seguimos hablando casi a diario de algunos aspectos del CPE <\/b>que estaban pendientes\u00bb, reconoce Carballeda en una entrevista con Europa Press.<\/p>\n<p>El gallego contin\u00eda hablando con su relevo Alberto Dur\u00e1n y le brindar\u00e1 su opini\u00f3n siempre que se la solicite. \u00abSi me la pide, l\u00f3gicamente voy a d\u00e1rsela siempre, dej\u00e1ndole funcionar a \u00e9l, que <b>ha asumido la responsabilidad y de esto sabe. Y yo detr\u00e1s, un poco ayudando<\/b>, como he hecho siempre estos 20 a\u00f1os\u00bb, explic\u00f3.<\/p>\n<p>Carballeda, que no esperaba mantenerse tanto tiempo al frente del CPE, \u00abni otras cosas\u00bb, decidi\u00f3 \u00abhacer el relevo y dar el paso para que otras personas sigan mejorando el comit\u00e9\u00bb en las Navidades de 2023. \u00abLo he dejado las mejores manos, con un gran equipo que se ha ido forjando y que har\u00e1 un trabajo inmensamente mayor que les tiene que llevar a Los \u00c1ngeles, si es posible, incluso con mejores resultados\u00bb, apunt\u00f3.<\/p>\n<p>El <b>presidente del Grupo ONCE<\/b> no olvida la importancia del Movimiento Paral\u00edmpico para ayudar \u00aba hacer visible y a que la sociedad tenga un gran reconocimiento del colectivo de la discapacidad\u00bb, destacando \u00abel hito\u00bb de haber logrado cambiar el art\u00edculo de la Constituci\u00f3n que les identificaba como &#8216;disminuidos&#8217; y ahora lo hace como &#8216;personas con discapacidad&#8217;. \u00ab<b>No hay nada m\u00e1s importante que las personas y el apellido con discapacidad<\/b>, igual que las personas mayores o cualquier otro colectivo que haya que identificar para destacarlo y ayudarle\u00bb, remarc\u00f3.<\/p>\n<p>\u00abPero creo que los paral\u00edmpicos han demostrado, demuestran y seguir\u00e1n demostrando su gran capacidad para ir por el mundo en nombre de nuestro pa\u00eds, siendo<b> en muchos aspectos los mejores del mundo<\/b>\u00ab, a\u00f1adi\u00f3 el expresidente del CPE.<\/p>\n<p>Y durante su mandato se han roto muchas barreras como un Plan ADOP, el Princesa de Asturias de los Deportes para<b> Teresa Perales<\/b>, el Premio Nacional del Deporte para <b>Susana Rodr\u00edguez<\/b> o la equiparaci\u00f3n de los premios entre ol\u00edmpicos y paral\u00edmpicos por medalla en unos Juegos. \u00c9l no se queda con ninguna en especial porque \u00abtodas son importantes sobre todo porque suman\u00bb y \u00abvan ayudando desde frentes muy diversos y llegan tambi\u00e9n a muchos colectivos distintos\u00bb.<\/p>\n<p>En este sentido, considera <b>\u00abmuy importante llegarle a los ni\u00f1os\u00bb<\/b> para que vean \u00abcon normalidad\u00bb el tener una discapacidad. \u00abA eso ayuda tambi\u00e9n el Movimiento Paral\u00edmpico que a la vez que va dando un ejemplo a la sociedad, que suelo decir que no andamos sobrados en nuestro pa\u00eds de buenos ejemplos, sobre todo desde un punto de vista social y de compromiso humano\u00bb, confes\u00f3.<\/p>\n<p>Carballeda pide \u00abmirar hacia el futuro todos juntos y no despreciando absolutamente a nadie y dando una oportunidad a cualquiera\u00bb. \u00abHemos demostrado que no se nos la puede negar a las personas con discapacidad.<b> Traer 40 medallas de Par\u00eds no es nada f\u00e1cil<\/b>. Todos queremos competir en el mundo, que se nos reconozca esa gran capacidad de las personas con discapacidad y el deporte nos ayuda a ponerlo en el conocimiento de la ciudadan\u00eda\u00bb, coment\u00f3.<\/p>\n<h2>La crisis econ\u00f3mica y la pandemia<\/h2>\n<p>Tambi\u00e9n est\u00e1 feliz de comprobar lo \u00abmuch\u00edsimo\u00bb que ha evolucionado el <b>conocimiento de la sociedad del deporte para personas con discapacidad<\/b>. \u00abCada d\u00eda lo he comprobado y contrastado con estudios y diversas encuestas, y he visto c\u00f3mo se suman a nosotros pr\u00e1cticamente una treintena de patrocinadores, empresas importantes, que adem\u00e1s son importantes por su compromiso social, que es algo que demanda la sociedad cada vez m\u00e1s\u00bb, afirm\u00f3.<\/p>\n<p>\u00abY ah\u00ed est\u00e1n los mejores ayud\u00e1ndonos, haciendo lo posible, y eso ha hecho que, por ejemplo, el 90% del presupuesto anual del CPE sea p\u00fablico de las empresas que trabajan con nosotros en este empe\u00f1o de<b> mejorar la vida de los paral\u00edmpicos espa\u00f1oles<\/b>. Y esto sirve de tren que lleva muchos vagones detr\u00e1s que tienen mucho que ver con la dignidad y con el desarrollo personal de las personas con discapacidad\u00bb, agreg\u00f3 al respecto.<\/p>\n<p>Como presidente del CPE, tambi\u00e9n tuvo que lidiar con la crisis econ\u00f3mica de la pasada d\u00e9cada y con la pandemia. \u00abSiempre se aprende\u00bb, reconoci\u00f3 el gallego. \u00abCuando vino<b> la crisis econ\u00f3mica, las empresas nos contaban que no pod\u00edan <\/b>porque no vend\u00edan sus productos, y estuvimos pidi\u00e9ndoles que al menos no nos dejaran, que redujeran la cantidad, pero que estuvieran con nosotros porque nos gustaba tenerles ah\u00ed para luego volver a recuperarles. Conseguimos sobrevivir con muchas limitaciones, apret\u00e1ndonos el cintur\u00f3n cuando vinieron mal dadas\u00bb, record\u00f3.<\/p>\n<p>La pandemia fue tambi\u00e9n \u00abmuy dif\u00edcil\u00bb porque los deportistas \u00abten\u00edan que seguir entrenando\u00bb. \u00abY ah\u00ed el equipo del Comit\u00e9 hizo un trabajo realmente extraordinario llev\u00e1ndole m\u00e1quinas para entrenar a domicilio, subiendo a veces a cuartos pisos sin ascensor\u00bb, manifest\u00f3.<\/p>\n<p>\u00abHemos encontrado buenos compa\u00f1eros de viaje, <b>amigos de los de verdad que nos han ayudado a salir adelante<\/b>\u00ab, celebr\u00f3 Carballeda. \u00abCreo que vale la pena y si hay alguien escuchando en alguna empresa, quiz\u00e1s quiera formar parte de la familia paral\u00edmpica, la recibir\u00edamos muy bien, se sorprender\u00e1 si se viene con nosotros\u00bb, expres\u00f3.<\/p>\n<p>Ahora, Alberto Dur\u00e1n tendr\u00e1 que \u00abencauzar algunos proyectos de futuro\u00bb, muchos relacionados<b> con \u00abotros problemas\u00bb de la discapacidad o de \u00edndole deportiva<\/b> como solventar \u00abla injusticia\u00bb en el programa &#8216;Team Espa\u00f1a&#8217; del CSD de que no se incluyan a los ocho primeros como en el caso de los deportistas ol\u00edmpicos sino s\u00f3lo a tres.<\/p>\n<p>\u00abYa tenemos el compromiso del presidente del CSD para igualarlo. Eso nos puede ayudar, nos hace m\u00e1s iguales y seguimos avanzando, que ese es el objetivo. Para eso peleamos todos los d\u00edas en el mundo de la discapacidad y en el mundo paral\u00edmpico\u00bb, sentenci\u00f3 Carballeda.<\/p>\n<h2>Madrid como sede de unos Juegos Ol\u00edmpicos<\/h2>\n<p>Miguel Carballeda tambi\u00e9n vivi\u00f3 <b>el sinsabor de las tres candidaturas de Madrid para acoger los Juegos Ol\u00edmpicos <\/b>y Paral\u00edmpicos de 2012, 2016 y 2020. \u00abNo pudo ser, pero creo que fue tambi\u00e9n, yo que lo viv\u00ed, una injusticia total. Madrid, que es la \u00fanica capital importante que no ha tenido Juegos Ol\u00edmpicos y Paral\u00edmpicos y, en cambio, hay otras que han tenido m\u00e1s de uno, se lo merec\u00eda\u00bb, se sincer\u00f3.<\/p>\n<p>\u00abYo que <b>la trabaj\u00e9 y la defend\u00ed, aseguro que la candidatura de Juegos Paral\u00edmpicos era mejor<\/b> que la de otros pa\u00edses, pero eso sumaba poco y sin embargo hab\u00eda otras cosas que sumaban m\u00e1s, entre ellas intereses internacionales y econ\u00f3micos muy fuertes\u00bb, remarc\u00f3.<\/p>\n<p>En el proyecto para albergar la cita de 2020, no escondi\u00f3 que \u00abel mensaje m\u00e1s repetido quiz\u00e1s era aquel de que ya estaba todo hecho y que no hab\u00eda que gastar nada y las instalaciones estaban hechas\u00bb. \u00abEntonces, quien lo escuchaba, pensaba que ah\u00ed estaba todo el &#8216;pescado vendido&#8217; y no hab\u00eda negocio, y cuidado con estas cosas porque <b>el deporte tiene tambi\u00e9n detr\u00e1s tremendos intereses<\/b> que al final se cargan completamente el esp\u00edritu deportivo\u00bb, detall\u00f3.<\/p>\n<p>\u00abPero Madrid deber\u00eda de poder hacer en alg\u00fan momento, si la sociedad quiere y Ayuntamiento, Comit\u00e9 Ol\u00edmpico y Paral\u00edmpico se ponen de acuerdo, unos Juegos porque esta ciudad, que acoge a todo el mundo, se merece tambi\u00e9n acoger a los deportistas de todo el mundo y hacer los mejores Juegos Ol\u00edmpicos y Paral\u00edmpicos para que ubiquen definitivamente como gran capital del mundo a Madrid en el futuro\u00bb, concluy\u00f3.<\/p>\n<\/div>\n<p>Fuente: Discapacidad https:\/\/www.20minutos.es\/deportes\/noticia\/5652875\/0\/miguel-carballeda-expresidente-comite-paralimpico-personas-discapacidad\/<\/p>\n","protected":false},"excerpt":{"rendered":"<p>Miguel Carballeda, ya expresidente del Comit\u00e9 Paral\u00edmpico Espa\u00f1ol (CPE), admite que, aunque haya dejado el cargo, no ha cesado su \u00abcompromiso\u00bb con un movimiento&#8230;<\/p>\n","protected":false},"author":1,"featured_media":0,"comment_status":"closed","ping_status":"closed","sticky":false,"template":"","format":"standard","meta":{"footnotes":""},"categories":[8],"tags":[],"class_list":["post-10558","post","type-post","status-publish","format-standard","hentry","category-noticias"],"yoast_head":"<!-- This site is optimized with the Yoast SEO plugin v27.5 - https:\/\/yoast.com\/product\/yoast-seo-wordpress\/ -->\n<title>El expresidente del CPE Miguel Carballeda: &quot;No hay nada m\u00e1s importante que las personas y el apellido con discapacidad&quot; - Asociaci\u00f3n Espa\u00f1ola S\u00edndrome de Charge<\/title>\n<meta name=\"robots\" content=\"index, follow, max-snippet:-1, max-image-preview:large, max-video-preview:-1\" \/>\n<link rel=\"canonical\" href=\"https:\/\/sindromecharge.es\/index.php\/2024\/11\/12\/miguel-carballeda-expresidente-comite-paralimpico-personas-discapacidad\/\" \/>\n<meta property=\"og:locale\" content=\"es_ES\" \/>\n<meta property=\"og:type\" content=\"article\" \/>\n<meta property=\"og:title\" content=\"El expresidente del CPE Miguel Carballeda: &quot;No hay nada m\u00e1s importante que las personas y el apellido con discapacidad&quot; - Asociaci\u00f3n Espa\u00f1ola S\u00edndrome de Charge\" \/>\n<meta property=\"og:description\" content=\"Miguel Carballeda, ya expresidente del Comit\u00e9 Paral\u00edmpico Espa\u00f1ol (CPE), admite que, aunque haya dejado el cargo, no ha cesado su \u00abcompromiso\u00bb con un movimiento&#8230;\" \/>\n<meta property=\"og:url\" content=\"https:\/\/sindromecharge.es\/index.php\/2024\/11\/12\/miguel-carballeda-expresidente-comite-paralimpico-personas-discapacidad\/\" \/>\n<meta property=\"og:site_name\" content=\"Asociaci\u00f3n Espa\u00f1ola S\u00edndrome de Charge\" \/>\n<meta property=\"article:publisher\" content=\"https:\/\/www.facebook.com\/asociacionsindromecharge\" \/>\n<meta property=\"article:published_time\" content=\"2024-11-12T12:04:02+00:00\" \/>\n<meta property=\"og:image\" content=\"https:\/\/sindromecharge.es\/wp-content\/uploads\/2013\/09\/logodecharge300x98.png\" \/>\n\t<meta property=\"og:image:width\" content=\"300\" \/>\n\t<meta property=\"og:image:height\" content=\"98\" \/>\n\t<meta property=\"og:image:type\" content=\"image\/png\" \/>\n<meta name=\"author\" content=\"Charge\" \/>\n<meta name=\"twitter:card\" content=\"summary_large_image\" \/>\n<meta name=\"twitter:creator\" content=\"@sindromecharge\" \/>\n<meta name=\"twitter:site\" content=\"@sindromecharge\" \/>\n<meta name=\"twitter:label1\" content=\"Escrito por\" \/>\n\t<meta name=\"twitter:data1\" content=\"Charge\" \/>\n\t<meta name=\"twitter:label2\" content=\"Tiempo de lectura\" \/>\n\t<meta name=\"twitter:data2\" content=\"7 minutos\" \/>\n<script type=\"application\/ld+json\" class=\"yoast-schema-graph\">{\"@context\":\"https:\\\/\\\/schema.org\",\"@graph\":[{\"@type\":\"Article\",\"@id\":\"https:\\\/\\\/sindromecharge.es\\\/index.php\\\/2024\\\/11\\\/12\\\/miguel-carballeda-expresidente-comite-paralimpico-personas-discapacidad\\\/#article\",\"isPartOf\":{\"@id\":\"https:\\\/\\\/sindromecharge.es\\\/index.php\\\/2024\\\/11\\\/12\\\/miguel-carballeda-expresidente-comite-paralimpico-personas-discapacidad\\\/\"},\"author\":{\"name\":\"Charge\",\"@id\":\"https:\\\/\\\/sindromecharge.es\\\/#\\\/schema\\\/person\\\/39a60ebe0a2b4d5a11179701e336b039\"},\"headline\":\"El expresidente del CPE Miguel Carballeda: \u00abNo hay nada m\u00e1s importante que las personas y el apellido con discapacidad\u00bb\",\"datePublished\":\"2024-11-12T12:04:02+00:00\",\"mainEntityOfPage\":{\"@id\":\"https:\\\/\\\/sindromecharge.es\\\/index.php\\\/2024\\\/11\\\/12\\\/miguel-carballeda-expresidente-comite-paralimpico-personas-discapacidad\\\/\"},\"wordCount\":1380,\"articleSection\":[\"noticias\"],\"inLanguage\":\"es\"},{\"@type\":\"WebPage\",\"@id\":\"https:\\\/\\\/sindromecharge.es\\\/index.php\\\/2024\\\/11\\\/12\\\/miguel-carballeda-expresidente-comite-paralimpico-personas-discapacidad\\\/\",\"url\":\"https:\\\/\\\/sindromecharge.es\\\/index.php\\\/2024\\\/11\\\/12\\\/miguel-carballeda-expresidente-comite-paralimpico-personas-discapacidad\\\/\",\"name\":\"El expresidente del CPE Miguel Carballeda: \\\"No hay nada m\u00e1s importante que las personas y el apellido con discapacidad\\\" - Asociaci\u00f3n Espa\u00f1ola S\u00edndrome de Charge\",\"isPartOf\":{\"@id\":\"https:\\\/\\\/sindromecharge.es\\\/#website\"},\"datePublished\":\"2024-11-12T12:04:02+00:00\",\"author\":{\"@id\":\"https:\\\/\\\/sindromecharge.es\\\/#\\\/schema\\\/person\\\/39a60ebe0a2b4d5a11179701e336b039\"},\"breadcrumb\":{\"@id\":\"https:\\\/\\\/sindromecharge.es\\\/index.php\\\/2024\\\/11\\\/12\\\/miguel-carballeda-expresidente-comite-paralimpico-personas-discapacidad\\\/#breadcrumb\"},\"inLanguage\":\"es\",\"potentialAction\":[{\"@type\":\"ReadAction\",\"target\":[\"https:\\\/\\\/sindromecharge.es\\\/index.php\\\/2024\\\/11\\\/12\\\/miguel-carballeda-expresidente-comite-paralimpico-personas-discapacidad\\\/\"]}]},{\"@type\":\"BreadcrumbList\",\"@id\":\"https:\\\/\\\/sindromecharge.es\\\/index.php\\\/2024\\\/11\\\/12\\\/miguel-carballeda-expresidente-comite-paralimpico-personas-discapacidad\\\/#breadcrumb\",\"itemListElement\":[{\"@type\":\"ListItem\",\"position\":1,\"name\":\"Portada\",\"item\":\"https:\\\/\\\/sindromecharge.es\\\/\"},{\"@type\":\"ListItem\",\"position\":2,\"name\":\"El expresidente del CPE Miguel Carballeda: &#8220;No hay nada m\u00e1s importante que las personas y el apellido con discapacidad&#8221;\"}]},{\"@type\":\"WebSite\",\"@id\":\"https:\\\/\\\/sindromecharge.es\\\/#website\",\"url\":\"https:\\\/\\\/sindromecharge.es\\\/\",\"name\":\"Asociaci\u00f3n Espa\u00f1ola S\u00edndrome de Charge\",\"description\":\"\",\"potentialAction\":[{\"@type\":\"SearchAction\",\"target\":{\"@type\":\"EntryPoint\",\"urlTemplate\":\"https:\\\/\\\/sindromecharge.es\\\/?s={search_term_string}\"},\"query-input\":{\"@type\":\"PropertyValueSpecification\",\"valueRequired\":true,\"valueName\":\"search_term_string\"}}],\"inLanguage\":\"es\"},{\"@type\":\"Person\",\"@id\":\"https:\\\/\\\/sindromecharge.es\\\/#\\\/schema\\\/person\\\/39a60ebe0a2b4d5a11179701e336b039\",\"name\":\"Charge\",\"image\":{\"@type\":\"ImageObject\",\"inLanguage\":\"es\",\"@id\":\"https:\\\/\\\/secure.gravatar.com\\\/avatar\\\/c3b46e32a0fc3b093a0873fb767bf3293de856293065e84ef06b7ec7a8acfb98?s=96&d=identicon&r=x\",\"url\":\"https:\\\/\\\/secure.gravatar.com\\\/avatar\\\/c3b46e32a0fc3b093a0873fb767bf3293de856293065e84ef06b7ec7a8acfb98?s=96&d=identicon&r=x\",\"contentUrl\":\"https:\\\/\\\/secure.gravatar.com\\\/avatar\\\/c3b46e32a0fc3b093a0873fb767bf3293de856293065e84ef06b7ec7a8acfb98?s=96&d=identicon&r=x\",\"caption\":\"Charge\"},\"url\":\"https:\\\/\\\/sindromecharge.es\\\/index.php\\\/author\\\/admin\\\/\"}]}<\/script>\n<!-- \/ Yoast SEO plugin. -->","yoast_head_json":{"title":"El expresidente del CPE Miguel Carballeda: \"No hay nada m\u00e1s importante que las personas y el apellido con discapacidad\" - Asociaci\u00f3n Espa\u00f1ola S\u00edndrome de Charge","robots":{"index":"index","follow":"follow","max-snippet":"max-snippet:-1","max-image-preview":"max-image-preview:large","max-video-preview":"max-video-preview:-1"},"canonical":"https:\/\/sindromecharge.es\/index.php\/2024\/11\/12\/miguel-carballeda-expresidente-comite-paralimpico-personas-discapacidad\/","og_locale":"es_ES","og_type":"article","og_title":"El expresidente del CPE Miguel Carballeda: \"No hay nada m\u00e1s importante que las personas y el apellido con discapacidad\" - Asociaci\u00f3n Espa\u00f1ola S\u00edndrome de Charge","og_description":"Miguel Carballeda, ya expresidente del Comit\u00e9 Paral\u00edmpico Espa\u00f1ol (CPE), admite que, aunque haya dejado el cargo, no ha cesado su \u00abcompromiso\u00bb con un movimiento&#8230;","og_url":"https:\/\/sindromecharge.es\/index.php\/2024\/11\/12\/miguel-carballeda-expresidente-comite-paralimpico-personas-discapacidad\/","og_site_name":"Asociaci\u00f3n Espa\u00f1ola S\u00edndrome de Charge","article_publisher":"https:\/\/www.facebook.com\/asociacionsindromecharge","article_published_time":"2024-11-12T12:04:02+00:00","og_image":[{"width":300,"height":98,"url":"https:\/\/sindromecharge.es\/wp-content\/uploads\/2013\/09\/logodecharge300x98.png","type":"image\/png"}],"author":"Charge","twitter_card":"summary_large_image","twitter_creator":"@sindromecharge","twitter_site":"@sindromecharge","twitter_misc":{"Escrito por":"Charge","Tiempo de lectura":"7 minutos"},"schema":{"@context":"https:\/\/schema.org","@graph":[{"@type":"Article","@id":"https:\/\/sindromecharge.es\/index.php\/2024\/11\/12\/miguel-carballeda-expresidente-comite-paralimpico-personas-discapacidad\/#article","isPartOf":{"@id":"https:\/\/sindromecharge.es\/index.php\/2024\/11\/12\/miguel-carballeda-expresidente-comite-paralimpico-personas-discapacidad\/"},"author":{"name":"Charge","@id":"https:\/\/sindromecharge.es\/#\/schema\/person\/39a60ebe0a2b4d5a11179701e336b039"},"headline":"El expresidente del CPE Miguel Carballeda: \u00abNo hay nada m\u00e1s importante que las personas y el apellido con discapacidad\u00bb","datePublished":"2024-11-12T12:04:02+00:00","mainEntityOfPage":{"@id":"https:\/\/sindromecharge.es\/index.php\/2024\/11\/12\/miguel-carballeda-expresidente-comite-paralimpico-personas-discapacidad\/"},"wordCount":1380,"articleSection":["noticias"],"inLanguage":"es"},{"@type":"WebPage","@id":"https:\/\/sindromecharge.es\/index.php\/2024\/11\/12\/miguel-carballeda-expresidente-comite-paralimpico-personas-discapacidad\/","url":"https:\/\/sindromecharge.es\/index.php\/2024\/11\/12\/miguel-carballeda-expresidente-comite-paralimpico-personas-discapacidad\/","name":"El expresidente del CPE Miguel Carballeda: \"No hay nada m\u00e1s importante que las personas y el apellido con discapacidad\" - Asociaci\u00f3n Espa\u00f1ola S\u00edndrome de Charge","isPartOf":{"@id":"https:\/\/sindromecharge.es\/#website"},"datePublished":"2024-11-12T12:04:02+00:00","author":{"@id":"https:\/\/sindromecharge.es\/#\/schema\/person\/39a60ebe0a2b4d5a11179701e336b039"},"breadcrumb":{"@id":"https:\/\/sindromecharge.es\/index.php\/2024\/11\/12\/miguel-carballeda-expresidente-comite-paralimpico-personas-discapacidad\/#breadcrumb"},"inLanguage":"es","potentialAction":[{"@type":"ReadAction","target":["https:\/\/sindromecharge.es\/index.php\/2024\/11\/12\/miguel-carballeda-expresidente-comite-paralimpico-personas-discapacidad\/"]}]},{"@type":"BreadcrumbList","@id":"https:\/\/sindromecharge.es\/index.php\/2024\/11\/12\/miguel-carballeda-expresidente-comite-paralimpico-personas-discapacidad\/#breadcrumb","itemListElement":[{"@type":"ListItem","position":1,"name":"Portada","item":"https:\/\/sindromecharge.es\/"},{"@type":"ListItem","position":2,"name":"El expresidente del CPE Miguel Carballeda: &#8220;No hay nada m\u00e1s importante que las personas y el apellido con discapacidad&#8221;"}]},{"@type":"WebSite","@id":"https:\/\/sindromecharge.es\/#website","url":"https:\/\/sindromecharge.es\/","name":"Asociaci\u00f3n Espa\u00f1ola S\u00edndrome de Charge","description":"","potentialAction":[{"@type":"SearchAction","target":{"@type":"EntryPoint","urlTemplate":"https:\/\/sindromecharge.es\/?s={search_term_string}"},"query-input":{"@type":"PropertyValueSpecification","valueRequired":true,"valueName":"search_term_string"}}],"inLanguage":"es"},{"@type":"Person","@id":"https:\/\/sindromecharge.es\/#\/schema\/person\/39a60ebe0a2b4d5a11179701e336b039","name":"Charge","image":{"@type":"ImageObject","inLanguage":"es","@id":"https:\/\/secure.gravatar.com\/avatar\/c3b46e32a0fc3b093a0873fb767bf3293de856293065e84ef06b7ec7a8acfb98?s=96&d=identicon&r=x","url":"https:\/\/secure.gravatar.com\/avatar\/c3b46e32a0fc3b093a0873fb767bf3293de856293065e84ef06b7ec7a8acfb98?s=96&d=identicon&r=x","contentUrl":"https:\/\/secure.gravatar.com\/avatar\/c3b46e32a0fc3b093a0873fb767bf3293de856293065e84ef06b7ec7a8acfb98?s=96&d=identicon&r=x","caption":"Charge"},"url":"https:\/\/sindromecharge.es\/index.php\/author\/admin\/"}]}},"_links":{"self":[{"href":"https:\/\/sindromecharge.es\/index.php\/wp-json\/wp\/v2\/posts\/10558","targetHints":{"allow":["GET"]}}],"collection":[{"href":"https:\/\/sindromecharge.es\/index.php\/wp-json\/wp\/v2\/posts"}],"about":[{"href":"https:\/\/sindromecharge.es\/index.php\/wp-json\/wp\/v2\/types\/post"}],"author":[{"embeddable":true,"href":"https:\/\/sindromecharge.es\/index.php\/wp-json\/wp\/v2\/users\/1"}],"replies":[{"embeddable":true,"href":"https:\/\/sindromecharge.es\/index.php\/wp-json\/wp\/v2\/comments?post=10558"}],"version-history":[{"count":0,"href":"https:\/\/sindromecharge.es\/index.php\/wp-json\/wp\/v2\/posts\/10558\/revisions"}],"wp:attachment":[{"href":"https:\/\/sindromecharge.es\/index.php\/wp-json\/wp\/v2\/media?parent=10558"}],"wp:term":[{"taxonomy":"category","embeddable":true,"href":"https:\/\/sindromecharge.es\/index.php\/wp-json\/wp\/v2\/categories?post=10558"},{"taxonomy":"post_tag","embeddable":true,"href":"https:\/\/sindromecharge.es\/index.php\/wp-json\/wp\/v2\/tags?post=10558"}],"curies":[{"name":"wp","href":"https:\/\/api.w.org\/{rel}","templated":true}]}}