{"id":10542,"date":"2024-11-09T07:41:22","date_gmt":"2024-11-09T07:41:22","guid":{"rendered":"https:\/\/sindromecharge.es\/index.php\/2024\/11\/09\/virginia-madre-adoptiva-xavi-con-discapacidad-todos-los-ninos-tienen-derecho-tener-un-hogar\/"},"modified":"2024-11-09T07:41:22","modified_gmt":"2024-11-09T07:41:22","slug":"virginia-madre-adoptiva-xavi-con-discapacidad-todos-los-ninos-tienen-derecho-tener-un-hogar","status":"publish","type":"post","link":"https:\/\/sindromecharge.es\/index.php\/2024\/11\/09\/virginia-madre-adoptiva-xavi-con-discapacidad-todos-los-ninos-tienen-derecho-tener-un-hogar\/","title":{"rendered":"Virginia, madre adoptiva de Xavi: \u00abAdoptar a una persona con discapacidad no es ser valiente, es ser humano\u00bb"},"content":{"rendered":"<p>Leemos en Discapacidad la siguiente noticia que os reproducimos de forma \u00edntegra: <\/p>\n<div>\n<p>Virginia y Jordi son los felices padres de Xavi, un ni\u00f1o de siete a\u00f1os con una <a href=\"https:\/\/www.20minutos.es\/salud\/minuteca\/enfermedades-raras\/\" title=\"Enfermedades raras\" target=\"_blank\" rel=\"noopener\">enfermedad gen\u00e9tica muy poco frecuente<\/a>.<\/p>\n<p>Son sus padres desde hace casi cuatro, cuando decidieron emprender la aventura de<b> adoptar a un ni\u00f1o con <a href=\"https:\/\/www.20minutos.es\/minuteca\/discapacidad\/\" title=\"Discapacidad\" target=\"_blank\" rel=\"noopener\">discapacidad<\/a><\/b>, \u00abmi marido y yo pasamos por dos procesos de fecundaci\u00f3n in vitro fallidas y lo pasamos tan mal, sobre todo yo, que dije que no quer\u00eda pasar por eso m\u00e1s y empezamos a barajar el tema de la<a href=\"https:\/\/www.20minutos.es\/minuteca\/adopcion\/\" title=\"Adopci\u00f3n\" target=\"_blank\" rel=\"noopener\"> adopci\u00f3n<\/a>\u00ab.<\/p>\n<p>Sin embargo, desde el principio quisieron que su adopci\u00f3n fuera especial, \u00abcomo yo trabajo en la Fundaci\u00f3n Catalonia, en la que ayudamos a personas con discapacidad, y <b>veo la discapacidad todos los d\u00edas, me pareci\u00f3 que era una buena idea<\/b>. No ten\u00eda miedo porque convivo con la discapacidad todos los d\u00edas\u00bb, asegura Virginia convencida.<\/p>\n<p>A su marido, Jordi, tampoco le cost\u00f3 mucho convencerlo, aunque quer\u00edan estar seguros de que estar\u00edan preparados para una paternidad diferente, \u00aben la fundaci\u00f3n tengo acceso a unos psic\u00f3logos que son muy buenos y les pregunt\u00e9 si nos ve\u00edan preparados. Nosotros ya hab\u00edamos tomado la decisi\u00f3n, pero necesit\u00e1bamos que alguien nos reforzara la idea\u00bb. <\/p>\n<h2>Un proceso duro emocionalmente<\/h2>\n<p>Despu\u00e9s de comunic\u00e1rselo a la familia, que recibi\u00f3 la noticia con cierto miedo, comenz\u00f3 un proceso que Virginia califica de &#8216;muy duro emocionalmente&#8217;, pues se tienen que hacer cursos y tienen que pasar por procesos de idoneidad, \u00abtoda adopci\u00f3n lo es, pero en este caso tiene el a\u00f1adido de la discapacidad, <b>tienes que ser consciente y prepararse para cosas como la frustraci\u00f3n, para no cumplir con unas expectativas<\/b>, es m\u00e1s trabajo, m\u00e1s preocupaciones, muchas batallas que luchar\u2026\u00bb. <\/p>\n<p>Poco despu\u00e9s, Xavi lleg\u00f3 a sus vidas, \u00aben ese momento estaba con una <b>familia de urgencia y diagn\u00f3stico<\/b>, que acogen a ni\u00f1os durante el proceso judicial. Nada m\u00e1s nacer, un juez tom\u00f3 la decisi\u00f3n de que mi hijo no pod\u00eda estar con su madre biol\u00f3gica y lo mando a esta familia, que est\u00e1 con \u00e9l mientras se resuelve qu\u00e9 va a pasar con \u00e9l a nivel judicial, pues el juez puede decidir que vuelva con sus padres, que vaya a adopci\u00f3n, a acogida permanente\u2026\u00bb. <\/p>\n<h1>Para adoptar a un ni\u00f1o con discapacidad hay que estar m\u00e1s preparado y saber que vas a tener que luchar m\u00e1s en todos los aspectos<\/h1>\n<p>En este caso, el juez decidi\u00f3 que no volviera con su madre biol\u00f3gica y se inici\u00f3 el proceso de adopci\u00f3n. Fue precisamente durante este periodo de acogida,<b> con a\u00f1o y medio, cuando Xavi fue diagnosticado con una enfermedad rara<\/b>, \u00abyo siempre digo que su madre de acogida es la &#8216;madre doliente&#8217; porque es la que tuvo que asimilar la enfermedad de Xavi, y me consta que tambi\u00e9n lo aman mucho\u00bb, asegura.<\/p>\n<p>Virginia reconoce que esa podr\u00eda considerarse, de alguna manera, una ventaja para las familias que deciden adoptar a <b>ni\u00f1os con necesidades especiale<\/b>s, que asimilan antes la discapacidad de su hijo, \u00abcuando tienes un hijo biol\u00f3gico o lo adoptas y despu\u00e9s resulta que tiene una discapacidad tienes que pasar por un proceso de duelo, un dolor\u2026 que nosotros hemos pasado previamente. En ese sentido, <b>asimilamos antes la discapacidad, la tenemos asimilada de antes de conocerlo<\/b>\u00ab, asegura.<\/p>\n<p>Con su<b> familia de acogida <\/b>siguen compartiendo muchas cosas, de hecho, se ven regularmente y a Xavi le dicen que son sus titos, \u00ablo adoran, y hemos querido que siga teniendo relaci\u00f3n con ellos, y para nosotros son <b>un gran apoyo<\/b>, casi de la familia, porque nos entienden\u00bb. <\/p>\n<p>Por aquel entonces, Xavi ten\u00eda tres a\u00f1os y todav\u00eda no hablaba ni controlaba esf\u00ednteres, pero con paciencia,<b> mucho trabajo y terapias<\/b>, mejora cada d\u00eda, \u00absu enfermedad tiene asociado <a href=\"https:\/\/www.20minutos.es\/minuteca\/autismo\/\" title=\"Autismo\" target=\"_blank\" rel=\"noopener\">autismo<\/a>, trastorno del lenguaje, alg\u00fan problema motor\u2026 pero tenemos todo un equipo interdisciplinar en el hospital que est\u00e1 con nosotros. Adem\u00e1s, como enseguida empezamos con<b> logopeda, la terapia sensorial<\/b>\u2026 ahora ya habla, y mucho\u00bb, dice entusiasmada Virginia.<\/p>\n<p>Tambi\u00e9n va un colegio de integraci\u00f3n, lo que su madre cree que es su mejor terapia, \u00abest\u00e1 yendo al psicopedagogo y al logopeda, pero el colegio es lo que m\u00e1s nos ayuda incluso a normalizarlo, que ha sido siempre nuestro objetivo, que tenga <b>una vida lo m\u00e1s normalizada posible<\/b>. Sabemos que para eso vamos a tener que invertir mucho tiempo, mucho papeleo, pedir ayuda\u2026 pero no nos marcamos metas, que llegue hasta donde pueda. Donde yo trabajo veo a chicos con vidas muy normalizadas, que se casan que trabajan\u2026 pero tampoco me lo pongo como objetivo. Si pasa, bien si no, tampoco pasa nada\u00bb, asegura Virginia.<\/p>\n<h2>\u00bfValientes? No, conscientes y emp\u00e1ticos<\/h2>\n<p>Virginia asegura que el comentario m\u00e1s habitual cuando cuenta que han adoptado a un ni\u00f1o con discapacidad es &#8216;qu\u00e9 valientes sois&#8217;. Sin embargo, ella cree que es m\u00e1s un tema de conciencia o, mejor dicho, de inconsciencia, \u00abdigo inconsciente precisamente porque hay que ser muy consciente de lo que se hace, y para mucha gente es una locura. Adoptar a una persona con discapacidad<b> no es ser valiente, es ser humano<\/b>, tener empat\u00eda\u2026 no creo que al final seamos muy distintos a unos que adoptan en Rusia o China, porque tambi\u00e9n son ni\u00f1os con problemas, por algo est\u00e1n en adopci\u00f3n.<b> La gente, en general, tiende a idealizar la adopci\u00f3n<\/b>, piensa que les van a dar un beb\u00e9 de tres meses sin ning\u00fan problema, y no es as\u00ed\u00bb, insiste.<\/p>\n<p>Por eso ella siempre insiste mucho en que en cualquier proceso de este tipo hay que ser realista, \u00abmi marido y yo sabemos lo que tenemos con Xavi. Lo amamos con todas las cosas buenas y malas, como cualquier padre, y lo asumimos encantados de la vida porque es nuestro hijo. Dicho esto, insisto en el tema de la consciencia, porque es cierto que <b>hay que estar m\u00e1s preparado y saber que vas a tener que luchar m\u00e1s <\/b>en todos los aspectos. Mi marido tiene un tatuaje muy bonito que dice \u2018Yo soy tu voz y t\u00fa eres mi coraz\u00f3n\u2019, porque hay que estar preparado para ser la voz de ese ni\u00f1o que puede que nunca la tenga\u00bb.<\/p>\n<h1>No lo vamos a romantizar, porque es un proceso duro a nivel psicol\u00f3gico, tienes que estar muy preparado<\/h1>\n<p>Lo \u00fanico que asegura que le ha pillado m\u00e1s de sorpresa es lo dif\u00edcil que es conciliar con un ni\u00f1o de las caracter\u00edsticas de Xavi, \u00abcuadrar horarios con la cantidad de m\u00e9dicos que tiene al mes, que son dos o tres, es una aventura. Por suerte, en mi trabajo me lo permiten, pero no todo el mundo puede y eso es una dificultad, por eso<b> muchos padres tienen que dejar de trabajar<\/b>. En mi caso no ha sido as\u00ed y puedo trabajar, algo que a nivel mental necesito, pero soy consciente de que tengo suerte\u00bb.<\/p>\n<p>En cuanto a qu\u00e9 le aconsejar\u00eda a una pareja que se est\u00e9 planteando adoptar a un ni\u00f1o con necesidades especiales, tambi\u00e9n es sincera, \u00abme parece espectacular, pero no lo vamos a romantizar, porque es un <b>proceso duro a nivel psicol\u00f3gico<\/b>, tienes que estar muy preparado a nivel emocional, con tu pareja\u2026\u00bb. <\/p>\n<p>Ella tiene grabado a fuego lo que les dijo una psic\u00f3loga, \u00abme dijo que pensara en el grado de discapacidad que iba a tener el hijo que adoptara, que pensara en todo lo que iba a necesitar, en c\u00f3mo esa va a afectar a mi vida\u2026 que visualizada la vida que iba a llevar,<b> a lo que me iba a tener que enfrentar, renunciar\u2026<\/b> y si estaba dispuesta a llevarla, si cre\u00eda que iba a ser capaz. Si no est\u00e1s plenamente convencido, dispuesto a llevar esa vida que te imaginas, no lo hagas, porque luego la gente se lleva sorpresas y, tristemente, hay veces que hasta los devuelven porque no sab\u00edan a lo que se iban a enfrentar\u00bb, dice sincera.<\/p>\n<p>Ella y su marido, nunca dudaron, una caracter\u00edstica que te cree que tienen que tener todos los padres que adoptan a ni\u00f1os con discapacidad, \u00ablo que veo es que<b> todos tenemos mucho car\u00e1cter y las cosas muy claras<\/b>, sabemos lo que queremos y vamos a por ello, porque, hay que decirlo, vas a sufrir, pero vas a vivir much\u00edsimas cosas que compensan con creces todo ese sufrimiento\u00bb. <\/p>\n<p>Si se ven capaces, Virginia les recomienda que no duden, que lo hagan, \u00ab<b>yo no he tenido hijos propios, pero creo que, si los tuviera, adaptar\u00eda igual<\/b>. Y si no quieren adoptar, que acojan a ni\u00f1os que est\u00e1n en centros, porque, aunque en estos centros tienen todo lo que necesitan, no tienen lo m\u00e1s importante: el calor de un hogar, de una familia, seguridad\u2026 eso es imposible que se los d\u00e9 ning\u00fan estado, y, como personas, lo merecen, tienen derecho a tener un hogar, esos v\u00ednculos\u2026 Se habla poco del tema de las adopciones y se deber\u00eda hablar m\u00e1s, porque <b>muchos ni\u00f1os lo necesitan<\/b>\u00ab. <\/p>\n<p><span>A quienes est\u00e1n pensando en dar el paso, desde la <\/span><a href=\"https:\/\/www.fundacioires.org\/que-hacemos\/ecosistema-de-proyectos\/adopciones\/\" target=\"_blank\" rel=\"nofollow noopener\">Fundaci\u00f3n Ires<\/a><span>, se ofrecen para ayudarles en todo el proceso. <\/span><\/p>\n<p>Para terminar, Virginia quiere hacernos part\u00edcipes de la afortunados que se sienten, \u00abmucha gente nos dice que Xavi ha tenido mucha suerte por encontrarnos a nosotros, pero nosotros decimos que es al contrario, que <b>la suerte la hemos tenido nosotros<\/b> porque Xavi nos esper\u00f3 y nos eligi\u00f3\u00bb.<\/p>\n<\/div>\n<p>Fuente: Discapacidad https:\/\/www.20minutos.es\/noticia\/5651814\/0\/virginia-madre-adoptiva-xavi-con-discapacidad-todos-los-ninos-tienen-derecho-tener-un-hogar\/<\/p>\n","protected":false},"excerpt":{"rendered":"<p>Virginia y su marido Jordi adoptaron a Xavi, con una enfermedad rara, cuando ten\u00eda tres a\u00f1os.<\/p>\n","protected":false},"author":1,"featured_media":0,"comment_status":"closed","ping_status":"closed","sticky":false,"template":"","format":"standard","meta":{"footnotes":""},"categories":[8],"tags":[],"class_list":["post-10542","post","type-post","status-publish","format-standard","hentry","category-noticias"],"yoast_head":"<!-- This site is optimized with the Yoast SEO plugin v27.5 - https:\/\/yoast.com\/product\/yoast-seo-wordpress\/ -->\n<title>Virginia, madre adoptiva de Xavi: &quot;Adoptar a una persona con discapacidad no es ser valiente, es ser humano&quot; - Asociaci\u00f3n Espa\u00f1ola S\u00edndrome de Charge<\/title>\n<meta name=\"robots\" content=\"index, follow, max-snippet:-1, max-image-preview:large, max-video-preview:-1\" \/>\n<link rel=\"canonical\" href=\"https:\/\/sindromecharge.es\/index.php\/2024\/11\/09\/virginia-madre-adoptiva-xavi-con-discapacidad-todos-los-ninos-tienen-derecho-tener-un-hogar\/\" \/>\n<meta property=\"og:locale\" content=\"es_ES\" \/>\n<meta property=\"og:type\" content=\"article\" \/>\n<meta property=\"og:title\" content=\"Virginia, madre adoptiva de Xavi: &quot;Adoptar a una persona con discapacidad no es ser valiente, es ser humano&quot; - Asociaci\u00f3n Espa\u00f1ola S\u00edndrome de Charge\" \/>\n<meta property=\"og:description\" content=\"Virginia y su marido Jordi adoptaron a Xavi, con una enfermedad rara, cuando ten\u00eda tres a\u00f1os.\" \/>\n<meta property=\"og:url\" content=\"https:\/\/sindromecharge.es\/index.php\/2024\/11\/09\/virginia-madre-adoptiva-xavi-con-discapacidad-todos-los-ninos-tienen-derecho-tener-un-hogar\/\" \/>\n<meta property=\"og:site_name\" content=\"Asociaci\u00f3n Espa\u00f1ola S\u00edndrome de Charge\" \/>\n<meta property=\"article:publisher\" content=\"https:\/\/www.facebook.com\/asociacionsindromecharge\" \/>\n<meta property=\"article:published_time\" content=\"2024-11-09T07:41:22+00:00\" \/>\n<meta property=\"og:image\" content=\"https:\/\/sindromecharge.es\/wp-content\/uploads\/2013\/09\/logodecharge300x98.png\" \/>\n\t<meta property=\"og:image:width\" content=\"300\" \/>\n\t<meta property=\"og:image:height\" content=\"98\" \/>\n\t<meta property=\"og:image:type\" content=\"image\/png\" \/>\n<meta name=\"author\" content=\"Charge\" \/>\n<meta name=\"twitter:card\" content=\"summary_large_image\" \/>\n<meta name=\"twitter:creator\" content=\"@sindromecharge\" \/>\n<meta name=\"twitter:site\" content=\"@sindromecharge\" \/>\n<meta name=\"twitter:label1\" content=\"Escrito por\" \/>\n\t<meta name=\"twitter:data1\" content=\"Charge\" \/>\n\t<meta name=\"twitter:label2\" content=\"Tiempo de lectura\" \/>\n\t<meta name=\"twitter:data2\" content=\"8 minutos\" \/>\n<script type=\"application\/ld+json\" class=\"yoast-schema-graph\">{\"@context\":\"https:\\\/\\\/schema.org\",\"@graph\":[{\"@type\":\"Article\",\"@id\":\"https:\\\/\\\/sindromecharge.es\\\/index.php\\\/2024\\\/11\\\/09\\\/virginia-madre-adoptiva-xavi-con-discapacidad-todos-los-ninos-tienen-derecho-tener-un-hogar\\\/#article\",\"isPartOf\":{\"@id\":\"https:\\\/\\\/sindromecharge.es\\\/index.php\\\/2024\\\/11\\\/09\\\/virginia-madre-adoptiva-xavi-con-discapacidad-todos-los-ninos-tienen-derecho-tener-un-hogar\\\/\"},\"author\":{\"name\":\"Charge\",\"@id\":\"https:\\\/\\\/sindromecharge.es\\\/#\\\/schema\\\/person\\\/39a60ebe0a2b4d5a11179701e336b039\"},\"headline\":\"Virginia, madre adoptiva de Xavi: \u00abAdoptar a una persona con discapacidad no es ser valiente, es ser humano\u00bb\",\"datePublished\":\"2024-11-09T07:41:22+00:00\",\"mainEntityOfPage\":{\"@id\":\"https:\\\/\\\/sindromecharge.es\\\/index.php\\\/2024\\\/11\\\/09\\\/virginia-madre-adoptiva-xavi-con-discapacidad-todos-los-ninos-tienen-derecho-tener-un-hogar\\\/\"},\"wordCount\":1658,\"articleSection\":[\"noticias\"],\"inLanguage\":\"es\"},{\"@type\":\"WebPage\",\"@id\":\"https:\\\/\\\/sindromecharge.es\\\/index.php\\\/2024\\\/11\\\/09\\\/virginia-madre-adoptiva-xavi-con-discapacidad-todos-los-ninos-tienen-derecho-tener-un-hogar\\\/\",\"url\":\"https:\\\/\\\/sindromecharge.es\\\/index.php\\\/2024\\\/11\\\/09\\\/virginia-madre-adoptiva-xavi-con-discapacidad-todos-los-ninos-tienen-derecho-tener-un-hogar\\\/\",\"name\":\"Virginia, madre adoptiva de Xavi: \\\"Adoptar a una persona con discapacidad no es ser valiente, es ser humano\\\" - Asociaci\u00f3n Espa\u00f1ola S\u00edndrome de Charge\",\"isPartOf\":{\"@id\":\"https:\\\/\\\/sindromecharge.es\\\/#website\"},\"datePublished\":\"2024-11-09T07:41:22+00:00\",\"author\":{\"@id\":\"https:\\\/\\\/sindromecharge.es\\\/#\\\/schema\\\/person\\\/39a60ebe0a2b4d5a11179701e336b039\"},\"breadcrumb\":{\"@id\":\"https:\\\/\\\/sindromecharge.es\\\/index.php\\\/2024\\\/11\\\/09\\\/virginia-madre-adoptiva-xavi-con-discapacidad-todos-los-ninos-tienen-derecho-tener-un-hogar\\\/#breadcrumb\"},\"inLanguage\":\"es\",\"potentialAction\":[{\"@type\":\"ReadAction\",\"target\":[\"https:\\\/\\\/sindromecharge.es\\\/index.php\\\/2024\\\/11\\\/09\\\/virginia-madre-adoptiva-xavi-con-discapacidad-todos-los-ninos-tienen-derecho-tener-un-hogar\\\/\"]}]},{\"@type\":\"BreadcrumbList\",\"@id\":\"https:\\\/\\\/sindromecharge.es\\\/index.php\\\/2024\\\/11\\\/09\\\/virginia-madre-adoptiva-xavi-con-discapacidad-todos-los-ninos-tienen-derecho-tener-un-hogar\\\/#breadcrumb\",\"itemListElement\":[{\"@type\":\"ListItem\",\"position\":1,\"name\":\"Portada\",\"item\":\"https:\\\/\\\/sindromecharge.es\\\/\"},{\"@type\":\"ListItem\",\"position\":2,\"name\":\"Virginia, madre adoptiva de Xavi: &#8220;Adoptar a una persona con discapacidad no es ser valiente, es ser humano&#8221;\"}]},{\"@type\":\"WebSite\",\"@id\":\"https:\\\/\\\/sindromecharge.es\\\/#website\",\"url\":\"https:\\\/\\\/sindromecharge.es\\\/\",\"name\":\"Asociaci\u00f3n Espa\u00f1ola S\u00edndrome de Charge\",\"description\":\"\",\"potentialAction\":[{\"@type\":\"SearchAction\",\"target\":{\"@type\":\"EntryPoint\",\"urlTemplate\":\"https:\\\/\\\/sindromecharge.es\\\/?s={search_term_string}\"},\"query-input\":{\"@type\":\"PropertyValueSpecification\",\"valueRequired\":true,\"valueName\":\"search_term_string\"}}],\"inLanguage\":\"es\"},{\"@type\":\"Person\",\"@id\":\"https:\\\/\\\/sindromecharge.es\\\/#\\\/schema\\\/person\\\/39a60ebe0a2b4d5a11179701e336b039\",\"name\":\"Charge\",\"image\":{\"@type\":\"ImageObject\",\"inLanguage\":\"es\",\"@id\":\"https:\\\/\\\/secure.gravatar.com\\\/avatar\\\/c3b46e32a0fc3b093a0873fb767bf3293de856293065e84ef06b7ec7a8acfb98?s=96&d=identicon&r=x\",\"url\":\"https:\\\/\\\/secure.gravatar.com\\\/avatar\\\/c3b46e32a0fc3b093a0873fb767bf3293de856293065e84ef06b7ec7a8acfb98?s=96&d=identicon&r=x\",\"contentUrl\":\"https:\\\/\\\/secure.gravatar.com\\\/avatar\\\/c3b46e32a0fc3b093a0873fb767bf3293de856293065e84ef06b7ec7a8acfb98?s=96&d=identicon&r=x\",\"caption\":\"Charge\"},\"url\":\"https:\\\/\\\/sindromecharge.es\\\/index.php\\\/author\\\/admin\\\/\"}]}<\/script>\n<!-- \/ Yoast SEO plugin. -->","yoast_head_json":{"title":"Virginia, madre adoptiva de Xavi: \"Adoptar a una persona con discapacidad no es ser valiente, es ser humano\" - Asociaci\u00f3n Espa\u00f1ola S\u00edndrome de Charge","robots":{"index":"index","follow":"follow","max-snippet":"max-snippet:-1","max-image-preview":"max-image-preview:large","max-video-preview":"max-video-preview:-1"},"canonical":"https:\/\/sindromecharge.es\/index.php\/2024\/11\/09\/virginia-madre-adoptiva-xavi-con-discapacidad-todos-los-ninos-tienen-derecho-tener-un-hogar\/","og_locale":"es_ES","og_type":"article","og_title":"Virginia, madre adoptiva de Xavi: \"Adoptar a una persona con discapacidad no es ser valiente, es ser humano\" - Asociaci\u00f3n Espa\u00f1ola S\u00edndrome de Charge","og_description":"Virginia y su marido Jordi adoptaron a Xavi, con una enfermedad rara, cuando ten\u00eda tres a\u00f1os.","og_url":"https:\/\/sindromecharge.es\/index.php\/2024\/11\/09\/virginia-madre-adoptiva-xavi-con-discapacidad-todos-los-ninos-tienen-derecho-tener-un-hogar\/","og_site_name":"Asociaci\u00f3n Espa\u00f1ola S\u00edndrome de Charge","article_publisher":"https:\/\/www.facebook.com\/asociacionsindromecharge","article_published_time":"2024-11-09T07:41:22+00:00","og_image":[{"width":300,"height":98,"url":"https:\/\/sindromecharge.es\/wp-content\/uploads\/2013\/09\/logodecharge300x98.png","type":"image\/png"}],"author":"Charge","twitter_card":"summary_large_image","twitter_creator":"@sindromecharge","twitter_site":"@sindromecharge","twitter_misc":{"Escrito por":"Charge","Tiempo de lectura":"8 minutos"},"schema":{"@context":"https:\/\/schema.org","@graph":[{"@type":"Article","@id":"https:\/\/sindromecharge.es\/index.php\/2024\/11\/09\/virginia-madre-adoptiva-xavi-con-discapacidad-todos-los-ninos-tienen-derecho-tener-un-hogar\/#article","isPartOf":{"@id":"https:\/\/sindromecharge.es\/index.php\/2024\/11\/09\/virginia-madre-adoptiva-xavi-con-discapacidad-todos-los-ninos-tienen-derecho-tener-un-hogar\/"},"author":{"name":"Charge","@id":"https:\/\/sindromecharge.es\/#\/schema\/person\/39a60ebe0a2b4d5a11179701e336b039"},"headline":"Virginia, madre adoptiva de Xavi: \u00abAdoptar a una persona con discapacidad no es ser valiente, es ser humano\u00bb","datePublished":"2024-11-09T07:41:22+00:00","mainEntityOfPage":{"@id":"https:\/\/sindromecharge.es\/index.php\/2024\/11\/09\/virginia-madre-adoptiva-xavi-con-discapacidad-todos-los-ninos-tienen-derecho-tener-un-hogar\/"},"wordCount":1658,"articleSection":["noticias"],"inLanguage":"es"},{"@type":"WebPage","@id":"https:\/\/sindromecharge.es\/index.php\/2024\/11\/09\/virginia-madre-adoptiva-xavi-con-discapacidad-todos-los-ninos-tienen-derecho-tener-un-hogar\/","url":"https:\/\/sindromecharge.es\/index.php\/2024\/11\/09\/virginia-madre-adoptiva-xavi-con-discapacidad-todos-los-ninos-tienen-derecho-tener-un-hogar\/","name":"Virginia, madre adoptiva de Xavi: \"Adoptar a una persona con discapacidad no es ser valiente, es ser humano\" - Asociaci\u00f3n Espa\u00f1ola S\u00edndrome de Charge","isPartOf":{"@id":"https:\/\/sindromecharge.es\/#website"},"datePublished":"2024-11-09T07:41:22+00:00","author":{"@id":"https:\/\/sindromecharge.es\/#\/schema\/person\/39a60ebe0a2b4d5a11179701e336b039"},"breadcrumb":{"@id":"https:\/\/sindromecharge.es\/index.php\/2024\/11\/09\/virginia-madre-adoptiva-xavi-con-discapacidad-todos-los-ninos-tienen-derecho-tener-un-hogar\/#breadcrumb"},"inLanguage":"es","potentialAction":[{"@type":"ReadAction","target":["https:\/\/sindromecharge.es\/index.php\/2024\/11\/09\/virginia-madre-adoptiva-xavi-con-discapacidad-todos-los-ninos-tienen-derecho-tener-un-hogar\/"]}]},{"@type":"BreadcrumbList","@id":"https:\/\/sindromecharge.es\/index.php\/2024\/11\/09\/virginia-madre-adoptiva-xavi-con-discapacidad-todos-los-ninos-tienen-derecho-tener-un-hogar\/#breadcrumb","itemListElement":[{"@type":"ListItem","position":1,"name":"Portada","item":"https:\/\/sindromecharge.es\/"},{"@type":"ListItem","position":2,"name":"Virginia, madre adoptiva de Xavi: &#8220;Adoptar a una persona con discapacidad no es ser valiente, es ser humano&#8221;"}]},{"@type":"WebSite","@id":"https:\/\/sindromecharge.es\/#website","url":"https:\/\/sindromecharge.es\/","name":"Asociaci\u00f3n Espa\u00f1ola S\u00edndrome de Charge","description":"","potentialAction":[{"@type":"SearchAction","target":{"@type":"EntryPoint","urlTemplate":"https:\/\/sindromecharge.es\/?s={search_term_string}"},"query-input":{"@type":"PropertyValueSpecification","valueRequired":true,"valueName":"search_term_string"}}],"inLanguage":"es"},{"@type":"Person","@id":"https:\/\/sindromecharge.es\/#\/schema\/person\/39a60ebe0a2b4d5a11179701e336b039","name":"Charge","image":{"@type":"ImageObject","inLanguage":"es","@id":"https:\/\/secure.gravatar.com\/avatar\/c3b46e32a0fc3b093a0873fb767bf3293de856293065e84ef06b7ec7a8acfb98?s=96&d=identicon&r=x","url":"https:\/\/secure.gravatar.com\/avatar\/c3b46e32a0fc3b093a0873fb767bf3293de856293065e84ef06b7ec7a8acfb98?s=96&d=identicon&r=x","contentUrl":"https:\/\/secure.gravatar.com\/avatar\/c3b46e32a0fc3b093a0873fb767bf3293de856293065e84ef06b7ec7a8acfb98?s=96&d=identicon&r=x","caption":"Charge"},"url":"https:\/\/sindromecharge.es\/index.php\/author\/admin\/"}]}},"_links":{"self":[{"href":"https:\/\/sindromecharge.es\/index.php\/wp-json\/wp\/v2\/posts\/10542","targetHints":{"allow":["GET"]}}],"collection":[{"href":"https:\/\/sindromecharge.es\/index.php\/wp-json\/wp\/v2\/posts"}],"about":[{"href":"https:\/\/sindromecharge.es\/index.php\/wp-json\/wp\/v2\/types\/post"}],"author":[{"embeddable":true,"href":"https:\/\/sindromecharge.es\/index.php\/wp-json\/wp\/v2\/users\/1"}],"replies":[{"embeddable":true,"href":"https:\/\/sindromecharge.es\/index.php\/wp-json\/wp\/v2\/comments?post=10542"}],"version-history":[{"count":0,"href":"https:\/\/sindromecharge.es\/index.php\/wp-json\/wp\/v2\/posts\/10542\/revisions"}],"wp:attachment":[{"href":"https:\/\/sindromecharge.es\/index.php\/wp-json\/wp\/v2\/media?parent=10542"}],"wp:term":[{"taxonomy":"category","embeddable":true,"href":"https:\/\/sindromecharge.es\/index.php\/wp-json\/wp\/v2\/categories?post=10542"},{"taxonomy":"post_tag","embeddable":true,"href":"https:\/\/sindromecharge.es\/index.php\/wp-json\/wp\/v2\/tags?post=10542"}],"curies":[{"name":"wp","href":"https:\/\/api.w.org\/{rel}","templated":true}]}}