{"id":10539,"date":"2024-11-08T07:27:26","date_gmt":"2024-11-08T07:27:26","guid":{"rendered":"https:\/\/sindromecharge.es\/index.php\/2024\/11\/08\/abierta-cuarta-edicion-ellas-cuentan-iniciativa-malasmadres-ayuda-mujeres-que-conviven-con-discapacidad\/"},"modified":"2024-11-08T07:27:26","modified_gmt":"2024-11-08T07:27:26","slug":"abierta-cuarta-edicion-ellas-cuentan-iniciativa-malasmadres-ayuda-mujeres-que-conviven-con-discapacidad","status":"publish","type":"post","link":"https:\/\/sindromecharge.es\/index.php\/2024\/11\/08\/abierta-cuarta-edicion-ellas-cuentan-iniciativa-malasmadres-ayuda-mujeres-que-conviven-con-discapacidad\/","title":{"rendered":"Abierta la cuarta edici\u00f3n de &#8216;Ellas Cuentan&#8217;, la iniciativa que ayuda a mujeres que conviven con la discapacidad"},"content":{"rendered":"<p>Leemos en Discapacidad la siguiente noticia que os reproducimos de forma \u00edntegra: <\/p>\n<div>\n<p>Tras la gran acogida de los a\u00f1os anteriores, donde participaron <b>cerca de 800 mujeres de todo el pa\u00eds<\/b>, &#8216;Ellas Cuentan&#8217; vuelve con su cuarta edici\u00f3n para continuar visibilizando y <b>reconociendo las historias de mujeres y madres que conviven con enfermedades o cuidan de hijos\/as<\/b> con <a href=\"https:\/\/www.20minutos.es\/minuteca\/discapacidad\/\" title=\"Discapacidad\" target=\"_blank\" rel=\"noopener\">diversidad funcional<\/a> o necesidades especiales.<\/p>\n<p>Este a\u00f1o, la iniciativa reconocer\u00e1 nuevamente a dos <b>Malasmadres<\/b> en la categor\u00eda &#8216;Mujeres que conviven con una enfermedad o diversidad funcional&#8217; y a otras dos en &#8216;Madres cuidadoras de ni\u00f1os y ni\u00f1as con enfermedades o necesidades especiales&#8217;. Cada una de ellas recibir\u00e1 una <b>aportaci\u00f3n de 3.000 euros<\/b>, destinada a mejorar su calidad de vida o la de sus hijo o hija.<\/p>\n<p><a href=\"https:\/\/www.20minutos.es\/minuteca\/laura-baena\/\" title=\"Laura Baena\" target=\"_blank\" rel=\"noopener\">Laura Baena<\/a>, fundadora del <b>Club de Malasmadres<\/b>, destaca: \u00abEllas Cuentan&#8217; es una de las iniciativas m\u00e1s bonitas que tenemos en el Club de Malasmadres junto a Cinfa. Las mujeres que ya forman parte de esta comunidad &#8216;Ellas Cuentan&#8217; se han convertido en una familia, donde hay apoyo y much\u00edsima sororidad. Por eso es uno de los proyectos que m\u00e1s orgullosa me hacen sentir\u00bb.<\/p>\n<p>\u00abHoy celebramos la cuarta edici\u00f3n de esta iniciativa con muchas ganas porque permite dar voz a la maternidad con <b>diversidad funcional<\/b>, una maternidad que viven much\u00edsimas mujeres en silencio y en soledad. Por eso necesitamos compartirlas, para que se conozcan y se escuchen y, a partir de ah\u00ed, tener el reconocimiento y los apoyos que merecen y tanto necesitan\u00bb, a\u00f1ade.<\/p>\n<p>Para Enrique Ordieres, presidente de Grupo Cinfa, \u00abesta iniciativa, que pusimos en marcha hace ya cuatro a\u00f1os, nos ha llegado al coraz\u00f3n, nos ha brindado la oportunidad de conocer a personas maravillosas, mujeres valientes que luchan cada d\u00eda para salir adelante, que nos muestran una realidad distinta que, entre todos, debemos <b>visibilizar y apoyar\u00bb<\/b>.<\/p>\n<p>\u00abDe la mano del Club de Malasmadres, y gracias a &#8216;Ellas Cuentan&#8217; hemos dado voz a m\u00e1s de<b> 800 historias de resiliencia, superaci\u00f3n y esfuerzo<\/b>, testimonios que nos hacen reflexionar sobre la forma en que debemos ver la enfermedad y a quienes cuidan, y que nos animan a seguir trabajando para que el reconocimiento y la ayuda lleguen m\u00e1s lejos\u00bb, concluye.<\/p>\n<p>Este a\u00f1o, el proyecto contar\u00e1 nuevamente con tres embajadoras, que actuar\u00e1n de altavoz de la cuarta edici\u00f3n de `Ellas Cuentan\u00b4:<\/p>\n<p><b>1. Luc\u00eda Gal\u00e1n (<a href=\"https:\/\/www.instagram.com\/luciamipediatra\/?hl=es\" target=\"_blank\" rel=\"nofollow noopener\">@luciamipediatra<\/a>)<\/b>, pediatra, divulgadora, escritora, y embajadora de honor de esta iniciativa, a la que apoya desde su primera edici\u00f3n.<\/p>\n<p><b>2. Marta Brule, (<a href=\"https:\/\/www.instagram.com\/marta.brule\/?hl=es\" target=\"_blank\" rel=\"nofollow noopener\">@marta.brule<\/a>)<\/b>, quien ha superado un c\u00e1ncer al igual que su hijo. A trav\u00e9s de su experiencia, Marta visibiliza a las familias que se enfrentan a esta enfermedad.<\/p>\n<p><b>3. Sara Pereira (<a href=\"https:\/\/www.instagram.com\/una_vida_para_mateo\/?hl=es\" target=\"_blank\" rel=\"nofollow noopener\">@una_vida_para_mateo<\/a>)<\/b>, madre de Mateo, con una enfermedad ultrarrara. A trav\u00e9s de sus redes, comparte su d\u00eda a d\u00eda y la lucha por la normalizaci\u00f3n de la diversidad funcional y apoyo a la investigaci\u00f3n.<\/p>\n<p>Las candidaturas para esta edici\u00f3n estar\u00e1n abiertas del 5 al 17 de noviembre de 2024, y podr\u00e1n presentarse a trav\u00e9s de la web: <a href=\"https:\/\/www.ellascuentan2024.es\/\" target=\"_blank\" rel=\"nofollow noopener\">www.ellascuentan2024.es<\/a>.<\/p>\n<p>Este a\u00f1o, al igual que en 2023, ser\u00e1n las embajadoras y reconocidas de todas las ediciones anteriores quienes seleccionen, junto al Club de Malasmadres, cuatro historias entre las cinco candidaturas m\u00e1s votadas en cada categor\u00eda.<\/p>\n<\/div>\n<p>Fuente: Discapacidad https:\/\/www.20minutos.es\/noticia\/5651708\/0\/abierta-cuarta-edicion-ellas-cuentan-iniciativa-malasmadres-ayuda-mujeres-que-conviven-con-discapacidad\/<\/p>\n","protected":false},"excerpt":{"rendered":"<p>Las candidaturas para esta edici\u00f3n de &#8216;Ellas cuentan&#8217; estar\u00e1n abiertas hasta el 17 de noviembre y las cuatro seleccionadas recibir\u00e1n una aportaci\u00f3n econ\u00f3mica para mejorar su calidad de vida o la de su hijo.<\/p>\n","protected":false},"author":1,"featured_media":0,"comment_status":"closed","ping_status":"closed","sticky":false,"template":"","format":"standard","meta":{"footnotes":""},"categories":[8],"tags":[],"class_list":["post-10539","post","type-post","status-publish","format-standard","hentry","category-noticias"],"yoast_head":"<!-- This site is optimized with the Yoast SEO plugin v27.5 - https:\/\/yoast.com\/product\/yoast-seo-wordpress\/ -->\n<title>Abierta la cuarta edici\u00f3n de &#039;Ellas Cuentan&#039;, la iniciativa que ayuda a mujeres que conviven con la discapacidad - Asociaci\u00f3n Espa\u00f1ola S\u00edndrome de Charge<\/title>\n<meta name=\"robots\" content=\"index, follow, max-snippet:-1, max-image-preview:large, max-video-preview:-1\" \/>\n<link rel=\"canonical\" href=\"https:\/\/sindromecharge.es\/index.php\/2024\/11\/08\/abierta-cuarta-edicion-ellas-cuentan-iniciativa-malasmadres-ayuda-mujeres-que-conviven-con-discapacidad\/\" \/>\n<meta property=\"og:locale\" content=\"es_ES\" \/>\n<meta property=\"og:type\" content=\"article\" \/>\n<meta property=\"og:title\" content=\"Abierta la cuarta edici\u00f3n de &#039;Ellas Cuentan&#039;, la iniciativa que ayuda a mujeres que conviven con la discapacidad - Asociaci\u00f3n Espa\u00f1ola S\u00edndrome de Charge\" \/>\n<meta property=\"og:description\" content=\"Las candidaturas para esta edici\u00f3n de &#8216;Ellas cuentan&#8217; estar\u00e1n abiertas hasta el 17 de noviembre y las cuatro seleccionadas recibir\u00e1n una aportaci\u00f3n econ\u00f3mica para mejorar su calidad de vida o la de su hijo.\" \/>\n<meta property=\"og:url\" content=\"https:\/\/sindromecharge.es\/index.php\/2024\/11\/08\/abierta-cuarta-edicion-ellas-cuentan-iniciativa-malasmadres-ayuda-mujeres-que-conviven-con-discapacidad\/\" \/>\n<meta property=\"og:site_name\" content=\"Asociaci\u00f3n Espa\u00f1ola S\u00edndrome de Charge\" \/>\n<meta property=\"article:publisher\" content=\"https:\/\/www.facebook.com\/asociacionsindromecharge\" \/>\n<meta property=\"article:published_time\" content=\"2024-11-08T07:27:26+00:00\" \/>\n<meta property=\"og:image\" content=\"https:\/\/sindromecharge.es\/wp-content\/uploads\/2013\/09\/logodecharge300x98.png\" \/>\n\t<meta property=\"og:image:width\" content=\"300\" \/>\n\t<meta property=\"og:image:height\" content=\"98\" \/>\n\t<meta property=\"og:image:type\" content=\"image\/png\" \/>\n<meta name=\"author\" content=\"Charge\" \/>\n<meta name=\"twitter:card\" content=\"summary_large_image\" \/>\n<meta name=\"twitter:creator\" content=\"@sindromecharge\" \/>\n<meta name=\"twitter:site\" content=\"@sindromecharge\" \/>\n<meta name=\"twitter:label1\" content=\"Escrito por\" \/>\n\t<meta name=\"twitter:data1\" content=\"Charge\" \/>\n\t<meta name=\"twitter:label2\" content=\"Tiempo de lectura\" \/>\n\t<meta name=\"twitter:data2\" content=\"3 minutos\" \/>\n<script type=\"application\/ld+json\" class=\"yoast-schema-graph\">{\"@context\":\"https:\\\/\\\/schema.org\",\"@graph\":[{\"@type\":\"Article\",\"@id\":\"https:\\\/\\\/sindromecharge.es\\\/index.php\\\/2024\\\/11\\\/08\\\/abierta-cuarta-edicion-ellas-cuentan-iniciativa-malasmadres-ayuda-mujeres-que-conviven-con-discapacidad\\\/#article\",\"isPartOf\":{\"@id\":\"https:\\\/\\\/sindromecharge.es\\\/index.php\\\/2024\\\/11\\\/08\\\/abierta-cuarta-edicion-ellas-cuentan-iniciativa-malasmadres-ayuda-mujeres-que-conviven-con-discapacidad\\\/\"},\"author\":{\"name\":\"Charge\",\"@id\":\"https:\\\/\\\/sindromecharge.es\\\/#\\\/schema\\\/person\\\/39a60ebe0a2b4d5a11179701e336b039\"},\"headline\":\"Abierta la cuarta edici\u00f3n de &#8216;Ellas Cuentan&#8217;, la iniciativa que ayuda a mujeres que conviven con la discapacidad\",\"datePublished\":\"2024-11-08T07:27:26+00:00\",\"mainEntityOfPage\":{\"@id\":\"https:\\\/\\\/sindromecharge.es\\\/index.php\\\/2024\\\/11\\\/08\\\/abierta-cuarta-edicion-ellas-cuentan-iniciativa-malasmadres-ayuda-mujeres-que-conviven-con-discapacidad\\\/\"},\"wordCount\":593,\"articleSection\":[\"noticias\"],\"inLanguage\":\"es\"},{\"@type\":\"WebPage\",\"@id\":\"https:\\\/\\\/sindromecharge.es\\\/index.php\\\/2024\\\/11\\\/08\\\/abierta-cuarta-edicion-ellas-cuentan-iniciativa-malasmadres-ayuda-mujeres-que-conviven-con-discapacidad\\\/\",\"url\":\"https:\\\/\\\/sindromecharge.es\\\/index.php\\\/2024\\\/11\\\/08\\\/abierta-cuarta-edicion-ellas-cuentan-iniciativa-malasmadres-ayuda-mujeres-que-conviven-con-discapacidad\\\/\",\"name\":\"Abierta la cuarta edici\u00f3n de 'Ellas Cuentan', la iniciativa que ayuda a mujeres que conviven con la discapacidad - Asociaci\u00f3n Espa\u00f1ola S\u00edndrome de Charge\",\"isPartOf\":{\"@id\":\"https:\\\/\\\/sindromecharge.es\\\/#website\"},\"datePublished\":\"2024-11-08T07:27:26+00:00\",\"author\":{\"@id\":\"https:\\\/\\\/sindromecharge.es\\\/#\\\/schema\\\/person\\\/39a60ebe0a2b4d5a11179701e336b039\"},\"breadcrumb\":{\"@id\":\"https:\\\/\\\/sindromecharge.es\\\/index.php\\\/2024\\\/11\\\/08\\\/abierta-cuarta-edicion-ellas-cuentan-iniciativa-malasmadres-ayuda-mujeres-que-conviven-con-discapacidad\\\/#breadcrumb\"},\"inLanguage\":\"es\",\"potentialAction\":[{\"@type\":\"ReadAction\",\"target\":[\"https:\\\/\\\/sindromecharge.es\\\/index.php\\\/2024\\\/11\\\/08\\\/abierta-cuarta-edicion-ellas-cuentan-iniciativa-malasmadres-ayuda-mujeres-que-conviven-con-discapacidad\\\/\"]}]},{\"@type\":\"BreadcrumbList\",\"@id\":\"https:\\\/\\\/sindromecharge.es\\\/index.php\\\/2024\\\/11\\\/08\\\/abierta-cuarta-edicion-ellas-cuentan-iniciativa-malasmadres-ayuda-mujeres-que-conviven-con-discapacidad\\\/#breadcrumb\",\"itemListElement\":[{\"@type\":\"ListItem\",\"position\":1,\"name\":\"Portada\",\"item\":\"https:\\\/\\\/sindromecharge.es\\\/\"},{\"@type\":\"ListItem\",\"position\":2,\"name\":\"Abierta la cuarta edici\u00f3n de &#8216;Ellas Cuentan&#8217;, la iniciativa que ayuda a mujeres que conviven con la discapacidad\"}]},{\"@type\":\"WebSite\",\"@id\":\"https:\\\/\\\/sindromecharge.es\\\/#website\",\"url\":\"https:\\\/\\\/sindromecharge.es\\\/\",\"name\":\"Asociaci\u00f3n Espa\u00f1ola S\u00edndrome de Charge\",\"description\":\"\",\"potentialAction\":[{\"@type\":\"SearchAction\",\"target\":{\"@type\":\"EntryPoint\",\"urlTemplate\":\"https:\\\/\\\/sindromecharge.es\\\/?s={search_term_string}\"},\"query-input\":{\"@type\":\"PropertyValueSpecification\",\"valueRequired\":true,\"valueName\":\"search_term_string\"}}],\"inLanguage\":\"es\"},{\"@type\":\"Person\",\"@id\":\"https:\\\/\\\/sindromecharge.es\\\/#\\\/schema\\\/person\\\/39a60ebe0a2b4d5a11179701e336b039\",\"name\":\"Charge\",\"image\":{\"@type\":\"ImageObject\",\"inLanguage\":\"es\",\"@id\":\"https:\\\/\\\/secure.gravatar.com\\\/avatar\\\/c3b46e32a0fc3b093a0873fb767bf3293de856293065e84ef06b7ec7a8acfb98?s=96&d=identicon&r=x\",\"url\":\"https:\\\/\\\/secure.gravatar.com\\\/avatar\\\/c3b46e32a0fc3b093a0873fb767bf3293de856293065e84ef06b7ec7a8acfb98?s=96&d=identicon&r=x\",\"contentUrl\":\"https:\\\/\\\/secure.gravatar.com\\\/avatar\\\/c3b46e32a0fc3b093a0873fb767bf3293de856293065e84ef06b7ec7a8acfb98?s=96&d=identicon&r=x\",\"caption\":\"Charge\"},\"url\":\"https:\\\/\\\/sindromecharge.es\\\/index.php\\\/author\\\/admin\\\/\"}]}<\/script>\n<!-- \/ Yoast SEO plugin. -->","yoast_head_json":{"title":"Abierta la cuarta edici\u00f3n de 'Ellas Cuentan', la iniciativa que ayuda a mujeres que conviven con la discapacidad - Asociaci\u00f3n Espa\u00f1ola S\u00edndrome de Charge","robots":{"index":"index","follow":"follow","max-snippet":"max-snippet:-1","max-image-preview":"max-image-preview:large","max-video-preview":"max-video-preview:-1"},"canonical":"https:\/\/sindromecharge.es\/index.php\/2024\/11\/08\/abierta-cuarta-edicion-ellas-cuentan-iniciativa-malasmadres-ayuda-mujeres-que-conviven-con-discapacidad\/","og_locale":"es_ES","og_type":"article","og_title":"Abierta la cuarta edici\u00f3n de 'Ellas Cuentan', la iniciativa que ayuda a mujeres que conviven con la discapacidad - Asociaci\u00f3n Espa\u00f1ola S\u00edndrome de Charge","og_description":"Las candidaturas para esta edici\u00f3n de &#8216;Ellas cuentan&#8217; estar\u00e1n abiertas hasta el 17 de noviembre y las cuatro seleccionadas recibir\u00e1n una aportaci\u00f3n econ\u00f3mica para mejorar su calidad de vida o la de su hijo.","og_url":"https:\/\/sindromecharge.es\/index.php\/2024\/11\/08\/abierta-cuarta-edicion-ellas-cuentan-iniciativa-malasmadres-ayuda-mujeres-que-conviven-con-discapacidad\/","og_site_name":"Asociaci\u00f3n Espa\u00f1ola S\u00edndrome de Charge","article_publisher":"https:\/\/www.facebook.com\/asociacionsindromecharge","article_published_time":"2024-11-08T07:27:26+00:00","og_image":[{"width":300,"height":98,"url":"https:\/\/sindromecharge.es\/wp-content\/uploads\/2013\/09\/logodecharge300x98.png","type":"image\/png"}],"author":"Charge","twitter_card":"summary_large_image","twitter_creator":"@sindromecharge","twitter_site":"@sindromecharge","twitter_misc":{"Escrito por":"Charge","Tiempo de lectura":"3 minutos"},"schema":{"@context":"https:\/\/schema.org","@graph":[{"@type":"Article","@id":"https:\/\/sindromecharge.es\/index.php\/2024\/11\/08\/abierta-cuarta-edicion-ellas-cuentan-iniciativa-malasmadres-ayuda-mujeres-que-conviven-con-discapacidad\/#article","isPartOf":{"@id":"https:\/\/sindromecharge.es\/index.php\/2024\/11\/08\/abierta-cuarta-edicion-ellas-cuentan-iniciativa-malasmadres-ayuda-mujeres-que-conviven-con-discapacidad\/"},"author":{"name":"Charge","@id":"https:\/\/sindromecharge.es\/#\/schema\/person\/39a60ebe0a2b4d5a11179701e336b039"},"headline":"Abierta la cuarta edici\u00f3n de &#8216;Ellas Cuentan&#8217;, la iniciativa que ayuda a mujeres que conviven con la discapacidad","datePublished":"2024-11-08T07:27:26+00:00","mainEntityOfPage":{"@id":"https:\/\/sindromecharge.es\/index.php\/2024\/11\/08\/abierta-cuarta-edicion-ellas-cuentan-iniciativa-malasmadres-ayuda-mujeres-que-conviven-con-discapacidad\/"},"wordCount":593,"articleSection":["noticias"],"inLanguage":"es"},{"@type":"WebPage","@id":"https:\/\/sindromecharge.es\/index.php\/2024\/11\/08\/abierta-cuarta-edicion-ellas-cuentan-iniciativa-malasmadres-ayuda-mujeres-que-conviven-con-discapacidad\/","url":"https:\/\/sindromecharge.es\/index.php\/2024\/11\/08\/abierta-cuarta-edicion-ellas-cuentan-iniciativa-malasmadres-ayuda-mujeres-que-conviven-con-discapacidad\/","name":"Abierta la cuarta edici\u00f3n de 'Ellas Cuentan', la iniciativa que ayuda a mujeres que conviven con la discapacidad - Asociaci\u00f3n Espa\u00f1ola S\u00edndrome de Charge","isPartOf":{"@id":"https:\/\/sindromecharge.es\/#website"},"datePublished":"2024-11-08T07:27:26+00:00","author":{"@id":"https:\/\/sindromecharge.es\/#\/schema\/person\/39a60ebe0a2b4d5a11179701e336b039"},"breadcrumb":{"@id":"https:\/\/sindromecharge.es\/index.php\/2024\/11\/08\/abierta-cuarta-edicion-ellas-cuentan-iniciativa-malasmadres-ayuda-mujeres-que-conviven-con-discapacidad\/#breadcrumb"},"inLanguage":"es","potentialAction":[{"@type":"ReadAction","target":["https:\/\/sindromecharge.es\/index.php\/2024\/11\/08\/abierta-cuarta-edicion-ellas-cuentan-iniciativa-malasmadres-ayuda-mujeres-que-conviven-con-discapacidad\/"]}]},{"@type":"BreadcrumbList","@id":"https:\/\/sindromecharge.es\/index.php\/2024\/11\/08\/abierta-cuarta-edicion-ellas-cuentan-iniciativa-malasmadres-ayuda-mujeres-que-conviven-con-discapacidad\/#breadcrumb","itemListElement":[{"@type":"ListItem","position":1,"name":"Portada","item":"https:\/\/sindromecharge.es\/"},{"@type":"ListItem","position":2,"name":"Abierta la cuarta edici\u00f3n de &#8216;Ellas Cuentan&#8217;, la iniciativa que ayuda a mujeres que conviven con la discapacidad"}]},{"@type":"WebSite","@id":"https:\/\/sindromecharge.es\/#website","url":"https:\/\/sindromecharge.es\/","name":"Asociaci\u00f3n Espa\u00f1ola S\u00edndrome de Charge","description":"","potentialAction":[{"@type":"SearchAction","target":{"@type":"EntryPoint","urlTemplate":"https:\/\/sindromecharge.es\/?s={search_term_string}"},"query-input":{"@type":"PropertyValueSpecification","valueRequired":true,"valueName":"search_term_string"}}],"inLanguage":"es"},{"@type":"Person","@id":"https:\/\/sindromecharge.es\/#\/schema\/person\/39a60ebe0a2b4d5a11179701e336b039","name":"Charge","image":{"@type":"ImageObject","inLanguage":"es","@id":"https:\/\/secure.gravatar.com\/avatar\/c3b46e32a0fc3b093a0873fb767bf3293de856293065e84ef06b7ec7a8acfb98?s=96&d=identicon&r=x","url":"https:\/\/secure.gravatar.com\/avatar\/c3b46e32a0fc3b093a0873fb767bf3293de856293065e84ef06b7ec7a8acfb98?s=96&d=identicon&r=x","contentUrl":"https:\/\/secure.gravatar.com\/avatar\/c3b46e32a0fc3b093a0873fb767bf3293de856293065e84ef06b7ec7a8acfb98?s=96&d=identicon&r=x","caption":"Charge"},"url":"https:\/\/sindromecharge.es\/index.php\/author\/admin\/"}]}},"_links":{"self":[{"href":"https:\/\/sindromecharge.es\/index.php\/wp-json\/wp\/v2\/posts\/10539","targetHints":{"allow":["GET"]}}],"collection":[{"href":"https:\/\/sindromecharge.es\/index.php\/wp-json\/wp\/v2\/posts"}],"about":[{"href":"https:\/\/sindromecharge.es\/index.php\/wp-json\/wp\/v2\/types\/post"}],"author":[{"embeddable":true,"href":"https:\/\/sindromecharge.es\/index.php\/wp-json\/wp\/v2\/users\/1"}],"replies":[{"embeddable":true,"href":"https:\/\/sindromecharge.es\/index.php\/wp-json\/wp\/v2\/comments?post=10539"}],"version-history":[{"count":0,"href":"https:\/\/sindromecharge.es\/index.php\/wp-json\/wp\/v2\/posts\/10539\/revisions"}],"wp:attachment":[{"href":"https:\/\/sindromecharge.es\/index.php\/wp-json\/wp\/v2\/media?parent=10539"}],"wp:term":[{"taxonomy":"category","embeddable":true,"href":"https:\/\/sindromecharge.es\/index.php\/wp-json\/wp\/v2\/categories?post=10539"},{"taxonomy":"post_tag","embeddable":true,"href":"https:\/\/sindromecharge.es\/index.php\/wp-json\/wp\/v2\/tags?post=10539"}],"curies":[{"name":"wp","href":"https:\/\/api.w.org\/{rel}","templated":true}]}}