{"id":10535,"date":"2024-11-07T06:29:56","date_gmt":"2024-11-07T06:29:56","guid":{"rendered":"https:\/\/sindromecharge.es\/index.php\/2024\/11\/07\/diego-soliveres-timpers-empresa-creada-por-personas-con-discapacidad-queremos-que-nos-compren-por-calidad-no-por-caridad\/"},"modified":"2024-11-07T06:29:56","modified_gmt":"2024-11-07T06:29:56","slug":"diego-soliveres-timpers-empresa-creada-por-personas-con-discapacidad-queremos-que-nos-compren-por-calidad-no-por-caridad","status":"publish","type":"post","link":"https:\/\/sindromecharge.es\/index.php\/2024\/11\/07\/diego-soliveres-timpers-empresa-creada-por-personas-con-discapacidad-queremos-que-nos-compren-por-calidad-no-por-caridad\/","title":{"rendered":"Diego Soliveres, de Timpers, empresa creada por personas con discapacidad: \u00abQueremos que nos compren por calidad, no por caridad\u00bb"},"content":{"rendered":"<p>Leemos en Discapacidad la siguiente noticia que os reproducimos de forma \u00edntegra: <\/p>\n<div>\n<p>Hace unos a\u00f1os, cuando se dedicaba a vender el <b>cup\u00f3n de la ONCE<\/b>, a tocar la bater\u00eda y a jugar al f\u00fatbol en sus ratos libres en su Alicante natal, <b>Diego Soliveres<\/b> no pod\u00eda imaginarse que seis a\u00f1os despu\u00e9s vivir\u00eda en Valencia y ser\u00eda el socio de una de las marcas de zapatillas m\u00e1s originales del mercado, <b>Timpers<\/b>. <\/p>\n<p>Valencia fue la ciudad donde, junto con otros dos alicantinos, Diego decidi\u00f3 ir en busca de sus sue\u00f1os, la misma ciudad que, aunque en Timpers no han sufrido grandes da\u00f1os, se vio golpeada por la <a href=\"https:\/\/www.20minutos.es\/minuteca\/dana\/\" title=\"DANA\" target=\"_blank\" rel=\"noopener\">DANA<\/a> solo unos d\u00edas despu\u00e9s de hablar con Capaces, \u00abtodo lo vivido en la \u00faltima semana est\u00e1 siendo una aut\u00e9ntica pesadilla. Vemos testimonios de gente que lo ha perdido todo y lo \u00fanico que puedes pensar es en la gran suerte que uno tiene de &#8216;s\u00f3lo&#8217; haber perdido cosas materiales\u00bb, contaba el equipo a trav\u00e9s de un mail hace pocos d\u00edas. <\/p>\n<p>Mientras se reponen del golpe, desde Timpers va poco a poco recuperando su actividad y, sobre todo, su labor, la de dar trabajo a personas con discapacidad, pues, de hecho, es una empresa fundada y formada casi en su totalidad por personas con<a href=\"https:\/\/www.20minutos.es\/minuteca\/discapacidad\/\" title=\"Discapacidad\" target=\"_blank\" rel=\"noopener\"> discapacidad<\/a> y cuyas <b>zapatillas son inclusivas y accesibles<\/b>. <\/p>\n<p>Sin embargo, como le gusta recalcar a Diego, no son zapatillas para ciegos, sino zapatillas para todo el mundo, unas zapatillas que desde Timpers quieren que la gente compre &#8216;por calidad, no por caridad&#8217;, pues se consideran, &#8216;la empresa m\u00e1s normal del mundo&#8217;. <\/p>\n<h1>A trav\u00e9s de nuestras zapatillas, queremos ser referente y altavoz en todo lo que tiene que ver con discapacidad. Queremos cambiar las palabras inclusi\u00f3n e integraci\u00f3n por normalizaci\u00f3n y convivencia<\/h1>\n<h1>Es cierto que la responsabilidad social est\u00e1 de moda, pero creo que ha llegado para quedarse, hace 20 a\u00f1os nadie hablaba de estos temas<\/h1>\n<\/div>\n<p>Fuente: Discapacidad https:\/\/www.20minutos.es\/noticia\/5650589\/0\/diego-soliveres-timpers-empresa-creada-por-personas-con-discapacidad-queremos-que-nos-compren-por-calidad-no-por-caridad\/<\/p>\n","protected":false},"excerpt":{"rendered":"<p>Hace unos a\u00f1os, cuando se dedicaba a vender el cup\u00f3n de la ONCE, a tocar la bater\u00eda y a jugar al f\u00fatbol en sus ratos libres en su Alicante natal, Diego&#8230;<\/p>\n","protected":false},"author":1,"featured_media":0,"comment_status":"closed","ping_status":"closed","sticky":false,"template":"","format":"standard","meta":{"footnotes":""},"categories":[8],"tags":[],"class_list":["post-10535","post","type-post","status-publish","format-standard","hentry","category-noticias"],"yoast_head":"<!-- This site is optimized with the Yoast SEO plugin v27.5 - https:\/\/yoast.com\/product\/yoast-seo-wordpress\/ -->\n<title>Diego Soliveres, de Timpers, empresa creada por personas con discapacidad: &quot;Queremos que nos compren por calidad, no por caridad&quot; - Asociaci\u00f3n Espa\u00f1ola S\u00edndrome de Charge<\/title>\n<meta name=\"robots\" content=\"index, follow, max-snippet:-1, max-image-preview:large, max-video-preview:-1\" \/>\n<link rel=\"canonical\" href=\"https:\/\/sindromecharge.es\/index.php\/2024\/11\/07\/diego-soliveres-timpers-empresa-creada-por-personas-con-discapacidad-queremos-que-nos-compren-por-calidad-no-por-caridad\/\" \/>\n<meta property=\"og:locale\" content=\"es_ES\" \/>\n<meta property=\"og:type\" content=\"article\" \/>\n<meta property=\"og:title\" content=\"Diego Soliveres, de Timpers, empresa creada por personas con discapacidad: &quot;Queremos que nos compren por calidad, no por caridad&quot; - Asociaci\u00f3n Espa\u00f1ola S\u00edndrome de Charge\" \/>\n<meta property=\"og:description\" content=\"Hace unos a\u00f1os, cuando se dedicaba a vender el cup\u00f3n de la ONCE, a tocar la bater\u00eda y a jugar al f\u00fatbol en sus ratos libres en su Alicante natal, Diego&#8230;\" \/>\n<meta property=\"og:url\" content=\"https:\/\/sindromecharge.es\/index.php\/2024\/11\/07\/diego-soliveres-timpers-empresa-creada-por-personas-con-discapacidad-queremos-que-nos-compren-por-calidad-no-por-caridad\/\" \/>\n<meta property=\"og:site_name\" content=\"Asociaci\u00f3n Espa\u00f1ola S\u00edndrome de Charge\" \/>\n<meta property=\"article:publisher\" content=\"https:\/\/www.facebook.com\/asociacionsindromecharge\" \/>\n<meta property=\"article:published_time\" content=\"2024-11-07T06:29:56+00:00\" \/>\n<meta property=\"og:image\" content=\"https:\/\/sindromecharge.es\/wp-content\/uploads\/2013\/09\/logodecharge300x98.png\" \/>\n\t<meta property=\"og:image:width\" content=\"300\" \/>\n\t<meta property=\"og:image:height\" content=\"98\" \/>\n\t<meta property=\"og:image:type\" content=\"image\/png\" \/>\n<meta name=\"author\" content=\"Charge\" \/>\n<meta name=\"twitter:card\" content=\"summary_large_image\" \/>\n<meta name=\"twitter:creator\" content=\"@sindromecharge\" \/>\n<meta name=\"twitter:site\" content=\"@sindromecharge\" \/>\n<meta name=\"twitter:label1\" content=\"Escrito por\" \/>\n\t<meta name=\"twitter:data1\" content=\"Charge\" \/>\n\t<meta name=\"twitter:label2\" content=\"Tiempo de lectura\" \/>\n\t<meta name=\"twitter:data2\" content=\"2 minutos\" \/>\n<script type=\"application\/ld+json\" class=\"yoast-schema-graph\">{\"@context\":\"https:\\\/\\\/schema.org\",\"@graph\":[{\"@type\":\"Article\",\"@id\":\"https:\\\/\\\/sindromecharge.es\\\/index.php\\\/2024\\\/11\\\/07\\\/diego-soliveres-timpers-empresa-creada-por-personas-con-discapacidad-queremos-que-nos-compren-por-calidad-no-por-caridad\\\/#article\",\"isPartOf\":{\"@id\":\"https:\\\/\\\/sindromecharge.es\\\/index.php\\\/2024\\\/11\\\/07\\\/diego-soliveres-timpers-empresa-creada-por-personas-con-discapacidad-queremos-que-nos-compren-por-calidad-no-por-caridad\\\/\"},\"author\":{\"name\":\"Charge\",\"@id\":\"https:\\\/\\\/sindromecharge.es\\\/#\\\/schema\\\/person\\\/39a60ebe0a2b4d5a11179701e336b039\"},\"headline\":\"Diego Soliveres, de Timpers, empresa creada por personas con discapacidad: \u00abQueremos que nos compren por calidad, no por caridad\u00bb\",\"datePublished\":\"2024-11-07T06:29:56+00:00\",\"mainEntityOfPage\":{\"@id\":\"https:\\\/\\\/sindromecharge.es\\\/index.php\\\/2024\\\/11\\\/07\\\/diego-soliveres-timpers-empresa-creada-por-personas-con-discapacidad-queremos-que-nos-compren-por-calidad-no-por-caridad\\\/\"},\"wordCount\":364,\"articleSection\":[\"noticias\"],\"inLanguage\":\"es\"},{\"@type\":\"WebPage\",\"@id\":\"https:\\\/\\\/sindromecharge.es\\\/index.php\\\/2024\\\/11\\\/07\\\/diego-soliveres-timpers-empresa-creada-por-personas-con-discapacidad-queremos-que-nos-compren-por-calidad-no-por-caridad\\\/\",\"url\":\"https:\\\/\\\/sindromecharge.es\\\/index.php\\\/2024\\\/11\\\/07\\\/diego-soliveres-timpers-empresa-creada-por-personas-con-discapacidad-queremos-que-nos-compren-por-calidad-no-por-caridad\\\/\",\"name\":\"Diego Soliveres, de Timpers, empresa creada por personas con discapacidad: \\\"Queremos que nos compren por calidad, no por caridad\\\" - Asociaci\u00f3n Espa\u00f1ola S\u00edndrome de Charge\",\"isPartOf\":{\"@id\":\"https:\\\/\\\/sindromecharge.es\\\/#website\"},\"datePublished\":\"2024-11-07T06:29:56+00:00\",\"author\":{\"@id\":\"https:\\\/\\\/sindromecharge.es\\\/#\\\/schema\\\/person\\\/39a60ebe0a2b4d5a11179701e336b039\"},\"breadcrumb\":{\"@id\":\"https:\\\/\\\/sindromecharge.es\\\/index.php\\\/2024\\\/11\\\/07\\\/diego-soliveres-timpers-empresa-creada-por-personas-con-discapacidad-queremos-que-nos-compren-por-calidad-no-por-caridad\\\/#breadcrumb\"},\"inLanguage\":\"es\",\"potentialAction\":[{\"@type\":\"ReadAction\",\"target\":[\"https:\\\/\\\/sindromecharge.es\\\/index.php\\\/2024\\\/11\\\/07\\\/diego-soliveres-timpers-empresa-creada-por-personas-con-discapacidad-queremos-que-nos-compren-por-calidad-no-por-caridad\\\/\"]}]},{\"@type\":\"BreadcrumbList\",\"@id\":\"https:\\\/\\\/sindromecharge.es\\\/index.php\\\/2024\\\/11\\\/07\\\/diego-soliveres-timpers-empresa-creada-por-personas-con-discapacidad-queremos-que-nos-compren-por-calidad-no-por-caridad\\\/#breadcrumb\",\"itemListElement\":[{\"@type\":\"ListItem\",\"position\":1,\"name\":\"Portada\",\"item\":\"https:\\\/\\\/sindromecharge.es\\\/\"},{\"@type\":\"ListItem\",\"position\":2,\"name\":\"Diego Soliveres, de Timpers, empresa creada por personas con discapacidad: &#8220;Queremos que nos compren por calidad, no por caridad&#8221;\"}]},{\"@type\":\"WebSite\",\"@id\":\"https:\\\/\\\/sindromecharge.es\\\/#website\",\"url\":\"https:\\\/\\\/sindromecharge.es\\\/\",\"name\":\"Asociaci\u00f3n Espa\u00f1ola S\u00edndrome de Charge\",\"description\":\"\",\"potentialAction\":[{\"@type\":\"SearchAction\",\"target\":{\"@type\":\"EntryPoint\",\"urlTemplate\":\"https:\\\/\\\/sindromecharge.es\\\/?s={search_term_string}\"},\"query-input\":{\"@type\":\"PropertyValueSpecification\",\"valueRequired\":true,\"valueName\":\"search_term_string\"}}],\"inLanguage\":\"es\"},{\"@type\":\"Person\",\"@id\":\"https:\\\/\\\/sindromecharge.es\\\/#\\\/schema\\\/person\\\/39a60ebe0a2b4d5a11179701e336b039\",\"name\":\"Charge\",\"image\":{\"@type\":\"ImageObject\",\"inLanguage\":\"es\",\"@id\":\"https:\\\/\\\/secure.gravatar.com\\\/avatar\\\/c3b46e32a0fc3b093a0873fb767bf3293de856293065e84ef06b7ec7a8acfb98?s=96&d=identicon&r=x\",\"url\":\"https:\\\/\\\/secure.gravatar.com\\\/avatar\\\/c3b46e32a0fc3b093a0873fb767bf3293de856293065e84ef06b7ec7a8acfb98?s=96&d=identicon&r=x\",\"contentUrl\":\"https:\\\/\\\/secure.gravatar.com\\\/avatar\\\/c3b46e32a0fc3b093a0873fb767bf3293de856293065e84ef06b7ec7a8acfb98?s=96&d=identicon&r=x\",\"caption\":\"Charge\"},\"url\":\"https:\\\/\\\/sindromecharge.es\\\/index.php\\\/author\\\/admin\\\/\"}]}<\/script>\n<!-- \/ Yoast SEO plugin. -->","yoast_head_json":{"title":"Diego Soliveres, de Timpers, empresa creada por personas con discapacidad: \"Queremos que nos compren por calidad, no por caridad\" - Asociaci\u00f3n Espa\u00f1ola S\u00edndrome de Charge","robots":{"index":"index","follow":"follow","max-snippet":"max-snippet:-1","max-image-preview":"max-image-preview:large","max-video-preview":"max-video-preview:-1"},"canonical":"https:\/\/sindromecharge.es\/index.php\/2024\/11\/07\/diego-soliveres-timpers-empresa-creada-por-personas-con-discapacidad-queremos-que-nos-compren-por-calidad-no-por-caridad\/","og_locale":"es_ES","og_type":"article","og_title":"Diego Soliveres, de Timpers, empresa creada por personas con discapacidad: \"Queremos que nos compren por calidad, no por caridad\" - Asociaci\u00f3n Espa\u00f1ola S\u00edndrome de Charge","og_description":"Hace unos a\u00f1os, cuando se dedicaba a vender el cup\u00f3n de la ONCE, a tocar la bater\u00eda y a jugar al f\u00fatbol en sus ratos libres en su Alicante natal, Diego&#8230;","og_url":"https:\/\/sindromecharge.es\/index.php\/2024\/11\/07\/diego-soliveres-timpers-empresa-creada-por-personas-con-discapacidad-queremos-que-nos-compren-por-calidad-no-por-caridad\/","og_site_name":"Asociaci\u00f3n Espa\u00f1ola S\u00edndrome de Charge","article_publisher":"https:\/\/www.facebook.com\/asociacionsindromecharge","article_published_time":"2024-11-07T06:29:56+00:00","og_image":[{"width":300,"height":98,"url":"https:\/\/sindromecharge.es\/wp-content\/uploads\/2013\/09\/logodecharge300x98.png","type":"image\/png"}],"author":"Charge","twitter_card":"summary_large_image","twitter_creator":"@sindromecharge","twitter_site":"@sindromecharge","twitter_misc":{"Escrito por":"Charge","Tiempo de lectura":"2 minutos"},"schema":{"@context":"https:\/\/schema.org","@graph":[{"@type":"Article","@id":"https:\/\/sindromecharge.es\/index.php\/2024\/11\/07\/diego-soliveres-timpers-empresa-creada-por-personas-con-discapacidad-queremos-que-nos-compren-por-calidad-no-por-caridad\/#article","isPartOf":{"@id":"https:\/\/sindromecharge.es\/index.php\/2024\/11\/07\/diego-soliveres-timpers-empresa-creada-por-personas-con-discapacidad-queremos-que-nos-compren-por-calidad-no-por-caridad\/"},"author":{"name":"Charge","@id":"https:\/\/sindromecharge.es\/#\/schema\/person\/39a60ebe0a2b4d5a11179701e336b039"},"headline":"Diego Soliveres, de Timpers, empresa creada por personas con discapacidad: \u00abQueremos que nos compren por calidad, no por caridad\u00bb","datePublished":"2024-11-07T06:29:56+00:00","mainEntityOfPage":{"@id":"https:\/\/sindromecharge.es\/index.php\/2024\/11\/07\/diego-soliveres-timpers-empresa-creada-por-personas-con-discapacidad-queremos-que-nos-compren-por-calidad-no-por-caridad\/"},"wordCount":364,"articleSection":["noticias"],"inLanguage":"es"},{"@type":"WebPage","@id":"https:\/\/sindromecharge.es\/index.php\/2024\/11\/07\/diego-soliveres-timpers-empresa-creada-por-personas-con-discapacidad-queremos-que-nos-compren-por-calidad-no-por-caridad\/","url":"https:\/\/sindromecharge.es\/index.php\/2024\/11\/07\/diego-soliveres-timpers-empresa-creada-por-personas-con-discapacidad-queremos-que-nos-compren-por-calidad-no-por-caridad\/","name":"Diego Soliveres, de Timpers, empresa creada por personas con discapacidad: \"Queremos que nos compren por calidad, no por caridad\" - Asociaci\u00f3n Espa\u00f1ola S\u00edndrome de Charge","isPartOf":{"@id":"https:\/\/sindromecharge.es\/#website"},"datePublished":"2024-11-07T06:29:56+00:00","author":{"@id":"https:\/\/sindromecharge.es\/#\/schema\/person\/39a60ebe0a2b4d5a11179701e336b039"},"breadcrumb":{"@id":"https:\/\/sindromecharge.es\/index.php\/2024\/11\/07\/diego-soliveres-timpers-empresa-creada-por-personas-con-discapacidad-queremos-que-nos-compren-por-calidad-no-por-caridad\/#breadcrumb"},"inLanguage":"es","potentialAction":[{"@type":"ReadAction","target":["https:\/\/sindromecharge.es\/index.php\/2024\/11\/07\/diego-soliveres-timpers-empresa-creada-por-personas-con-discapacidad-queremos-que-nos-compren-por-calidad-no-por-caridad\/"]}]},{"@type":"BreadcrumbList","@id":"https:\/\/sindromecharge.es\/index.php\/2024\/11\/07\/diego-soliveres-timpers-empresa-creada-por-personas-con-discapacidad-queremos-que-nos-compren-por-calidad-no-por-caridad\/#breadcrumb","itemListElement":[{"@type":"ListItem","position":1,"name":"Portada","item":"https:\/\/sindromecharge.es\/"},{"@type":"ListItem","position":2,"name":"Diego Soliveres, de Timpers, empresa creada por personas con discapacidad: &#8220;Queremos que nos compren por calidad, no por caridad&#8221;"}]},{"@type":"WebSite","@id":"https:\/\/sindromecharge.es\/#website","url":"https:\/\/sindromecharge.es\/","name":"Asociaci\u00f3n Espa\u00f1ola S\u00edndrome de Charge","description":"","potentialAction":[{"@type":"SearchAction","target":{"@type":"EntryPoint","urlTemplate":"https:\/\/sindromecharge.es\/?s={search_term_string}"},"query-input":{"@type":"PropertyValueSpecification","valueRequired":true,"valueName":"search_term_string"}}],"inLanguage":"es"},{"@type":"Person","@id":"https:\/\/sindromecharge.es\/#\/schema\/person\/39a60ebe0a2b4d5a11179701e336b039","name":"Charge","image":{"@type":"ImageObject","inLanguage":"es","@id":"https:\/\/secure.gravatar.com\/avatar\/c3b46e32a0fc3b093a0873fb767bf3293de856293065e84ef06b7ec7a8acfb98?s=96&d=identicon&r=x","url":"https:\/\/secure.gravatar.com\/avatar\/c3b46e32a0fc3b093a0873fb767bf3293de856293065e84ef06b7ec7a8acfb98?s=96&d=identicon&r=x","contentUrl":"https:\/\/secure.gravatar.com\/avatar\/c3b46e32a0fc3b093a0873fb767bf3293de856293065e84ef06b7ec7a8acfb98?s=96&d=identicon&r=x","caption":"Charge"},"url":"https:\/\/sindromecharge.es\/index.php\/author\/admin\/"}]}},"_links":{"self":[{"href":"https:\/\/sindromecharge.es\/index.php\/wp-json\/wp\/v2\/posts\/10535","targetHints":{"allow":["GET"]}}],"collection":[{"href":"https:\/\/sindromecharge.es\/index.php\/wp-json\/wp\/v2\/posts"}],"about":[{"href":"https:\/\/sindromecharge.es\/index.php\/wp-json\/wp\/v2\/types\/post"}],"author":[{"embeddable":true,"href":"https:\/\/sindromecharge.es\/index.php\/wp-json\/wp\/v2\/users\/1"}],"replies":[{"embeddable":true,"href":"https:\/\/sindromecharge.es\/index.php\/wp-json\/wp\/v2\/comments?post=10535"}],"version-history":[{"count":0,"href":"https:\/\/sindromecharge.es\/index.php\/wp-json\/wp\/v2\/posts\/10535\/revisions"}],"wp:attachment":[{"href":"https:\/\/sindromecharge.es\/index.php\/wp-json\/wp\/v2\/media?parent=10535"}],"wp:term":[{"taxonomy":"category","embeddable":true,"href":"https:\/\/sindromecharge.es\/index.php\/wp-json\/wp\/v2\/categories?post=10535"},{"taxonomy":"post_tag","embeddable":true,"href":"https:\/\/sindromecharge.es\/index.php\/wp-json\/wp\/v2\/tags?post=10535"}],"curies":[{"name":"wp","href":"https:\/\/api.w.org\/{rel}","templated":true}]}}