{"id":10533,"date":"2024-11-06T07:15:00","date_gmt":"2024-11-06T07:15:00","guid":{"rendered":"https:\/\/sindromecharge.es\/index.php\/2024\/11\/06\/una-vecina-picana-silla-ruedas-salva-vida-las-inundaciones-gracias-sus-hijos\/"},"modified":"2024-11-06T07:15:00","modified_gmt":"2024-11-06T07:15:00","slug":"una-vecina-picana-silla-ruedas-salva-vida-las-inundaciones-gracias-sus-hijos","status":"publish","type":"post","link":"https:\/\/sindromecharge.es\/index.php\/2024\/11\/06\/una-vecina-picana-silla-ruedas-salva-vida-las-inundaciones-gracias-sus-hijos\/","title":{"rendered":"Montse y Diego, dos personas con movilidad reducida &#8216;afortunadas&#8217; a pesar de la DANA: \u00abAl menos sigo con vida y tengo casa\u00bb"},"content":{"rendered":"<p>Leemos en Discapacidad la siguiente noticia que os reproducimos de forma \u00edntegra: <\/p>\n<div>\n<p>Ha transcurrido una semana desde que las lluvias provocadas por la DANA arroyaron m\u00e1s de 200 vidas. Pero tambi\u00e9n se llevaron por delante coches, negocios, cultivos y las ilusiones de miles de valencianos. Pese a todo, estos d\u00edas en la zona cero de la cat\u00e1strofe s\u00f3lo existe un tipo de suerte: \u201cestar vivo\u201d.<\/p>\n<p><b>Montse Alabarta<\/b> vive muy cerca del barranco del Poyo, en Pica\u00f1a, una localidad ribere\u00f1a que se vio inundada por la crecida del r\u00edo como las vecinas Torrent o Paiporta. Aferrada a su <a href=\"https:\/\/www.20minutos.es\/minuteca\/silla-de-ruedas\/\" title=\"Silla de ruedas\" target=\"_blank\" rel=\"noopener\">silla de ruedas<\/a> por una <b>enfermedad degenerativa<\/b>, ha visto c\u00f3mo el agua arrollaba las aceras de su pueblo o casi acaba con su vida.<\/p>\n<p>\u201cSoy una persona con problemas de movilidad, as\u00ed que vivo en una planta baja, que es lo m\u00e1s habitual, totalmente adaptada, sin escalones, para tener <a href=\"https:\/\/www.20minutos.es\/minuteca\/accesibilidad\/\" title=\"Accesibilidad\" target=\"_blank\" rel=\"noopener\">accesibilidad<\/a> con mi silla de ruedas\u201d, explica en una entrevista a Servimedia.<\/p>\n<p>Montse est\u00e1 acostumbrada a las crecidas del barranco y crey\u00f3 que era \u2018una m\u00e1s\u2019. Pero mientras se lo contaba a su hijo en una videoconferencia, \u201centr\u00f3 una tromba de agua y en apenas cinco minutos el agua ya llegaba a la altura de la ventana\u201d, rememora. \u201c<b>Est\u00e1bamos atrapados<\/b>. No hab\u00eda escapatoria porque tampoco pod\u00edas abrir la puerta y salir. Ya te digo que la fuerza del agua era impresionante, <b>entr\u00f3 como una catarata<\/b>\u201d.<\/p>\n<p>Ella fotografi\u00f3 con la c\u00e1mara de su m\u00f3vil el instante en el que las rejas de su ventana pasaron a convertirse en los barrotes de su prisi\u00f3n.<\/p>\n<p>Una semana despu\u00e9s se siente \u201cafortunada\u201d porque en ese momento<b> se encontraban sus hijos (ya mayores) en casa y pudieron ayudarla<\/b>. \u201cSi la tromba de agua me llega a pillar sola, me habr\u00eda puesto a llorar y lo peor es que no habr\u00eda salido\u201d.<\/p>\n<p>Pero esta aguerrida madre a la que la que la fuerza de sus m\u00fasculos puede que le fallen, puso a funcionar su cerebro. \u201cLo \u00fanico que pod\u00eda hacer era utilizar mi cabeza y dirigir a tres chicos j\u00f3venes y fuertes. As\u00ed que les iba diciendo lo que hab\u00eda que hacer en cada momento\u201d. Y con sentimiento agridulce reconoce: \u201c<b>Al menos sigo con vida y a\u00fan tengo una casa<\/b>\u201d.<\/p>\n<h1>Se est\u00e1 organizando un circuito de donaciones de material ortoprot\u00e9sico y estamos elaborando un formulario para concretar qu\u00e9 ayuda necesitan las personas con discapacidad<\/h1>\n<p>Otra de estas personas \u2018afortunadas\u2019 es <b>Diego Caballero<\/b>. Este valenciano que vive en Algemes\u00ed, otra de las zonas azotadas por la DANA, es el presidente de la Asociaci\u00f3n de <a href=\"https:\/\/www.20minutos.es\/minuteca\/esclerosis-multiple\/\" title=\"Esclerosis m\u00faltiple\" target=\"_blank\" rel=\"noopener\">Esclerosis M\u00faltiple<\/a> de la zona y persona afectada por esta enfermedad neurodegenerativa.<\/p>\n<p>Diego explica en una entrevista a Servimedia, que la entidad no cuenta con una sede f\u00edsica, sino que ofrece cobertura a todos los afectados a trav\u00e9s de acuerdos con distintas cl\u00ednicas de localidades vecinas. \u201cNuestro \u00e1mbito de actuaci\u00f3n es muy amplio por la dificultad que tienen la mayor\u00eda de nuestros socios para desplazarse por la propia enfermedad\u201d.<\/p>\n<p>Precisamente, esos problemas motores son los que le llevaron a adaptar una nueva vivienda a la que ten\u00eda pensado mudarse en breve junto a su mujer y sus hijas. \u201cAll\u00ed vivir\u00eda en una habitaci\u00f3n situada en la planta baja\u201d, relata. Sin embargo, cuando el martes pasado empezaron las fuertes lluvias a\u00fan continuaba viviendo en su piso actual, en una segunda altura. \u201cDe habernos trasladado antes, habr\u00eda sido un desastre por completo porque lo habr\u00eda perdido todo, bueno\u201d, y hace una pausa. \u201cMe habr\u00eda quedado ah\u00ed. Y punto\u201d. Por eso, al igual que Montse reconoce que \u201cpese a que se ha inundado el ascensor del edificio <b>es una persona con suerte<\/b>\u201d.<\/p>\n<h2>Hacer un mapa de lo m\u00e1s urgente<\/h2>\n<p>Tras la tragedia, a\u00fan no se han cuantificado las p\u00e9rdidas y, por ende, tampoco las necesidades. Estos d\u00edas las entidades sociales que trabajan con la discapacidad se re\u00fanen para dibujar el mapa de \u2018lo urgente\u2019.<\/p>\n<p>La Confederaci\u00f3n de Personas con Discapacidad F\u00edsica y Org\u00e1nica de la Comunidad Valenciana (Cocemfe CV), en colaboraci\u00f3n con el Comit\u00e9 Espa\u00f1ol de Representantes de Personas con Discapacidad de la Comunidad Valenciana (Cermi CV) y la Conselleria de Sanidad de la Comunidad Valenciana, tratan de llegar a cada domicilio. Pero los voluntarios, a menudo, se encuentran con una nueva realidad: aquellas casas ya no existen.<\/p>\n<p>Se cumple una semana desde el siniestro meteorol\u00f3gico y ahora empieza a despejarse el barro de las calles y algunas inc\u00f3gnitas acerca de las necesidades perentorias de los afectados, especialmente aquellos que presentan alg\u00fan tipo de <a href=\"https:\/\/www.20minutos.es\/minuteca\/discapacidad\/\" title=\"Discapacidad\" target=\"_blank\" rel=\"noopener\">discapacidad<\/a>.<\/p>\n<p>\u201cSe est\u00e1 organizando un circuito de<b> donaciones de material ortoprot\u00e9sico<\/b> para aquellos que lo necesiten; as\u00ed como estamos elaborando un formulario para concretar el tipo de ayuda que necesiten las personas con discapacidad\u201d, explica la responsable de Comunicaci\u00f3n de Cocemfe CV, Lina Soler. \u201cNosotros hemos reunido alrededor de 6.000 mascarillas, pero hace falta mucho m\u00e1s\u201d.<\/p>\n<h1>Siempre son las personas con discapacidad las que salen peor paradas en situaci\u00f3n de emergencia<\/h1>\n<p>Adem\u00e1s, la Consejer\u00eda de Sanidad del Gobierno valenciano, en coordinaci\u00f3n con Cruz Roja y el Colegio de Farmac\u00e9uticos de Valencia, ha habilitado el n\u00famero de tel\u00e9fono<b> 965 918 658<\/b> para que los pacientes cr\u00f3nicos que se encuentren en zonas afectadas por la DANA expliquen cu\u00e1l es el<b> material<\/b> o cu\u00e1les son los <b>medicamentos que necesitar\u00edan <\/b>y d\u00f3nde se necesitan.<\/p>\n<p>Tambi\u00e9n <b>Plena inclusi\u00f3n<\/b> Espa\u00f1a ha abierto una l\u00ednea de donaci\u00f3n para poder atender las situaciones de emergencia de las personas con <a href=\"https:\/\/www.20minutos.es\/minuteca\/discapacidad-intelectual\/\" title=\"Discapacidad intelectual\" target=\"_blank\" rel=\"noopener\">discapacidad intelectual<\/a> y del desarrollo, sus familias y las organizaciones que les prestan apoyos.<\/p>\n<p>Tras este suceso, desde Cocemfe CV \u201cse lamentan de que siempre sean las personas con discapacidad<b> las que salen peor paradas<\/b> en situaci\u00f3n de emergencia\u201d. Subrayan que cuando son\u00f3 la alarma \u201cno dio tiempo a reaccionar, pero mucho menos a que estas personas se pusieran a resguardo\u201d. Inciden en que \u201cdespu\u00e9s de lo vivido durante la pandemia, lo sucedido nos deber\u00eda llevar a<b> redefinir los protocolos en situaciones de emergencia con personas con discapacidad<\/b>\u201d.<\/p>\n<\/div>\n<p>Fuente: Discapacidad https:\/\/www.20minutos.es\/noticia\/5651318\/0\/una-vecina-picana-silla-ruedas-salva-vida-las-inundaciones-gracias-sus-hijos\/<\/p>\n","protected":false},"excerpt":{"rendered":"<p>Las personas con discapacidad, especialmente las que tienen movilidad reducida, son especialmente vulnerables en situaciones de emergencia.<\/p>\n","protected":false},"author":1,"featured_media":0,"comment_status":"closed","ping_status":"closed","sticky":false,"template":"","format":"standard","meta":{"footnotes":""},"categories":[8],"tags":[],"class_list":["post-10533","post","type-post","status-publish","format-standard","hentry","category-noticias"],"yoast_head":"<!-- This site is optimized with the Yoast SEO plugin v27.5 - https:\/\/yoast.com\/product\/yoast-seo-wordpress\/ -->\n<title>Montse y Diego, dos personas con movilidad reducida &#039;afortunadas&#039; a pesar de la DANA: &quot;Al menos sigo con vida y tengo casa&quot; - Asociaci\u00f3n Espa\u00f1ola S\u00edndrome de Charge<\/title>\n<meta name=\"robots\" content=\"index, follow, max-snippet:-1, max-image-preview:large, max-video-preview:-1\" \/>\n<link rel=\"canonical\" href=\"https:\/\/sindromecharge.es\/index.php\/2024\/11\/06\/una-vecina-picana-silla-ruedas-salva-vida-las-inundaciones-gracias-sus-hijos\/\" \/>\n<meta property=\"og:locale\" content=\"es_ES\" \/>\n<meta property=\"og:type\" content=\"article\" \/>\n<meta property=\"og:title\" content=\"Montse y Diego, dos personas con movilidad reducida &#039;afortunadas&#039; a pesar de la DANA: &quot;Al menos sigo con vida y tengo casa&quot; - Asociaci\u00f3n Espa\u00f1ola S\u00edndrome de Charge\" \/>\n<meta property=\"og:description\" content=\"Las personas con discapacidad, especialmente las que tienen movilidad reducida, son especialmente vulnerables en situaciones de emergencia.\" \/>\n<meta property=\"og:url\" content=\"https:\/\/sindromecharge.es\/index.php\/2024\/11\/06\/una-vecina-picana-silla-ruedas-salva-vida-las-inundaciones-gracias-sus-hijos\/\" \/>\n<meta property=\"og:site_name\" content=\"Asociaci\u00f3n Espa\u00f1ola S\u00edndrome de Charge\" \/>\n<meta property=\"article:publisher\" content=\"https:\/\/www.facebook.com\/asociacionsindromecharge\" \/>\n<meta property=\"article:published_time\" content=\"2024-11-06T07:15:00+00:00\" \/>\n<meta property=\"og:image\" content=\"https:\/\/sindromecharge.es\/wp-content\/uploads\/2013\/09\/logodecharge300x98.png\" \/>\n\t<meta property=\"og:image:width\" content=\"300\" \/>\n\t<meta property=\"og:image:height\" content=\"98\" \/>\n\t<meta property=\"og:image:type\" content=\"image\/png\" \/>\n<meta name=\"author\" content=\"Charge\" \/>\n<meta name=\"twitter:card\" content=\"summary_large_image\" \/>\n<meta name=\"twitter:creator\" content=\"@sindromecharge\" \/>\n<meta name=\"twitter:site\" content=\"@sindromecharge\" \/>\n<meta name=\"twitter:label1\" content=\"Escrito por\" \/>\n\t<meta name=\"twitter:data1\" content=\"Charge\" \/>\n\t<meta name=\"twitter:label2\" content=\"Tiempo de lectura\" \/>\n\t<meta name=\"twitter:data2\" content=\"5 minutos\" \/>\n<script type=\"application\/ld+json\" class=\"yoast-schema-graph\">{\"@context\":\"https:\\\/\\\/schema.org\",\"@graph\":[{\"@type\":\"Article\",\"@id\":\"https:\\\/\\\/sindromecharge.es\\\/index.php\\\/2024\\\/11\\\/06\\\/una-vecina-picana-silla-ruedas-salva-vida-las-inundaciones-gracias-sus-hijos\\\/#article\",\"isPartOf\":{\"@id\":\"https:\\\/\\\/sindromecharge.es\\\/index.php\\\/2024\\\/11\\\/06\\\/una-vecina-picana-silla-ruedas-salva-vida-las-inundaciones-gracias-sus-hijos\\\/\"},\"author\":{\"name\":\"Charge\",\"@id\":\"https:\\\/\\\/sindromecharge.es\\\/#\\\/schema\\\/person\\\/39a60ebe0a2b4d5a11179701e336b039\"},\"headline\":\"Montse y Diego, dos personas con movilidad reducida &#8216;afortunadas&#8217; a pesar de la DANA: \u00abAl menos sigo con vida y tengo casa\u00bb\",\"datePublished\":\"2024-11-06T07:15:00+00:00\",\"mainEntityOfPage\":{\"@id\":\"https:\\\/\\\/sindromecharge.es\\\/index.php\\\/2024\\\/11\\\/06\\\/una-vecina-picana-silla-ruedas-salva-vida-las-inundaciones-gracias-sus-hijos\\\/\"},\"wordCount\":1084,\"articleSection\":[\"noticias\"],\"inLanguage\":\"es\"},{\"@type\":\"WebPage\",\"@id\":\"https:\\\/\\\/sindromecharge.es\\\/index.php\\\/2024\\\/11\\\/06\\\/una-vecina-picana-silla-ruedas-salva-vida-las-inundaciones-gracias-sus-hijos\\\/\",\"url\":\"https:\\\/\\\/sindromecharge.es\\\/index.php\\\/2024\\\/11\\\/06\\\/una-vecina-picana-silla-ruedas-salva-vida-las-inundaciones-gracias-sus-hijos\\\/\",\"name\":\"Montse y Diego, dos personas con movilidad reducida 'afortunadas' a pesar de la DANA: \\\"Al menos sigo con vida y tengo casa\\\" - Asociaci\u00f3n Espa\u00f1ola S\u00edndrome de Charge\",\"isPartOf\":{\"@id\":\"https:\\\/\\\/sindromecharge.es\\\/#website\"},\"datePublished\":\"2024-11-06T07:15:00+00:00\",\"author\":{\"@id\":\"https:\\\/\\\/sindromecharge.es\\\/#\\\/schema\\\/person\\\/39a60ebe0a2b4d5a11179701e336b039\"},\"breadcrumb\":{\"@id\":\"https:\\\/\\\/sindromecharge.es\\\/index.php\\\/2024\\\/11\\\/06\\\/una-vecina-picana-silla-ruedas-salva-vida-las-inundaciones-gracias-sus-hijos\\\/#breadcrumb\"},\"inLanguage\":\"es\",\"potentialAction\":[{\"@type\":\"ReadAction\",\"target\":[\"https:\\\/\\\/sindromecharge.es\\\/index.php\\\/2024\\\/11\\\/06\\\/una-vecina-picana-silla-ruedas-salva-vida-las-inundaciones-gracias-sus-hijos\\\/\"]}]},{\"@type\":\"BreadcrumbList\",\"@id\":\"https:\\\/\\\/sindromecharge.es\\\/index.php\\\/2024\\\/11\\\/06\\\/una-vecina-picana-silla-ruedas-salva-vida-las-inundaciones-gracias-sus-hijos\\\/#breadcrumb\",\"itemListElement\":[{\"@type\":\"ListItem\",\"position\":1,\"name\":\"Portada\",\"item\":\"https:\\\/\\\/sindromecharge.es\\\/\"},{\"@type\":\"ListItem\",\"position\":2,\"name\":\"Montse y Diego, dos personas con movilidad reducida &#8216;afortunadas&#8217; a pesar de la DANA: &#8220;Al menos sigo con vida y tengo casa&#8221;\"}]},{\"@type\":\"WebSite\",\"@id\":\"https:\\\/\\\/sindromecharge.es\\\/#website\",\"url\":\"https:\\\/\\\/sindromecharge.es\\\/\",\"name\":\"Asociaci\u00f3n Espa\u00f1ola S\u00edndrome de Charge\",\"description\":\"\",\"potentialAction\":[{\"@type\":\"SearchAction\",\"target\":{\"@type\":\"EntryPoint\",\"urlTemplate\":\"https:\\\/\\\/sindromecharge.es\\\/?s={search_term_string}\"},\"query-input\":{\"@type\":\"PropertyValueSpecification\",\"valueRequired\":true,\"valueName\":\"search_term_string\"}}],\"inLanguage\":\"es\"},{\"@type\":\"Person\",\"@id\":\"https:\\\/\\\/sindromecharge.es\\\/#\\\/schema\\\/person\\\/39a60ebe0a2b4d5a11179701e336b039\",\"name\":\"Charge\",\"image\":{\"@type\":\"ImageObject\",\"inLanguage\":\"es\",\"@id\":\"https:\\\/\\\/secure.gravatar.com\\\/avatar\\\/c3b46e32a0fc3b093a0873fb767bf3293de856293065e84ef06b7ec7a8acfb98?s=96&d=identicon&r=x\",\"url\":\"https:\\\/\\\/secure.gravatar.com\\\/avatar\\\/c3b46e32a0fc3b093a0873fb767bf3293de856293065e84ef06b7ec7a8acfb98?s=96&d=identicon&r=x\",\"contentUrl\":\"https:\\\/\\\/secure.gravatar.com\\\/avatar\\\/c3b46e32a0fc3b093a0873fb767bf3293de856293065e84ef06b7ec7a8acfb98?s=96&d=identicon&r=x\",\"caption\":\"Charge\"},\"url\":\"https:\\\/\\\/sindromecharge.es\\\/index.php\\\/author\\\/admin\\\/\"}]}<\/script>\n<!-- \/ Yoast SEO plugin. -->","yoast_head_json":{"title":"Montse y Diego, dos personas con movilidad reducida 'afortunadas' a pesar de la DANA: \"Al menos sigo con vida y tengo casa\" - Asociaci\u00f3n Espa\u00f1ola S\u00edndrome de Charge","robots":{"index":"index","follow":"follow","max-snippet":"max-snippet:-1","max-image-preview":"max-image-preview:large","max-video-preview":"max-video-preview:-1"},"canonical":"https:\/\/sindromecharge.es\/index.php\/2024\/11\/06\/una-vecina-picana-silla-ruedas-salva-vida-las-inundaciones-gracias-sus-hijos\/","og_locale":"es_ES","og_type":"article","og_title":"Montse y Diego, dos personas con movilidad reducida 'afortunadas' a pesar de la DANA: \"Al menos sigo con vida y tengo casa\" - Asociaci\u00f3n Espa\u00f1ola S\u00edndrome de Charge","og_description":"Las personas con discapacidad, especialmente las que tienen movilidad reducida, son especialmente vulnerables en situaciones de emergencia.","og_url":"https:\/\/sindromecharge.es\/index.php\/2024\/11\/06\/una-vecina-picana-silla-ruedas-salva-vida-las-inundaciones-gracias-sus-hijos\/","og_site_name":"Asociaci\u00f3n Espa\u00f1ola S\u00edndrome de Charge","article_publisher":"https:\/\/www.facebook.com\/asociacionsindromecharge","article_published_time":"2024-11-06T07:15:00+00:00","og_image":[{"width":300,"height":98,"url":"https:\/\/sindromecharge.es\/wp-content\/uploads\/2013\/09\/logodecharge300x98.png","type":"image\/png"}],"author":"Charge","twitter_card":"summary_large_image","twitter_creator":"@sindromecharge","twitter_site":"@sindromecharge","twitter_misc":{"Escrito por":"Charge","Tiempo de lectura":"5 minutos"},"schema":{"@context":"https:\/\/schema.org","@graph":[{"@type":"Article","@id":"https:\/\/sindromecharge.es\/index.php\/2024\/11\/06\/una-vecina-picana-silla-ruedas-salva-vida-las-inundaciones-gracias-sus-hijos\/#article","isPartOf":{"@id":"https:\/\/sindromecharge.es\/index.php\/2024\/11\/06\/una-vecina-picana-silla-ruedas-salva-vida-las-inundaciones-gracias-sus-hijos\/"},"author":{"name":"Charge","@id":"https:\/\/sindromecharge.es\/#\/schema\/person\/39a60ebe0a2b4d5a11179701e336b039"},"headline":"Montse y Diego, dos personas con movilidad reducida &#8216;afortunadas&#8217; a pesar de la DANA: \u00abAl menos sigo con vida y tengo casa\u00bb","datePublished":"2024-11-06T07:15:00+00:00","mainEntityOfPage":{"@id":"https:\/\/sindromecharge.es\/index.php\/2024\/11\/06\/una-vecina-picana-silla-ruedas-salva-vida-las-inundaciones-gracias-sus-hijos\/"},"wordCount":1084,"articleSection":["noticias"],"inLanguage":"es"},{"@type":"WebPage","@id":"https:\/\/sindromecharge.es\/index.php\/2024\/11\/06\/una-vecina-picana-silla-ruedas-salva-vida-las-inundaciones-gracias-sus-hijos\/","url":"https:\/\/sindromecharge.es\/index.php\/2024\/11\/06\/una-vecina-picana-silla-ruedas-salva-vida-las-inundaciones-gracias-sus-hijos\/","name":"Montse y Diego, dos personas con movilidad reducida 'afortunadas' a pesar de la DANA: \"Al menos sigo con vida y tengo casa\" - Asociaci\u00f3n Espa\u00f1ola S\u00edndrome de Charge","isPartOf":{"@id":"https:\/\/sindromecharge.es\/#website"},"datePublished":"2024-11-06T07:15:00+00:00","author":{"@id":"https:\/\/sindromecharge.es\/#\/schema\/person\/39a60ebe0a2b4d5a11179701e336b039"},"breadcrumb":{"@id":"https:\/\/sindromecharge.es\/index.php\/2024\/11\/06\/una-vecina-picana-silla-ruedas-salva-vida-las-inundaciones-gracias-sus-hijos\/#breadcrumb"},"inLanguage":"es","potentialAction":[{"@type":"ReadAction","target":["https:\/\/sindromecharge.es\/index.php\/2024\/11\/06\/una-vecina-picana-silla-ruedas-salva-vida-las-inundaciones-gracias-sus-hijos\/"]}]},{"@type":"BreadcrumbList","@id":"https:\/\/sindromecharge.es\/index.php\/2024\/11\/06\/una-vecina-picana-silla-ruedas-salva-vida-las-inundaciones-gracias-sus-hijos\/#breadcrumb","itemListElement":[{"@type":"ListItem","position":1,"name":"Portada","item":"https:\/\/sindromecharge.es\/"},{"@type":"ListItem","position":2,"name":"Montse y Diego, dos personas con movilidad reducida &#8216;afortunadas&#8217; a pesar de la DANA: &#8220;Al menos sigo con vida y tengo casa&#8221;"}]},{"@type":"WebSite","@id":"https:\/\/sindromecharge.es\/#website","url":"https:\/\/sindromecharge.es\/","name":"Asociaci\u00f3n Espa\u00f1ola S\u00edndrome de Charge","description":"","potentialAction":[{"@type":"SearchAction","target":{"@type":"EntryPoint","urlTemplate":"https:\/\/sindromecharge.es\/?s={search_term_string}"},"query-input":{"@type":"PropertyValueSpecification","valueRequired":true,"valueName":"search_term_string"}}],"inLanguage":"es"},{"@type":"Person","@id":"https:\/\/sindromecharge.es\/#\/schema\/person\/39a60ebe0a2b4d5a11179701e336b039","name":"Charge","image":{"@type":"ImageObject","inLanguage":"es","@id":"https:\/\/secure.gravatar.com\/avatar\/c3b46e32a0fc3b093a0873fb767bf3293de856293065e84ef06b7ec7a8acfb98?s=96&d=identicon&r=x","url":"https:\/\/secure.gravatar.com\/avatar\/c3b46e32a0fc3b093a0873fb767bf3293de856293065e84ef06b7ec7a8acfb98?s=96&d=identicon&r=x","contentUrl":"https:\/\/secure.gravatar.com\/avatar\/c3b46e32a0fc3b093a0873fb767bf3293de856293065e84ef06b7ec7a8acfb98?s=96&d=identicon&r=x","caption":"Charge"},"url":"https:\/\/sindromecharge.es\/index.php\/author\/admin\/"}]}},"_links":{"self":[{"href":"https:\/\/sindromecharge.es\/index.php\/wp-json\/wp\/v2\/posts\/10533","targetHints":{"allow":["GET"]}}],"collection":[{"href":"https:\/\/sindromecharge.es\/index.php\/wp-json\/wp\/v2\/posts"}],"about":[{"href":"https:\/\/sindromecharge.es\/index.php\/wp-json\/wp\/v2\/types\/post"}],"author":[{"embeddable":true,"href":"https:\/\/sindromecharge.es\/index.php\/wp-json\/wp\/v2\/users\/1"}],"replies":[{"embeddable":true,"href":"https:\/\/sindromecharge.es\/index.php\/wp-json\/wp\/v2\/comments?post=10533"}],"version-history":[{"count":0,"href":"https:\/\/sindromecharge.es\/index.php\/wp-json\/wp\/v2\/posts\/10533\/revisions"}],"wp:attachment":[{"href":"https:\/\/sindromecharge.es\/index.php\/wp-json\/wp\/v2\/media?parent=10533"}],"wp:term":[{"taxonomy":"category","embeddable":true,"href":"https:\/\/sindromecharge.es\/index.php\/wp-json\/wp\/v2\/categories?post=10533"},{"taxonomy":"post_tag","embeddable":true,"href":"https:\/\/sindromecharge.es\/index.php\/wp-json\/wp\/v2\/tags?post=10533"}],"curies":[{"name":"wp","href":"https:\/\/api.w.org\/{rel}","templated":true}]}}