{"id":10532,"date":"2024-11-06T06:28:48","date_gmt":"2024-11-06T06:28:48","guid":{"rendered":"https:\/\/sindromecharge.es\/index.php\/2024\/11\/06\/tragedia-dana-cuidado-persona-discapacidad-familias-situaciones-dramaticas\/"},"modified":"2024-11-06T06:28:48","modified_gmt":"2024-11-06T06:28:48","slug":"tragedia-dana-cuidado-persona-discapacidad-familias-situaciones-dramaticas","status":"publish","type":"post","link":"https:\/\/sindromecharge.es\/index.php\/2024\/11\/06\/tragedia-dana-cuidado-persona-discapacidad-familias-situaciones-dramaticas\/","title":{"rendered":"Cuando a la tragedia por la DANA se suma el cuidado de una persona con discapacidad: \u00abSon familias en situaciones dram\u00e1ticas\u00bb"},"content":{"rendered":"<p>Leemos en Discapacidad la siguiente noticia que os reproducimos de forma \u00edntegra: <\/p>\n<div>\n<p>En toda situaci\u00f3n de emergencia<b> los m\u00e1s vulnerables<\/b> son los que m\u00e1s sufren. En caso de las personas con<a href=\"https:\/\/www.20minutos.es\/minuteca\/discapacidad-intelectual\/\" title=\"Discapacidad intelectual\" target=\"_blank\" rel=\"noopener\"> discapacidad intelectual <\/a>y sus familias, no solo tienen que enfrentarse a las mismas p\u00e9rdidas que el resto, sino que tienen que hacerlo con menos recursos, como dificultades de comprensi\u00f3n, inflexibilidad cognitiva o problemas conductuales.<\/p>\n<p>Conscientes de esta realidad, desde <b>Plena Inclusi\u00f3n<\/b>, m\u00e1s concretamente desde <b>Plena Inclusi\u00f3n Comunidad Valenciana<\/b>, se pusieron manos a la obra en cuanto fue posible para atender las necesidades de las personas con <a href=\"https:\/\/www.20minutos.es\/minuteca\/discapacidad\/\" title=\"Discapacidad\" target=\"_blank\" rel=\"noopener\">discapacidad<\/a> intelectual y del desarrollo y sus familias que pueden haberse visto afectadas, que estiman que son unas 1.700, \u00abdesde Plena Inclusi\u00f3n Comunidad Valenciana lo primero que hicimos fue lanzar en redes un llamamiento para recluta a gente voluntaria\u00bb, cuenta <b>Marian Ferr\u00fas, presidenta de la federaci\u00f3n valenciana.<\/b><\/p>\n<p>Su objetivo era <b>atender las necesidades m\u00e1s urgentes<\/b> de las familias que se lo solicitaban, como atenderles psicol\u00f3gicamente o acompa\u00f1arles, \u00abpensamos en todas aquellas familias que ten\u00edan a una persona con <a href=\"https:\/\/www.20minutos.es\/minuteca\/discapacidad-intelectual\/\" title=\"Discapacidad intelectual\">discapacidad intelectua<\/a>l o problemas del desarrollo, como <a href=\"https:\/\/www.20minutos.es\/minuteca\/autismo\/\" title=\"Autismo\" target=\"_blank\" rel=\"noopener\">autismo<\/a>, y que podr\u00edan estar en un momento bastante cr\u00edtico, como estar sin luz, sin agua, limpiando barro\u2026 necesitar\u00e1n un acompa\u00f1amiento para sobrellevar la situaci\u00f3n. <b>Son familias en situaciones dram\u00e1ticas<\/b>, las t\u00edpicas que estamos viendo en la poblaci\u00f3n, gente que lo ha perdido todo\u2026 y que, adem\u00e1s, en este momento lo que necesita es que su familiar con discapacidad est\u00e9 lo m\u00e1s tranquilo y seguro posible\u00bb.<\/p>\n<p>Una vez tuvieron los voluntarios -m\u00e1s de 300- preguntaron a las familias qu\u00e9 necesitaban y un salvoconducto para que los voluntarios pudieran acceder a todas la zonas y, si eran inaccesibles, buscar voluntarios por la zona, \u00abnos han llegado peticiones de todo tipo, familias que necesitaban ser <b>atendidas psicol\u00f3gicamente<\/b> porque estaban desbordadas emocionalmente, otras que necesitaban que estuvi\u00e9ramos con su familiar para<b> explicarle con pictos<\/b> lo que estaba pasando o simplemente que estuvi\u00e9ramos con ellos, que les atendi\u00e9ramos, mientras ellos iban a retirar barro o a hacer cola para tener comida. Nos hemos ido adaptando a lo que nos ped\u00edan. Nos han llegado incluso a pedir comida de una determinada marca porque, a pesar de que s\u00ed ten\u00edan comida, su hijo con autismo no com\u00eda si no era de una determinada marca debido a su rigidez\u00bb.<\/p>\n<h1>Nos han llegado incluso a pedir comida de una determinada marca porque, a pesar de que s\u00ed ten\u00edan, su hijo con autismo no com\u00eda si no era de una determinada marca debido a su rigidez<\/h1>\n<p>Ese tipo de situaciones son muy comunes en este tipo de familias, \u00abpara las personas con determinadas alteraciones del desarrollo todo esto es mucho m\u00e1s impactante. Nos estamos encontrando con muchas<b> personas con autismo con muchos problemas para entender la situaci\u00f3n<\/b> o que est\u00e1n teniendo problemas de conducta porque est\u00e1n viendo alteradas todas sus rutinas, as\u00ed que les estamos ayudando a regularse. Y tambi\u00e9n personas que est\u00e1n menos afectadas, pero que no pueden llegar a los centros porque su localidad est\u00e1 todav\u00eda aislada. En estos casos, lo que necesita son unas horas de acompa\u00f1amiento para poder tener un respiro\u00bb.<\/p>\n<h2>Necesidades a largo plazo<\/h2>\n<p>Ahora, ya terminada, o casi, la primera fase, tienen que pasar a la segunda, la de reconstruir, \u00abtodav\u00eda nos siguen llegando solicitudes de ayuda que atendemos, y en otros casos les est\u00e1n ayudando directamente personas de su entorno, pero ya estamos pensando en la segunda fase. Estamos viendo las <b>familias que han perdido materiales<\/b>, cosas que necesitaban sus hijos, y lo estamos recogiendo, como comunicadores, tablets, ordenadores, etc\u00e9tera\u00bb, cuenta Marian.<\/p>\n<p>En esa fase, las necesidades no van a ser menos, sino distintas y a m\u00e1s largo plazo, \u00abadem\u00e1s de las necesidades de las personas, estamos gestionando tambi\u00e9n todas las necesidades de aquellas asociaciones que han tenido problemas de cualquier tipo, especialmente <b>problemas de tipo estructural, da\u00f1os<\/b>. Hicimos un llamamiento para que nos dijeran qu\u00e9 necesitaban, se lo pas\u00e1bamos a la administraci\u00f3n y, por nuestra parte, estamos viendo si podemos hacer algo\u00bb. <\/p>\n<p>Estas necesidades pueden ser desde materiales hasta, directamente, reconstruir entidades, \u00abentidades que han sufrido grandes p\u00e9rdidas tenemos a dos, un centro ocupacional que ha quedado arrasado, y un centro de atenci\u00f3n temprana. Los profesionales de este centro de atenci\u00f3n temprana est\u00e1n yendo ya a<b> hacer la intervenci\u00f3n a los ni\u00f1os en sus casas<\/b> o en sus entornos, y las del centro ocupacional las entidades de alrededor se han ofrecido para alojarlas. Esas cosas se van solucionando con entidades de aqu\u00ed y gente de alrededor, pero s\u00ed vamos a necesitar mucha ayuda a medio plazo\u00bb, insiste Ferr\u00fas.<\/p>\n<p>Por eso, Marian Ferr\u00fas quiere hacer un llamamiento importante, <b>que la ayuda no cese<\/b>, porque van a necesitar mucha despu\u00e9s, \u00abtendremos que ir mirando las necesidades que tenemos, y para ello vamos a necesitar ayuda econ\u00f3mica, donaciones de material, etc.  ayudas que iremos solicitando conforme se vayan necesitando\u00bb. <\/p>\n<p>La confederaci\u00f3n, Plena Inclusi\u00f3n Espa\u00f1a, ha establecido una cuenta corriente para donaciones que ir\u00e1n destinadas a cubrir estas necesidades, \u00abdesde el terreno, iremos recogiendo todas las necesidades que nos llegan y coordin\u00e1ndolas con voluntarios y entidades, pero vamos a necesitar <b>mucho apoyo para reconstruir todo lo que se ha perdido<\/b>\u00ab. <\/p>\n<p>Para contribuir a que esta reconstrucci\u00f3n sea r\u00e1pida y eficaz, Plena Inclusi\u00f3n ha habilitado una p\u00e1gina web a trav\u00e9s de la cual se pueden hacer donaciones con toda confianza: <a href=\"https:\/\/www.plenainclusion.org\/l\/dana\/\" target=\"_blank\" rel=\"nofollow noopener\">www.plenainclusion.org\/l\/dana\/<\/a><\/p>\n<\/div>\n<p>Fuente: Discapacidad https:\/\/www.20minutos.es\/noticia\/5651040\/0\/tragedia-dana-cuidado-persona-discapacidad-familias-situaciones-dramaticas\/<\/p>\n","protected":false},"excerpt":{"rendered":"<p>\u00abNos han llegado peticiones de todo tipo, como que les atendi\u00e9ramos mientras ellos iban a retirar barro o a hacer cola para tener comida\u00bb.<\/p>\n","protected":false},"author":1,"featured_media":0,"comment_status":"closed","ping_status":"closed","sticky":false,"template":"","format":"standard","meta":{"footnotes":""},"categories":[8],"tags":[],"class_list":["post-10532","post","type-post","status-publish","format-standard","hentry","category-noticias"],"yoast_head":"<!-- This site is optimized with the Yoast SEO plugin v27.5 - https:\/\/yoast.com\/product\/yoast-seo-wordpress\/ -->\n<title>Cuando a la tragedia por la DANA se suma el cuidado de una persona con discapacidad: &quot;Son familias en situaciones dram\u00e1ticas&quot; - Asociaci\u00f3n Espa\u00f1ola S\u00edndrome de Charge<\/title>\n<meta name=\"robots\" content=\"index, follow, max-snippet:-1, max-image-preview:large, max-video-preview:-1\" \/>\n<link rel=\"canonical\" href=\"https:\/\/sindromecharge.es\/index.php\/2024\/11\/06\/tragedia-dana-cuidado-persona-discapacidad-familias-situaciones-dramaticas\/\" \/>\n<meta property=\"og:locale\" content=\"es_ES\" \/>\n<meta property=\"og:type\" content=\"article\" \/>\n<meta property=\"og:title\" content=\"Cuando a la tragedia por la DANA se suma el cuidado de una persona con discapacidad: &quot;Son familias en situaciones dram\u00e1ticas&quot; - Asociaci\u00f3n Espa\u00f1ola S\u00edndrome de Charge\" \/>\n<meta property=\"og:description\" content=\"\u00abNos han llegado peticiones de todo tipo, como que les atendi\u00e9ramos mientras ellos iban a retirar barro o a hacer cola para tener comida\u00bb.\" \/>\n<meta property=\"og:url\" content=\"https:\/\/sindromecharge.es\/index.php\/2024\/11\/06\/tragedia-dana-cuidado-persona-discapacidad-familias-situaciones-dramaticas\/\" \/>\n<meta property=\"og:site_name\" content=\"Asociaci\u00f3n Espa\u00f1ola S\u00edndrome de Charge\" \/>\n<meta property=\"article:publisher\" content=\"https:\/\/www.facebook.com\/asociacionsindromecharge\" \/>\n<meta property=\"article:published_time\" content=\"2024-11-06T06:28:48+00:00\" \/>\n<meta property=\"og:image\" content=\"https:\/\/sindromecharge.es\/wp-content\/uploads\/2013\/09\/logodecharge300x98.png\" \/>\n\t<meta property=\"og:image:width\" content=\"300\" \/>\n\t<meta property=\"og:image:height\" content=\"98\" \/>\n\t<meta property=\"og:image:type\" content=\"image\/png\" \/>\n<meta name=\"author\" content=\"Charge\" \/>\n<meta name=\"twitter:card\" content=\"summary_large_image\" \/>\n<meta name=\"twitter:creator\" content=\"@sindromecharge\" \/>\n<meta name=\"twitter:site\" content=\"@sindromecharge\" \/>\n<meta name=\"twitter:label1\" content=\"Escrito por\" \/>\n\t<meta name=\"twitter:data1\" content=\"Charge\" \/>\n\t<meta name=\"twitter:label2\" content=\"Tiempo de lectura\" \/>\n\t<meta name=\"twitter:data2\" content=\"5 minutos\" \/>\n<script type=\"application\/ld+json\" class=\"yoast-schema-graph\">{\"@context\":\"https:\\\/\\\/schema.org\",\"@graph\":[{\"@type\":\"Article\",\"@id\":\"https:\\\/\\\/sindromecharge.es\\\/index.php\\\/2024\\\/11\\\/06\\\/tragedia-dana-cuidado-persona-discapacidad-familias-situaciones-dramaticas\\\/#article\",\"isPartOf\":{\"@id\":\"https:\\\/\\\/sindromecharge.es\\\/index.php\\\/2024\\\/11\\\/06\\\/tragedia-dana-cuidado-persona-discapacidad-familias-situaciones-dramaticas\\\/\"},\"author\":{\"name\":\"Charge\",\"@id\":\"https:\\\/\\\/sindromecharge.es\\\/#\\\/schema\\\/person\\\/39a60ebe0a2b4d5a11179701e336b039\"},\"headline\":\"Cuando a la tragedia por la DANA se suma el cuidado de una persona con discapacidad: \u00abSon familias en situaciones dram\u00e1ticas\u00bb\",\"datePublished\":\"2024-11-06T06:28:48+00:00\",\"mainEntityOfPage\":{\"@id\":\"https:\\\/\\\/sindromecharge.es\\\/index.php\\\/2024\\\/11\\\/06\\\/tragedia-dana-cuidado-persona-discapacidad-familias-situaciones-dramaticas\\\/\"},\"wordCount\":992,\"articleSection\":[\"noticias\"],\"inLanguage\":\"es\"},{\"@type\":\"WebPage\",\"@id\":\"https:\\\/\\\/sindromecharge.es\\\/index.php\\\/2024\\\/11\\\/06\\\/tragedia-dana-cuidado-persona-discapacidad-familias-situaciones-dramaticas\\\/\",\"url\":\"https:\\\/\\\/sindromecharge.es\\\/index.php\\\/2024\\\/11\\\/06\\\/tragedia-dana-cuidado-persona-discapacidad-familias-situaciones-dramaticas\\\/\",\"name\":\"Cuando a la tragedia por la DANA se suma el cuidado de una persona con discapacidad: \\\"Son familias en situaciones dram\u00e1ticas\\\" - Asociaci\u00f3n Espa\u00f1ola S\u00edndrome de Charge\",\"isPartOf\":{\"@id\":\"https:\\\/\\\/sindromecharge.es\\\/#website\"},\"datePublished\":\"2024-11-06T06:28:48+00:00\",\"author\":{\"@id\":\"https:\\\/\\\/sindromecharge.es\\\/#\\\/schema\\\/person\\\/39a60ebe0a2b4d5a11179701e336b039\"},\"breadcrumb\":{\"@id\":\"https:\\\/\\\/sindromecharge.es\\\/index.php\\\/2024\\\/11\\\/06\\\/tragedia-dana-cuidado-persona-discapacidad-familias-situaciones-dramaticas\\\/#breadcrumb\"},\"inLanguage\":\"es\",\"potentialAction\":[{\"@type\":\"ReadAction\",\"target\":[\"https:\\\/\\\/sindromecharge.es\\\/index.php\\\/2024\\\/11\\\/06\\\/tragedia-dana-cuidado-persona-discapacidad-familias-situaciones-dramaticas\\\/\"]}]},{\"@type\":\"BreadcrumbList\",\"@id\":\"https:\\\/\\\/sindromecharge.es\\\/index.php\\\/2024\\\/11\\\/06\\\/tragedia-dana-cuidado-persona-discapacidad-familias-situaciones-dramaticas\\\/#breadcrumb\",\"itemListElement\":[{\"@type\":\"ListItem\",\"position\":1,\"name\":\"Portada\",\"item\":\"https:\\\/\\\/sindromecharge.es\\\/\"},{\"@type\":\"ListItem\",\"position\":2,\"name\":\"Cuando a la tragedia por la DANA se suma el cuidado de una persona con discapacidad: &#8220;Son familias en situaciones dram\u00e1ticas&#8221;\"}]},{\"@type\":\"WebSite\",\"@id\":\"https:\\\/\\\/sindromecharge.es\\\/#website\",\"url\":\"https:\\\/\\\/sindromecharge.es\\\/\",\"name\":\"Asociaci\u00f3n Espa\u00f1ola S\u00edndrome de Charge\",\"description\":\"\",\"potentialAction\":[{\"@type\":\"SearchAction\",\"target\":{\"@type\":\"EntryPoint\",\"urlTemplate\":\"https:\\\/\\\/sindromecharge.es\\\/?s={search_term_string}\"},\"query-input\":{\"@type\":\"PropertyValueSpecification\",\"valueRequired\":true,\"valueName\":\"search_term_string\"}}],\"inLanguage\":\"es\"},{\"@type\":\"Person\",\"@id\":\"https:\\\/\\\/sindromecharge.es\\\/#\\\/schema\\\/person\\\/39a60ebe0a2b4d5a11179701e336b039\",\"name\":\"Charge\",\"image\":{\"@type\":\"ImageObject\",\"inLanguage\":\"es\",\"@id\":\"https:\\\/\\\/secure.gravatar.com\\\/avatar\\\/c3b46e32a0fc3b093a0873fb767bf3293de856293065e84ef06b7ec7a8acfb98?s=96&d=identicon&r=x\",\"url\":\"https:\\\/\\\/secure.gravatar.com\\\/avatar\\\/c3b46e32a0fc3b093a0873fb767bf3293de856293065e84ef06b7ec7a8acfb98?s=96&d=identicon&r=x\",\"contentUrl\":\"https:\\\/\\\/secure.gravatar.com\\\/avatar\\\/c3b46e32a0fc3b093a0873fb767bf3293de856293065e84ef06b7ec7a8acfb98?s=96&d=identicon&r=x\",\"caption\":\"Charge\"},\"url\":\"https:\\\/\\\/sindromecharge.es\\\/index.php\\\/author\\\/admin\\\/\"}]}<\/script>\n<!-- \/ Yoast SEO plugin. -->","yoast_head_json":{"title":"Cuando a la tragedia por la DANA se suma el cuidado de una persona con discapacidad: \"Son familias en situaciones dram\u00e1ticas\" - Asociaci\u00f3n Espa\u00f1ola S\u00edndrome de Charge","robots":{"index":"index","follow":"follow","max-snippet":"max-snippet:-1","max-image-preview":"max-image-preview:large","max-video-preview":"max-video-preview:-1"},"canonical":"https:\/\/sindromecharge.es\/index.php\/2024\/11\/06\/tragedia-dana-cuidado-persona-discapacidad-familias-situaciones-dramaticas\/","og_locale":"es_ES","og_type":"article","og_title":"Cuando a la tragedia por la DANA se suma el cuidado de una persona con discapacidad: \"Son familias en situaciones dram\u00e1ticas\" - Asociaci\u00f3n Espa\u00f1ola S\u00edndrome de Charge","og_description":"\u00abNos han llegado peticiones de todo tipo, como que les atendi\u00e9ramos mientras ellos iban a retirar barro o a hacer cola para tener comida\u00bb.","og_url":"https:\/\/sindromecharge.es\/index.php\/2024\/11\/06\/tragedia-dana-cuidado-persona-discapacidad-familias-situaciones-dramaticas\/","og_site_name":"Asociaci\u00f3n Espa\u00f1ola S\u00edndrome de Charge","article_publisher":"https:\/\/www.facebook.com\/asociacionsindromecharge","article_published_time":"2024-11-06T06:28:48+00:00","og_image":[{"width":300,"height":98,"url":"https:\/\/sindromecharge.es\/wp-content\/uploads\/2013\/09\/logodecharge300x98.png","type":"image\/png"}],"author":"Charge","twitter_card":"summary_large_image","twitter_creator":"@sindromecharge","twitter_site":"@sindromecharge","twitter_misc":{"Escrito por":"Charge","Tiempo de lectura":"5 minutos"},"schema":{"@context":"https:\/\/schema.org","@graph":[{"@type":"Article","@id":"https:\/\/sindromecharge.es\/index.php\/2024\/11\/06\/tragedia-dana-cuidado-persona-discapacidad-familias-situaciones-dramaticas\/#article","isPartOf":{"@id":"https:\/\/sindromecharge.es\/index.php\/2024\/11\/06\/tragedia-dana-cuidado-persona-discapacidad-familias-situaciones-dramaticas\/"},"author":{"name":"Charge","@id":"https:\/\/sindromecharge.es\/#\/schema\/person\/39a60ebe0a2b4d5a11179701e336b039"},"headline":"Cuando a la tragedia por la DANA se suma el cuidado de una persona con discapacidad: \u00abSon familias en situaciones dram\u00e1ticas\u00bb","datePublished":"2024-11-06T06:28:48+00:00","mainEntityOfPage":{"@id":"https:\/\/sindromecharge.es\/index.php\/2024\/11\/06\/tragedia-dana-cuidado-persona-discapacidad-familias-situaciones-dramaticas\/"},"wordCount":992,"articleSection":["noticias"],"inLanguage":"es"},{"@type":"WebPage","@id":"https:\/\/sindromecharge.es\/index.php\/2024\/11\/06\/tragedia-dana-cuidado-persona-discapacidad-familias-situaciones-dramaticas\/","url":"https:\/\/sindromecharge.es\/index.php\/2024\/11\/06\/tragedia-dana-cuidado-persona-discapacidad-familias-situaciones-dramaticas\/","name":"Cuando a la tragedia por la DANA se suma el cuidado de una persona con discapacidad: \"Son familias en situaciones dram\u00e1ticas\" - Asociaci\u00f3n Espa\u00f1ola S\u00edndrome de Charge","isPartOf":{"@id":"https:\/\/sindromecharge.es\/#website"},"datePublished":"2024-11-06T06:28:48+00:00","author":{"@id":"https:\/\/sindromecharge.es\/#\/schema\/person\/39a60ebe0a2b4d5a11179701e336b039"},"breadcrumb":{"@id":"https:\/\/sindromecharge.es\/index.php\/2024\/11\/06\/tragedia-dana-cuidado-persona-discapacidad-familias-situaciones-dramaticas\/#breadcrumb"},"inLanguage":"es","potentialAction":[{"@type":"ReadAction","target":["https:\/\/sindromecharge.es\/index.php\/2024\/11\/06\/tragedia-dana-cuidado-persona-discapacidad-familias-situaciones-dramaticas\/"]}]},{"@type":"BreadcrumbList","@id":"https:\/\/sindromecharge.es\/index.php\/2024\/11\/06\/tragedia-dana-cuidado-persona-discapacidad-familias-situaciones-dramaticas\/#breadcrumb","itemListElement":[{"@type":"ListItem","position":1,"name":"Portada","item":"https:\/\/sindromecharge.es\/"},{"@type":"ListItem","position":2,"name":"Cuando a la tragedia por la DANA se suma el cuidado de una persona con discapacidad: &#8220;Son familias en situaciones dram\u00e1ticas&#8221;"}]},{"@type":"WebSite","@id":"https:\/\/sindromecharge.es\/#website","url":"https:\/\/sindromecharge.es\/","name":"Asociaci\u00f3n Espa\u00f1ola S\u00edndrome de Charge","description":"","potentialAction":[{"@type":"SearchAction","target":{"@type":"EntryPoint","urlTemplate":"https:\/\/sindromecharge.es\/?s={search_term_string}"},"query-input":{"@type":"PropertyValueSpecification","valueRequired":true,"valueName":"search_term_string"}}],"inLanguage":"es"},{"@type":"Person","@id":"https:\/\/sindromecharge.es\/#\/schema\/person\/39a60ebe0a2b4d5a11179701e336b039","name":"Charge","image":{"@type":"ImageObject","inLanguage":"es","@id":"https:\/\/secure.gravatar.com\/avatar\/c3b46e32a0fc3b093a0873fb767bf3293de856293065e84ef06b7ec7a8acfb98?s=96&d=identicon&r=x","url":"https:\/\/secure.gravatar.com\/avatar\/c3b46e32a0fc3b093a0873fb767bf3293de856293065e84ef06b7ec7a8acfb98?s=96&d=identicon&r=x","contentUrl":"https:\/\/secure.gravatar.com\/avatar\/c3b46e32a0fc3b093a0873fb767bf3293de856293065e84ef06b7ec7a8acfb98?s=96&d=identicon&r=x","caption":"Charge"},"url":"https:\/\/sindromecharge.es\/index.php\/author\/admin\/"}]}},"_links":{"self":[{"href":"https:\/\/sindromecharge.es\/index.php\/wp-json\/wp\/v2\/posts\/10532","targetHints":{"allow":["GET"]}}],"collection":[{"href":"https:\/\/sindromecharge.es\/index.php\/wp-json\/wp\/v2\/posts"}],"about":[{"href":"https:\/\/sindromecharge.es\/index.php\/wp-json\/wp\/v2\/types\/post"}],"author":[{"embeddable":true,"href":"https:\/\/sindromecharge.es\/index.php\/wp-json\/wp\/v2\/users\/1"}],"replies":[{"embeddable":true,"href":"https:\/\/sindromecharge.es\/index.php\/wp-json\/wp\/v2\/comments?post=10532"}],"version-history":[{"count":0,"href":"https:\/\/sindromecharge.es\/index.php\/wp-json\/wp\/v2\/posts\/10532\/revisions"}],"wp:attachment":[{"href":"https:\/\/sindromecharge.es\/index.php\/wp-json\/wp\/v2\/media?parent=10532"}],"wp:term":[{"taxonomy":"category","embeddable":true,"href":"https:\/\/sindromecharge.es\/index.php\/wp-json\/wp\/v2\/categories?post=10532"},{"taxonomy":"post_tag","embeddable":true,"href":"https:\/\/sindromecharge.es\/index.php\/wp-json\/wp\/v2\/tags?post=10532"}],"curies":[{"name":"wp","href":"https:\/\/api.w.org\/{rel}","templated":true}]}}