{"id":10530,"date":"2024-11-06T04:11:34","date_gmt":"2024-11-06T04:11:34","guid":{"rendered":"https:\/\/sindromecharge.es\/index.php\/2024\/11\/06\/dana-las-personas-con-discapacidad-sus-familias\/"},"modified":"2024-11-06T04:11:34","modified_gmt":"2024-11-06T04:11:34","slug":"dana-las-personas-con-discapacidad-sus-familias","status":"publish","type":"post","link":"https:\/\/sindromecharge.es\/index.php\/2024\/11\/06\/dana-las-personas-con-discapacidad-sus-familias\/","title":{"rendered":"La DANA y las personas con discapacidad y sus familias"},"content":{"rendered":"<p>Leemos en Discapacidad la siguiente noticia que os reproducimos de forma \u00edntegra: <\/p>\n<div>\n<p>La <a href=\"https:\/\/www.20minutos.es\/minuteca\/dana\/\" title=\"DANA\">DANA<\/a> ha golpeado con fuerza a toda la Comunidad Valenciana, dejando a su paso devastaci\u00f3n y vidas enterradas. En medio de la cat\u00e1strofe, el pueblo est\u00e1 sacando lo mejor de s\u00ed mismo, con miles de voluntarios colaborando para ayudar a quienes lo han perdido todo. <b>La solidaridad est\u00e1 presente en cada rinc\u00f3n<\/b> y los medios est\u00e1n haciendo una gran labor al visibilizar las historias de los afectados, mostrando una Espa\u00f1a unida y solidaria. Sin embargo, <b>hay quienes, aun sobreviviendo, no pueden alzar su voz<\/b>. Son las personas con <a href=\"https:\/\/www.20minutos.es\/minuteca\/discapacidad\/\" title=\"Discapacidad\">discapacidad<\/a> y sus familias, quienes, ya acostumbrados a lidiar con barreras cotidianas, enfrentan ahora desaf\u00edos multiplicados por la cat\u00e1strofe. Son los grandes olvidados, como en tantas otras crisis.<\/p>\n<p>En situaciones de emergencia, las necesidades espec\u00edficas de las personas con discapacidad no suelen contemplarse. En el contexto de una crisis, <b>productos como alimentos espesantes o de textura modificada<\/b>, esenciales para aquellos con dificultades de degluci\u00f3n, se vuelven pr\u00e1cticamente inalcanzables. Sin ellos, estas personas no pueden alimentarse de forma segura, y sus familias se ven obligadas a recurrir a alternativas peligrosas o insuficientes. <b>Incluir estos productos en los suministros de emergencia no es un capricho, sino una necesidad urgente.<\/b><\/p>\n<p>La situaci\u00f3n se complica a\u00fan m\u00e1s con la falta de <b>acceso a medicamentos<\/b>. Para muchas personas con discapacidad, la medicaci\u00f3n es esencial, y sin un suministro adecuado, su salud se deteriora r\u00e1pidamente. <b>La interrupci\u00f3n de estos tratamientos puede ser fatal<\/b>, y la falta de un protocolo claro para garantizar su acceso durante una emergencia no deber\u00eda ser la norma.<\/p>\n<p>A este panorama <b>se suma el desgaste emocional y f\u00edsico de los cuidadores<\/b>, aquellos guardianes invisibles que no solo enfrentan el caos de la emergencia, sino que cargan con la responsabilidad de proteger y asistir a sus seres queridos con discapacidad. La carga emocional para ellos es inmensa, pero casi nunca o nunca se les ofrece el apoyo necesario.<\/p>\n<h1>Hacen falta recursos, liderazgo efectivo y gobernanza para garantizar que, en cada crisis, nadie quede atr\u00e1s<\/h1>\n<p>Asimismo, <b>en los albergues temporales, las necesidades de accesibilidad suelen ser olvidadas<\/b>. Los espacios de evacuaci\u00f3n no suelen estar adaptados para personas con movilidad reducida o discapacidades sensoriales, dej\u00e1ndolas indefensas en los momentos de mayor necesidad. Esto no solo las pone en peligro, sino que<b> les niega su derecho a recibir ayuda en condiciones de igualdad y dignidad.<\/b><\/p>\n<p>En Espa\u00f1a, la solidaridad nos caracterizan, pero hacen falta recursos, liderazgo efectivo y gobernanza <b>para garantizar que, en cada crisis, nadie quede atr\u00e1s.<\/b> Hacen falta varias acciones urgentes. El gobierno central y auton\u00f3mico deben dejar la discusi\u00f3n sobre competencias y colaborar de forma activa y eficaz, pensando tambi\u00e9n en los ciudadanos que conviven con discapacidad. La ayuda debe llegar de manera r\u00e1pida y continuada; las personas han perdido todo, y cada segundo aviva la cat\u00e1strofe, todav\u00eda m\u00e1s en colectivos de por s\u00ed vulnerados.<\/p>\n<p><b>A las asociaciones de Valencia que trabajan con personas con discapacidad<\/b>: haced visibles vuestras necesidades para que todos os podamos ayudar. A las grandes entidades, cread y visibilizad canales espec\u00edficos de ayuda. A la ciudadan\u00eda: <b>entre los valencianos afectados, el 10% aproximadamente son personas con discapacidad<\/b>. Ni siquiera yo, que convivo con una discapacidad, puedo imaginar todas sus necesidades; preguntad a las ONGs, involucraos. A los medios de comunicaci\u00f3n, visibilizad esta realidad cuya mayor cat\u00e1strofe es permanecer oculta, esto les incapacita m\u00e1s cualquier posibilidad de colaboraci\u00f3n.<\/p>\n<p>Desde Convives con Espasticidad y la Fundaci\u00f3n Claudia Tecglen, aunque somos entidades peque\u00f1as, estamos a disposici\u00f3n para ayudar en todo lo que podamos a las personas con discapacidad y sus familias en Valencia. <b>El pueblo salva al pueblo, pero no puede ni intentarlo cuando somos invisibles.<\/b><\/p>\n<\/div>\n<p>Fuente: Discapacidad https:\/\/www.20minutos.es\/noticia\/5651026\/0\/dana-las-personas-con-discapacidad-sus-familias\/<\/p>\n","protected":false},"excerpt":{"rendered":"<p>\u00abEn situaciones de emergencia, las necesidades espec\u00edficas de las personas con discapacidad no suelen contemplarse\u00bb.<\/p>\n","protected":false},"author":1,"featured_media":0,"comment_status":"closed","ping_status":"closed","sticky":false,"template":"","format":"standard","meta":{"footnotes":""},"categories":[8],"tags":[],"class_list":["post-10530","post","type-post","status-publish","format-standard","hentry","category-noticias"],"yoast_head":"<!-- This site is optimized with the Yoast SEO plugin v27.5 - https:\/\/yoast.com\/product\/yoast-seo-wordpress\/ -->\n<title>La DANA y las personas con discapacidad y sus familias - Asociaci\u00f3n Espa\u00f1ola S\u00edndrome de Charge<\/title>\n<meta name=\"robots\" content=\"index, follow, max-snippet:-1, max-image-preview:large, max-video-preview:-1\" \/>\n<link rel=\"canonical\" href=\"https:\/\/sindromecharge.es\/index.php\/2024\/11\/06\/dana-las-personas-con-discapacidad-sus-familias\/\" \/>\n<meta property=\"og:locale\" content=\"es_ES\" \/>\n<meta property=\"og:type\" content=\"article\" \/>\n<meta property=\"og:title\" content=\"La DANA y las personas con discapacidad y sus familias - Asociaci\u00f3n Espa\u00f1ola S\u00edndrome de Charge\" \/>\n<meta property=\"og:description\" content=\"\u00abEn situaciones de emergencia, las necesidades espec\u00edficas de las personas con discapacidad no suelen contemplarse\u00bb.\" \/>\n<meta property=\"og:url\" content=\"https:\/\/sindromecharge.es\/index.php\/2024\/11\/06\/dana-las-personas-con-discapacidad-sus-familias\/\" \/>\n<meta property=\"og:site_name\" content=\"Asociaci\u00f3n Espa\u00f1ola S\u00edndrome de Charge\" \/>\n<meta property=\"article:publisher\" content=\"https:\/\/www.facebook.com\/asociacionsindromecharge\" \/>\n<meta property=\"article:published_time\" content=\"2024-11-06T04:11:34+00:00\" \/>\n<meta property=\"og:image\" content=\"https:\/\/sindromecharge.es\/wp-content\/uploads\/2013\/09\/logodecharge300x98.png\" \/>\n\t<meta property=\"og:image:width\" content=\"300\" \/>\n\t<meta property=\"og:image:height\" content=\"98\" \/>\n\t<meta property=\"og:image:type\" content=\"image\/png\" \/>\n<meta name=\"author\" content=\"Charge\" \/>\n<meta name=\"twitter:card\" content=\"summary_large_image\" \/>\n<meta name=\"twitter:creator\" content=\"@sindromecharge\" \/>\n<meta name=\"twitter:site\" content=\"@sindromecharge\" \/>\n<meta name=\"twitter:label1\" content=\"Escrito por\" \/>\n\t<meta name=\"twitter:data1\" content=\"Charge\" \/>\n\t<meta name=\"twitter:label2\" content=\"Tiempo de lectura\" \/>\n\t<meta name=\"twitter:data2\" content=\"3 minutos\" \/>\n<script type=\"application\/ld+json\" class=\"yoast-schema-graph\">{\"@context\":\"https:\\\/\\\/schema.org\",\"@graph\":[{\"@type\":\"Article\",\"@id\":\"https:\\\/\\\/sindromecharge.es\\\/index.php\\\/2024\\\/11\\\/06\\\/dana-las-personas-con-discapacidad-sus-familias\\\/#article\",\"isPartOf\":{\"@id\":\"https:\\\/\\\/sindromecharge.es\\\/index.php\\\/2024\\\/11\\\/06\\\/dana-las-personas-con-discapacidad-sus-familias\\\/\"},\"author\":{\"name\":\"Charge\",\"@id\":\"https:\\\/\\\/sindromecharge.es\\\/#\\\/schema\\\/person\\\/39a60ebe0a2b4d5a11179701e336b039\"},\"headline\":\"La DANA y las personas con discapacidad y sus familias\",\"datePublished\":\"2024-11-06T04:11:34+00:00\",\"mainEntityOfPage\":{\"@id\":\"https:\\\/\\\/sindromecharge.es\\\/index.php\\\/2024\\\/11\\\/06\\\/dana-las-personas-con-discapacidad-sus-familias\\\/\"},\"wordCount\":671,\"articleSection\":[\"noticias\"],\"inLanguage\":\"es\"},{\"@type\":\"WebPage\",\"@id\":\"https:\\\/\\\/sindromecharge.es\\\/index.php\\\/2024\\\/11\\\/06\\\/dana-las-personas-con-discapacidad-sus-familias\\\/\",\"url\":\"https:\\\/\\\/sindromecharge.es\\\/index.php\\\/2024\\\/11\\\/06\\\/dana-las-personas-con-discapacidad-sus-familias\\\/\",\"name\":\"La DANA y las personas con discapacidad y sus familias - Asociaci\u00f3n Espa\u00f1ola S\u00edndrome de Charge\",\"isPartOf\":{\"@id\":\"https:\\\/\\\/sindromecharge.es\\\/#website\"},\"datePublished\":\"2024-11-06T04:11:34+00:00\",\"author\":{\"@id\":\"https:\\\/\\\/sindromecharge.es\\\/#\\\/schema\\\/person\\\/39a60ebe0a2b4d5a11179701e336b039\"},\"breadcrumb\":{\"@id\":\"https:\\\/\\\/sindromecharge.es\\\/index.php\\\/2024\\\/11\\\/06\\\/dana-las-personas-con-discapacidad-sus-familias\\\/#breadcrumb\"},\"inLanguage\":\"es\",\"potentialAction\":[{\"@type\":\"ReadAction\",\"target\":[\"https:\\\/\\\/sindromecharge.es\\\/index.php\\\/2024\\\/11\\\/06\\\/dana-las-personas-con-discapacidad-sus-familias\\\/\"]}]},{\"@type\":\"BreadcrumbList\",\"@id\":\"https:\\\/\\\/sindromecharge.es\\\/index.php\\\/2024\\\/11\\\/06\\\/dana-las-personas-con-discapacidad-sus-familias\\\/#breadcrumb\",\"itemListElement\":[{\"@type\":\"ListItem\",\"position\":1,\"name\":\"Portada\",\"item\":\"https:\\\/\\\/sindromecharge.es\\\/\"},{\"@type\":\"ListItem\",\"position\":2,\"name\":\"La DANA y las personas con discapacidad y sus familias\"}]},{\"@type\":\"WebSite\",\"@id\":\"https:\\\/\\\/sindromecharge.es\\\/#website\",\"url\":\"https:\\\/\\\/sindromecharge.es\\\/\",\"name\":\"Asociaci\u00f3n Espa\u00f1ola S\u00edndrome de Charge\",\"description\":\"\",\"potentialAction\":[{\"@type\":\"SearchAction\",\"target\":{\"@type\":\"EntryPoint\",\"urlTemplate\":\"https:\\\/\\\/sindromecharge.es\\\/?s={search_term_string}\"},\"query-input\":{\"@type\":\"PropertyValueSpecification\",\"valueRequired\":true,\"valueName\":\"search_term_string\"}}],\"inLanguage\":\"es\"},{\"@type\":\"Person\",\"@id\":\"https:\\\/\\\/sindromecharge.es\\\/#\\\/schema\\\/person\\\/39a60ebe0a2b4d5a11179701e336b039\",\"name\":\"Charge\",\"image\":{\"@type\":\"ImageObject\",\"inLanguage\":\"es\",\"@id\":\"https:\\\/\\\/secure.gravatar.com\\\/avatar\\\/c3b46e32a0fc3b093a0873fb767bf3293de856293065e84ef06b7ec7a8acfb98?s=96&d=identicon&r=x\",\"url\":\"https:\\\/\\\/secure.gravatar.com\\\/avatar\\\/c3b46e32a0fc3b093a0873fb767bf3293de856293065e84ef06b7ec7a8acfb98?s=96&d=identicon&r=x\",\"contentUrl\":\"https:\\\/\\\/secure.gravatar.com\\\/avatar\\\/c3b46e32a0fc3b093a0873fb767bf3293de856293065e84ef06b7ec7a8acfb98?s=96&d=identicon&r=x\",\"caption\":\"Charge\"},\"url\":\"https:\\\/\\\/sindromecharge.es\\\/index.php\\\/author\\\/admin\\\/\"}]}<\/script>\n<!-- \/ Yoast SEO plugin. -->","yoast_head_json":{"title":"La DANA y las personas con discapacidad y sus familias - Asociaci\u00f3n Espa\u00f1ola S\u00edndrome de Charge","robots":{"index":"index","follow":"follow","max-snippet":"max-snippet:-1","max-image-preview":"max-image-preview:large","max-video-preview":"max-video-preview:-1"},"canonical":"https:\/\/sindromecharge.es\/index.php\/2024\/11\/06\/dana-las-personas-con-discapacidad-sus-familias\/","og_locale":"es_ES","og_type":"article","og_title":"La DANA y las personas con discapacidad y sus familias - Asociaci\u00f3n Espa\u00f1ola S\u00edndrome de Charge","og_description":"\u00abEn situaciones de emergencia, las necesidades espec\u00edficas de las personas con discapacidad no suelen contemplarse\u00bb.","og_url":"https:\/\/sindromecharge.es\/index.php\/2024\/11\/06\/dana-las-personas-con-discapacidad-sus-familias\/","og_site_name":"Asociaci\u00f3n Espa\u00f1ola S\u00edndrome de Charge","article_publisher":"https:\/\/www.facebook.com\/asociacionsindromecharge","article_published_time":"2024-11-06T04:11:34+00:00","og_image":[{"width":300,"height":98,"url":"https:\/\/sindromecharge.es\/wp-content\/uploads\/2013\/09\/logodecharge300x98.png","type":"image\/png"}],"author":"Charge","twitter_card":"summary_large_image","twitter_creator":"@sindromecharge","twitter_site":"@sindromecharge","twitter_misc":{"Escrito por":"Charge","Tiempo de lectura":"3 minutos"},"schema":{"@context":"https:\/\/schema.org","@graph":[{"@type":"Article","@id":"https:\/\/sindromecharge.es\/index.php\/2024\/11\/06\/dana-las-personas-con-discapacidad-sus-familias\/#article","isPartOf":{"@id":"https:\/\/sindromecharge.es\/index.php\/2024\/11\/06\/dana-las-personas-con-discapacidad-sus-familias\/"},"author":{"name":"Charge","@id":"https:\/\/sindromecharge.es\/#\/schema\/person\/39a60ebe0a2b4d5a11179701e336b039"},"headline":"La DANA y las personas con discapacidad y sus familias","datePublished":"2024-11-06T04:11:34+00:00","mainEntityOfPage":{"@id":"https:\/\/sindromecharge.es\/index.php\/2024\/11\/06\/dana-las-personas-con-discapacidad-sus-familias\/"},"wordCount":671,"articleSection":["noticias"],"inLanguage":"es"},{"@type":"WebPage","@id":"https:\/\/sindromecharge.es\/index.php\/2024\/11\/06\/dana-las-personas-con-discapacidad-sus-familias\/","url":"https:\/\/sindromecharge.es\/index.php\/2024\/11\/06\/dana-las-personas-con-discapacidad-sus-familias\/","name":"La DANA y las personas con discapacidad y sus familias - Asociaci\u00f3n Espa\u00f1ola S\u00edndrome de Charge","isPartOf":{"@id":"https:\/\/sindromecharge.es\/#website"},"datePublished":"2024-11-06T04:11:34+00:00","author":{"@id":"https:\/\/sindromecharge.es\/#\/schema\/person\/39a60ebe0a2b4d5a11179701e336b039"},"breadcrumb":{"@id":"https:\/\/sindromecharge.es\/index.php\/2024\/11\/06\/dana-las-personas-con-discapacidad-sus-familias\/#breadcrumb"},"inLanguage":"es","potentialAction":[{"@type":"ReadAction","target":["https:\/\/sindromecharge.es\/index.php\/2024\/11\/06\/dana-las-personas-con-discapacidad-sus-familias\/"]}]},{"@type":"BreadcrumbList","@id":"https:\/\/sindromecharge.es\/index.php\/2024\/11\/06\/dana-las-personas-con-discapacidad-sus-familias\/#breadcrumb","itemListElement":[{"@type":"ListItem","position":1,"name":"Portada","item":"https:\/\/sindromecharge.es\/"},{"@type":"ListItem","position":2,"name":"La DANA y las personas con discapacidad y sus familias"}]},{"@type":"WebSite","@id":"https:\/\/sindromecharge.es\/#website","url":"https:\/\/sindromecharge.es\/","name":"Asociaci\u00f3n Espa\u00f1ola S\u00edndrome de Charge","description":"","potentialAction":[{"@type":"SearchAction","target":{"@type":"EntryPoint","urlTemplate":"https:\/\/sindromecharge.es\/?s={search_term_string}"},"query-input":{"@type":"PropertyValueSpecification","valueRequired":true,"valueName":"search_term_string"}}],"inLanguage":"es"},{"@type":"Person","@id":"https:\/\/sindromecharge.es\/#\/schema\/person\/39a60ebe0a2b4d5a11179701e336b039","name":"Charge","image":{"@type":"ImageObject","inLanguage":"es","@id":"https:\/\/secure.gravatar.com\/avatar\/c3b46e32a0fc3b093a0873fb767bf3293de856293065e84ef06b7ec7a8acfb98?s=96&d=identicon&r=x","url":"https:\/\/secure.gravatar.com\/avatar\/c3b46e32a0fc3b093a0873fb767bf3293de856293065e84ef06b7ec7a8acfb98?s=96&d=identicon&r=x","contentUrl":"https:\/\/secure.gravatar.com\/avatar\/c3b46e32a0fc3b093a0873fb767bf3293de856293065e84ef06b7ec7a8acfb98?s=96&d=identicon&r=x","caption":"Charge"},"url":"https:\/\/sindromecharge.es\/index.php\/author\/admin\/"}]}},"_links":{"self":[{"href":"https:\/\/sindromecharge.es\/index.php\/wp-json\/wp\/v2\/posts\/10530","targetHints":{"allow":["GET"]}}],"collection":[{"href":"https:\/\/sindromecharge.es\/index.php\/wp-json\/wp\/v2\/posts"}],"about":[{"href":"https:\/\/sindromecharge.es\/index.php\/wp-json\/wp\/v2\/types\/post"}],"author":[{"embeddable":true,"href":"https:\/\/sindromecharge.es\/index.php\/wp-json\/wp\/v2\/users\/1"}],"replies":[{"embeddable":true,"href":"https:\/\/sindromecharge.es\/index.php\/wp-json\/wp\/v2\/comments?post=10530"}],"version-history":[{"count":0,"href":"https:\/\/sindromecharge.es\/index.php\/wp-json\/wp\/v2\/posts\/10530\/revisions"}],"wp:attachment":[{"href":"https:\/\/sindromecharge.es\/index.php\/wp-json\/wp\/v2\/media?parent=10530"}],"wp:term":[{"taxonomy":"category","embeddable":true,"href":"https:\/\/sindromecharge.es\/index.php\/wp-json\/wp\/v2\/categories?post=10530"},{"taxonomy":"post_tag","embeddable":true,"href":"https:\/\/sindromecharge.es\/index.php\/wp-json\/wp\/v2\/tags?post=10530"}],"curies":[{"name":"wp","href":"https:\/\/api.w.org\/{rel}","templated":true}]}}