{"id":10529,"date":"2024-11-05T14:18:00","date_gmt":"2024-11-05T14:18:00","guid":{"rendered":"https:\/\/sindromecharge.es\/index.php\/2024\/11\/05\/el-principio-del-fin-de-los-carriles-bici-en-las-aceras-madrid-los-retira-ante-el-peligro-para-los-peatones\/"},"modified":"2024-11-05T14:18:00","modified_gmt":"2024-11-05T14:18:00","slug":"el-principio-del-fin-de-los-carriles-bici-en-las-aceras-madrid-los-retira-ante-el-peligro-para-los-peatones","status":"publish","type":"post","link":"https:\/\/sindromecharge.es\/index.php\/2024\/11\/05\/el-principio-del-fin-de-los-carriles-bici-en-las-aceras-madrid-los-retira-ante-el-peligro-para-los-peatones\/","title":{"rendered":"El principio del fin de los carriles bici en las aceras: las personas con discapacidad exigen su retirada total"},"content":{"rendered":"<p>Leemos en Discapacidad la siguiente noticia que os reproducimos de forma \u00edntegra: <\/p>\n<div>\n<p>El Comit\u00e9 Espa\u00f1ol de Representantes de Personas con Discapacidad (Cermi Estatal) ha presentado una demanda contenciosa-administrativa contra el <a href=\"https:\/\/www.20minutos.es\/minuteca\/ayuntamiento-de-madrid\/\" title=\"Ayuntamiento de Madrid\">Ayuntamiento de Madrid<\/a> en la que exigen \u00ab<b>desmantelar los carriles bici que permanecen en las aceras<\/b> de las v\u00edas urbanas de la ciudad por su peligrosidad\u00bb, tal y como informan en un comunicado. En respuesta a esto, el delegado de Urbanismo, Movilidad y Medioambiente, <a href=\"https:\/\/www.20minutos.es\/minuteca\/borja-carabante\/\" title=\"Borja Carabante\">Borja Carabante<\/a>, ha reconocido la \u00abalta siniestralidad\u00bb de estos carriles y el compromiso del Ayuntamiento con su retirada desde 2019. <\/p>\n<p>\u00abEstos carriles confunden al peat\u00f3n, ciclista y personas con movilidad reducida. Por ello, <b>desde el 2019 no se ha ejecutado ni un carril acera bici nuevo, <\/b>todos los que hay son anteriores y, cuando remodelamos las calles en las que hay este tipo de carril, los retiramos. Por tanto, el Ayuntamiento comparte con Cermi la necesidad de no instalar m\u00e1s y retirar los existentes\u00bb, ha explicado el delegado. Con esta demanda, presentada ante el Juzgado de lo Contencioso Administrativo n\u00famero 5 de Madrid, el comit\u00e9 insta al cumplimiento de la normativa estatal que establece que los \u00ab<b>carriles bici se deben instalar en la calzada<\/b>, se\u00f1alizados y siempre separados de la circulaci\u00f3n de veh\u00edculos a motor\u00bb, seg\u00fan dicho comunicado.<\/p>\n<p>En la demanda, Cermi se\u00f1ala que en Madrid a\u00fan existen carriles-bici en aceras en calles c\u00e9ntricas como Serrano y O&#8217;Donnell pese a la prohibici\u00f3n legal. \u00d3scar Moral, asesor jur\u00eddico del comit\u00e9, explica que \u00abseg\u00fan la informaci\u00f3n aportada por el Ayuntamiento, <b>en Madrid quedan m\u00e1s de 80 kil\u00f3metros de aceras bici,<\/b> un 10% del total de la red de pasos para bicicletas de la capital\u00bb. \u00abMe congratula que el delegado asuma la peligrosidad de estas v\u00edas, pero pedimos la materializaci\u00f3n de un plan espec\u00edfico en el que se nos diga c\u00f3mo y cu\u00e1ndo se van a retirar estos carriles. Desde 2019 no se instalan m\u00e1s, se han retirado algunos, pero queremos que se quiten todos\u00bb, destaca el asesor. <\/p>\n<h2>\u00abComprometen la seguridad de peatones y ciclistas\u00bb<\/h2>\n<p>\u00ab<b>Sabemos que eso no se puede hacer de un d\u00eda para otro,<\/b> por supuesto. Pero queremos un dise\u00f1o de c\u00f3mo se va a realizar la reubicaci\u00f3n en las calzadas y en qu\u00e9 plazo. Lamentamos haber tenido que acudir a los tribunales y m\u00e1s ahora sabiendo que el Ayuntamiento tambi\u00e9n los ve como un peligro, pero no nos ha quedado otra opci\u00f3n. Los carriles en la acera comprometen la seguridad de peatones, personas con discapacidad e, incluso, ciclistas por el estado degradado en el que se encuentran algunos\u00bb, recalca el Moral.<\/p>\n<p>Por tanto, el comit\u00e9 solicita que el juzgado declare su ilicitud y fuerce al Ayuntamiento a reubicarlos en la calzada \u00abtras el silencio respecto de la petici\u00f3n realizada en fase administrativa\u00bb, seg\u00fan dicho comunicado. Moral especifica que, desde Cermi, <b>pidieron hasta dos veces informaci\u00f3n de cu\u00e1l era la situaci\u00f3n <\/b>para conocer el n\u00famero de carriles bici en aceras y el Consistorio no contest\u00f3. Por ello, interpusieron un recurso de reposici\u00f3n, sobre el que tampoco recibieron respuesta. Despu\u00e9s, interpusieron recurso con tenencia administrativa en mayo, que fue admitido a tr\u00e1mite. \u00abFue ah\u00ed cuando el Ayuntamiento aport\u00f3 la informaci\u00f3n con la que ahora contamos y con la que hemos interpuesto la demanda\u00bb, apunta el asesor.<\/p>\n<p>Con esto, la asociaci\u00f3n busca \u00abdefender los derechos de las personas con discapacidad\u00bb y provocar pronunciamientos judiciales favorables que \u00abpuedan ser utilizados como precedentes para acabar con esta situaci\u00f3n en otras ciudades\u00bb. \u00abEn su momento la instalaci\u00f3n de estas v\u00edas pareci\u00f3 una decisi\u00f3n muy acertada, pero, claro, con la evoluci\u00f3n de la movilidad ciclista y de los patinetes, que se ha incrementado exponencialmente, <b>se han agravado los peligros para los peatones<\/b> y, sobre todo, se manda un mensaje sobre que los ciclistas pueden ir por la acera cuando esto no debe darse en ning\u00fan caso\u00bb, concluye Moral. <\/p>\n<\/div>\n<p>Fuente: Discapacidad https:\/\/www.20minutos.es\/noticia\/5651015\/0\/el-principio-del-fin-de-los-carriles-bici-en-las-aceras-madrid-los-retira-ante-el-peligro-para-los-peatones\/<\/p>\n","protected":false},"excerpt":{"rendered":"<p>El Cermi demanda al Ayuntamiento, que ya ha eliminado algunos y prev\u00e9 continuar con su supresi\u00f3n.<\/p>\n","protected":false},"author":1,"featured_media":0,"comment_status":"closed","ping_status":"closed","sticky":false,"template":"","format":"standard","meta":{"footnotes":""},"categories":[8],"tags":[],"class_list":["post-10529","post","type-post","status-publish","format-standard","hentry","category-noticias"],"yoast_head":"<!-- This site is optimized with the Yoast SEO plugin v27.5 - https:\/\/yoast.com\/product\/yoast-seo-wordpress\/ -->\n<title>El principio del fin de los carriles bici en las aceras: las personas con discapacidad exigen su retirada total - Asociaci\u00f3n Espa\u00f1ola S\u00edndrome de Charge<\/title>\n<meta name=\"robots\" content=\"index, follow, max-snippet:-1, max-image-preview:large, max-video-preview:-1\" \/>\n<link rel=\"canonical\" href=\"https:\/\/sindromecharge.es\/index.php\/2024\/11\/05\/el-principio-del-fin-de-los-carriles-bici-en-las-aceras-madrid-los-retira-ante-el-peligro-para-los-peatones\/\" \/>\n<meta property=\"og:locale\" content=\"es_ES\" \/>\n<meta property=\"og:type\" content=\"article\" \/>\n<meta property=\"og:title\" content=\"El principio del fin de los carriles bici en las aceras: las personas con discapacidad exigen su retirada total - Asociaci\u00f3n Espa\u00f1ola S\u00edndrome de Charge\" \/>\n<meta property=\"og:description\" content=\"El Cermi demanda al Ayuntamiento, que ya ha eliminado algunos y prev\u00e9 continuar con su supresi\u00f3n.\" \/>\n<meta property=\"og:url\" content=\"https:\/\/sindromecharge.es\/index.php\/2024\/11\/05\/el-principio-del-fin-de-los-carriles-bici-en-las-aceras-madrid-los-retira-ante-el-peligro-para-los-peatones\/\" \/>\n<meta property=\"og:site_name\" content=\"Asociaci\u00f3n Espa\u00f1ola S\u00edndrome de Charge\" \/>\n<meta property=\"article:publisher\" content=\"https:\/\/www.facebook.com\/asociacionsindromecharge\" \/>\n<meta property=\"article:published_time\" content=\"2024-11-05T14:18:00+00:00\" \/>\n<meta property=\"og:image\" content=\"https:\/\/sindromecharge.es\/wp-content\/uploads\/2013\/09\/logodecharge300x98.png\" \/>\n\t<meta property=\"og:image:width\" content=\"300\" \/>\n\t<meta property=\"og:image:height\" content=\"98\" \/>\n\t<meta property=\"og:image:type\" content=\"image\/png\" \/>\n<meta name=\"author\" content=\"Charge\" \/>\n<meta name=\"twitter:card\" content=\"summary_large_image\" \/>\n<meta name=\"twitter:creator\" content=\"@sindromecharge\" \/>\n<meta name=\"twitter:site\" content=\"@sindromecharge\" \/>\n<meta name=\"twitter:label1\" content=\"Escrito por\" \/>\n\t<meta name=\"twitter:data1\" content=\"Charge\" \/>\n\t<meta name=\"twitter:label2\" content=\"Tiempo de lectura\" \/>\n\t<meta name=\"twitter:data2\" content=\"3 minutos\" \/>\n<script type=\"application\/ld+json\" class=\"yoast-schema-graph\">{\"@context\":\"https:\\\/\\\/schema.org\",\"@graph\":[{\"@type\":\"Article\",\"@id\":\"https:\\\/\\\/sindromecharge.es\\\/index.php\\\/2024\\\/11\\\/05\\\/el-principio-del-fin-de-los-carriles-bici-en-las-aceras-madrid-los-retira-ante-el-peligro-para-los-peatones\\\/#article\",\"isPartOf\":{\"@id\":\"https:\\\/\\\/sindromecharge.es\\\/index.php\\\/2024\\\/11\\\/05\\\/el-principio-del-fin-de-los-carriles-bici-en-las-aceras-madrid-los-retira-ante-el-peligro-para-los-peatones\\\/\"},\"author\":{\"name\":\"Charge\",\"@id\":\"https:\\\/\\\/sindromecharge.es\\\/#\\\/schema\\\/person\\\/39a60ebe0a2b4d5a11179701e336b039\"},\"headline\":\"El principio del fin de los carriles bici en las aceras: las personas con discapacidad exigen su retirada total\",\"datePublished\":\"2024-11-05T14:18:00+00:00\",\"mainEntityOfPage\":{\"@id\":\"https:\\\/\\\/sindromecharge.es\\\/index.php\\\/2024\\\/11\\\/05\\\/el-principio-del-fin-de-los-carriles-bici-en-las-aceras-madrid-los-retira-ante-el-peligro-para-los-peatones\\\/\"},\"wordCount\":705,\"articleSection\":[\"noticias\"],\"inLanguage\":\"es\"},{\"@type\":\"WebPage\",\"@id\":\"https:\\\/\\\/sindromecharge.es\\\/index.php\\\/2024\\\/11\\\/05\\\/el-principio-del-fin-de-los-carriles-bici-en-las-aceras-madrid-los-retira-ante-el-peligro-para-los-peatones\\\/\",\"url\":\"https:\\\/\\\/sindromecharge.es\\\/index.php\\\/2024\\\/11\\\/05\\\/el-principio-del-fin-de-los-carriles-bici-en-las-aceras-madrid-los-retira-ante-el-peligro-para-los-peatones\\\/\",\"name\":\"El principio del fin de los carriles bici en las aceras: las personas con discapacidad exigen su retirada total - Asociaci\u00f3n Espa\u00f1ola S\u00edndrome de Charge\",\"isPartOf\":{\"@id\":\"https:\\\/\\\/sindromecharge.es\\\/#website\"},\"datePublished\":\"2024-11-05T14:18:00+00:00\",\"author\":{\"@id\":\"https:\\\/\\\/sindromecharge.es\\\/#\\\/schema\\\/person\\\/39a60ebe0a2b4d5a11179701e336b039\"},\"breadcrumb\":{\"@id\":\"https:\\\/\\\/sindromecharge.es\\\/index.php\\\/2024\\\/11\\\/05\\\/el-principio-del-fin-de-los-carriles-bici-en-las-aceras-madrid-los-retira-ante-el-peligro-para-los-peatones\\\/#breadcrumb\"},\"inLanguage\":\"es\",\"potentialAction\":[{\"@type\":\"ReadAction\",\"target\":[\"https:\\\/\\\/sindromecharge.es\\\/index.php\\\/2024\\\/11\\\/05\\\/el-principio-del-fin-de-los-carriles-bici-en-las-aceras-madrid-los-retira-ante-el-peligro-para-los-peatones\\\/\"]}]},{\"@type\":\"BreadcrumbList\",\"@id\":\"https:\\\/\\\/sindromecharge.es\\\/index.php\\\/2024\\\/11\\\/05\\\/el-principio-del-fin-de-los-carriles-bici-en-las-aceras-madrid-los-retira-ante-el-peligro-para-los-peatones\\\/#breadcrumb\",\"itemListElement\":[{\"@type\":\"ListItem\",\"position\":1,\"name\":\"Portada\",\"item\":\"https:\\\/\\\/sindromecharge.es\\\/\"},{\"@type\":\"ListItem\",\"position\":2,\"name\":\"El principio del fin de los carriles bici en las aceras: las personas con discapacidad exigen su retirada total\"}]},{\"@type\":\"WebSite\",\"@id\":\"https:\\\/\\\/sindromecharge.es\\\/#website\",\"url\":\"https:\\\/\\\/sindromecharge.es\\\/\",\"name\":\"Asociaci\u00f3n Espa\u00f1ola S\u00edndrome de Charge\",\"description\":\"\",\"potentialAction\":[{\"@type\":\"SearchAction\",\"target\":{\"@type\":\"EntryPoint\",\"urlTemplate\":\"https:\\\/\\\/sindromecharge.es\\\/?s={search_term_string}\"},\"query-input\":{\"@type\":\"PropertyValueSpecification\",\"valueRequired\":true,\"valueName\":\"search_term_string\"}}],\"inLanguage\":\"es\"},{\"@type\":\"Person\",\"@id\":\"https:\\\/\\\/sindromecharge.es\\\/#\\\/schema\\\/person\\\/39a60ebe0a2b4d5a11179701e336b039\",\"name\":\"Charge\",\"image\":{\"@type\":\"ImageObject\",\"inLanguage\":\"es\",\"@id\":\"https:\\\/\\\/secure.gravatar.com\\\/avatar\\\/c3b46e32a0fc3b093a0873fb767bf3293de856293065e84ef06b7ec7a8acfb98?s=96&d=identicon&r=x\",\"url\":\"https:\\\/\\\/secure.gravatar.com\\\/avatar\\\/c3b46e32a0fc3b093a0873fb767bf3293de856293065e84ef06b7ec7a8acfb98?s=96&d=identicon&r=x\",\"contentUrl\":\"https:\\\/\\\/secure.gravatar.com\\\/avatar\\\/c3b46e32a0fc3b093a0873fb767bf3293de856293065e84ef06b7ec7a8acfb98?s=96&d=identicon&r=x\",\"caption\":\"Charge\"},\"url\":\"https:\\\/\\\/sindromecharge.es\\\/index.php\\\/author\\\/admin\\\/\"}]}<\/script>\n<!-- \/ Yoast SEO plugin. -->","yoast_head_json":{"title":"El principio del fin de los carriles bici en las aceras: las personas con discapacidad exigen su retirada total - Asociaci\u00f3n Espa\u00f1ola S\u00edndrome de Charge","robots":{"index":"index","follow":"follow","max-snippet":"max-snippet:-1","max-image-preview":"max-image-preview:large","max-video-preview":"max-video-preview:-1"},"canonical":"https:\/\/sindromecharge.es\/index.php\/2024\/11\/05\/el-principio-del-fin-de-los-carriles-bici-en-las-aceras-madrid-los-retira-ante-el-peligro-para-los-peatones\/","og_locale":"es_ES","og_type":"article","og_title":"El principio del fin de los carriles bici en las aceras: las personas con discapacidad exigen su retirada total - Asociaci\u00f3n Espa\u00f1ola S\u00edndrome de Charge","og_description":"El Cermi demanda al Ayuntamiento, que ya ha eliminado algunos y prev\u00e9 continuar con su supresi\u00f3n.","og_url":"https:\/\/sindromecharge.es\/index.php\/2024\/11\/05\/el-principio-del-fin-de-los-carriles-bici-en-las-aceras-madrid-los-retira-ante-el-peligro-para-los-peatones\/","og_site_name":"Asociaci\u00f3n Espa\u00f1ola S\u00edndrome de Charge","article_publisher":"https:\/\/www.facebook.com\/asociacionsindromecharge","article_published_time":"2024-11-05T14:18:00+00:00","og_image":[{"width":300,"height":98,"url":"https:\/\/sindromecharge.es\/wp-content\/uploads\/2013\/09\/logodecharge300x98.png","type":"image\/png"}],"author":"Charge","twitter_card":"summary_large_image","twitter_creator":"@sindromecharge","twitter_site":"@sindromecharge","twitter_misc":{"Escrito por":"Charge","Tiempo de lectura":"3 minutos"},"schema":{"@context":"https:\/\/schema.org","@graph":[{"@type":"Article","@id":"https:\/\/sindromecharge.es\/index.php\/2024\/11\/05\/el-principio-del-fin-de-los-carriles-bici-en-las-aceras-madrid-los-retira-ante-el-peligro-para-los-peatones\/#article","isPartOf":{"@id":"https:\/\/sindromecharge.es\/index.php\/2024\/11\/05\/el-principio-del-fin-de-los-carriles-bici-en-las-aceras-madrid-los-retira-ante-el-peligro-para-los-peatones\/"},"author":{"name":"Charge","@id":"https:\/\/sindromecharge.es\/#\/schema\/person\/39a60ebe0a2b4d5a11179701e336b039"},"headline":"El principio del fin de los carriles bici en las aceras: las personas con discapacidad exigen su retirada total","datePublished":"2024-11-05T14:18:00+00:00","mainEntityOfPage":{"@id":"https:\/\/sindromecharge.es\/index.php\/2024\/11\/05\/el-principio-del-fin-de-los-carriles-bici-en-las-aceras-madrid-los-retira-ante-el-peligro-para-los-peatones\/"},"wordCount":705,"articleSection":["noticias"],"inLanguage":"es"},{"@type":"WebPage","@id":"https:\/\/sindromecharge.es\/index.php\/2024\/11\/05\/el-principio-del-fin-de-los-carriles-bici-en-las-aceras-madrid-los-retira-ante-el-peligro-para-los-peatones\/","url":"https:\/\/sindromecharge.es\/index.php\/2024\/11\/05\/el-principio-del-fin-de-los-carriles-bici-en-las-aceras-madrid-los-retira-ante-el-peligro-para-los-peatones\/","name":"El principio del fin de los carriles bici en las aceras: las personas con discapacidad exigen su retirada total - Asociaci\u00f3n Espa\u00f1ola S\u00edndrome de Charge","isPartOf":{"@id":"https:\/\/sindromecharge.es\/#website"},"datePublished":"2024-11-05T14:18:00+00:00","author":{"@id":"https:\/\/sindromecharge.es\/#\/schema\/person\/39a60ebe0a2b4d5a11179701e336b039"},"breadcrumb":{"@id":"https:\/\/sindromecharge.es\/index.php\/2024\/11\/05\/el-principio-del-fin-de-los-carriles-bici-en-las-aceras-madrid-los-retira-ante-el-peligro-para-los-peatones\/#breadcrumb"},"inLanguage":"es","potentialAction":[{"@type":"ReadAction","target":["https:\/\/sindromecharge.es\/index.php\/2024\/11\/05\/el-principio-del-fin-de-los-carriles-bici-en-las-aceras-madrid-los-retira-ante-el-peligro-para-los-peatones\/"]}]},{"@type":"BreadcrumbList","@id":"https:\/\/sindromecharge.es\/index.php\/2024\/11\/05\/el-principio-del-fin-de-los-carriles-bici-en-las-aceras-madrid-los-retira-ante-el-peligro-para-los-peatones\/#breadcrumb","itemListElement":[{"@type":"ListItem","position":1,"name":"Portada","item":"https:\/\/sindromecharge.es\/"},{"@type":"ListItem","position":2,"name":"El principio del fin de los carriles bici en las aceras: las personas con discapacidad exigen su retirada total"}]},{"@type":"WebSite","@id":"https:\/\/sindromecharge.es\/#website","url":"https:\/\/sindromecharge.es\/","name":"Asociaci\u00f3n Espa\u00f1ola S\u00edndrome de Charge","description":"","potentialAction":[{"@type":"SearchAction","target":{"@type":"EntryPoint","urlTemplate":"https:\/\/sindromecharge.es\/?s={search_term_string}"},"query-input":{"@type":"PropertyValueSpecification","valueRequired":true,"valueName":"search_term_string"}}],"inLanguage":"es"},{"@type":"Person","@id":"https:\/\/sindromecharge.es\/#\/schema\/person\/39a60ebe0a2b4d5a11179701e336b039","name":"Charge","image":{"@type":"ImageObject","inLanguage":"es","@id":"https:\/\/secure.gravatar.com\/avatar\/c3b46e32a0fc3b093a0873fb767bf3293de856293065e84ef06b7ec7a8acfb98?s=96&d=identicon&r=x","url":"https:\/\/secure.gravatar.com\/avatar\/c3b46e32a0fc3b093a0873fb767bf3293de856293065e84ef06b7ec7a8acfb98?s=96&d=identicon&r=x","contentUrl":"https:\/\/secure.gravatar.com\/avatar\/c3b46e32a0fc3b093a0873fb767bf3293de856293065e84ef06b7ec7a8acfb98?s=96&d=identicon&r=x","caption":"Charge"},"url":"https:\/\/sindromecharge.es\/index.php\/author\/admin\/"}]}},"_links":{"self":[{"href":"https:\/\/sindromecharge.es\/index.php\/wp-json\/wp\/v2\/posts\/10529","targetHints":{"allow":["GET"]}}],"collection":[{"href":"https:\/\/sindromecharge.es\/index.php\/wp-json\/wp\/v2\/posts"}],"about":[{"href":"https:\/\/sindromecharge.es\/index.php\/wp-json\/wp\/v2\/types\/post"}],"author":[{"embeddable":true,"href":"https:\/\/sindromecharge.es\/index.php\/wp-json\/wp\/v2\/users\/1"}],"replies":[{"embeddable":true,"href":"https:\/\/sindromecharge.es\/index.php\/wp-json\/wp\/v2\/comments?post=10529"}],"version-history":[{"count":0,"href":"https:\/\/sindromecharge.es\/index.php\/wp-json\/wp\/v2\/posts\/10529\/revisions"}],"wp:attachment":[{"href":"https:\/\/sindromecharge.es\/index.php\/wp-json\/wp\/v2\/media?parent=10529"}],"wp:term":[{"taxonomy":"category","embeddable":true,"href":"https:\/\/sindromecharge.es\/index.php\/wp-json\/wp\/v2\/categories?post=10529"},{"taxonomy":"post_tag","embeddable":true,"href":"https:\/\/sindromecharge.es\/index.php\/wp-json\/wp\/v2\/tags?post=10529"}],"curies":[{"name":"wp","href":"https:\/\/api.w.org\/{rel}","templated":true}]}}