{"id":10527,"date":"2024-11-05T06:39:51","date_gmt":"2024-11-05T06:39:51","guid":{"rendered":"https:\/\/sindromecharge.es\/index.php\/2024\/11\/05\/exposicion-fotos-personas-cuidadoras-queremos-visibilizar-que-se-da-por-hecho-pasa-desapercibido\/"},"modified":"2024-11-05T06:39:51","modified_gmt":"2024-11-05T06:39:51","slug":"exposicion-fotos-personas-cuidadoras-queremos-visibilizar-que-se-da-por-hecho-pasa-desapercibido","status":"publish","type":"post","link":"https:\/\/sindromecharge.es\/index.php\/2024\/11\/05\/exposicion-fotos-personas-cuidadoras-queremos-visibilizar-que-se-da-por-hecho-pasa-desapercibido\/","title":{"rendered":"La vida de las personas cuidadoras en im\u00e1genes: \u00abQueremos visibilizar lo que se da por hecho y pasa desapercibido\u00bb"},"content":{"rendered":"<p>Leemos en Discapacidad la siguiente noticia que os reproducimos de forma \u00edntegra: <\/p>\n<div>\n<p>Hoy, 5 de noviembre, es el D\u00eda Internacional de las Personas Cuidadoras. Seg\u00fan los \u00faltimos datos del <a href=\"https:\/\/www.20minutos.es\/minuteca\/imserso\/\" title=\"Imserso\">Imserso<\/a> de 2022, en <a href=\"https:\/\/www.20minutos.es\/minuteca\/espana\/\" title=\"Espa\u00f1a\">Espa\u00f1a<\/a> hay 68.252 <b>cuidadores no profesionales, de los que el 88,6% son mujeres<\/b> y el 11,4% hombres.<\/p>\n<p>Gmp Fundaci\u00f3n inaugura hoy y hasta el 20 de noviembre la exposici\u00f3n fotogr\u00e1fica <i><b>Cuidadoras, el coraz\u00f3n invisible<\/b><\/i> en el hall del edificio situado en Castellana 81 en Madrid.<\/p>\n<p>La exposici\u00f3n est\u00e1 compuesta por <b>cuarenta fotos tomadas por los fot\u00f3grafos Cuco Cuervo, Jorge Alvari\u00f1o, \u00d3liver Vega y Mario Sierra<\/b>. Todos provienen de la publicidad y la moda. Un mundo que han abandonado moment\u00e1neamente para retratar el trabajo que llevan a cabo las personas que cuidan de otras personas.<\/p>\n<p>En Gmp Fundaci\u00f3n trabajan habitualmente con personas con <b><a href=\"https:\/\/www.20minutos.es\/minuteca\/discapacidad\/\" title=\"Discapacidad\">discapacidad<\/a> intelectual, da\u00f1o cerebral adquirido, <a href=\"https:\/\/www.20minutos.es\/minuteca\/paralisis-cerebral\/\" title=\"Par\u00e1lisis cerebral\">par\u00e1lisis cerebral<\/a> y <a href=\"https:\/\/www.20minutos.es\/minuteca\/alzheimer\/\" title=\"Alzh\u00e9imer\">alzh\u00e9imer<\/a><\/b>. \u201cPara la exposici\u00f3n en vez de centrarnos en estas personas, que es lo que solemos hacer, hemos girado el foco para fijarnos en quienes las cuidan. En las personas que est\u00e1n a su lado para que ellos puedan estar aqu\u00ed\u201d, explica Nekane Orella, coordinadora de la exposici\u00f3n. \u201cLo que queremos es visibilizar lo que no se ve, lo que se da por hecho, lo que pasa desapercibido: los cuidados\u201d, a\u00f1ade Nekane.<\/p>\n<p>Todos los fot\u00f3grafos han trabajado en las<b> casas de las protagonistas<\/b>, salvo Mario Sierra, que ha preferido mantener su estilo y se ha llevado a las cuidadoras y a las personas a las que cuidan a su estudio. All\u00ed han pasado por maquillaje, vestuario y peluquer\u00eda para convertirse en modelos por un d\u00eda.<\/p>\n<p><b>Una de las cuarenta <a href=\"https:\/\/www.20minutos.es\/minuteca\/fotografia\/\" title=\"Fotograf\u00eda\">fotograf\u00edas<\/a> es la de <a href=\"https:\/\/www.20minutos.es\/minuteca\/melisa-tuya\/\" title=\"Melisa Tuya\">Melisa Tuya<\/a><\/b>, coordinadora de esta secci\u00f3n de Capaces y redactora jefe de 20minutos. Ella es cuidadora de su marido, con da\u00f1o cerebral adquirido, y como tal protagonizan una de las instant\u00e1neas.<\/p>\n<p>Otro de los protagonistas es Jacinto, ingeniero, profesor y ahora cuidador de su hija Carmen con par\u00e1lisis cerebral. Como cuidador ha reducido su dedicaci\u00f3n al trabajo, entre otras cosas. Dice que <b>convertirse en cuidador no es algo deseado<\/b>, pero hay que enfrentarse a ello con valent\u00eda. El cuidado es algo duro pero tambi\u00e9n lo ve como una oportunidad para crecer.<\/p>\n<p>Luc\u00eda tuvo un ictus con 23 a\u00f1os y desde entonces sus padres son sus principales cuidadores. Dejaron los tres el pueblo para <b>trasladarse a Valencia buscando una mayor calidad de vida para Luc\u00eda<\/b>. Agust\u00edn, su padre, explic\u00f3 as\u00ed la historia de su foto: \u201cEl sufrimiento por los hijos es inmenso\u201d.<\/p>\n<p>Alicia es la cuidadora de su hijo Jorge, con <a href=\"https:\/\/www.20minutos.es\/minuteca\/discapacidad-intelectual\/\" title=\"Discapacidad intelectual\">discapacidad intelectual<\/a> y una enfermedad rara. Dej\u00f3 su carrera como dise\u00f1adora de moda para cuidarlo. <b>Es muy complicado conciliar vida de cuidado y trabajo.<\/b> A pesar del dolor y la incertidumbre, ha encontrado la fuerza para seguir adelante.<\/p>\n<p>Nekane me llama la atenci\u00f3n sobre otra de las historias. \u201cJuan Manuel tiene discapacidad intelectual. Toda su vida sus padres han cuidado de \u00e9l, lo ten\u00eda todo cubierto. Como \u00e9l dice, no sab\u00eda ni hacer un huevo frito. Su padre enferm\u00f3 y falleci\u00f3 hace poco. Ahora es su madre quien tiene alzh\u00e9imer. Juan Manuel ha visto la situaci\u00f3n y se ha convertido en cuidador de su madre. Su hermana est\u00e1 pendiente de las citas m\u00e9dicas y los temas m\u00e1s burocr\u00e1ticos pero dice que <b>si su hermano no hubiera dado el paso al frente, su madre estar\u00eda en una residencia<\/b>\u201d, cuenta Nekane.<\/p>\n<p>La exposici\u00f3n seguir\u00e1 su recorrido por distintos sitios de Madrid y despu\u00e9s pasar\u00e1 a otras ciudades espa\u00f1olas: <b>Bilbao, Zaragoza, Valencia, Alicante y Sevilla<\/b>. En estas ciudades la exposici\u00f3n estar\u00e1 en las estaciones de tren, pues Adif colabora con este proyecto.<\/p>\n<p>Nekane ha estado presente en las sesiones fotogr\u00e1ficas y dice que lo que m\u00e1s ha visto por parte de las cuidadoras ha sido gratitud. \u201cMuchas gracias por pensar en nosotras, por preocuparos, nos dec\u00edan\u201d, recuerda la coordinadora. \u201c<b>Me han transmitido mucho agradecimiento y tambi\u00e9n mucho cansancio, est\u00e1n agotadas.<\/b> Tienen mucha presi\u00f3n, preocupaciones, no tienen ayuda m\u00e1s all\u00e1 de que el familiar vaya unas horas al centro de d\u00eda. Es agotador\u201d, explica.<\/p>\n<p>En los fot\u00f3grafos se ha producido una transformaci\u00f3n personal. Al menos as\u00ed lo ha vivido Nekane. \u201cEn cada casa entraba un Cuco y sal\u00eda otro. Se quedaban impresionados. <b>Un antes y un despu\u00e9s en cada uno de ellos.<\/b> Ha sido una experiencia enriquecedora y tambi\u00e9n est\u00e1n muy agradecidos\u201d, concluye. <\/p>\n<\/div>\n<p>Fuente: Discapacidad https:\/\/www.20minutos.es\/noticia\/5649103\/0\/exposicion-fotos-personas-cuidadoras-queremos-visibilizar-que-se-da-por-hecho-pasa-desapercibido\/<\/p>\n","protected":false},"excerpt":{"rendered":"<p>Hoy, 5 de noviembre, es el D\u00eda Internacional de las Personas Cuidadoras. Seg\u00fan los \u00faltimos datos del Imserso de 2022, en Espa\u00f1a hay 68.252 cuidadores no&#8230;<\/p>\n","protected":false},"author":1,"featured_media":0,"comment_status":"closed","ping_status":"closed","sticky":false,"template":"","format":"standard","meta":{"footnotes":""},"categories":[8],"tags":[],"class_list":["post-10527","post","type-post","status-publish","format-standard","hentry","category-noticias"],"yoast_head":"<!-- This site is optimized with the Yoast SEO plugin v27.5 - https:\/\/yoast.com\/product\/yoast-seo-wordpress\/ -->\n<title>La vida de las personas cuidadoras en im\u00e1genes: &quot;Queremos visibilizar lo que se da por hecho y pasa desapercibido&quot; - Asociaci\u00f3n Espa\u00f1ola S\u00edndrome de Charge<\/title>\n<meta name=\"robots\" content=\"index, follow, max-snippet:-1, max-image-preview:large, max-video-preview:-1\" \/>\n<link rel=\"canonical\" href=\"https:\/\/sindromecharge.es\/index.php\/2024\/11\/05\/exposicion-fotos-personas-cuidadoras-queremos-visibilizar-que-se-da-por-hecho-pasa-desapercibido\/\" \/>\n<meta property=\"og:locale\" content=\"es_ES\" \/>\n<meta property=\"og:type\" content=\"article\" \/>\n<meta property=\"og:title\" content=\"La vida de las personas cuidadoras en im\u00e1genes: &quot;Queremos visibilizar lo que se da por hecho y pasa desapercibido&quot; - Asociaci\u00f3n Espa\u00f1ola S\u00edndrome de Charge\" \/>\n<meta property=\"og:description\" content=\"Hoy, 5 de noviembre, es el D\u00eda Internacional de las Personas Cuidadoras. Seg\u00fan los \u00faltimos datos del Imserso de 2022, en Espa\u00f1a hay 68.252 cuidadores no&#8230;\" \/>\n<meta property=\"og:url\" content=\"https:\/\/sindromecharge.es\/index.php\/2024\/11\/05\/exposicion-fotos-personas-cuidadoras-queremos-visibilizar-que-se-da-por-hecho-pasa-desapercibido\/\" \/>\n<meta property=\"og:site_name\" content=\"Asociaci\u00f3n Espa\u00f1ola S\u00edndrome de Charge\" \/>\n<meta property=\"article:publisher\" content=\"https:\/\/www.facebook.com\/asociacionsindromecharge\" \/>\n<meta property=\"article:published_time\" content=\"2024-11-05T06:39:51+00:00\" \/>\n<meta property=\"og:image\" content=\"https:\/\/sindromecharge.es\/wp-content\/uploads\/2013\/09\/logodecharge300x98.png\" \/>\n\t<meta property=\"og:image:width\" content=\"300\" \/>\n\t<meta property=\"og:image:height\" content=\"98\" \/>\n\t<meta property=\"og:image:type\" content=\"image\/png\" \/>\n<meta name=\"author\" content=\"Charge\" \/>\n<meta name=\"twitter:card\" content=\"summary_large_image\" \/>\n<meta name=\"twitter:creator\" content=\"@sindromecharge\" \/>\n<meta name=\"twitter:site\" content=\"@sindromecharge\" \/>\n<meta name=\"twitter:label1\" content=\"Escrito por\" \/>\n\t<meta name=\"twitter:data1\" content=\"Charge\" \/>\n\t<meta name=\"twitter:label2\" content=\"Tiempo de lectura\" \/>\n\t<meta name=\"twitter:data2\" content=\"4 minutos\" \/>\n<script type=\"application\/ld+json\" class=\"yoast-schema-graph\">{\"@context\":\"https:\\\/\\\/schema.org\",\"@graph\":[{\"@type\":\"Article\",\"@id\":\"https:\\\/\\\/sindromecharge.es\\\/index.php\\\/2024\\\/11\\\/05\\\/exposicion-fotos-personas-cuidadoras-queremos-visibilizar-que-se-da-por-hecho-pasa-desapercibido\\\/#article\",\"isPartOf\":{\"@id\":\"https:\\\/\\\/sindromecharge.es\\\/index.php\\\/2024\\\/11\\\/05\\\/exposicion-fotos-personas-cuidadoras-queremos-visibilizar-que-se-da-por-hecho-pasa-desapercibido\\\/\"},\"author\":{\"name\":\"Charge\",\"@id\":\"https:\\\/\\\/sindromecharge.es\\\/#\\\/schema\\\/person\\\/39a60ebe0a2b4d5a11179701e336b039\"},\"headline\":\"La vida de las personas cuidadoras en im\u00e1genes: \u00abQueremos visibilizar lo que se da por hecho y pasa desapercibido\u00bb\",\"datePublished\":\"2024-11-05T06:39:51+00:00\",\"mainEntityOfPage\":{\"@id\":\"https:\\\/\\\/sindromecharge.es\\\/index.php\\\/2024\\\/11\\\/05\\\/exposicion-fotos-personas-cuidadoras-queremos-visibilizar-que-se-da-por-hecho-pasa-desapercibido\\\/\"},\"wordCount\":807,\"articleSection\":[\"noticias\"],\"inLanguage\":\"es\"},{\"@type\":\"WebPage\",\"@id\":\"https:\\\/\\\/sindromecharge.es\\\/index.php\\\/2024\\\/11\\\/05\\\/exposicion-fotos-personas-cuidadoras-queremos-visibilizar-que-se-da-por-hecho-pasa-desapercibido\\\/\",\"url\":\"https:\\\/\\\/sindromecharge.es\\\/index.php\\\/2024\\\/11\\\/05\\\/exposicion-fotos-personas-cuidadoras-queremos-visibilizar-que-se-da-por-hecho-pasa-desapercibido\\\/\",\"name\":\"La vida de las personas cuidadoras en im\u00e1genes: \\\"Queremos visibilizar lo que se da por hecho y pasa desapercibido\\\" - Asociaci\u00f3n Espa\u00f1ola S\u00edndrome de Charge\",\"isPartOf\":{\"@id\":\"https:\\\/\\\/sindromecharge.es\\\/#website\"},\"datePublished\":\"2024-11-05T06:39:51+00:00\",\"author\":{\"@id\":\"https:\\\/\\\/sindromecharge.es\\\/#\\\/schema\\\/person\\\/39a60ebe0a2b4d5a11179701e336b039\"},\"breadcrumb\":{\"@id\":\"https:\\\/\\\/sindromecharge.es\\\/index.php\\\/2024\\\/11\\\/05\\\/exposicion-fotos-personas-cuidadoras-queremos-visibilizar-que-se-da-por-hecho-pasa-desapercibido\\\/#breadcrumb\"},\"inLanguage\":\"es\",\"potentialAction\":[{\"@type\":\"ReadAction\",\"target\":[\"https:\\\/\\\/sindromecharge.es\\\/index.php\\\/2024\\\/11\\\/05\\\/exposicion-fotos-personas-cuidadoras-queremos-visibilizar-que-se-da-por-hecho-pasa-desapercibido\\\/\"]}]},{\"@type\":\"BreadcrumbList\",\"@id\":\"https:\\\/\\\/sindromecharge.es\\\/index.php\\\/2024\\\/11\\\/05\\\/exposicion-fotos-personas-cuidadoras-queremos-visibilizar-que-se-da-por-hecho-pasa-desapercibido\\\/#breadcrumb\",\"itemListElement\":[{\"@type\":\"ListItem\",\"position\":1,\"name\":\"Portada\",\"item\":\"https:\\\/\\\/sindromecharge.es\\\/\"},{\"@type\":\"ListItem\",\"position\":2,\"name\":\"La vida de las personas cuidadoras en im\u00e1genes: &#8220;Queremos visibilizar lo que se da por hecho y pasa desapercibido&#8221;\"}]},{\"@type\":\"WebSite\",\"@id\":\"https:\\\/\\\/sindromecharge.es\\\/#website\",\"url\":\"https:\\\/\\\/sindromecharge.es\\\/\",\"name\":\"Asociaci\u00f3n Espa\u00f1ola S\u00edndrome de Charge\",\"description\":\"\",\"potentialAction\":[{\"@type\":\"SearchAction\",\"target\":{\"@type\":\"EntryPoint\",\"urlTemplate\":\"https:\\\/\\\/sindromecharge.es\\\/?s={search_term_string}\"},\"query-input\":{\"@type\":\"PropertyValueSpecification\",\"valueRequired\":true,\"valueName\":\"search_term_string\"}}],\"inLanguage\":\"es\"},{\"@type\":\"Person\",\"@id\":\"https:\\\/\\\/sindromecharge.es\\\/#\\\/schema\\\/person\\\/39a60ebe0a2b4d5a11179701e336b039\",\"name\":\"Charge\",\"image\":{\"@type\":\"ImageObject\",\"inLanguage\":\"es\",\"@id\":\"https:\\\/\\\/secure.gravatar.com\\\/avatar\\\/c3b46e32a0fc3b093a0873fb767bf3293de856293065e84ef06b7ec7a8acfb98?s=96&d=identicon&r=x\",\"url\":\"https:\\\/\\\/secure.gravatar.com\\\/avatar\\\/c3b46e32a0fc3b093a0873fb767bf3293de856293065e84ef06b7ec7a8acfb98?s=96&d=identicon&r=x\",\"contentUrl\":\"https:\\\/\\\/secure.gravatar.com\\\/avatar\\\/c3b46e32a0fc3b093a0873fb767bf3293de856293065e84ef06b7ec7a8acfb98?s=96&d=identicon&r=x\",\"caption\":\"Charge\"},\"url\":\"https:\\\/\\\/sindromecharge.es\\\/index.php\\\/author\\\/admin\\\/\"}]}<\/script>\n<!-- \/ Yoast SEO plugin. -->","yoast_head_json":{"title":"La vida de las personas cuidadoras en im\u00e1genes: \"Queremos visibilizar lo que se da por hecho y pasa desapercibido\" - Asociaci\u00f3n Espa\u00f1ola S\u00edndrome de Charge","robots":{"index":"index","follow":"follow","max-snippet":"max-snippet:-1","max-image-preview":"max-image-preview:large","max-video-preview":"max-video-preview:-1"},"canonical":"https:\/\/sindromecharge.es\/index.php\/2024\/11\/05\/exposicion-fotos-personas-cuidadoras-queremos-visibilizar-que-se-da-por-hecho-pasa-desapercibido\/","og_locale":"es_ES","og_type":"article","og_title":"La vida de las personas cuidadoras en im\u00e1genes: \"Queremos visibilizar lo que se da por hecho y pasa desapercibido\" - Asociaci\u00f3n Espa\u00f1ola S\u00edndrome de Charge","og_description":"Hoy, 5 de noviembre, es el D\u00eda Internacional de las Personas Cuidadoras. Seg\u00fan los \u00faltimos datos del Imserso de 2022, en Espa\u00f1a hay 68.252 cuidadores no&#8230;","og_url":"https:\/\/sindromecharge.es\/index.php\/2024\/11\/05\/exposicion-fotos-personas-cuidadoras-queremos-visibilizar-que-se-da-por-hecho-pasa-desapercibido\/","og_site_name":"Asociaci\u00f3n Espa\u00f1ola S\u00edndrome de Charge","article_publisher":"https:\/\/www.facebook.com\/asociacionsindromecharge","article_published_time":"2024-11-05T06:39:51+00:00","og_image":[{"width":300,"height":98,"url":"https:\/\/sindromecharge.es\/wp-content\/uploads\/2013\/09\/logodecharge300x98.png","type":"image\/png"}],"author":"Charge","twitter_card":"summary_large_image","twitter_creator":"@sindromecharge","twitter_site":"@sindromecharge","twitter_misc":{"Escrito por":"Charge","Tiempo de lectura":"4 minutos"},"schema":{"@context":"https:\/\/schema.org","@graph":[{"@type":"Article","@id":"https:\/\/sindromecharge.es\/index.php\/2024\/11\/05\/exposicion-fotos-personas-cuidadoras-queremos-visibilizar-que-se-da-por-hecho-pasa-desapercibido\/#article","isPartOf":{"@id":"https:\/\/sindromecharge.es\/index.php\/2024\/11\/05\/exposicion-fotos-personas-cuidadoras-queremos-visibilizar-que-se-da-por-hecho-pasa-desapercibido\/"},"author":{"name":"Charge","@id":"https:\/\/sindromecharge.es\/#\/schema\/person\/39a60ebe0a2b4d5a11179701e336b039"},"headline":"La vida de las personas cuidadoras en im\u00e1genes: \u00abQueremos visibilizar lo que se da por hecho y pasa desapercibido\u00bb","datePublished":"2024-11-05T06:39:51+00:00","mainEntityOfPage":{"@id":"https:\/\/sindromecharge.es\/index.php\/2024\/11\/05\/exposicion-fotos-personas-cuidadoras-queremos-visibilizar-que-se-da-por-hecho-pasa-desapercibido\/"},"wordCount":807,"articleSection":["noticias"],"inLanguage":"es"},{"@type":"WebPage","@id":"https:\/\/sindromecharge.es\/index.php\/2024\/11\/05\/exposicion-fotos-personas-cuidadoras-queremos-visibilizar-que-se-da-por-hecho-pasa-desapercibido\/","url":"https:\/\/sindromecharge.es\/index.php\/2024\/11\/05\/exposicion-fotos-personas-cuidadoras-queremos-visibilizar-que-se-da-por-hecho-pasa-desapercibido\/","name":"La vida de las personas cuidadoras en im\u00e1genes: \"Queremos visibilizar lo que se da por hecho y pasa desapercibido\" - Asociaci\u00f3n Espa\u00f1ola S\u00edndrome de Charge","isPartOf":{"@id":"https:\/\/sindromecharge.es\/#website"},"datePublished":"2024-11-05T06:39:51+00:00","author":{"@id":"https:\/\/sindromecharge.es\/#\/schema\/person\/39a60ebe0a2b4d5a11179701e336b039"},"breadcrumb":{"@id":"https:\/\/sindromecharge.es\/index.php\/2024\/11\/05\/exposicion-fotos-personas-cuidadoras-queremos-visibilizar-que-se-da-por-hecho-pasa-desapercibido\/#breadcrumb"},"inLanguage":"es","potentialAction":[{"@type":"ReadAction","target":["https:\/\/sindromecharge.es\/index.php\/2024\/11\/05\/exposicion-fotos-personas-cuidadoras-queremos-visibilizar-que-se-da-por-hecho-pasa-desapercibido\/"]}]},{"@type":"BreadcrumbList","@id":"https:\/\/sindromecharge.es\/index.php\/2024\/11\/05\/exposicion-fotos-personas-cuidadoras-queremos-visibilizar-que-se-da-por-hecho-pasa-desapercibido\/#breadcrumb","itemListElement":[{"@type":"ListItem","position":1,"name":"Portada","item":"https:\/\/sindromecharge.es\/"},{"@type":"ListItem","position":2,"name":"La vida de las personas cuidadoras en im\u00e1genes: &#8220;Queremos visibilizar lo que se da por hecho y pasa desapercibido&#8221;"}]},{"@type":"WebSite","@id":"https:\/\/sindromecharge.es\/#website","url":"https:\/\/sindromecharge.es\/","name":"Asociaci\u00f3n Espa\u00f1ola S\u00edndrome de Charge","description":"","potentialAction":[{"@type":"SearchAction","target":{"@type":"EntryPoint","urlTemplate":"https:\/\/sindromecharge.es\/?s={search_term_string}"},"query-input":{"@type":"PropertyValueSpecification","valueRequired":true,"valueName":"search_term_string"}}],"inLanguage":"es"},{"@type":"Person","@id":"https:\/\/sindromecharge.es\/#\/schema\/person\/39a60ebe0a2b4d5a11179701e336b039","name":"Charge","image":{"@type":"ImageObject","inLanguage":"es","@id":"https:\/\/secure.gravatar.com\/avatar\/c3b46e32a0fc3b093a0873fb767bf3293de856293065e84ef06b7ec7a8acfb98?s=96&d=identicon&r=x","url":"https:\/\/secure.gravatar.com\/avatar\/c3b46e32a0fc3b093a0873fb767bf3293de856293065e84ef06b7ec7a8acfb98?s=96&d=identicon&r=x","contentUrl":"https:\/\/secure.gravatar.com\/avatar\/c3b46e32a0fc3b093a0873fb767bf3293de856293065e84ef06b7ec7a8acfb98?s=96&d=identicon&r=x","caption":"Charge"},"url":"https:\/\/sindromecharge.es\/index.php\/author\/admin\/"}]}},"_links":{"self":[{"href":"https:\/\/sindromecharge.es\/index.php\/wp-json\/wp\/v2\/posts\/10527","targetHints":{"allow":["GET"]}}],"collection":[{"href":"https:\/\/sindromecharge.es\/index.php\/wp-json\/wp\/v2\/posts"}],"about":[{"href":"https:\/\/sindromecharge.es\/index.php\/wp-json\/wp\/v2\/types\/post"}],"author":[{"embeddable":true,"href":"https:\/\/sindromecharge.es\/index.php\/wp-json\/wp\/v2\/users\/1"}],"replies":[{"embeddable":true,"href":"https:\/\/sindromecharge.es\/index.php\/wp-json\/wp\/v2\/comments?post=10527"}],"version-history":[{"count":0,"href":"https:\/\/sindromecharge.es\/index.php\/wp-json\/wp\/v2\/posts\/10527\/revisions"}],"wp:attachment":[{"href":"https:\/\/sindromecharge.es\/index.php\/wp-json\/wp\/v2\/media?parent=10527"}],"wp:term":[{"taxonomy":"category","embeddable":true,"href":"https:\/\/sindromecharge.es\/index.php\/wp-json\/wp\/v2\/categories?post=10527"},{"taxonomy":"post_tag","embeddable":true,"href":"https:\/\/sindromecharge.es\/index.php\/wp-json\/wp\/v2\/tags?post=10527"}],"curies":[{"name":"wp","href":"https:\/\/api.w.org\/{rel}","templated":true}]}}