{"id":10526,"date":"2024-11-05T05:53:13","date_gmt":"2024-11-05T05:53:13","guid":{"rendered":"https:\/\/sindromecharge.es\/index.php\/2024\/11\/05\/la-administracion-publica-es-menos-cuida-los-cuidadores\/"},"modified":"2024-11-05T05:53:13","modified_gmt":"2024-11-05T05:53:13","slug":"la-administracion-publica-es-menos-cuida-los-cuidadores","status":"publish","type":"post","link":"https:\/\/sindromecharge.es\/index.php\/2024\/11\/05\/la-administracion-publica-es-menos-cuida-los-cuidadores\/","title":{"rendered":"La administraci\u00f3n p\u00fablica es la que menos cuida a los cuidadores"},"content":{"rendered":"<p>Leemos en Discapacidad la siguiente noticia que os reproducimos de forma \u00edntegra: <\/p>\n<div>\n<p><b>Hoy es el d\u00eda de los cuidadores<\/b>, una jornada en la que todos los medios y muchas administraciones p\u00fablicas recalcar\u00e1n <b>la importancia de cuidar al cuidador.<\/b> Nos dar\u00e1n consejos para sobrellevar la carga de los cuidados, que hagamos deporte, cultivemos relaciones sociales, comamos y durmamos bien y pidamos ayuda profesional si la necesitamos.<\/p>\n<p>Sobre la ayuda profesional podr\u00edamos hablar otro d\u00eda, dada la lista de espera que existe por la v\u00eda p\u00fablica para acceder a un psic\u00f3logo. Tambi\u00e9n sobre la dificultad para apuntarse al gimnasio o quedar a cenar cuando se nos necesita en casa y la discapacidad nos ha empobrecido. De lo que quiero hablar hoy, porque me parece fundamental, es de c\u00f3mo<b> la administraci\u00f3n p\u00fablica no para de poner palos en las ruedas <\/b>de un carro traqueteante al que ya le cuesta bastante avanzar a\u00fan sin baches en el camino<b>.<\/b><\/p>\n<p><b>Yo tengo dos personas con <a href=\"https:\/\/www.20minutos.es\/minuteca\/discapacidad\/\" title=\"Discapacidad\">discapacidad<\/a> y muy dependientes a mi cargo<\/b>. Una es mi hijo, desde que naci\u00f3, con autismo no verbal y necesitado para todo de la ayuda de terceros. Otra es mi marido, desde que el mes de mayo de 2023 un aneurisma le produjera un da\u00f1o cerebral adquirido que le ha dejado grandes secuelas y sujeto a una silla de ruedas.<\/p>\n<p>Durante todo este tiempo, que me ha puesto a prueba en todos los sentidos, lo que m\u00e1s me agota y no exagero es<b> la pelea en la que nos embarcan a los cuidadores, con tr\u00e1mites kafkianos y demoras inexcusables<\/b>. <\/p>\n<p>Un ejemplo personal. <b>En estos momentos tengo dos personas con movilidad reducida a mi cargo y ninguna tarjeta azul disponible<\/b>. La de mi hijo porque hab\u00eda que renovarla y pese a presentar toda la documentaci\u00f3n en tiempo y forma, el ayuntamiento de mi ciudad m\u00e1s de un mes despu\u00e9s a\u00fan no me ha facilitado la nueva. No le vale el documento oficial que yo les presento y la comunicaci\u00f3n entre administraciones se demora. Mi marido porque lleva a la espera de la valoraci\u00f3n de su <a href=\"https:\/\/www.20minutos.es\/minuteca\/discapacidad\/\" title=\"Discapacidad\">discapacidad<\/a> desde enero de este a\u00f1o. 11 meses movi\u00e9ndonos en silla de ruedas sin la tarjeta azul y sin noticias de ella. <b>Acercarse a pedir si es posible acelerar el proceso no sirve de nada<\/b>, aunque les digas que la silla provisional que usa est\u00e1 en las \u00faltimas y que en la ortopedia no podr\u00e1n aplicarte el IVA reducido en la nueva que tienes que comprar ya o que corres el riesgo de perder un seguro. De las ayudas a la <a href=\"https:\/\/www.20minutos.es\/minuteca\/dependencia\/\" title=\"Dependencia\">dependencia<\/a> de ambos, valorados antes del verano, tampoco sabemos nada. <\/p>\n<p><b>Es solo una muestra de lo que enfrentan todas las personas cuidadoras de otras con discapacidad<\/b>. Tener que  pedir padrones repetidamente porque caducan para distintas gestiones; cartas certificadas amenazantes de retirar prestaciones si no se presentan documentaciones a tiempo que otras administraciones tardan en entregar; formularios escritos en la ant\u00edtesis a la <a href=\"https:\/\/www.20minutos.es\/minuteca\/lectura-facil\/\" title=\"Lectura f\u00e1cil\">lectura f\u00e1cil<\/a>; incompatibilidades il\u00f3gicas en los recursos a la dependencia; funcionarios muy amables pero con las manos atadas a la hora de acelerar o facilitar procesos; ayudas que no se reciben; personas que mueren antes de recibirlas&#8230; <\/p>\n<p><b>Una verg\u00fcenza que salpica<\/b> <b>al Gobierno, comunidades aut\u00f3nomas y ayuntamientos<\/b>. Y a nadie parece importarle. Que esperen, que se aguanten, que tiren de ahorros si los tienen, que sufran todos esos cuidadores que, en gran medida, est\u00e1n asumiendo responsabilidades que corresponden al Estado. <b>Se podr\u00eda solucionar con voluntad y recursos<\/b>: abriendo m\u00e1s centros base, creando de paso m\u00e1s puestos de trabajo, mejorando el cruce de datos, siendo m\u00e1s proactivos y humanos a la hora de informar sobre las ayudas existentes y gestionarlas. <\/p>\n<p>Los cuidadores no necesitamos que nos aconsejen hacer deporte, salir con amigos o cuidar nuestro sue\u00f1o, <b>necesitamos imperiosamente que dejen de existir las listas de espera de la verg\u00fcenza<\/b> en discapacidad y dependencia, los procedimientos endemoniados y las incompatibilidades entre ayudas.<\/p>\n<\/div>\n<p>Fuente: Discapacidad https:\/\/www.20minutos.es\/noticia\/5650471\/0\/la-administracion-publica-es-menos-cuida-los-cuidadores\/<\/p>\n","protected":false},"excerpt":{"rendered":"<p>\u00abLos cuidadores no necesitamos que nos aconsejen hacer deporte, salir con amigos o cuidar nuestro sue\u00f1o, necesitamos que dejen de existir las listas de espera de la verg\u00fcenza en discapacidad y dependencia\u00bb.<\/p>\n","protected":false},"author":1,"featured_media":0,"comment_status":"closed","ping_status":"closed","sticky":false,"template":"","format":"standard","meta":{"footnotes":""},"categories":[8],"tags":[],"class_list":["post-10526","post","type-post","status-publish","format-standard","hentry","category-noticias"],"yoast_head":"<!-- This site is optimized with the Yoast SEO plugin v27.5 - https:\/\/yoast.com\/product\/yoast-seo-wordpress\/ -->\n<title>La administraci\u00f3n p\u00fablica es la que menos cuida a los cuidadores - Asociaci\u00f3n Espa\u00f1ola S\u00edndrome de Charge<\/title>\n<meta name=\"robots\" content=\"index, follow, max-snippet:-1, max-image-preview:large, max-video-preview:-1\" \/>\n<link rel=\"canonical\" href=\"https:\/\/sindromecharge.es\/index.php\/2024\/11\/05\/la-administracion-publica-es-menos-cuida-los-cuidadores\/\" \/>\n<meta property=\"og:locale\" content=\"es_ES\" \/>\n<meta property=\"og:type\" content=\"article\" \/>\n<meta property=\"og:title\" content=\"La administraci\u00f3n p\u00fablica es la que menos cuida a los cuidadores - Asociaci\u00f3n Espa\u00f1ola S\u00edndrome de Charge\" \/>\n<meta property=\"og:description\" content=\"\u00abLos cuidadores no necesitamos que nos aconsejen hacer deporte, salir con amigos o cuidar nuestro sue\u00f1o, necesitamos que dejen de existir las listas de espera de la verg\u00fcenza en discapacidad y dependencia\u00bb.\" \/>\n<meta property=\"og:url\" content=\"https:\/\/sindromecharge.es\/index.php\/2024\/11\/05\/la-administracion-publica-es-menos-cuida-los-cuidadores\/\" \/>\n<meta property=\"og:site_name\" content=\"Asociaci\u00f3n Espa\u00f1ola S\u00edndrome de Charge\" \/>\n<meta property=\"article:publisher\" content=\"https:\/\/www.facebook.com\/asociacionsindromecharge\" \/>\n<meta property=\"article:published_time\" content=\"2024-11-05T05:53:13+00:00\" \/>\n<meta property=\"og:image\" content=\"https:\/\/sindromecharge.es\/wp-content\/uploads\/2013\/09\/logodecharge300x98.png\" \/>\n\t<meta property=\"og:image:width\" content=\"300\" \/>\n\t<meta property=\"og:image:height\" content=\"98\" \/>\n\t<meta property=\"og:image:type\" content=\"image\/png\" \/>\n<meta name=\"author\" content=\"Charge\" \/>\n<meta name=\"twitter:card\" content=\"summary_large_image\" \/>\n<meta name=\"twitter:creator\" content=\"@sindromecharge\" \/>\n<meta name=\"twitter:site\" content=\"@sindromecharge\" \/>\n<meta name=\"twitter:label1\" content=\"Escrito por\" \/>\n\t<meta name=\"twitter:data1\" content=\"Charge\" \/>\n\t<meta name=\"twitter:label2\" content=\"Tiempo de lectura\" \/>\n\t<meta name=\"twitter:data2\" content=\"3 minutos\" \/>\n<script type=\"application\/ld+json\" class=\"yoast-schema-graph\">{\"@context\":\"https:\\\/\\\/schema.org\",\"@graph\":[{\"@type\":\"Article\",\"@id\":\"https:\\\/\\\/sindromecharge.es\\\/index.php\\\/2024\\\/11\\\/05\\\/la-administracion-publica-es-menos-cuida-los-cuidadores\\\/#article\",\"isPartOf\":{\"@id\":\"https:\\\/\\\/sindromecharge.es\\\/index.php\\\/2024\\\/11\\\/05\\\/la-administracion-publica-es-menos-cuida-los-cuidadores\\\/\"},\"author\":{\"name\":\"Charge\",\"@id\":\"https:\\\/\\\/sindromecharge.es\\\/#\\\/schema\\\/person\\\/39a60ebe0a2b4d5a11179701e336b039\"},\"headline\":\"La administraci\u00f3n p\u00fablica es la que menos cuida a los cuidadores\",\"datePublished\":\"2024-11-05T05:53:13+00:00\",\"mainEntityOfPage\":{\"@id\":\"https:\\\/\\\/sindromecharge.es\\\/index.php\\\/2024\\\/11\\\/05\\\/la-administracion-publica-es-menos-cuida-los-cuidadores\\\/\"},\"wordCount\":704,\"articleSection\":[\"noticias\"],\"inLanguage\":\"es\"},{\"@type\":\"WebPage\",\"@id\":\"https:\\\/\\\/sindromecharge.es\\\/index.php\\\/2024\\\/11\\\/05\\\/la-administracion-publica-es-menos-cuida-los-cuidadores\\\/\",\"url\":\"https:\\\/\\\/sindromecharge.es\\\/index.php\\\/2024\\\/11\\\/05\\\/la-administracion-publica-es-menos-cuida-los-cuidadores\\\/\",\"name\":\"La administraci\u00f3n p\u00fablica es la que menos cuida a los cuidadores - Asociaci\u00f3n Espa\u00f1ola S\u00edndrome de Charge\",\"isPartOf\":{\"@id\":\"https:\\\/\\\/sindromecharge.es\\\/#website\"},\"datePublished\":\"2024-11-05T05:53:13+00:00\",\"author\":{\"@id\":\"https:\\\/\\\/sindromecharge.es\\\/#\\\/schema\\\/person\\\/39a60ebe0a2b4d5a11179701e336b039\"},\"breadcrumb\":{\"@id\":\"https:\\\/\\\/sindromecharge.es\\\/index.php\\\/2024\\\/11\\\/05\\\/la-administracion-publica-es-menos-cuida-los-cuidadores\\\/#breadcrumb\"},\"inLanguage\":\"es\",\"potentialAction\":[{\"@type\":\"ReadAction\",\"target\":[\"https:\\\/\\\/sindromecharge.es\\\/index.php\\\/2024\\\/11\\\/05\\\/la-administracion-publica-es-menos-cuida-los-cuidadores\\\/\"]}]},{\"@type\":\"BreadcrumbList\",\"@id\":\"https:\\\/\\\/sindromecharge.es\\\/index.php\\\/2024\\\/11\\\/05\\\/la-administracion-publica-es-menos-cuida-los-cuidadores\\\/#breadcrumb\",\"itemListElement\":[{\"@type\":\"ListItem\",\"position\":1,\"name\":\"Portada\",\"item\":\"https:\\\/\\\/sindromecharge.es\\\/\"},{\"@type\":\"ListItem\",\"position\":2,\"name\":\"La administraci\u00f3n p\u00fablica es la que menos cuida a los cuidadores\"}]},{\"@type\":\"WebSite\",\"@id\":\"https:\\\/\\\/sindromecharge.es\\\/#website\",\"url\":\"https:\\\/\\\/sindromecharge.es\\\/\",\"name\":\"Asociaci\u00f3n Espa\u00f1ola S\u00edndrome de Charge\",\"description\":\"\",\"potentialAction\":[{\"@type\":\"SearchAction\",\"target\":{\"@type\":\"EntryPoint\",\"urlTemplate\":\"https:\\\/\\\/sindromecharge.es\\\/?s={search_term_string}\"},\"query-input\":{\"@type\":\"PropertyValueSpecification\",\"valueRequired\":true,\"valueName\":\"search_term_string\"}}],\"inLanguage\":\"es\"},{\"@type\":\"Person\",\"@id\":\"https:\\\/\\\/sindromecharge.es\\\/#\\\/schema\\\/person\\\/39a60ebe0a2b4d5a11179701e336b039\",\"name\":\"Charge\",\"image\":{\"@type\":\"ImageObject\",\"inLanguage\":\"es\",\"@id\":\"https:\\\/\\\/secure.gravatar.com\\\/avatar\\\/c3b46e32a0fc3b093a0873fb767bf3293de856293065e84ef06b7ec7a8acfb98?s=96&d=identicon&r=x\",\"url\":\"https:\\\/\\\/secure.gravatar.com\\\/avatar\\\/c3b46e32a0fc3b093a0873fb767bf3293de856293065e84ef06b7ec7a8acfb98?s=96&d=identicon&r=x\",\"contentUrl\":\"https:\\\/\\\/secure.gravatar.com\\\/avatar\\\/c3b46e32a0fc3b093a0873fb767bf3293de856293065e84ef06b7ec7a8acfb98?s=96&d=identicon&r=x\",\"caption\":\"Charge\"},\"url\":\"https:\\\/\\\/sindromecharge.es\\\/index.php\\\/author\\\/admin\\\/\"}]}<\/script>\n<!-- \/ Yoast SEO plugin. -->","yoast_head_json":{"title":"La administraci\u00f3n p\u00fablica es la que menos cuida a los cuidadores - Asociaci\u00f3n Espa\u00f1ola S\u00edndrome de Charge","robots":{"index":"index","follow":"follow","max-snippet":"max-snippet:-1","max-image-preview":"max-image-preview:large","max-video-preview":"max-video-preview:-1"},"canonical":"https:\/\/sindromecharge.es\/index.php\/2024\/11\/05\/la-administracion-publica-es-menos-cuida-los-cuidadores\/","og_locale":"es_ES","og_type":"article","og_title":"La administraci\u00f3n p\u00fablica es la que menos cuida a los cuidadores - Asociaci\u00f3n Espa\u00f1ola S\u00edndrome de Charge","og_description":"\u00abLos cuidadores no necesitamos que nos aconsejen hacer deporte, salir con amigos o cuidar nuestro sue\u00f1o, necesitamos que dejen de existir las listas de espera de la verg\u00fcenza en discapacidad y dependencia\u00bb.","og_url":"https:\/\/sindromecharge.es\/index.php\/2024\/11\/05\/la-administracion-publica-es-menos-cuida-los-cuidadores\/","og_site_name":"Asociaci\u00f3n Espa\u00f1ola S\u00edndrome de Charge","article_publisher":"https:\/\/www.facebook.com\/asociacionsindromecharge","article_published_time":"2024-11-05T05:53:13+00:00","og_image":[{"width":300,"height":98,"url":"https:\/\/sindromecharge.es\/wp-content\/uploads\/2013\/09\/logodecharge300x98.png","type":"image\/png"}],"author":"Charge","twitter_card":"summary_large_image","twitter_creator":"@sindromecharge","twitter_site":"@sindromecharge","twitter_misc":{"Escrito por":"Charge","Tiempo de lectura":"3 minutos"},"schema":{"@context":"https:\/\/schema.org","@graph":[{"@type":"Article","@id":"https:\/\/sindromecharge.es\/index.php\/2024\/11\/05\/la-administracion-publica-es-menos-cuida-los-cuidadores\/#article","isPartOf":{"@id":"https:\/\/sindromecharge.es\/index.php\/2024\/11\/05\/la-administracion-publica-es-menos-cuida-los-cuidadores\/"},"author":{"name":"Charge","@id":"https:\/\/sindromecharge.es\/#\/schema\/person\/39a60ebe0a2b4d5a11179701e336b039"},"headline":"La administraci\u00f3n p\u00fablica es la que menos cuida a los cuidadores","datePublished":"2024-11-05T05:53:13+00:00","mainEntityOfPage":{"@id":"https:\/\/sindromecharge.es\/index.php\/2024\/11\/05\/la-administracion-publica-es-menos-cuida-los-cuidadores\/"},"wordCount":704,"articleSection":["noticias"],"inLanguage":"es"},{"@type":"WebPage","@id":"https:\/\/sindromecharge.es\/index.php\/2024\/11\/05\/la-administracion-publica-es-menos-cuida-los-cuidadores\/","url":"https:\/\/sindromecharge.es\/index.php\/2024\/11\/05\/la-administracion-publica-es-menos-cuida-los-cuidadores\/","name":"La administraci\u00f3n p\u00fablica es la que menos cuida a los cuidadores - Asociaci\u00f3n Espa\u00f1ola S\u00edndrome de Charge","isPartOf":{"@id":"https:\/\/sindromecharge.es\/#website"},"datePublished":"2024-11-05T05:53:13+00:00","author":{"@id":"https:\/\/sindromecharge.es\/#\/schema\/person\/39a60ebe0a2b4d5a11179701e336b039"},"breadcrumb":{"@id":"https:\/\/sindromecharge.es\/index.php\/2024\/11\/05\/la-administracion-publica-es-menos-cuida-los-cuidadores\/#breadcrumb"},"inLanguage":"es","potentialAction":[{"@type":"ReadAction","target":["https:\/\/sindromecharge.es\/index.php\/2024\/11\/05\/la-administracion-publica-es-menos-cuida-los-cuidadores\/"]}]},{"@type":"BreadcrumbList","@id":"https:\/\/sindromecharge.es\/index.php\/2024\/11\/05\/la-administracion-publica-es-menos-cuida-los-cuidadores\/#breadcrumb","itemListElement":[{"@type":"ListItem","position":1,"name":"Portada","item":"https:\/\/sindromecharge.es\/"},{"@type":"ListItem","position":2,"name":"La administraci\u00f3n p\u00fablica es la que menos cuida a los cuidadores"}]},{"@type":"WebSite","@id":"https:\/\/sindromecharge.es\/#website","url":"https:\/\/sindromecharge.es\/","name":"Asociaci\u00f3n Espa\u00f1ola S\u00edndrome de Charge","description":"","potentialAction":[{"@type":"SearchAction","target":{"@type":"EntryPoint","urlTemplate":"https:\/\/sindromecharge.es\/?s={search_term_string}"},"query-input":{"@type":"PropertyValueSpecification","valueRequired":true,"valueName":"search_term_string"}}],"inLanguage":"es"},{"@type":"Person","@id":"https:\/\/sindromecharge.es\/#\/schema\/person\/39a60ebe0a2b4d5a11179701e336b039","name":"Charge","image":{"@type":"ImageObject","inLanguage":"es","@id":"https:\/\/secure.gravatar.com\/avatar\/c3b46e32a0fc3b093a0873fb767bf3293de856293065e84ef06b7ec7a8acfb98?s=96&d=identicon&r=x","url":"https:\/\/secure.gravatar.com\/avatar\/c3b46e32a0fc3b093a0873fb767bf3293de856293065e84ef06b7ec7a8acfb98?s=96&d=identicon&r=x","contentUrl":"https:\/\/secure.gravatar.com\/avatar\/c3b46e32a0fc3b093a0873fb767bf3293de856293065e84ef06b7ec7a8acfb98?s=96&d=identicon&r=x","caption":"Charge"},"url":"https:\/\/sindromecharge.es\/index.php\/author\/admin\/"}]}},"_links":{"self":[{"href":"https:\/\/sindromecharge.es\/index.php\/wp-json\/wp\/v2\/posts\/10526","targetHints":{"allow":["GET"]}}],"collection":[{"href":"https:\/\/sindromecharge.es\/index.php\/wp-json\/wp\/v2\/posts"}],"about":[{"href":"https:\/\/sindromecharge.es\/index.php\/wp-json\/wp\/v2\/types\/post"}],"author":[{"embeddable":true,"href":"https:\/\/sindromecharge.es\/index.php\/wp-json\/wp\/v2\/users\/1"}],"replies":[{"embeddable":true,"href":"https:\/\/sindromecharge.es\/index.php\/wp-json\/wp\/v2\/comments?post=10526"}],"version-history":[{"count":0,"href":"https:\/\/sindromecharge.es\/index.php\/wp-json\/wp\/v2\/posts\/10526\/revisions"}],"wp:attachment":[{"href":"https:\/\/sindromecharge.es\/index.php\/wp-json\/wp\/v2\/media?parent=10526"}],"wp:term":[{"taxonomy":"category","embeddable":true,"href":"https:\/\/sindromecharge.es\/index.php\/wp-json\/wp\/v2\/categories?post=10526"},{"taxonomy":"post_tag","embeddable":true,"href":"https:\/\/sindromecharge.es\/index.php\/wp-json\/wp\/v2\/tags?post=10526"}],"curies":[{"name":"wp","href":"https:\/\/api.w.org\/{rel}","templated":true}]}}