{"id":10524,"date":"2024-11-04T06:36:47","date_gmt":"2024-11-04T06:36:47","guid":{"rendered":"https:\/\/sindromecharge.es\/index.php\/2024\/11\/04\/santiago-duhalde-director-gerente-ceapat-accesibilidad-deberia-formar-parte-curriculum-todas-las-carreras\/"},"modified":"2024-11-04T06:36:47","modified_gmt":"2024-11-04T06:36:47","slug":"santiago-duhalde-director-gerente-ceapat-accesibilidad-deberia-formar-parte-curriculum-todas-las-carreras","status":"publish","type":"post","link":"https:\/\/sindromecharge.es\/index.php\/2024\/11\/04\/santiago-duhalde-director-gerente-ceapat-accesibilidad-deberia-formar-parte-curriculum-todas-las-carreras\/","title":{"rendered":"Santiago Duhalde, director gerente de CEAPAT: \u00abLa accesibilidad deber\u00eda formar parte del curr\u00edculum de todas las carreras\u00bb"},"content":{"rendered":"<p>Leemos en Discapacidad la siguiente noticia que os reproducimos de forma \u00edntegra: <\/p>\n<div>\n<p><b>Hace 35 a\u00f1os, en 1989, el IMSERSO cre\u00f3 el CEAPAT<\/b>, el Centro de referencia Estatal de Autonom\u00eda Personal y Ayudas T\u00e9cnicas, fundado tanto para crear y compartir conocimiento en materia de <a href=\"https:\/\/www.20minutos.es\/minuteca\/accesibilidad\/\" title=\"Accesibilidad\" target=\"_blank\" rel=\"noopener\">accesibilidad<\/a>, \u00absi nos fijamos en la funciones que tiene hoy el centro, en realidad deber\u00edamos decir que es el Centro de referencia estatal de autonom\u00eda personal, accesibilidad y productos de apoyo, porque el t\u00e9rmino de ayudas t\u00e9cnicas ya est\u00e1 en desuso, pero la actualizaci\u00f3n de los nombres siempre va un poco por detr\u00e1s\u00bb, aclara <b>Santiago Duhalde, actual director gerente.<\/b><\/p>\n<p>Los t\u00e9rminos, la sociedad e incluso la legislaci\u00f3n han cambiado en estos 35 a\u00f1os, pero lo esencial, el objetivo con el que naci\u00f3 el CEAPAT sigue intacto, que es<b> favorecer la autonom\u00eda de las personas y su participaci\u00f3n plena en la sociedad<\/b>, \u00abgracias a la accesibilidad, las personas pueden permanecer en sus \u00e1mbitos naturales, en su casa, el mayor tiempo posible, por eso, nuestra raz\u00f3n de ser es el fomento de la autonom\u00eda personal y la accesibilidad acompa\u00f1ados con los productos de apoyo. Con esa idea naci\u00f3, inspirado en uno que exist\u00eda en Suecia en ese momento, pero luego hemos ido teniendo nuestra propia trayectoria, nuestra propia idiosincrasia e incorporando distintos servicios\u00bb, a\u00f1ade Duhalde.<\/p>\n<p>En la actualidad, CEAPAT tiene<b> varios servicios y se divide en tres \u00e1reas<\/b>: un \u00e1rea de arquitectura y accesibilidad, otra que es la de desarrollo tecnol\u00f3gico y el \u00e1rea de productos de apoyo.<\/p>\n<p>En el \u00e1rea de productos de apoyo, la &#8216;estrella&#8217; es el cat\u00e1logo, que, seg\u00fan nos cont\u00f3 Santiago Duhalde, es la secci\u00f3n m\u00e1s visitada de la web, \u00ablo fundamental, junto con el asesoramiento, era crear un<b> cat\u00e1logo de productos de apoyo<\/b>, que fue el eje con el que empez\u00f3 a desarrollarse el CEAPAT. Hasta entonces, no hab\u00eda una base de datos que recogiera lo que exist\u00eda y que pudiera facilitar esa informaci\u00f3n a profesionales como a usuarios\u00bb. <\/p>\n<p>En este cat\u00e1logo, que est\u00e1 <a href=\"https:\/\/catalogoceapat.imserso.es\/index\" target=\"_blank\" rel=\"nofollow noopener\">disponible en este enlace<\/a>, se encuentran un n\u00famero muy significativo de<b> productos de apoyo disponibles en Espa\u00f1a<\/b>, y en el sentido m\u00e1s amplio, \u00abla gente normalmente lo identifica con lo m\u00e1s evidente, que son las <a href=\"https:\/\/www.20minutos.es\/minuteca\/silla-de-ruedas\/\" title=\"Silla de ruedas\" target=\"_blank\" rel=\"noopener\">sillas de ruedas<\/a>, las muletas\u2026 pero existen much\u00edsimos m\u00e1s dispositivos para facilitar, por ejemplo, la transferencia de entre una silla de ruedas a otro \u00e1mbito o una cama, las gr\u00faas\u2026 pero tambi\u00e9n engrosadores para poder coger cubiertos, utensilios de cocina\u2026<b> cosas que faciliten tareas <\/b>como el autocuidado o la cocinar. El objetivo de todos estos productos de apoyo es que las persona<b>s puedan ser lo m\u00e1s aut\u00f3nomas que su situaci\u00f3n vital les permita<\/b>, con los apoyos muchas limitaciones se mitigan\u00bb, explica.<\/p>\n<p>A este cat\u00e1logo, y a sus servicios en general, se han ido incorporando las <b>nuevas tecnolog\u00edas<\/b> y, aunque empezaron centrados en una accesibilidad m\u00e1s f\u00edsica, tambi\u00e9n trabajan \u00abtodo lo que tiene que ver con los sensorial, para personas con discapacidad visual o para personas sordas\u00bb y la <b>accesibilidad cognitiva,<\/b> que tambi\u00e9n est\u00e1 presente en CEAPAT a pesar de haber sido la \u00faltima en llegar, \u00abel abanico es grande, porque la accesibilidad es una cuesti\u00f3n de derechos. Sin ella, no se dan las condiciones para que personas que tienen alg\u00fan tipo de limitaci\u00f3n puedan<b> ejercer sus derechos y participar en la sociedad <\/b>en la misma medida que el resto de las personas. Nuestro enfoque es el de la accesibilidad desde el punto de vista de los derechos humanos, no solamente una cuesti\u00f3n t\u00e9cnica\u00bb.<\/p>\n<p>Esto es, como reconoce Duhalde, \u00ab<b>una tarea que no tiene fin<\/b>, porque la realidad es din\u00e1mica, y la realidad ahora es muy distinta a cuando naci\u00f3 el CEAPAT, tanto jur\u00eddica, como social. Se aprob\u00f3 la Convenci\u00f3n convicci\u00f3n internacional de derechos de las personas con discapacidad de Naciones Unidas de 2006, ha cambiado la Constituci\u00f3n\u2026 y <b>la accesibilidad es ya una obligaci\u00f3n y un deber de todos los estados<\/b>. Es un mandato legal m\u00e1s evidente y que cada vez se comprende m\u00e1s socialmente\u00bb. <\/p>\n<h2>Seis grandes servicios<\/h2>\n<p>Desde CEAPAT ofrecen servicios de informaci\u00f3n y asesoramiento a todo tipo de instituciones, tanto p\u00fablicas como privadas, del tercer sector, instituciones acad\u00e9micas\u2026 adem\u00e1s de crear y compartir conocimiento, \u00aben nuestro d\u00eda a d\u00eda, acompa\u00f1amos las l\u00edneas estrat\u00e9gicas del <a href=\"https:\/\/www.20minutos.es\/minuteca\/imserso\/\" title=\"Imserso\" target=\"_blank\" rel=\"noopener\">Imserso<\/a> que tiene que ver con la<b> promoci\u00f3n de la autonom\u00eda<\/b>, fomento de la accesibilidad, la difusi\u00f3n del conocimiento y la atenci\u00f3n centrada en la persona. Enmarcamos todas nuestras acciones en ese en ese marco estrat\u00e9gico, y a partir de ah\u00ed, desarrollamos distintas actuaciones y las programamos de manera anual. Hacemos publicaciones especializadas, formaciones abiertas, formaciones internas, a la propia administraci\u00f3n, etc.\u00bb, explica el director.<\/p>\n<p>Adem\u00e1s, colaboran de manera estable con otras entidades fuera de Espa\u00f1a, como todas las pertenecientes al <b>Ciapat<\/b>, que son los centros de Iberoam\u00e9rica, \u00abtienen sus sedes en Buenos Aires, Bogot\u00e1, Santiago de Chile, Salvador de Bah\u00eda y con ellos tambi\u00e9n tenemos una red de colaboraci\u00f3n, de intercambio de buenas pr\u00e1cticas y tambi\u00e9n de informaci\u00f3n y formaci\u00f3n\u00bb. <\/p>\n<p>Tambi\u00e9n est\u00e1n dentro de los organismos de normalizaci\u00f3n como <b>UNE<\/b>, colaboran con el desarrollo de normativa t\u00e9cnica con temas relacionados con la accesibilidad o con los productos de apoyo y la autonom\u00eda.<\/p>\n<p>Y luego, como concreta Santiago Duhalde, \u00abvamos a lo particular, pues llevamos la coordinaci\u00f3n de todos esos <b>gabinetes de accesibilidad <\/b>de los centros del Imserso\u00bb<\/p>\n<p>En general, como especifica su director, ofrecen <b>seis grandes servicios<\/b>.<\/p>\n<p><b>\u2022 Asesoramiento<\/b>, \u00abuna persona una entidad puede llamar y hacer una consulta sobre productos de apoyo o sobre accesibilidad para que nosotros, bueno le hagamos una serie de recomendaciones de tipo t\u00e9cnico\u00bb. <\/p>\n<p><b>\u2022 Difusi\u00f3n de conocimiento<\/b>, \u00absiempre estamos participando a nivel interno o a nivel externo. Por ejemplo, todos los a\u00f1os hacemos una semana de puertas abiertas, la semana de encuentros de CEAPAT, donde invitamos a profesionales especialistas del mundo acad\u00e9mico, de la empresa privada, del \u00e1mbito p\u00fablico, hacemos unas mesas redondas donde intentamos que haya representantes de distintos aspectos en torno a un tema\u00bb. <\/p>\n<p>\u2022 Algunos gabinetes tienen un <b>servicio de pr\u00e9stamo<\/b> de productos de apoyo a sus usuarios, que depende tambi\u00e9n de CEAPAT.<\/p>\n<p><b>\u2022 Evaluaciones individuales<\/b>, \u00ab<span>evaluar la necesidad de productos de apoyo <\/span>es uno de nuestros puntos fuertes, labor que llevan a cabo nuestras terapeutas ocupacionales. Una persona particular puede venir, sola o acompa\u00f1ada del profesional que normalmente la acompa\u00f1a, para evaluar los distintos productos que hay en el mercado y en el \u00e1mbito sanitario, y ver cu\u00e1l es el que se ajusta m\u00e1s a sus necesidades\u00bb. <\/p>\n<p><b>\u2022 Adaptaci\u00f3n de productos de apoyo<\/b>, \u00abmuchos de esos productos tal y como est\u00e1n no son utilizables por todas las personas y necesitan una adaptaci\u00f3n para que los puedan utilizar. En este sentido, hacemos incluso adaptaciones de juguetes para que se puedan utilizar ni\u00f1os con alg\u00fan tipo de dificultad para usarlos\u00bb. <\/p>\n<p><b>\u2022 Estudio de mejora de la accesibilidad<\/b>, \u00abse hace un an\u00e1lisis desde el punto de vista de los arquitectos sobre las caracter\u00edsticas de una vivienda o un entorno urbano, p\u00fablico\u2026 para determinar qu\u00e9 tipo de reforma o de mejora necesita implementar para que la vivienda o el entorno sea accesible para esa persona o para un grupo de gente determinado\u00bb.<\/p>\n<h2>\u00bfQu\u00e9 tipo de personas trabajan en CEAPAT y c\u00f3mo acceder a sus servicios?<\/h2>\n<p>Como la accesibilidad, los trabajadores de CEAPAT provienen de muy <b>diversas profesiones<\/b>, porque, como quieren recalcar su director, \u00abhay tareas que son transversales donde intervienen distintos departamentos. Por ejemplo, en una adaptaci\u00f3n de un puesto de trabajo, puede que haya gente de desarrollo tecnol\u00f3gico trabajando con terapeutas ocupacionales o que incluso sea necesaria la intervenci\u00f3n de alg\u00fan arquitecto para lograr que un entorno de trabajo sea accesible para una persona en concreto\u00bb, explica Duhalde. <\/p>\n<p>As\u00ed, en CEAPAT encontramos desde \u00abarquitectos o arquitectos t\u00e9cnicos, delineantes\u2026 hasta psic\u00f3logos, logopedas, terapeutas ocupacionales, una persona que se dedica a las impresoras 3 D, ingenieros, juristas\u2026 porque, al final, <b>la accesibilidad tiene que ser integral y transversal<\/b>, hay entidades en otros sitios que se ocupan de una parte, pero nosotros, como centro de referencia estatal, tenemos la visi\u00f3n m\u00e1s integral\u00bb. <\/p>\n<p>Para acceder a sus servicios hay que<b> llamar, escribir o incluso acercarse f\u00edsicamente<\/b>, \u00abonline hay un formulario para solicitar estos servicios. Cuando lo recibimos, nos ponemos en contacto con ellos, determinamos las caracter\u00edsticas de la consulta y cuando ya sabemos bien qu\u00e9 tipo de servicios requiere, empezamos con desarrollo de ese servicio\u00bb. <\/p>\n<p>Al preguntarle por las consultas m\u00e1s comunes, Santiago asegura que tambi\u00e9n son muy diversas y transversales, \u00abrecibimos consultas tanto particulares como entidades, colegios, hospitales, empresas para adaptar puesto, nos piden <b>asesoramientos, productos de apoyo<\/b>\u2026 Tenemos muchas personas con discapacidad de todo tipo que requieren, bien consultas sobre productos de apoyo o sobre sistemas de comunicaci\u00f3n, para interactuar con dispositivos electr\u00f3nicos\u2026 Y muchas consultas en lo que<b> se refiere a vivienda y entorno dom\u00e9stico<\/b> de personas mayores, porque no es necesario tener una discapacidad o tener una discapacidad certificada para requerir productos de apoyo, cualquiera persona que tenga una necesidad puede acudir a nosotros\u00bb<\/p>\n<p>A pesar de la gran labor que hacen esta entidad es todav\u00eda muy desconocida, \u00abal igual que muchos de los centros de referencia,<b> nos conoce poco el gran p\u00fablico<\/b>, pero s\u00ed nos conocen en el \u00e1mbito de la <a href=\"https:\/\/www.20minutos.es\/minuteca\/discapacidad\/\" title=\"Discapacidad\" target=\"_blank\" rel=\"noopener\">discapacidad<\/a>. Queremos que esto cambie, y que se sepa cu\u00e1l es la naturaleza de los centros de referencia y qu\u00e9 tipo de servicios podemos darles\u00bb, asegura.<\/p>\n<h2>Grandes avances, retos y una asignatura pendiente<\/h2>\n<p>La accesibilidad es un \u00e1mbito en el que se ha avanzado mucho en Espa\u00f1a en las \u00faltimas d\u00e9cadas. Aun as\u00ed, la tarea, como asegura Duhalde, no acaba nunca, \u00abes tit\u00e1nica, inabarcable y sin fin, porque con el tiempo van apareciendo siempre nuevos desaf\u00edos, nuevas soluciones\u00bb.<\/p>\n<p>Entre esos retos, poder hacer frente a una demanda cada vez m\u00e1s creciente de accesibilidad y la<b> incorporaci\u00f3n de la inteligencia artificial<\/b>, \u00abcomo cualquier unidad de la administraci\u00f3n p\u00fablica y m\u00e1s una tan especializada, el desaf\u00edo es estar siempre en contacto con lo que se demanda, estar al d\u00eda con las transformaciones y poder acompa\u00f1ar el dinamismo que todo esto tiene en la sociedad. Y uno de los desaf\u00edos es, sin duda, la inteligencia artificial, que presenta grandes riesgos, pero tambi\u00e9n muchas oportunidades. El desaf\u00edo es poder acompa\u00f1ar ese proceso para, por un lado, que se puedan<b> evitar los perjuicios<\/b> que su aplicaci\u00f3n pueda provocar a las personas vulnerables y, por otra parte, <b>aprovechar las oportunidades<\/b> que se presentan para mejorar las vidas de las personas\u2026\u00bb. <\/p>\n<p>En cuanto a la gran asignatura pendiente en materia de accesibilidad, <b>que esta se convierta en algo omnipresente y transversal<\/b>, \u00abque no sea un a\u00f1adido, sino que forme parte de nuestra tarea como profesionales, independientemente del campo y del \u00e1mbito en el que nos movamos, que forme parte del curr\u00edculum de las carreras porque todas tienen algo que incide en la realidad de las personas. Tenemos que entender que <b>la accesibilidad no es algo que podamos elegir<\/b>, y tiene que estar presente en todos lados, empresas, servicios, administraci\u00f3n, tr\u00e1mites\u2026. Somos seres colaborativos y todo lo que hacemos incide en los dem\u00e1s\u00bb.<\/p>\n<p>La esperanza de Santiago Duhalde son las nuevas generaciones, mucho m\u00e1s concienciadas con la diversidad, \u00absu visi\u00f3n de la sociedad es m\u00e1s diversa y reclaman medidas, incluso cuando no son ellos los directamente beneficiados o afectados\u00bb, asegura, \u00abs\u00e9 que es muy dif\u00edcil llegar a que todo sea accesible, pero hay que intentarlo, porque es tremendo cuando ves c\u00f3mo <b>accesibilidad impacta en la calidad de vida de las personas<\/b>\u00ab. <\/p>\n<\/div>\n<p>Fuente: Discapacidad https:\/\/www.20minutos.es\/noticia\/5649271\/0\/santiago-duhalde-director-gerente-ceapat-accesibilidad-deberia-formar-parte-curriculum-todas-las-carreras\/<\/p>\n","protected":false},"excerpt":{"rendered":"<p>CEAPAT es un centro dependiente del IMSERSO dedicado a promover la accesibilidad y la autonom\u00eda.<\/p>\n","protected":false},"author":1,"featured_media":0,"comment_status":"closed","ping_status":"closed","sticky":false,"template":"","format":"standard","meta":{"footnotes":""},"categories":[8],"tags":[],"class_list":["post-10524","post","type-post","status-publish","format-standard","hentry","category-noticias"],"yoast_head":"<!-- This site is optimized with the Yoast SEO plugin v27.5 - https:\/\/yoast.com\/product\/yoast-seo-wordpress\/ -->\n<title>Santiago Duhalde, director gerente de CEAPAT: &quot;La accesibilidad deber\u00eda formar parte del curr\u00edculum de todas las carreras&quot; - Asociaci\u00f3n Espa\u00f1ola S\u00edndrome de Charge<\/title>\n<meta name=\"robots\" content=\"index, follow, max-snippet:-1, max-image-preview:large, max-video-preview:-1\" \/>\n<link rel=\"canonical\" href=\"https:\/\/sindromecharge.es\/index.php\/2024\/11\/04\/santiago-duhalde-director-gerente-ceapat-accesibilidad-deberia-formar-parte-curriculum-todas-las-carreras\/\" \/>\n<meta property=\"og:locale\" content=\"es_ES\" \/>\n<meta property=\"og:type\" content=\"article\" \/>\n<meta property=\"og:title\" content=\"Santiago Duhalde, director gerente de CEAPAT: &quot;La accesibilidad deber\u00eda formar parte del curr\u00edculum de todas las carreras&quot; - Asociaci\u00f3n Espa\u00f1ola S\u00edndrome de Charge\" \/>\n<meta property=\"og:description\" content=\"CEAPAT es un centro dependiente del IMSERSO dedicado a promover la accesibilidad y la autonom\u00eda.\" \/>\n<meta property=\"og:url\" content=\"https:\/\/sindromecharge.es\/index.php\/2024\/11\/04\/santiago-duhalde-director-gerente-ceapat-accesibilidad-deberia-formar-parte-curriculum-todas-las-carreras\/\" \/>\n<meta property=\"og:site_name\" content=\"Asociaci\u00f3n Espa\u00f1ola S\u00edndrome de Charge\" \/>\n<meta property=\"article:publisher\" content=\"https:\/\/www.facebook.com\/asociacionsindromecharge\" \/>\n<meta property=\"article:published_time\" content=\"2024-11-04T06:36:47+00:00\" \/>\n<meta property=\"og:image\" content=\"https:\/\/sindromecharge.es\/wp-content\/uploads\/2013\/09\/logodecharge300x98.png\" \/>\n\t<meta property=\"og:image:width\" content=\"300\" \/>\n\t<meta property=\"og:image:height\" content=\"98\" \/>\n\t<meta property=\"og:image:type\" content=\"image\/png\" \/>\n<meta name=\"author\" content=\"Charge\" \/>\n<meta name=\"twitter:card\" content=\"summary_large_image\" \/>\n<meta name=\"twitter:creator\" content=\"@sindromecharge\" \/>\n<meta name=\"twitter:site\" content=\"@sindromecharge\" \/>\n<meta name=\"twitter:label1\" content=\"Escrito por\" \/>\n\t<meta name=\"twitter:data1\" content=\"Charge\" \/>\n\t<meta name=\"twitter:label2\" content=\"Tiempo de lectura\" \/>\n\t<meta name=\"twitter:data2\" content=\"10 minutos\" \/>\n<script type=\"application\/ld+json\" class=\"yoast-schema-graph\">{\"@context\":\"https:\\\/\\\/schema.org\",\"@graph\":[{\"@type\":\"Article\",\"@id\":\"https:\\\/\\\/sindromecharge.es\\\/index.php\\\/2024\\\/11\\\/04\\\/santiago-duhalde-director-gerente-ceapat-accesibilidad-deberia-formar-parte-curriculum-todas-las-carreras\\\/#article\",\"isPartOf\":{\"@id\":\"https:\\\/\\\/sindromecharge.es\\\/index.php\\\/2024\\\/11\\\/04\\\/santiago-duhalde-director-gerente-ceapat-accesibilidad-deberia-formar-parte-curriculum-todas-las-carreras\\\/\"},\"author\":{\"name\":\"Charge\",\"@id\":\"https:\\\/\\\/sindromecharge.es\\\/#\\\/schema\\\/person\\\/39a60ebe0a2b4d5a11179701e336b039\"},\"headline\":\"Santiago Duhalde, director gerente de CEAPAT: \u00abLa accesibilidad deber\u00eda formar parte del curr\u00edculum de todas las carreras\u00bb\",\"datePublished\":\"2024-11-04T06:36:47+00:00\",\"mainEntityOfPage\":{\"@id\":\"https:\\\/\\\/sindromecharge.es\\\/index.php\\\/2024\\\/11\\\/04\\\/santiago-duhalde-director-gerente-ceapat-accesibilidad-deberia-formar-parte-curriculum-todas-las-carreras\\\/\"},\"wordCount\":2065,\"articleSection\":[\"noticias\"],\"inLanguage\":\"es\"},{\"@type\":\"WebPage\",\"@id\":\"https:\\\/\\\/sindromecharge.es\\\/index.php\\\/2024\\\/11\\\/04\\\/santiago-duhalde-director-gerente-ceapat-accesibilidad-deberia-formar-parte-curriculum-todas-las-carreras\\\/\",\"url\":\"https:\\\/\\\/sindromecharge.es\\\/index.php\\\/2024\\\/11\\\/04\\\/santiago-duhalde-director-gerente-ceapat-accesibilidad-deberia-formar-parte-curriculum-todas-las-carreras\\\/\",\"name\":\"Santiago Duhalde, director gerente de CEAPAT: \\\"La accesibilidad deber\u00eda formar parte del curr\u00edculum de todas las carreras\\\" - Asociaci\u00f3n Espa\u00f1ola S\u00edndrome de Charge\",\"isPartOf\":{\"@id\":\"https:\\\/\\\/sindromecharge.es\\\/#website\"},\"datePublished\":\"2024-11-04T06:36:47+00:00\",\"author\":{\"@id\":\"https:\\\/\\\/sindromecharge.es\\\/#\\\/schema\\\/person\\\/39a60ebe0a2b4d5a11179701e336b039\"},\"breadcrumb\":{\"@id\":\"https:\\\/\\\/sindromecharge.es\\\/index.php\\\/2024\\\/11\\\/04\\\/santiago-duhalde-director-gerente-ceapat-accesibilidad-deberia-formar-parte-curriculum-todas-las-carreras\\\/#breadcrumb\"},\"inLanguage\":\"es\",\"potentialAction\":[{\"@type\":\"ReadAction\",\"target\":[\"https:\\\/\\\/sindromecharge.es\\\/index.php\\\/2024\\\/11\\\/04\\\/santiago-duhalde-director-gerente-ceapat-accesibilidad-deberia-formar-parte-curriculum-todas-las-carreras\\\/\"]}]},{\"@type\":\"BreadcrumbList\",\"@id\":\"https:\\\/\\\/sindromecharge.es\\\/index.php\\\/2024\\\/11\\\/04\\\/santiago-duhalde-director-gerente-ceapat-accesibilidad-deberia-formar-parte-curriculum-todas-las-carreras\\\/#breadcrumb\",\"itemListElement\":[{\"@type\":\"ListItem\",\"position\":1,\"name\":\"Portada\",\"item\":\"https:\\\/\\\/sindromecharge.es\\\/\"},{\"@type\":\"ListItem\",\"position\":2,\"name\":\"Santiago Duhalde, director gerente de CEAPAT: &#8220;La accesibilidad deber\u00eda formar parte del curr\u00edculum de todas las carreras&#8221;\"}]},{\"@type\":\"WebSite\",\"@id\":\"https:\\\/\\\/sindromecharge.es\\\/#website\",\"url\":\"https:\\\/\\\/sindromecharge.es\\\/\",\"name\":\"Asociaci\u00f3n Espa\u00f1ola S\u00edndrome de Charge\",\"description\":\"\",\"potentialAction\":[{\"@type\":\"SearchAction\",\"target\":{\"@type\":\"EntryPoint\",\"urlTemplate\":\"https:\\\/\\\/sindromecharge.es\\\/?s={search_term_string}\"},\"query-input\":{\"@type\":\"PropertyValueSpecification\",\"valueRequired\":true,\"valueName\":\"search_term_string\"}}],\"inLanguage\":\"es\"},{\"@type\":\"Person\",\"@id\":\"https:\\\/\\\/sindromecharge.es\\\/#\\\/schema\\\/person\\\/39a60ebe0a2b4d5a11179701e336b039\",\"name\":\"Charge\",\"image\":{\"@type\":\"ImageObject\",\"inLanguage\":\"es\",\"@id\":\"https:\\\/\\\/secure.gravatar.com\\\/avatar\\\/c3b46e32a0fc3b093a0873fb767bf3293de856293065e84ef06b7ec7a8acfb98?s=96&d=identicon&r=x\",\"url\":\"https:\\\/\\\/secure.gravatar.com\\\/avatar\\\/c3b46e32a0fc3b093a0873fb767bf3293de856293065e84ef06b7ec7a8acfb98?s=96&d=identicon&r=x\",\"contentUrl\":\"https:\\\/\\\/secure.gravatar.com\\\/avatar\\\/c3b46e32a0fc3b093a0873fb767bf3293de856293065e84ef06b7ec7a8acfb98?s=96&d=identicon&r=x\",\"caption\":\"Charge\"},\"url\":\"https:\\\/\\\/sindromecharge.es\\\/index.php\\\/author\\\/admin\\\/\"}]}<\/script>\n<!-- \/ Yoast SEO plugin. -->","yoast_head_json":{"title":"Santiago Duhalde, director gerente de CEAPAT: \"La accesibilidad deber\u00eda formar parte del curr\u00edculum de todas las carreras\" - Asociaci\u00f3n Espa\u00f1ola S\u00edndrome de Charge","robots":{"index":"index","follow":"follow","max-snippet":"max-snippet:-1","max-image-preview":"max-image-preview:large","max-video-preview":"max-video-preview:-1"},"canonical":"https:\/\/sindromecharge.es\/index.php\/2024\/11\/04\/santiago-duhalde-director-gerente-ceapat-accesibilidad-deberia-formar-parte-curriculum-todas-las-carreras\/","og_locale":"es_ES","og_type":"article","og_title":"Santiago Duhalde, director gerente de CEAPAT: \"La accesibilidad deber\u00eda formar parte del curr\u00edculum de todas las carreras\" - Asociaci\u00f3n Espa\u00f1ola S\u00edndrome de Charge","og_description":"CEAPAT es un centro dependiente del IMSERSO dedicado a promover la accesibilidad y la autonom\u00eda.","og_url":"https:\/\/sindromecharge.es\/index.php\/2024\/11\/04\/santiago-duhalde-director-gerente-ceapat-accesibilidad-deberia-formar-parte-curriculum-todas-las-carreras\/","og_site_name":"Asociaci\u00f3n Espa\u00f1ola S\u00edndrome de Charge","article_publisher":"https:\/\/www.facebook.com\/asociacionsindromecharge","article_published_time":"2024-11-04T06:36:47+00:00","og_image":[{"width":300,"height":98,"url":"https:\/\/sindromecharge.es\/wp-content\/uploads\/2013\/09\/logodecharge300x98.png","type":"image\/png"}],"author":"Charge","twitter_card":"summary_large_image","twitter_creator":"@sindromecharge","twitter_site":"@sindromecharge","twitter_misc":{"Escrito por":"Charge","Tiempo de lectura":"10 minutos"},"schema":{"@context":"https:\/\/schema.org","@graph":[{"@type":"Article","@id":"https:\/\/sindromecharge.es\/index.php\/2024\/11\/04\/santiago-duhalde-director-gerente-ceapat-accesibilidad-deberia-formar-parte-curriculum-todas-las-carreras\/#article","isPartOf":{"@id":"https:\/\/sindromecharge.es\/index.php\/2024\/11\/04\/santiago-duhalde-director-gerente-ceapat-accesibilidad-deberia-formar-parte-curriculum-todas-las-carreras\/"},"author":{"name":"Charge","@id":"https:\/\/sindromecharge.es\/#\/schema\/person\/39a60ebe0a2b4d5a11179701e336b039"},"headline":"Santiago Duhalde, director gerente de CEAPAT: \u00abLa accesibilidad deber\u00eda formar parte del curr\u00edculum de todas las carreras\u00bb","datePublished":"2024-11-04T06:36:47+00:00","mainEntityOfPage":{"@id":"https:\/\/sindromecharge.es\/index.php\/2024\/11\/04\/santiago-duhalde-director-gerente-ceapat-accesibilidad-deberia-formar-parte-curriculum-todas-las-carreras\/"},"wordCount":2065,"articleSection":["noticias"],"inLanguage":"es"},{"@type":"WebPage","@id":"https:\/\/sindromecharge.es\/index.php\/2024\/11\/04\/santiago-duhalde-director-gerente-ceapat-accesibilidad-deberia-formar-parte-curriculum-todas-las-carreras\/","url":"https:\/\/sindromecharge.es\/index.php\/2024\/11\/04\/santiago-duhalde-director-gerente-ceapat-accesibilidad-deberia-formar-parte-curriculum-todas-las-carreras\/","name":"Santiago Duhalde, director gerente de CEAPAT: \"La accesibilidad deber\u00eda formar parte del curr\u00edculum de todas las carreras\" - Asociaci\u00f3n Espa\u00f1ola S\u00edndrome de Charge","isPartOf":{"@id":"https:\/\/sindromecharge.es\/#website"},"datePublished":"2024-11-04T06:36:47+00:00","author":{"@id":"https:\/\/sindromecharge.es\/#\/schema\/person\/39a60ebe0a2b4d5a11179701e336b039"},"breadcrumb":{"@id":"https:\/\/sindromecharge.es\/index.php\/2024\/11\/04\/santiago-duhalde-director-gerente-ceapat-accesibilidad-deberia-formar-parte-curriculum-todas-las-carreras\/#breadcrumb"},"inLanguage":"es","potentialAction":[{"@type":"ReadAction","target":["https:\/\/sindromecharge.es\/index.php\/2024\/11\/04\/santiago-duhalde-director-gerente-ceapat-accesibilidad-deberia-formar-parte-curriculum-todas-las-carreras\/"]}]},{"@type":"BreadcrumbList","@id":"https:\/\/sindromecharge.es\/index.php\/2024\/11\/04\/santiago-duhalde-director-gerente-ceapat-accesibilidad-deberia-formar-parte-curriculum-todas-las-carreras\/#breadcrumb","itemListElement":[{"@type":"ListItem","position":1,"name":"Portada","item":"https:\/\/sindromecharge.es\/"},{"@type":"ListItem","position":2,"name":"Santiago Duhalde, director gerente de CEAPAT: &#8220;La accesibilidad deber\u00eda formar parte del curr\u00edculum de todas las carreras&#8221;"}]},{"@type":"WebSite","@id":"https:\/\/sindromecharge.es\/#website","url":"https:\/\/sindromecharge.es\/","name":"Asociaci\u00f3n Espa\u00f1ola S\u00edndrome de Charge","description":"","potentialAction":[{"@type":"SearchAction","target":{"@type":"EntryPoint","urlTemplate":"https:\/\/sindromecharge.es\/?s={search_term_string}"},"query-input":{"@type":"PropertyValueSpecification","valueRequired":true,"valueName":"search_term_string"}}],"inLanguage":"es"},{"@type":"Person","@id":"https:\/\/sindromecharge.es\/#\/schema\/person\/39a60ebe0a2b4d5a11179701e336b039","name":"Charge","image":{"@type":"ImageObject","inLanguage":"es","@id":"https:\/\/secure.gravatar.com\/avatar\/c3b46e32a0fc3b093a0873fb767bf3293de856293065e84ef06b7ec7a8acfb98?s=96&d=identicon&r=x","url":"https:\/\/secure.gravatar.com\/avatar\/c3b46e32a0fc3b093a0873fb767bf3293de856293065e84ef06b7ec7a8acfb98?s=96&d=identicon&r=x","contentUrl":"https:\/\/secure.gravatar.com\/avatar\/c3b46e32a0fc3b093a0873fb767bf3293de856293065e84ef06b7ec7a8acfb98?s=96&d=identicon&r=x","caption":"Charge"},"url":"https:\/\/sindromecharge.es\/index.php\/author\/admin\/"}]}},"_links":{"self":[{"href":"https:\/\/sindromecharge.es\/index.php\/wp-json\/wp\/v2\/posts\/10524","targetHints":{"allow":["GET"]}}],"collection":[{"href":"https:\/\/sindromecharge.es\/index.php\/wp-json\/wp\/v2\/posts"}],"about":[{"href":"https:\/\/sindromecharge.es\/index.php\/wp-json\/wp\/v2\/types\/post"}],"author":[{"embeddable":true,"href":"https:\/\/sindromecharge.es\/index.php\/wp-json\/wp\/v2\/users\/1"}],"replies":[{"embeddable":true,"href":"https:\/\/sindromecharge.es\/index.php\/wp-json\/wp\/v2\/comments?post=10524"}],"version-history":[{"count":0,"href":"https:\/\/sindromecharge.es\/index.php\/wp-json\/wp\/v2\/posts\/10524\/revisions"}],"wp:attachment":[{"href":"https:\/\/sindromecharge.es\/index.php\/wp-json\/wp\/v2\/media?parent=10524"}],"wp:term":[{"taxonomy":"category","embeddable":true,"href":"https:\/\/sindromecharge.es\/index.php\/wp-json\/wp\/v2\/categories?post=10524"},{"taxonomy":"post_tag","embeddable":true,"href":"https:\/\/sindromecharge.es\/index.php\/wp-json\/wp\/v2\/tags?post=10524"}],"curies":[{"name":"wp","href":"https:\/\/api.w.org\/{rel}","templated":true}]}}