{"id":10523,"date":"2024-11-04T06:22:47","date_gmt":"2024-11-04T06:22:47","guid":{"rendered":"https:\/\/sindromecharge.es\/index.php\/2024\/11\/04\/zancadas-sobre-ruedas-si-yo-llego-tu-llegas\/"},"modified":"2024-11-04T06:22:47","modified_gmt":"2024-11-04T06:22:47","slug":"zancadas-sobre-ruedas-si-yo-llego-tu-llegas","status":"publish","type":"post","link":"https:\/\/sindromecharge.es\/index.php\/2024\/11\/04\/zancadas-sobre-ruedas-si-yo-llego-tu-llegas\/","title":{"rendered":"Zancadas sobre Ruedas&#8217;, actividades deportivas y de ocio con personas con discapacidad: \u00abSi yo llego, t\u00fa llegas\u00bb"},"content":{"rendered":"<p>Leemos en Discapacidad la siguiente noticia que os reproducimos de forma \u00edntegra: <\/p>\n<div>\n<p>Asfalto. Monta\u00f1a. Playa. <b>\u201cLlegamos donde haga falta\u201d<\/b>, dice Silvia Clemente, usuaria y voluntaria de Zancadas Sobre Ruedas.<\/p>\n<p>Silvia tiene 48 a\u00f1os y vive en Cartagena, donde tiene su sede Zancadas, una organizaci\u00f3n sin \u00e1nimo de lucro compuesta por voluntarios para que <b>personas con distintos tipos de <a href=\"https:\/\/www.20minutos.es\/minuteca\/discapacidad\/\" title=\"Discapacidad\">discapacidad<\/a> participen en actividades deportivas y de ocio<\/b>.<\/p>\n<p>Silvia es ciega total desde hace dieciocho a\u00f1os y se sirve de los voluntarios de Zancadas para <b><a href=\"https:\/\/www.20minutos.es\/minuteca\/correr\/\" title=\"Correr\">correr<\/a>, sobre todo por la monta\u00f1a<\/b>. Tambi\u00e9n ejerce como voluntaria porque como explica: \u201cPuedo tirar de una silla perfectamente, solo necesito que alguien me vaya guiando y dici\u00e9ndome por d\u00f3nde piso\u201d.<\/p>\n<p>Mar\u00eda Jos\u00e9 Calonge tiene 60 a\u00f1os es gu\u00eda voluntaria y casi fundadora de Zancadas. \u201cEmpec\u00e9 a hacer deporte tarde, con treintaitantos acompa\u00f1aba a nadar a mis hijas. Tuve una lesi\u00f3n en el hombro y dej\u00e9 la piscina. Entonces pens\u00e9 que ten\u00eda que sacar esa energ\u00eda por alg\u00fan lado. Me plante\u00e9 empezar a correr y mi marido, que es militar, me dijo que pod\u00eda ayudarme. <b>As\u00ed empec\u00e9 y no me esperaba ir de aqu\u00ed a la esquina\u2026<\/b> Pero ten\u00eda la motivaci\u00f3n y la constancia\u201d, recuerda.<\/p>\n<p>A Mar\u00eda Jos\u00e9 enseguida le empez\u00f3 a cundir su nueva actividad deportiva. Tanto es as\u00ed que se fue metiendo en clubs, \u201ccon lo que me picaba m\u00e1s todav\u00eda. Empec\u00e9 a hacer <a href=\"https:\/\/www.20minutos.es\/deportes\/minuteca\/carreras-populares\/\" title=\"Carreras Populares\">carreras populares<\/a> y maratones como <a href=\"https:\/\/www.20minutos.es\/minuteca\/paris\/\" title=\"Par\u00eds\">Par\u00eds<\/a>, Madrid, Vancouver. Al final un <a href=\"https:\/\/www.20minutos.es\/deportes\/minuteca\/maraton\/\" title=\"Marat\u00f3n\">marat\u00f3n<\/a> me serv\u00eda de entreno para el siguiente\u201d, cuenta divertida. \u201cAqu\u00ed la amiga ha hecho <b>carreras de cien kil\u00f3metros<\/b>\u201d, apunta Silvia.<\/p>\n<p>Aunque era feliz con su nueva afici\u00f3n, Mar\u00eda Jos\u00e9 empez\u00f3 a sentir que todo era un poco lo mismo. Entonces Juan Ernesto, fundador de Zancadas, se hizo con una silla Jo\u00eblette y le dijo a Mar\u00eda Jos\u00e9 que ten\u00eda una carrera donde la necesitaba. \u201c<b>Sacamos a una ni\u00f1a con discapacidad a correr con esa silla en una carrera popular<\/b> y fue genial. Hab\u00edamos visto documentales, nos hab\u00edamos informado, la silla tiene cualidades especiales. Es unirrueda y es muy vers\u00e1til. Con ella hemos ido al Mulhac\u00e9n, al Veleta, varias veces al Camino de Santiago\u201d, explica.<\/p>\n<p>Y as\u00ed fue como naci\u00f3 Zancadas Sobre Ruedas en 2017. Hoy cuentan con <b>varios tipos de sillas de ruedas<\/b>, como una para ba\u00f1arse en el mar, para que las personas usuarias con problemas de movilidad puedan participar en distintas actividades de ocio y deportivas.<\/p>\n<p>Entre las herramientas que la organizaci\u00f3n ofrece est\u00e1n tambi\u00e9n las que necesita Silvia para correr. \u201cCuando corremos por asfalto vamos el gu\u00eda y yo con una correa sincronizando nuestras zancadas y brazadas\u201d, explica Silvia. \u201c<b>Para correr por monta\u00f1a usamos una barra direccional. <\/b>Es un palo de tres metros. Yo voy en el centro y por delante llevo una gu\u00eda y por detr\u00e1s otra. En asfalto vamos en paralelo y en monta\u00f1a en fila porque sueles pasar por sitios estrechos. El gu\u00eda que va delante va hablando todo el rato. Me avisa de si hay piedras, qu\u00e9 tipo de piedras, si hay una bajada tipo escal\u00f3n y estima los cent\u00edmetros que tiene: veinte, cuarenta, etc. Si viene un \u00e1rbol y tengo que agacharme, si tengo que saltar, girar, etc. Yo sigo todas sus indicaciones y el gu\u00eda de detr\u00e1s se preocupa de que yo siempre est\u00e9 detr\u00e1s del gu\u00eda de delante porque basta con que me abra un poquito para que ya no encajen totalmente las indicaciones que me da el primer gu\u00eda. Por eso tenemos que ir en fila y de garantizarlo se encarga el gu\u00eda de detr\u00e1s\u201d.<\/p>\n<p>En Zancadas hay <b>m\u00e1s de trescientos voluntarios y m\u00e1s de doscientos usuarios<\/b>. Hay planes que se elaboran a la carta. Puede pasar que un usuario diga que nunca ha subido a un monte que hay en su pueblo y entonces elaboran un plan para hacerlo juntos en una jornada de senderismo. Tambi\u00e9n es frecuente que acompa\u00f1en a los chavales a las excursiones del colegio a las que no podr\u00edan ir porque no est\u00e1n adaptadas.<\/p>\n<p>Silvia aterriz\u00f3 en Zancadas muy poco despu\u00e9s de que naciera. Hasta que se qued\u00f3 ciega no se hab\u00eda tomado muy en serio el mundo deportivo. Fue entonces, con la ayuda de la Once, cuando empez\u00f3 a practicar distintos deportes como f\u00fatbol o judo. Al final lo que m\u00e1s le gust\u00f3 fue correr y encontr\u00f3 su lugar en Zancadas. \u201cGracias a ellos descubr\u00ed la monta\u00f1a y ahora es lo que m\u00e1s me gusta: <b>la libertad de correr por la naturaleza<\/b>\u201d.<\/p>\n<p>Mar\u00eda Jos\u00e9 tambi\u00e9n encontr\u00f3 su sitio en Zancadas. \u201c<b>Es muy gratificante, tenemos todo tipo de usuarios. <\/b>Hay personas con par\u00e1lisis cerebral. De hecho, uno de ellos utiliza el ordenador con el dedo pulgar del pie y es nuestro inform\u00e1tico y quien nos lleva las redes sociales de la asociaci\u00f3n\u201d, cuenta.<\/p>\n<p>Desde que naci\u00f3 Zancadas han desarrollado o participado en m\u00e1s de mil actividades. Tambi\u00e9n se ha expandido, la organizaci\u00f3n ya est\u00e1 presente en Siles y Alicante. \u201cSi no existiera Zancadas, habr\u00eda que inventarla. He aprendido tanto, me ha dado tanto y he conocido a tanta gente. Llena mucho\u201d, dice Mar\u00eda Jos\u00e9. \u201cYo vivo en casa sola y gracias a Zancadas salgo de la monoton\u00eda. Conozco a gente y <b>aprendo de otras personas con discapacidad<\/b>. Disfruto mucho de la gente y de la naturaleza\u201d, a\u00f1ade Silvia.<\/p>\n<p>\u201cYo ahora tengo muchas ganas de que tengamos una yayacleta, que es como un triciclo el\u00e9ctrico para poder sacar a los abuelitos. <b>El deporte es salud y vida<\/b>. Como dice el lema de Zancadas: si yo llego, t\u00fa llegas y tu sonrisa es el premio\u201d, concluye Mar\u00eda Jos\u00e9.<\/p>\n<p>En Zancadas acaban de contratar un entrenador personal, as\u00ed que ahora <b>Silvia y Mar\u00eda Jos\u00e9 van dos veces a la semana a entrenar a la asociaci\u00f3n<\/b>. \u201cEst\u00e1 muy bien porque prepara entrenamientos muy completos con ejercicios para personas con distintos tipos de discapacidad. Con el entrenador hacemos entrenamiento funcional y de fuerza\u201d, cuenta Mar\u00eda Jos\u00e9.<\/p>\n<p>Pero como no todo va a ser hacer deporte, Silvia cuenta que en Zancadas tambi\u00e9n la ayudan cuando necesita <b>aprender a hacer un nuevo recorrido <\/b>por la ciudad. Mar\u00eda Jos\u00e9 la suele acompa\u00f1ar cuando lo necesita. \u201cY todo va muy bien hasta que nos paramos en un escaparate y acabamos yendo de compras\u201d, dice Silvia mientras Mar\u00eda Jos\u00e9 se r\u00ede. <\/p>\n<\/div>\n<p>Fuente: Discapacidad https:\/\/www.20minutos.es\/noticia\/5644956\/0\/zancadas-sobre-ruedas-si-yo-llego-tu-llegas\/<\/p>\n","protected":false},"excerpt":{"rendered":"<p>Asfalto. Monta\u00f1a. Playa. \u201cLlegamos donde haga falta\u201d, dice Silvia Clemente, usuaria y voluntaria de Zancadas Sobre Ruedas.<\/p>\n","protected":false},"author":1,"featured_media":0,"comment_status":"closed","ping_status":"closed","sticky":false,"template":"","format":"standard","meta":{"footnotes":""},"categories":[8],"tags":[],"class_list":["post-10523","post","type-post","status-publish","format-standard","hentry","category-noticias"],"yoast_head":"<!-- This site is optimized with the Yoast SEO plugin v27.5 - https:\/\/yoast.com\/product\/yoast-seo-wordpress\/ -->\n<title>Zancadas sobre Ruedas&#039;, actividades deportivas y de ocio con personas con discapacidad: &quot;Si yo llego, t\u00fa llegas&quot; - Asociaci\u00f3n Espa\u00f1ola S\u00edndrome de Charge<\/title>\n<meta name=\"robots\" content=\"index, follow, max-snippet:-1, max-image-preview:large, max-video-preview:-1\" \/>\n<link rel=\"canonical\" href=\"https:\/\/sindromecharge.es\/index.php\/2024\/11\/04\/zancadas-sobre-ruedas-si-yo-llego-tu-llegas\/\" \/>\n<meta property=\"og:locale\" content=\"es_ES\" \/>\n<meta property=\"og:type\" content=\"article\" \/>\n<meta property=\"og:title\" content=\"Zancadas sobre Ruedas&#039;, actividades deportivas y de ocio con personas con discapacidad: &quot;Si yo llego, t\u00fa llegas&quot; - Asociaci\u00f3n Espa\u00f1ola S\u00edndrome de Charge\" \/>\n<meta property=\"og:description\" content=\"Asfalto. Monta\u00f1a. Playa. \u201cLlegamos donde haga falta\u201d, dice Silvia Clemente, usuaria y voluntaria de Zancadas Sobre Ruedas.\" \/>\n<meta property=\"og:url\" content=\"https:\/\/sindromecharge.es\/index.php\/2024\/11\/04\/zancadas-sobre-ruedas-si-yo-llego-tu-llegas\/\" \/>\n<meta property=\"og:site_name\" content=\"Asociaci\u00f3n Espa\u00f1ola S\u00edndrome de Charge\" \/>\n<meta property=\"article:publisher\" content=\"https:\/\/www.facebook.com\/asociacionsindromecharge\" \/>\n<meta property=\"article:published_time\" content=\"2024-11-04T06:22:47+00:00\" \/>\n<meta property=\"og:image\" content=\"https:\/\/sindromecharge.es\/wp-content\/uploads\/2013\/09\/logodecharge300x98.png\" \/>\n\t<meta property=\"og:image:width\" content=\"300\" \/>\n\t<meta property=\"og:image:height\" content=\"98\" \/>\n\t<meta property=\"og:image:type\" content=\"image\/png\" \/>\n<meta name=\"author\" content=\"Charge\" \/>\n<meta name=\"twitter:card\" content=\"summary_large_image\" \/>\n<meta name=\"twitter:creator\" content=\"@sindromecharge\" \/>\n<meta name=\"twitter:site\" content=\"@sindromecharge\" \/>\n<meta name=\"twitter:label1\" content=\"Escrito por\" \/>\n\t<meta name=\"twitter:data1\" content=\"Charge\" \/>\n\t<meta name=\"twitter:label2\" content=\"Tiempo de lectura\" \/>\n\t<meta name=\"twitter:data2\" content=\"6 minutos\" \/>\n<script type=\"application\/ld+json\" class=\"yoast-schema-graph\">{\"@context\":\"https:\\\/\\\/schema.org\",\"@graph\":[{\"@type\":\"Article\",\"@id\":\"https:\\\/\\\/sindromecharge.es\\\/index.php\\\/2024\\\/11\\\/04\\\/zancadas-sobre-ruedas-si-yo-llego-tu-llegas\\\/#article\",\"isPartOf\":{\"@id\":\"https:\\\/\\\/sindromecharge.es\\\/index.php\\\/2024\\\/11\\\/04\\\/zancadas-sobre-ruedas-si-yo-llego-tu-llegas\\\/\"},\"author\":{\"name\":\"Charge\",\"@id\":\"https:\\\/\\\/sindromecharge.es\\\/#\\\/schema\\\/person\\\/39a60ebe0a2b4d5a11179701e336b039\"},\"headline\":\"Zancadas sobre Ruedas&#8217;, actividades deportivas y de ocio con personas con discapacidad: \u00abSi yo llego, t\u00fa llegas\u00bb\",\"datePublished\":\"2024-11-04T06:22:47+00:00\",\"mainEntityOfPage\":{\"@id\":\"https:\\\/\\\/sindromecharge.es\\\/index.php\\\/2024\\\/11\\\/04\\\/zancadas-sobre-ruedas-si-yo-llego-tu-llegas\\\/\"},\"wordCount\":1149,\"articleSection\":[\"noticias\"],\"inLanguage\":\"es\"},{\"@type\":\"WebPage\",\"@id\":\"https:\\\/\\\/sindromecharge.es\\\/index.php\\\/2024\\\/11\\\/04\\\/zancadas-sobre-ruedas-si-yo-llego-tu-llegas\\\/\",\"url\":\"https:\\\/\\\/sindromecharge.es\\\/index.php\\\/2024\\\/11\\\/04\\\/zancadas-sobre-ruedas-si-yo-llego-tu-llegas\\\/\",\"name\":\"Zancadas sobre Ruedas', actividades deportivas y de ocio con personas con discapacidad: \\\"Si yo llego, t\u00fa llegas\\\" - Asociaci\u00f3n Espa\u00f1ola S\u00edndrome de Charge\",\"isPartOf\":{\"@id\":\"https:\\\/\\\/sindromecharge.es\\\/#website\"},\"datePublished\":\"2024-11-04T06:22:47+00:00\",\"author\":{\"@id\":\"https:\\\/\\\/sindromecharge.es\\\/#\\\/schema\\\/person\\\/39a60ebe0a2b4d5a11179701e336b039\"},\"breadcrumb\":{\"@id\":\"https:\\\/\\\/sindromecharge.es\\\/index.php\\\/2024\\\/11\\\/04\\\/zancadas-sobre-ruedas-si-yo-llego-tu-llegas\\\/#breadcrumb\"},\"inLanguage\":\"es\",\"potentialAction\":[{\"@type\":\"ReadAction\",\"target\":[\"https:\\\/\\\/sindromecharge.es\\\/index.php\\\/2024\\\/11\\\/04\\\/zancadas-sobre-ruedas-si-yo-llego-tu-llegas\\\/\"]}]},{\"@type\":\"BreadcrumbList\",\"@id\":\"https:\\\/\\\/sindromecharge.es\\\/index.php\\\/2024\\\/11\\\/04\\\/zancadas-sobre-ruedas-si-yo-llego-tu-llegas\\\/#breadcrumb\",\"itemListElement\":[{\"@type\":\"ListItem\",\"position\":1,\"name\":\"Portada\",\"item\":\"https:\\\/\\\/sindromecharge.es\\\/\"},{\"@type\":\"ListItem\",\"position\":2,\"name\":\"Zancadas sobre Ruedas&#8217;, actividades deportivas y de ocio con personas con discapacidad: &#8220;Si yo llego, t\u00fa llegas&#8221;\"}]},{\"@type\":\"WebSite\",\"@id\":\"https:\\\/\\\/sindromecharge.es\\\/#website\",\"url\":\"https:\\\/\\\/sindromecharge.es\\\/\",\"name\":\"Asociaci\u00f3n Espa\u00f1ola S\u00edndrome de Charge\",\"description\":\"\",\"potentialAction\":[{\"@type\":\"SearchAction\",\"target\":{\"@type\":\"EntryPoint\",\"urlTemplate\":\"https:\\\/\\\/sindromecharge.es\\\/?s={search_term_string}\"},\"query-input\":{\"@type\":\"PropertyValueSpecification\",\"valueRequired\":true,\"valueName\":\"search_term_string\"}}],\"inLanguage\":\"es\"},{\"@type\":\"Person\",\"@id\":\"https:\\\/\\\/sindromecharge.es\\\/#\\\/schema\\\/person\\\/39a60ebe0a2b4d5a11179701e336b039\",\"name\":\"Charge\",\"image\":{\"@type\":\"ImageObject\",\"inLanguage\":\"es\",\"@id\":\"https:\\\/\\\/secure.gravatar.com\\\/avatar\\\/c3b46e32a0fc3b093a0873fb767bf3293de856293065e84ef06b7ec7a8acfb98?s=96&d=identicon&r=x\",\"url\":\"https:\\\/\\\/secure.gravatar.com\\\/avatar\\\/c3b46e32a0fc3b093a0873fb767bf3293de856293065e84ef06b7ec7a8acfb98?s=96&d=identicon&r=x\",\"contentUrl\":\"https:\\\/\\\/secure.gravatar.com\\\/avatar\\\/c3b46e32a0fc3b093a0873fb767bf3293de856293065e84ef06b7ec7a8acfb98?s=96&d=identicon&r=x\",\"caption\":\"Charge\"},\"url\":\"https:\\\/\\\/sindromecharge.es\\\/index.php\\\/author\\\/admin\\\/\"}]}<\/script>\n<!-- \/ Yoast SEO plugin. -->","yoast_head_json":{"title":"Zancadas sobre Ruedas', actividades deportivas y de ocio con personas con discapacidad: \"Si yo llego, t\u00fa llegas\" - Asociaci\u00f3n Espa\u00f1ola S\u00edndrome de Charge","robots":{"index":"index","follow":"follow","max-snippet":"max-snippet:-1","max-image-preview":"max-image-preview:large","max-video-preview":"max-video-preview:-1"},"canonical":"https:\/\/sindromecharge.es\/index.php\/2024\/11\/04\/zancadas-sobre-ruedas-si-yo-llego-tu-llegas\/","og_locale":"es_ES","og_type":"article","og_title":"Zancadas sobre Ruedas', actividades deportivas y de ocio con personas con discapacidad: \"Si yo llego, t\u00fa llegas\" - Asociaci\u00f3n Espa\u00f1ola S\u00edndrome de Charge","og_description":"Asfalto. Monta\u00f1a. Playa. \u201cLlegamos donde haga falta\u201d, dice Silvia Clemente, usuaria y voluntaria de Zancadas Sobre Ruedas.","og_url":"https:\/\/sindromecharge.es\/index.php\/2024\/11\/04\/zancadas-sobre-ruedas-si-yo-llego-tu-llegas\/","og_site_name":"Asociaci\u00f3n Espa\u00f1ola S\u00edndrome de Charge","article_publisher":"https:\/\/www.facebook.com\/asociacionsindromecharge","article_published_time":"2024-11-04T06:22:47+00:00","og_image":[{"width":300,"height":98,"url":"https:\/\/sindromecharge.es\/wp-content\/uploads\/2013\/09\/logodecharge300x98.png","type":"image\/png"}],"author":"Charge","twitter_card":"summary_large_image","twitter_creator":"@sindromecharge","twitter_site":"@sindromecharge","twitter_misc":{"Escrito por":"Charge","Tiempo de lectura":"6 minutos"},"schema":{"@context":"https:\/\/schema.org","@graph":[{"@type":"Article","@id":"https:\/\/sindromecharge.es\/index.php\/2024\/11\/04\/zancadas-sobre-ruedas-si-yo-llego-tu-llegas\/#article","isPartOf":{"@id":"https:\/\/sindromecharge.es\/index.php\/2024\/11\/04\/zancadas-sobre-ruedas-si-yo-llego-tu-llegas\/"},"author":{"name":"Charge","@id":"https:\/\/sindromecharge.es\/#\/schema\/person\/39a60ebe0a2b4d5a11179701e336b039"},"headline":"Zancadas sobre Ruedas&#8217;, actividades deportivas y de ocio con personas con discapacidad: \u00abSi yo llego, t\u00fa llegas\u00bb","datePublished":"2024-11-04T06:22:47+00:00","mainEntityOfPage":{"@id":"https:\/\/sindromecharge.es\/index.php\/2024\/11\/04\/zancadas-sobre-ruedas-si-yo-llego-tu-llegas\/"},"wordCount":1149,"articleSection":["noticias"],"inLanguage":"es"},{"@type":"WebPage","@id":"https:\/\/sindromecharge.es\/index.php\/2024\/11\/04\/zancadas-sobre-ruedas-si-yo-llego-tu-llegas\/","url":"https:\/\/sindromecharge.es\/index.php\/2024\/11\/04\/zancadas-sobre-ruedas-si-yo-llego-tu-llegas\/","name":"Zancadas sobre Ruedas', actividades deportivas y de ocio con personas con discapacidad: \"Si yo llego, t\u00fa llegas\" - Asociaci\u00f3n Espa\u00f1ola S\u00edndrome de Charge","isPartOf":{"@id":"https:\/\/sindromecharge.es\/#website"},"datePublished":"2024-11-04T06:22:47+00:00","author":{"@id":"https:\/\/sindromecharge.es\/#\/schema\/person\/39a60ebe0a2b4d5a11179701e336b039"},"breadcrumb":{"@id":"https:\/\/sindromecharge.es\/index.php\/2024\/11\/04\/zancadas-sobre-ruedas-si-yo-llego-tu-llegas\/#breadcrumb"},"inLanguage":"es","potentialAction":[{"@type":"ReadAction","target":["https:\/\/sindromecharge.es\/index.php\/2024\/11\/04\/zancadas-sobre-ruedas-si-yo-llego-tu-llegas\/"]}]},{"@type":"BreadcrumbList","@id":"https:\/\/sindromecharge.es\/index.php\/2024\/11\/04\/zancadas-sobre-ruedas-si-yo-llego-tu-llegas\/#breadcrumb","itemListElement":[{"@type":"ListItem","position":1,"name":"Portada","item":"https:\/\/sindromecharge.es\/"},{"@type":"ListItem","position":2,"name":"Zancadas sobre Ruedas&#8217;, actividades deportivas y de ocio con personas con discapacidad: &#8220;Si yo llego, t\u00fa llegas&#8221;"}]},{"@type":"WebSite","@id":"https:\/\/sindromecharge.es\/#website","url":"https:\/\/sindromecharge.es\/","name":"Asociaci\u00f3n Espa\u00f1ola S\u00edndrome de Charge","description":"","potentialAction":[{"@type":"SearchAction","target":{"@type":"EntryPoint","urlTemplate":"https:\/\/sindromecharge.es\/?s={search_term_string}"},"query-input":{"@type":"PropertyValueSpecification","valueRequired":true,"valueName":"search_term_string"}}],"inLanguage":"es"},{"@type":"Person","@id":"https:\/\/sindromecharge.es\/#\/schema\/person\/39a60ebe0a2b4d5a11179701e336b039","name":"Charge","image":{"@type":"ImageObject","inLanguage":"es","@id":"https:\/\/secure.gravatar.com\/avatar\/c3b46e32a0fc3b093a0873fb767bf3293de856293065e84ef06b7ec7a8acfb98?s=96&d=identicon&r=x","url":"https:\/\/secure.gravatar.com\/avatar\/c3b46e32a0fc3b093a0873fb767bf3293de856293065e84ef06b7ec7a8acfb98?s=96&d=identicon&r=x","contentUrl":"https:\/\/secure.gravatar.com\/avatar\/c3b46e32a0fc3b093a0873fb767bf3293de856293065e84ef06b7ec7a8acfb98?s=96&d=identicon&r=x","caption":"Charge"},"url":"https:\/\/sindromecharge.es\/index.php\/author\/admin\/"}]}},"_links":{"self":[{"href":"https:\/\/sindromecharge.es\/index.php\/wp-json\/wp\/v2\/posts\/10523","targetHints":{"allow":["GET"]}}],"collection":[{"href":"https:\/\/sindromecharge.es\/index.php\/wp-json\/wp\/v2\/posts"}],"about":[{"href":"https:\/\/sindromecharge.es\/index.php\/wp-json\/wp\/v2\/types\/post"}],"author":[{"embeddable":true,"href":"https:\/\/sindromecharge.es\/index.php\/wp-json\/wp\/v2\/users\/1"}],"replies":[{"embeddable":true,"href":"https:\/\/sindromecharge.es\/index.php\/wp-json\/wp\/v2\/comments?post=10523"}],"version-history":[{"count":0,"href":"https:\/\/sindromecharge.es\/index.php\/wp-json\/wp\/v2\/posts\/10523\/revisions"}],"wp:attachment":[{"href":"https:\/\/sindromecharge.es\/index.php\/wp-json\/wp\/v2\/media?parent=10523"}],"wp:term":[{"taxonomy":"category","embeddable":true,"href":"https:\/\/sindromecharge.es\/index.php\/wp-json\/wp\/v2\/categories?post=10523"},{"taxonomy":"post_tag","embeddable":true,"href":"https:\/\/sindromecharge.es\/index.php\/wp-json\/wp\/v2\/tags?post=10523"}],"curies":[{"name":"wp","href":"https:\/\/api.w.org\/{rel}","templated":true}]}}