{"id":10509,"date":"2024-10-29T07:30:40","date_gmt":"2024-10-29T07:30:40","guid":{"rendered":"https:\/\/sindromecharge.es\/index.php\/2024\/10\/29\/senado-pide-atencion-temprana-universal-para-los-menores-con-paralisis-cerebral\/"},"modified":"2024-10-29T07:30:40","modified_gmt":"2024-10-29T07:30:40","slug":"senado-pide-atencion-temprana-universal-para-los-menores-con-paralisis-cerebral","status":"publish","type":"post","link":"https:\/\/sindromecharge.es\/index.php\/2024\/10\/29\/senado-pide-atencion-temprana-universal-para-los-menores-con-paralisis-cerebral\/","title":{"rendered":"El Senado pide \u00abatenci\u00f3n temprana universal\u00bb y una estrategia para la atenci\u00f3n del da\u00f1o cerebral adquirido"},"content":{"rendered":"<p>Leemos en Discapacidad la siguiente noticia que os reproducimos de forma \u00edntegra: <\/p>\n<div>\n<p>La <b>Comisi\u00f3n de Pol\u00edticas Integrales de la Discapacidad del Senado<\/b> inst\u00f3 este lunes de forma un\u00e1nime al Gobierno a \u201c<b>universalizar la atenci\u00f3n temprana de la discapacidad<\/b>, para que todos los menores de seis a\u00f1os con <a href=\"https:\/\/www.20minutos.es\/minuteca\/paralisis-cerebral\/\" title=\"Par\u00e1lisis cerebral\" target=\"_blank\" rel=\"noopener\">par\u00e1lisis cerebral <\/a>que lo necesiten tengan acceso a un diagn\u00f3stico precoz y a un r\u00e1pido tratamiento\u201d.<\/p>\n<p>As\u00ed se recoge en una moci\u00f3n del PP respaldada por todos los grupos, que tambi\u00e9n alude a la<b> necesidad de \u201cdotar presupuestariamente\u201d dicha actuaci\u00f3n<\/b>, a fin de que \u201clas comunidades puedan atender adecuadamente a todos los ni\u00f1os\u201d.<\/p>\n<p>La moci\u00f3n incluy\u00f3 una enmienda presentada por el Grupo Socialista, que reclamaba el uso de \u201cun <b>lenguaje m\u00e1s inclusivo<\/b>\u201d en la redacci\u00f3n de la propuesta.<\/p>\n<p>Se estima que en Espa\u00f1a hay unas <b>120.000 personas con par\u00e1lisis cerebral<\/b>, que se produce por una lesi\u00f3n en el cerebro que afecta a la movilidad y la postura de la persona y puede ir acompa\u00f1ada de una p\u00e9rdida sensorial o <a href=\"https:\/\/www.20minutos.es\/minuteca\/discapacidad-intelectual\/\" title=\"Discapacidad intelectual\" target=\"_blank\" rel=\"noopener\">intelectual<\/a> en mayor o menor grado.<\/p>\n<p>\u201cLa formaci\u00f3n de los profesionales de cara a ofrecer un diagn\u00f3stico lo antes posible resulta fundamental\u201d, apunt\u00f3 el PP, pues <b>cuanto antes comience la atenci\u00f3n temprana m\u00e1s efectiva resultar\u00e1<\/b>, debido a la mayor plasticidad del cerebro a edades tempranas.<\/p>\n<p>Sin embargo, \u201cla <b>atenci\u00f3n temprana<\/b> en las diferentes comunidades aut\u00f3nomas resulta <b>irregular, escasa y con desigual <\/b>implantaci\u00f3n en cuanto a la dotaci\u00f3n de profesionales y la duraci\u00f3n del servicio\u201d, lament\u00f3.<\/p>\n<p>El porcentaje de ni\u00f1os y ni\u00f1as de 0 a 6 a\u00f1os con par\u00e1lisis cerebral que, ya sea por <b>trastornos graves y cr\u00f3nicos<\/b> o bien por otros m\u00e1s leves y temporales, necesitan de los servicios de atenci\u00f3n temprana, supera con mucho al de aquellos que efectivamente son atendidos.<\/p>\n<p>\u201cA esto se suma la<b> lentitud en la tramitaci\u00f3n<\/b>, la dificultad de acceso para la atenci\u00f3n temprana en las zonas rurales y la complicada coordinaci\u00f3n de la<b> atenci\u00f3n temprana con la escolarizaci\u00f3n<\/b>\u201d, apunt\u00f3. Tales dificultades conllevan en ocasiones que los menores abandonen el sistema \u201cpese a no haber cumplido los 6 a\u00f1os\u201d, y de ah\u00ed tambi\u00e9n la necesidad de mejorar dichos servicios.<\/p>\n<h2>Da\u00f1o cerebral <\/h2>\n<p>Por otra parte, la Comisi\u00f3n se pronunci\u00f3 a favor de aprobar una <b>estrategia nacional para la atenci\u00f3n del da\u00f1o cerebral adquirido (DCA<\/b>), a trav\u00e9s de una moci\u00f3n aprobada por 17 votos a favor y 10 abstenciones.<\/p>\n<p>En ella, se insta al Gobierno a elaborar, en coordinaci\u00f3n con las comunidades aut\u00f3nomas, un estudio para el desarrollo de una estrategia nacional de atenci\u00f3n al <b>da\u00f1o cerebral adquirido<\/b>, con la \u201cparticipaci\u00f3n de todos los agentes implicados, fundamentalmente el movimiento asociativo y el tercer sector, con el objetivo de garantizar la m\u00e1xima calidad de vida y la integraci\u00f3n social de las personas con DCA\u201d.<\/p>\n<p>Durante el debate de la moci\u00f3n, el grupo proponente, el PP, intent\u00f3 acordar una enmienda transaccional con el Grupo Socialista, lo que result\u00f3 imposible porque precisaba la presencia de al menos cuatro grupos y en ese momento, solo hab\u00eda tres en la comisi\u00f3n.<\/p>\n<h2>Causas <\/h2>\n<p>La principal causa del DCA es el <a href=\"https:\/\/www.20minutos.es\/minuteca\/ictus\/\" title=\"Ictus\" target=\"_blank\" rel=\"noopener\">ictus<\/a>, con un 84% de los casos, seguida de los traumatismos craneoencef\u00e1licos y enfermedades como las anoxias, los tumores cerebrales o las infecciones, apunta la moci\u00f3n.<\/p>\n<p>Como consecuencia, \u201cla vida de la persona que lo sufre y la de su familia cambia por completo de manera s\u00fabita e inesperada\u201d, y actividades que antes los afectados \u201chac\u00edan sin ning\u00fan problema, ahora suponen un enorme esfuerzo f\u00edsico y cognitivo\u201d.<\/p>\n<p>Por todo ello, reclama \u201cuna acci\u00f3n inmediata e integral por parte de la <b>Administraci\u00f3n Publica<\/b>, entidades prestadoras de servicios y las comunidades aut\u00f3nomas, para garantizar la igualdad de oportunidades y derechos de las personas con da\u00f1o cerebral adquirido, con herramientas y recursos para mejorar el acceso y la participaci\u00f3n social y favorecer su calidad de vida\u201d.<\/p>\n<\/div>\n<p>Fuente: Discapacidad https:\/\/www.20minutos.es\/noticia\/5648737\/0\/senado-pide-atencion-temprana-universal-para-los-menores-con-paralisis-cerebral\/<\/p>\n","protected":false},"excerpt":{"rendered":"<p>Cuanto antes comience la atenci\u00f3n temprana, m\u00e1s efectiva resulta debido a la mayor plasticidad del cerebro.<\/p>\n","protected":false},"author":1,"featured_media":0,"comment_status":"closed","ping_status":"closed","sticky":false,"template":"","format":"standard","meta":{"footnotes":""},"categories":[8],"tags":[],"class_list":["post-10509","post","type-post","status-publish","format-standard","hentry","category-noticias"],"yoast_head":"<!-- This site is optimized with the Yoast SEO plugin v27.5 - https:\/\/yoast.com\/product\/yoast-seo-wordpress\/ -->\n<title>El Senado pide &quot;atenci\u00f3n temprana universal&quot; y una estrategia para la atenci\u00f3n del da\u00f1o cerebral adquirido - Asociaci\u00f3n Espa\u00f1ola S\u00edndrome de Charge<\/title>\n<meta name=\"robots\" content=\"index, follow, max-snippet:-1, max-image-preview:large, max-video-preview:-1\" \/>\n<link rel=\"canonical\" href=\"https:\/\/sindromecharge.es\/index.php\/2024\/10\/29\/senado-pide-atencion-temprana-universal-para-los-menores-con-paralisis-cerebral\/\" \/>\n<meta property=\"og:locale\" content=\"es_ES\" \/>\n<meta property=\"og:type\" content=\"article\" \/>\n<meta property=\"og:title\" content=\"El Senado pide &quot;atenci\u00f3n temprana universal&quot; y una estrategia para la atenci\u00f3n del da\u00f1o cerebral adquirido - Asociaci\u00f3n Espa\u00f1ola S\u00edndrome de Charge\" \/>\n<meta property=\"og:description\" content=\"Cuanto antes comience la atenci\u00f3n temprana, m\u00e1s efectiva resulta debido a la mayor plasticidad del cerebro.\" \/>\n<meta property=\"og:url\" content=\"https:\/\/sindromecharge.es\/index.php\/2024\/10\/29\/senado-pide-atencion-temprana-universal-para-los-menores-con-paralisis-cerebral\/\" \/>\n<meta property=\"og:site_name\" content=\"Asociaci\u00f3n Espa\u00f1ola S\u00edndrome de Charge\" \/>\n<meta property=\"article:publisher\" content=\"https:\/\/www.facebook.com\/asociacionsindromecharge\" \/>\n<meta property=\"article:published_time\" content=\"2024-10-29T07:30:40+00:00\" \/>\n<meta property=\"og:image\" content=\"https:\/\/sindromecharge.es\/wp-content\/uploads\/2013\/09\/logodecharge300x98.png\" \/>\n\t<meta property=\"og:image:width\" content=\"300\" \/>\n\t<meta property=\"og:image:height\" content=\"98\" \/>\n\t<meta property=\"og:image:type\" content=\"image\/png\" \/>\n<meta name=\"author\" content=\"Charge\" \/>\n<meta name=\"twitter:card\" content=\"summary_large_image\" \/>\n<meta name=\"twitter:creator\" content=\"@sindromecharge\" \/>\n<meta name=\"twitter:site\" content=\"@sindromecharge\" \/>\n<meta name=\"twitter:label1\" content=\"Escrito por\" \/>\n\t<meta name=\"twitter:data1\" content=\"Charge\" \/>\n\t<meta name=\"twitter:label2\" content=\"Tiempo de lectura\" \/>\n\t<meta name=\"twitter:data2\" content=\"3 minutos\" \/>\n<script type=\"application\/ld+json\" class=\"yoast-schema-graph\">{\"@context\":\"https:\\\/\\\/schema.org\",\"@graph\":[{\"@type\":\"Article\",\"@id\":\"https:\\\/\\\/sindromecharge.es\\\/index.php\\\/2024\\\/10\\\/29\\\/senado-pide-atencion-temprana-universal-para-los-menores-con-paralisis-cerebral\\\/#article\",\"isPartOf\":{\"@id\":\"https:\\\/\\\/sindromecharge.es\\\/index.php\\\/2024\\\/10\\\/29\\\/senado-pide-atencion-temprana-universal-para-los-menores-con-paralisis-cerebral\\\/\"},\"author\":{\"name\":\"Charge\",\"@id\":\"https:\\\/\\\/sindromecharge.es\\\/#\\\/schema\\\/person\\\/39a60ebe0a2b4d5a11179701e336b039\"},\"headline\":\"El Senado pide \u00abatenci\u00f3n temprana universal\u00bb y una estrategia para la atenci\u00f3n del da\u00f1o cerebral adquirido\",\"datePublished\":\"2024-10-29T07:30:40+00:00\",\"mainEntityOfPage\":{\"@id\":\"https:\\\/\\\/sindromecharge.es\\\/index.php\\\/2024\\\/10\\\/29\\\/senado-pide-atencion-temprana-universal-para-los-menores-con-paralisis-cerebral\\\/\"},\"wordCount\":716,\"articleSection\":[\"noticias\"],\"inLanguage\":\"es\"},{\"@type\":\"WebPage\",\"@id\":\"https:\\\/\\\/sindromecharge.es\\\/index.php\\\/2024\\\/10\\\/29\\\/senado-pide-atencion-temprana-universal-para-los-menores-con-paralisis-cerebral\\\/\",\"url\":\"https:\\\/\\\/sindromecharge.es\\\/index.php\\\/2024\\\/10\\\/29\\\/senado-pide-atencion-temprana-universal-para-los-menores-con-paralisis-cerebral\\\/\",\"name\":\"El Senado pide \\\"atenci\u00f3n temprana universal\\\" y una estrategia para la atenci\u00f3n del da\u00f1o cerebral adquirido - Asociaci\u00f3n Espa\u00f1ola S\u00edndrome de Charge\",\"isPartOf\":{\"@id\":\"https:\\\/\\\/sindromecharge.es\\\/#website\"},\"datePublished\":\"2024-10-29T07:30:40+00:00\",\"author\":{\"@id\":\"https:\\\/\\\/sindromecharge.es\\\/#\\\/schema\\\/person\\\/39a60ebe0a2b4d5a11179701e336b039\"},\"breadcrumb\":{\"@id\":\"https:\\\/\\\/sindromecharge.es\\\/index.php\\\/2024\\\/10\\\/29\\\/senado-pide-atencion-temprana-universal-para-los-menores-con-paralisis-cerebral\\\/#breadcrumb\"},\"inLanguage\":\"es\",\"potentialAction\":[{\"@type\":\"ReadAction\",\"target\":[\"https:\\\/\\\/sindromecharge.es\\\/index.php\\\/2024\\\/10\\\/29\\\/senado-pide-atencion-temprana-universal-para-los-menores-con-paralisis-cerebral\\\/\"]}]},{\"@type\":\"BreadcrumbList\",\"@id\":\"https:\\\/\\\/sindromecharge.es\\\/index.php\\\/2024\\\/10\\\/29\\\/senado-pide-atencion-temprana-universal-para-los-menores-con-paralisis-cerebral\\\/#breadcrumb\",\"itemListElement\":[{\"@type\":\"ListItem\",\"position\":1,\"name\":\"Portada\",\"item\":\"https:\\\/\\\/sindromecharge.es\\\/\"},{\"@type\":\"ListItem\",\"position\":2,\"name\":\"El Senado pide &#8220;atenci\u00f3n temprana universal&#8221; y una estrategia para la atenci\u00f3n del da\u00f1o cerebral adquirido\"}]},{\"@type\":\"WebSite\",\"@id\":\"https:\\\/\\\/sindromecharge.es\\\/#website\",\"url\":\"https:\\\/\\\/sindromecharge.es\\\/\",\"name\":\"Asociaci\u00f3n Espa\u00f1ola S\u00edndrome de Charge\",\"description\":\"\",\"potentialAction\":[{\"@type\":\"SearchAction\",\"target\":{\"@type\":\"EntryPoint\",\"urlTemplate\":\"https:\\\/\\\/sindromecharge.es\\\/?s={search_term_string}\"},\"query-input\":{\"@type\":\"PropertyValueSpecification\",\"valueRequired\":true,\"valueName\":\"search_term_string\"}}],\"inLanguage\":\"es\"},{\"@type\":\"Person\",\"@id\":\"https:\\\/\\\/sindromecharge.es\\\/#\\\/schema\\\/person\\\/39a60ebe0a2b4d5a11179701e336b039\",\"name\":\"Charge\",\"image\":{\"@type\":\"ImageObject\",\"inLanguage\":\"es\",\"@id\":\"https:\\\/\\\/secure.gravatar.com\\\/avatar\\\/c3b46e32a0fc3b093a0873fb767bf3293de856293065e84ef06b7ec7a8acfb98?s=96&d=identicon&r=x\",\"url\":\"https:\\\/\\\/secure.gravatar.com\\\/avatar\\\/c3b46e32a0fc3b093a0873fb767bf3293de856293065e84ef06b7ec7a8acfb98?s=96&d=identicon&r=x\",\"contentUrl\":\"https:\\\/\\\/secure.gravatar.com\\\/avatar\\\/c3b46e32a0fc3b093a0873fb767bf3293de856293065e84ef06b7ec7a8acfb98?s=96&d=identicon&r=x\",\"caption\":\"Charge\"},\"url\":\"https:\\\/\\\/sindromecharge.es\\\/index.php\\\/author\\\/admin\\\/\"}]}<\/script>\n<!-- \/ Yoast SEO plugin. -->","yoast_head_json":{"title":"El Senado pide \"atenci\u00f3n temprana universal\" y una estrategia para la atenci\u00f3n del da\u00f1o cerebral adquirido - Asociaci\u00f3n Espa\u00f1ola S\u00edndrome de Charge","robots":{"index":"index","follow":"follow","max-snippet":"max-snippet:-1","max-image-preview":"max-image-preview:large","max-video-preview":"max-video-preview:-1"},"canonical":"https:\/\/sindromecharge.es\/index.php\/2024\/10\/29\/senado-pide-atencion-temprana-universal-para-los-menores-con-paralisis-cerebral\/","og_locale":"es_ES","og_type":"article","og_title":"El Senado pide \"atenci\u00f3n temprana universal\" y una estrategia para la atenci\u00f3n del da\u00f1o cerebral adquirido - Asociaci\u00f3n Espa\u00f1ola S\u00edndrome de Charge","og_description":"Cuanto antes comience la atenci\u00f3n temprana, m\u00e1s efectiva resulta debido a la mayor plasticidad del cerebro.","og_url":"https:\/\/sindromecharge.es\/index.php\/2024\/10\/29\/senado-pide-atencion-temprana-universal-para-los-menores-con-paralisis-cerebral\/","og_site_name":"Asociaci\u00f3n Espa\u00f1ola S\u00edndrome de Charge","article_publisher":"https:\/\/www.facebook.com\/asociacionsindromecharge","article_published_time":"2024-10-29T07:30:40+00:00","og_image":[{"width":300,"height":98,"url":"https:\/\/sindromecharge.es\/wp-content\/uploads\/2013\/09\/logodecharge300x98.png","type":"image\/png"}],"author":"Charge","twitter_card":"summary_large_image","twitter_creator":"@sindromecharge","twitter_site":"@sindromecharge","twitter_misc":{"Escrito por":"Charge","Tiempo de lectura":"3 minutos"},"schema":{"@context":"https:\/\/schema.org","@graph":[{"@type":"Article","@id":"https:\/\/sindromecharge.es\/index.php\/2024\/10\/29\/senado-pide-atencion-temprana-universal-para-los-menores-con-paralisis-cerebral\/#article","isPartOf":{"@id":"https:\/\/sindromecharge.es\/index.php\/2024\/10\/29\/senado-pide-atencion-temprana-universal-para-los-menores-con-paralisis-cerebral\/"},"author":{"name":"Charge","@id":"https:\/\/sindromecharge.es\/#\/schema\/person\/39a60ebe0a2b4d5a11179701e336b039"},"headline":"El Senado pide \u00abatenci\u00f3n temprana universal\u00bb y una estrategia para la atenci\u00f3n del da\u00f1o cerebral adquirido","datePublished":"2024-10-29T07:30:40+00:00","mainEntityOfPage":{"@id":"https:\/\/sindromecharge.es\/index.php\/2024\/10\/29\/senado-pide-atencion-temprana-universal-para-los-menores-con-paralisis-cerebral\/"},"wordCount":716,"articleSection":["noticias"],"inLanguage":"es"},{"@type":"WebPage","@id":"https:\/\/sindromecharge.es\/index.php\/2024\/10\/29\/senado-pide-atencion-temprana-universal-para-los-menores-con-paralisis-cerebral\/","url":"https:\/\/sindromecharge.es\/index.php\/2024\/10\/29\/senado-pide-atencion-temprana-universal-para-los-menores-con-paralisis-cerebral\/","name":"El Senado pide \"atenci\u00f3n temprana universal\" y una estrategia para la atenci\u00f3n del da\u00f1o cerebral adquirido - Asociaci\u00f3n Espa\u00f1ola S\u00edndrome de Charge","isPartOf":{"@id":"https:\/\/sindromecharge.es\/#website"},"datePublished":"2024-10-29T07:30:40+00:00","author":{"@id":"https:\/\/sindromecharge.es\/#\/schema\/person\/39a60ebe0a2b4d5a11179701e336b039"},"breadcrumb":{"@id":"https:\/\/sindromecharge.es\/index.php\/2024\/10\/29\/senado-pide-atencion-temprana-universal-para-los-menores-con-paralisis-cerebral\/#breadcrumb"},"inLanguage":"es","potentialAction":[{"@type":"ReadAction","target":["https:\/\/sindromecharge.es\/index.php\/2024\/10\/29\/senado-pide-atencion-temprana-universal-para-los-menores-con-paralisis-cerebral\/"]}]},{"@type":"BreadcrumbList","@id":"https:\/\/sindromecharge.es\/index.php\/2024\/10\/29\/senado-pide-atencion-temprana-universal-para-los-menores-con-paralisis-cerebral\/#breadcrumb","itemListElement":[{"@type":"ListItem","position":1,"name":"Portada","item":"https:\/\/sindromecharge.es\/"},{"@type":"ListItem","position":2,"name":"El Senado pide &#8220;atenci\u00f3n temprana universal&#8221; y una estrategia para la atenci\u00f3n del da\u00f1o cerebral adquirido"}]},{"@type":"WebSite","@id":"https:\/\/sindromecharge.es\/#website","url":"https:\/\/sindromecharge.es\/","name":"Asociaci\u00f3n Espa\u00f1ola S\u00edndrome de Charge","description":"","potentialAction":[{"@type":"SearchAction","target":{"@type":"EntryPoint","urlTemplate":"https:\/\/sindromecharge.es\/?s={search_term_string}"},"query-input":{"@type":"PropertyValueSpecification","valueRequired":true,"valueName":"search_term_string"}}],"inLanguage":"es"},{"@type":"Person","@id":"https:\/\/sindromecharge.es\/#\/schema\/person\/39a60ebe0a2b4d5a11179701e336b039","name":"Charge","image":{"@type":"ImageObject","inLanguage":"es","@id":"https:\/\/secure.gravatar.com\/avatar\/c3b46e32a0fc3b093a0873fb767bf3293de856293065e84ef06b7ec7a8acfb98?s=96&d=identicon&r=x","url":"https:\/\/secure.gravatar.com\/avatar\/c3b46e32a0fc3b093a0873fb767bf3293de856293065e84ef06b7ec7a8acfb98?s=96&d=identicon&r=x","contentUrl":"https:\/\/secure.gravatar.com\/avatar\/c3b46e32a0fc3b093a0873fb767bf3293de856293065e84ef06b7ec7a8acfb98?s=96&d=identicon&r=x","caption":"Charge"},"url":"https:\/\/sindromecharge.es\/index.php\/author\/admin\/"}]}},"_links":{"self":[{"href":"https:\/\/sindromecharge.es\/index.php\/wp-json\/wp\/v2\/posts\/10509","targetHints":{"allow":["GET"]}}],"collection":[{"href":"https:\/\/sindromecharge.es\/index.php\/wp-json\/wp\/v2\/posts"}],"about":[{"href":"https:\/\/sindromecharge.es\/index.php\/wp-json\/wp\/v2\/types\/post"}],"author":[{"embeddable":true,"href":"https:\/\/sindromecharge.es\/index.php\/wp-json\/wp\/v2\/users\/1"}],"replies":[{"embeddable":true,"href":"https:\/\/sindromecharge.es\/index.php\/wp-json\/wp\/v2\/comments?post=10509"}],"version-history":[{"count":0,"href":"https:\/\/sindromecharge.es\/index.php\/wp-json\/wp\/v2\/posts\/10509\/revisions"}],"wp:attachment":[{"href":"https:\/\/sindromecharge.es\/index.php\/wp-json\/wp\/v2\/media?parent=10509"}],"wp:term":[{"taxonomy":"category","embeddable":true,"href":"https:\/\/sindromecharge.es\/index.php\/wp-json\/wp\/v2\/categories?post=10509"},{"taxonomy":"post_tag","embeddable":true,"href":"https:\/\/sindromecharge.es\/index.php\/wp-json\/wp\/v2\/tags?post=10509"}],"curies":[{"name":"wp","href":"https:\/\/api.w.org\/{rel}","templated":true}]}}