{"id":10507,"date":"2024-10-29T06:15:18","date_gmt":"2024-10-29T06:15:18","guid":{"rendered":"https:\/\/sindromecharge.es\/index.php\/2024\/10\/29\/ictus-una-mirada-mas-alla-espacio-sanitario\/"},"modified":"2024-10-29T06:15:18","modified_gmt":"2024-10-29T06:15:18","slug":"ictus-una-mirada-mas-alla-espacio-sanitario","status":"publish","type":"post","link":"https:\/\/sindromecharge.es\/index.php\/2024\/10\/29\/ictus-una-mirada-mas-alla-espacio-sanitario\/","title":{"rendered":"Ictus: una mirada m\u00e1s all\u00e1 del espacio sanitario"},"content":{"rendered":"<p>Leemos en Discapacidad la siguiente noticia que os reproducimos de forma \u00edntegra: <\/p>\n<div>\n<p>El <a href=\"https:\/\/www.20minutos.es\/minuteca\/ictus\/\" title=\"Ictus\" target=\"_blank\" rel=\"noopener\">ictus<\/a> es una enfermedad que impacta de forma repentina en miles de personas. Solo en Espa\u00f1a se registran <b>120.000 casos al a\u00f1o<\/b>, generalmente en personas de edad avanzada pero aumentando cada vez m\u00e1s en <b>menores de 55 a\u00f1os<\/b>, y produci\u00e9ndose, tambi\u00e9n, en edad infantil.<\/p>\n<p>Se estima que <b>entre el 80% y el 90% de los ictus podr\u00edan evitarse<\/b> controlando factores de riesgo como la <a href=\"https:\/\/www.20minutos.es\/minuteca\/obesidad\/\" title=\"Obesidad\">obesidad<\/a>, la <a href=\"https:\/\/www.20minutos.es\/minuteca\/diabetes\/\" title=\"Diabetes\">diabetes<\/a> o la <a href=\"https:\/\/www.20minutos.es\/minuteca\/hipertension\/\" title=\"Hipertensi\u00f3n\">hipertensi\u00f3n<\/a> arterial; o eliminando h\u00e1bitos como el consumo de <a href=\"https:\/\/www.20minutos.es\/minuteca\/tabaco\/\" title=\"Tabaco\">tabaco<\/a>.<\/p>\n<p>Los avances m\u00e9dicos, tecnol\u00f3gicos y cl\u00ednicos han mejorado las tasas de supervivencia de forma notoria, permitiendo que alrededor del <b>70% de las personas sobrevivan a la enfermedad<\/b>. Adem\u00e1s, una detecci\u00f3n e intervenci\u00f3n r\u00e1pida y en unidades especializadas puede reducir sus consecuencias, por lo que es esencial reconocer los s\u00edntomas y actuar con celeridad.<\/p>\n<p>Es importante prevenirlo, identificarlo y tratarlo. Pero el ictus es tambi\u00e9n la <b>primera causa de Da\u00f1o Cerebral Adquirido <\/b>y la<b> segunda causa de <a href=\"https:\/\/www.20minutos.es\/minuteca\/discapacidad\/\" title=\"Discapacidad\" target=\"_blank\" rel=\"noopener\">discapacidad<\/a> <\/b>en personas adultas en nuestro pa\u00eds. Y es por ello que su abordaje debe ser transversal e ir m\u00e1s all\u00e1 del espacio sanitario.<\/p>\n<h2>La vida tras un ictus<\/h2>\n<p>El pasado 22 de octubre se present\u00f3 la <b>Actualizaci\u00f3n 2024 de la Estrategia en Ictus del Sistema Nacional de Salud<\/b>, en la que Da\u00f1o Cerebral Estatal particip\u00f3 en el Comit\u00e9 T\u00e9cnico en representaci\u00f3n de las asociaciones de personas con DCA y sus familias. Esta actualizaci\u00f3n, que sigue los objetivos y recomendaciones del<b> Plan de Acci\u00f3n Europeo para el Ictus 2018-2030<\/b>, pretende abarcar toda la cadena asistencial, incluyendo la vida tras el ictus.<\/p>\n<p>Las<b> secuelas que produce un ictus <\/b>en una persona pueden ser muy variadas: a nivel motor o a nivel emocional, cognitivo, conductual, en la comunicaci\u00f3n y el lenguaje&#8230; Pueden ser tan diversas que cambien por completo los roles familiares, la trayectoria profesional o las relaciones sociales. <b>La vida tras un ictus, en algunos casos, hay que reaprender a vivirla.<\/b><\/p>\n<h1>Pedimos mayor coordinaci\u00f3n sociosanitaria porque sabemos de la necesidad de un abordaje integral que garantice la atenci\u00f3n que las personas con Da\u00f1o Cerebral Adquirido y sus familias necesitan<\/h1>\n<p>Hace a\u00f1os que desde el Movimiento Asociativo de Da\u00f1o Cerebral pedimos <b>mayor coordinaci\u00f3n sociosanitaria <\/b>justamente porque sabemos de la necesidad de este <b>abordaje integral<\/b>, y no estrictamente m\u00e9dico, que garantice la atenci\u00f3n que las personas con Da\u00f1o Cerebral Adquirido y sus familias necesitan. Con nuestra participaci\u00f3n en esta actualizaci\u00f3n &#8211; y en su presentaci\u00f3n -, las asociaciones de personas con Da\u00f1o Cerebral Adquirido somos reconocidas como parte implicada en el abordaje del ictus.<\/p>\n<p>El Consejo de Derechos Humanos de la ONU afirma que todas las personas tienen derecho al m\u00e1s alto nivel posible de salud f\u00edsica y mental, y sabemos que eso<b> va m\u00e1s all\u00e1 de una prestaci\u00f3n de servicios sanitarios<\/b>.<\/p>\n<p>Con esta actualizaci\u00f3n, las asociaciones de personas con Da\u00f1o Cerebral Adquirido tenemos un marco estrat\u00e9gico alineado con el Ministerio de Sanidad en el que<b> seguir trabajando<\/b> como ya hacemos: informando debidamente, ayudando a controlar las expectativas de futuro, acompa\u00f1ando emocional y psicol\u00f3gicamente durante el proceso rehabilitador, ofreciendo terapias y profesionales especializados o trabajando en nuevos planes de vida que<b> potencien la autonom\u00eda personal de las personas con DCA<\/b>.<\/p>\n<p>Vamos por el buen camino, aunque a\u00fan<b> nos queden muchos pasos por delante<\/b>, para mirar al ictus m\u00e1s all\u00e1 del espacio sanitario.<\/p>\n<\/div>\n<p>Fuente: Discapacidad https:\/\/www.20minutos.es\/noticia\/5648284\/0\/ictus-una-mirada-mas-alla-espacio-sanitario\/<\/p>\n","protected":false},"excerpt":{"rendered":"<p>El ictus es la primera causa de Da\u00f1o Cerebral Adquirido y la segunda causa de discapacidad en adultos.<\/p>\n","protected":false},"author":1,"featured_media":0,"comment_status":"closed","ping_status":"closed","sticky":false,"template":"","format":"standard","meta":{"footnotes":""},"categories":[8],"tags":[],"class_list":["post-10507","post","type-post","status-publish","format-standard","hentry","category-noticias"],"yoast_head":"<!-- This site is optimized with the Yoast SEO plugin v27.5 - https:\/\/yoast.com\/product\/yoast-seo-wordpress\/ -->\n<title>Ictus: una mirada m\u00e1s all\u00e1 del espacio sanitario - Asociaci\u00f3n Espa\u00f1ola S\u00edndrome de Charge<\/title>\n<meta name=\"robots\" content=\"index, follow, max-snippet:-1, max-image-preview:large, max-video-preview:-1\" \/>\n<link rel=\"canonical\" href=\"https:\/\/sindromecharge.es\/index.php\/2024\/10\/29\/ictus-una-mirada-mas-alla-espacio-sanitario\/\" \/>\n<meta property=\"og:locale\" content=\"es_ES\" \/>\n<meta property=\"og:type\" content=\"article\" \/>\n<meta property=\"og:title\" content=\"Ictus: una mirada m\u00e1s all\u00e1 del espacio sanitario - Asociaci\u00f3n Espa\u00f1ola S\u00edndrome de Charge\" \/>\n<meta property=\"og:description\" content=\"El ictus es la primera causa de Da\u00f1o Cerebral Adquirido y la segunda causa de discapacidad en adultos.\" \/>\n<meta property=\"og:url\" content=\"https:\/\/sindromecharge.es\/index.php\/2024\/10\/29\/ictus-una-mirada-mas-alla-espacio-sanitario\/\" \/>\n<meta property=\"og:site_name\" content=\"Asociaci\u00f3n Espa\u00f1ola S\u00edndrome de Charge\" \/>\n<meta property=\"article:publisher\" content=\"https:\/\/www.facebook.com\/asociacionsindromecharge\" \/>\n<meta property=\"article:published_time\" content=\"2024-10-29T06:15:18+00:00\" \/>\n<meta property=\"og:image\" content=\"https:\/\/sindromecharge.es\/wp-content\/uploads\/2013\/09\/logodecharge300x98.png\" \/>\n\t<meta property=\"og:image:width\" content=\"300\" \/>\n\t<meta property=\"og:image:height\" content=\"98\" \/>\n\t<meta property=\"og:image:type\" content=\"image\/png\" \/>\n<meta name=\"author\" content=\"Charge\" \/>\n<meta name=\"twitter:card\" content=\"summary_large_image\" \/>\n<meta name=\"twitter:creator\" content=\"@sindromecharge\" \/>\n<meta name=\"twitter:site\" content=\"@sindromecharge\" \/>\n<meta name=\"twitter:label1\" content=\"Escrito por\" \/>\n\t<meta name=\"twitter:data1\" content=\"Charge\" \/>\n\t<meta name=\"twitter:label2\" content=\"Tiempo de lectura\" \/>\n\t<meta name=\"twitter:data2\" content=\"3 minutos\" \/>\n<script type=\"application\/ld+json\" class=\"yoast-schema-graph\">{\"@context\":\"https:\\\/\\\/schema.org\",\"@graph\":[{\"@type\":\"Article\",\"@id\":\"https:\\\/\\\/sindromecharge.es\\\/index.php\\\/2024\\\/10\\\/29\\\/ictus-una-mirada-mas-alla-espacio-sanitario\\\/#article\",\"isPartOf\":{\"@id\":\"https:\\\/\\\/sindromecharge.es\\\/index.php\\\/2024\\\/10\\\/29\\\/ictus-una-mirada-mas-alla-espacio-sanitario\\\/\"},\"author\":{\"name\":\"Charge\",\"@id\":\"https:\\\/\\\/sindromecharge.es\\\/#\\\/schema\\\/person\\\/39a60ebe0a2b4d5a11179701e336b039\"},\"headline\":\"Ictus: una mirada m\u00e1s all\u00e1 del espacio sanitario\",\"datePublished\":\"2024-10-29T06:15:18+00:00\",\"mainEntityOfPage\":{\"@id\":\"https:\\\/\\\/sindromecharge.es\\\/index.php\\\/2024\\\/10\\\/29\\\/ictus-una-mirada-mas-alla-espacio-sanitario\\\/\"},\"wordCount\":620,\"articleSection\":[\"noticias\"],\"inLanguage\":\"es\"},{\"@type\":\"WebPage\",\"@id\":\"https:\\\/\\\/sindromecharge.es\\\/index.php\\\/2024\\\/10\\\/29\\\/ictus-una-mirada-mas-alla-espacio-sanitario\\\/\",\"url\":\"https:\\\/\\\/sindromecharge.es\\\/index.php\\\/2024\\\/10\\\/29\\\/ictus-una-mirada-mas-alla-espacio-sanitario\\\/\",\"name\":\"Ictus: una mirada m\u00e1s all\u00e1 del espacio sanitario - Asociaci\u00f3n Espa\u00f1ola S\u00edndrome de Charge\",\"isPartOf\":{\"@id\":\"https:\\\/\\\/sindromecharge.es\\\/#website\"},\"datePublished\":\"2024-10-29T06:15:18+00:00\",\"author\":{\"@id\":\"https:\\\/\\\/sindromecharge.es\\\/#\\\/schema\\\/person\\\/39a60ebe0a2b4d5a11179701e336b039\"},\"breadcrumb\":{\"@id\":\"https:\\\/\\\/sindromecharge.es\\\/index.php\\\/2024\\\/10\\\/29\\\/ictus-una-mirada-mas-alla-espacio-sanitario\\\/#breadcrumb\"},\"inLanguage\":\"es\",\"potentialAction\":[{\"@type\":\"ReadAction\",\"target\":[\"https:\\\/\\\/sindromecharge.es\\\/index.php\\\/2024\\\/10\\\/29\\\/ictus-una-mirada-mas-alla-espacio-sanitario\\\/\"]}]},{\"@type\":\"BreadcrumbList\",\"@id\":\"https:\\\/\\\/sindromecharge.es\\\/index.php\\\/2024\\\/10\\\/29\\\/ictus-una-mirada-mas-alla-espacio-sanitario\\\/#breadcrumb\",\"itemListElement\":[{\"@type\":\"ListItem\",\"position\":1,\"name\":\"Portada\",\"item\":\"https:\\\/\\\/sindromecharge.es\\\/\"},{\"@type\":\"ListItem\",\"position\":2,\"name\":\"Ictus: una mirada m\u00e1s all\u00e1 del espacio sanitario\"}]},{\"@type\":\"WebSite\",\"@id\":\"https:\\\/\\\/sindromecharge.es\\\/#website\",\"url\":\"https:\\\/\\\/sindromecharge.es\\\/\",\"name\":\"Asociaci\u00f3n Espa\u00f1ola S\u00edndrome de Charge\",\"description\":\"\",\"potentialAction\":[{\"@type\":\"SearchAction\",\"target\":{\"@type\":\"EntryPoint\",\"urlTemplate\":\"https:\\\/\\\/sindromecharge.es\\\/?s={search_term_string}\"},\"query-input\":{\"@type\":\"PropertyValueSpecification\",\"valueRequired\":true,\"valueName\":\"search_term_string\"}}],\"inLanguage\":\"es\"},{\"@type\":\"Person\",\"@id\":\"https:\\\/\\\/sindromecharge.es\\\/#\\\/schema\\\/person\\\/39a60ebe0a2b4d5a11179701e336b039\",\"name\":\"Charge\",\"image\":{\"@type\":\"ImageObject\",\"inLanguage\":\"es\",\"@id\":\"https:\\\/\\\/secure.gravatar.com\\\/avatar\\\/c3b46e32a0fc3b093a0873fb767bf3293de856293065e84ef06b7ec7a8acfb98?s=96&d=identicon&r=x\",\"url\":\"https:\\\/\\\/secure.gravatar.com\\\/avatar\\\/c3b46e32a0fc3b093a0873fb767bf3293de856293065e84ef06b7ec7a8acfb98?s=96&d=identicon&r=x\",\"contentUrl\":\"https:\\\/\\\/secure.gravatar.com\\\/avatar\\\/c3b46e32a0fc3b093a0873fb767bf3293de856293065e84ef06b7ec7a8acfb98?s=96&d=identicon&r=x\",\"caption\":\"Charge\"},\"url\":\"https:\\\/\\\/sindromecharge.es\\\/index.php\\\/author\\\/admin\\\/\"}]}<\/script>\n<!-- \/ Yoast SEO plugin. -->","yoast_head_json":{"title":"Ictus: una mirada m\u00e1s all\u00e1 del espacio sanitario - Asociaci\u00f3n Espa\u00f1ola S\u00edndrome de Charge","robots":{"index":"index","follow":"follow","max-snippet":"max-snippet:-1","max-image-preview":"max-image-preview:large","max-video-preview":"max-video-preview:-1"},"canonical":"https:\/\/sindromecharge.es\/index.php\/2024\/10\/29\/ictus-una-mirada-mas-alla-espacio-sanitario\/","og_locale":"es_ES","og_type":"article","og_title":"Ictus: una mirada m\u00e1s all\u00e1 del espacio sanitario - Asociaci\u00f3n Espa\u00f1ola S\u00edndrome de Charge","og_description":"El ictus es la primera causa de Da\u00f1o Cerebral Adquirido y la segunda causa de discapacidad en adultos.","og_url":"https:\/\/sindromecharge.es\/index.php\/2024\/10\/29\/ictus-una-mirada-mas-alla-espacio-sanitario\/","og_site_name":"Asociaci\u00f3n Espa\u00f1ola S\u00edndrome de Charge","article_publisher":"https:\/\/www.facebook.com\/asociacionsindromecharge","article_published_time":"2024-10-29T06:15:18+00:00","og_image":[{"width":300,"height":98,"url":"https:\/\/sindromecharge.es\/wp-content\/uploads\/2013\/09\/logodecharge300x98.png","type":"image\/png"}],"author":"Charge","twitter_card":"summary_large_image","twitter_creator":"@sindromecharge","twitter_site":"@sindromecharge","twitter_misc":{"Escrito por":"Charge","Tiempo de lectura":"3 minutos"},"schema":{"@context":"https:\/\/schema.org","@graph":[{"@type":"Article","@id":"https:\/\/sindromecharge.es\/index.php\/2024\/10\/29\/ictus-una-mirada-mas-alla-espacio-sanitario\/#article","isPartOf":{"@id":"https:\/\/sindromecharge.es\/index.php\/2024\/10\/29\/ictus-una-mirada-mas-alla-espacio-sanitario\/"},"author":{"name":"Charge","@id":"https:\/\/sindromecharge.es\/#\/schema\/person\/39a60ebe0a2b4d5a11179701e336b039"},"headline":"Ictus: una mirada m\u00e1s all\u00e1 del espacio sanitario","datePublished":"2024-10-29T06:15:18+00:00","mainEntityOfPage":{"@id":"https:\/\/sindromecharge.es\/index.php\/2024\/10\/29\/ictus-una-mirada-mas-alla-espacio-sanitario\/"},"wordCount":620,"articleSection":["noticias"],"inLanguage":"es"},{"@type":"WebPage","@id":"https:\/\/sindromecharge.es\/index.php\/2024\/10\/29\/ictus-una-mirada-mas-alla-espacio-sanitario\/","url":"https:\/\/sindromecharge.es\/index.php\/2024\/10\/29\/ictus-una-mirada-mas-alla-espacio-sanitario\/","name":"Ictus: una mirada m\u00e1s all\u00e1 del espacio sanitario - Asociaci\u00f3n Espa\u00f1ola S\u00edndrome de Charge","isPartOf":{"@id":"https:\/\/sindromecharge.es\/#website"},"datePublished":"2024-10-29T06:15:18+00:00","author":{"@id":"https:\/\/sindromecharge.es\/#\/schema\/person\/39a60ebe0a2b4d5a11179701e336b039"},"breadcrumb":{"@id":"https:\/\/sindromecharge.es\/index.php\/2024\/10\/29\/ictus-una-mirada-mas-alla-espacio-sanitario\/#breadcrumb"},"inLanguage":"es","potentialAction":[{"@type":"ReadAction","target":["https:\/\/sindromecharge.es\/index.php\/2024\/10\/29\/ictus-una-mirada-mas-alla-espacio-sanitario\/"]}]},{"@type":"BreadcrumbList","@id":"https:\/\/sindromecharge.es\/index.php\/2024\/10\/29\/ictus-una-mirada-mas-alla-espacio-sanitario\/#breadcrumb","itemListElement":[{"@type":"ListItem","position":1,"name":"Portada","item":"https:\/\/sindromecharge.es\/"},{"@type":"ListItem","position":2,"name":"Ictus: una mirada m\u00e1s all\u00e1 del espacio sanitario"}]},{"@type":"WebSite","@id":"https:\/\/sindromecharge.es\/#website","url":"https:\/\/sindromecharge.es\/","name":"Asociaci\u00f3n Espa\u00f1ola S\u00edndrome de Charge","description":"","potentialAction":[{"@type":"SearchAction","target":{"@type":"EntryPoint","urlTemplate":"https:\/\/sindromecharge.es\/?s={search_term_string}"},"query-input":{"@type":"PropertyValueSpecification","valueRequired":true,"valueName":"search_term_string"}}],"inLanguage":"es"},{"@type":"Person","@id":"https:\/\/sindromecharge.es\/#\/schema\/person\/39a60ebe0a2b4d5a11179701e336b039","name":"Charge","image":{"@type":"ImageObject","inLanguage":"es","@id":"https:\/\/secure.gravatar.com\/avatar\/c3b46e32a0fc3b093a0873fb767bf3293de856293065e84ef06b7ec7a8acfb98?s=96&d=identicon&r=x","url":"https:\/\/secure.gravatar.com\/avatar\/c3b46e32a0fc3b093a0873fb767bf3293de856293065e84ef06b7ec7a8acfb98?s=96&d=identicon&r=x","contentUrl":"https:\/\/secure.gravatar.com\/avatar\/c3b46e32a0fc3b093a0873fb767bf3293de856293065e84ef06b7ec7a8acfb98?s=96&d=identicon&r=x","caption":"Charge"},"url":"https:\/\/sindromecharge.es\/index.php\/author\/admin\/"}]}},"_links":{"self":[{"href":"https:\/\/sindromecharge.es\/index.php\/wp-json\/wp\/v2\/posts\/10507","targetHints":{"allow":["GET"]}}],"collection":[{"href":"https:\/\/sindromecharge.es\/index.php\/wp-json\/wp\/v2\/posts"}],"about":[{"href":"https:\/\/sindromecharge.es\/index.php\/wp-json\/wp\/v2\/types\/post"}],"author":[{"embeddable":true,"href":"https:\/\/sindromecharge.es\/index.php\/wp-json\/wp\/v2\/users\/1"}],"replies":[{"embeddable":true,"href":"https:\/\/sindromecharge.es\/index.php\/wp-json\/wp\/v2\/comments?post=10507"}],"version-history":[{"count":0,"href":"https:\/\/sindromecharge.es\/index.php\/wp-json\/wp\/v2\/posts\/10507\/revisions"}],"wp:attachment":[{"href":"https:\/\/sindromecharge.es\/index.php\/wp-json\/wp\/v2\/media?parent=10507"}],"wp:term":[{"taxonomy":"category","embeddable":true,"href":"https:\/\/sindromecharge.es\/index.php\/wp-json\/wp\/v2\/categories?post=10507"},{"taxonomy":"post_tag","embeddable":true,"href":"https:\/\/sindromecharge.es\/index.php\/wp-json\/wp\/v2\/tags?post=10507"}],"curies":[{"name":"wp","href":"https:\/\/api.w.org\/{rel}","templated":true}]}}