{"id":10505,"date":"2024-10-28T06:20:36","date_gmt":"2024-10-28T06:20:36","guid":{"rendered":"https:\/\/sindromecharge.es\/index.php\/2024\/10\/28\/eva-madre-cuidadora-carlos-con-una-enfermedad-ultrarrara\/"},"modified":"2024-10-28T06:20:36","modified_gmt":"2024-10-28T06:20:36","slug":"eva-madre-cuidadora-carlos-con-una-enfermedad-ultrarrara","status":"publish","type":"post","link":"https:\/\/sindromecharge.es\/index.php\/2024\/10\/28\/eva-madre-cuidadora-carlos-con-una-enfermedad-ultrarrara\/","title":{"rendered":"Eva, madre cuidadora de Carlos, con una enfermedad ultrarrara: \u00abEn mi casa nos re\u00edmos mucho, o lo intentamos\u00bb"},"content":{"rendered":"<p>Leemos en Discapacidad la siguiente noticia que os reproducimos de forma \u00edntegra: <\/p>\n<div>\n<p><b>Eva<\/b> vive en Barcelona y cuida, junto con su marido, de <b>su hijo Carlos<\/b>, de 21 a\u00f1os. Carlos tiene una <b><a href=\"https:\/\/www.20minutos.es\/salud\/minuteca\/enfermedades-raras\/\" title=\"Enfermedades raras\" target=\"_blank\" rel=\"noopener\">enfermedad ultrarrara<\/a><\/b> -su caso es el \u00fanico que sepan en toda Catalu\u00f1a-, y es muy dependiente.<\/p>\n<p>Se trata del<b> s\u00edndrome de Lesch-Nyha<\/b>, una enfermedad de origen gen\u00e9tico que se produce por la falta de una enzima que ayuda a descomponer las purinas. Al no depurarse estas purinas, se convierten en toxinas, se van acumulando en el cuerpo en forma de \u00e1cido \u00farico y provocan una neurodegeneraci\u00f3n.<\/p>\n<p>A Carlos<b> se lo diagnosticaron muy peque\u00f1o,<\/b> pero tras tres a\u00f1os de lucha de su madre, \u00abcon meses yo ya le dec\u00eda al pediatra que la pasaba algo, hac\u00eda movimientos raros, pero no me hac\u00edan caso, me dec\u00edan que era una exagerada. Lo llev\u00e9 al neur\u00f3logo privado y me dijo que s\u00ed, que fuera al Sant Joan de Deu y que lo miraran, porque no sab\u00eda qu\u00e9, pero que ten\u00eda algo. All\u00ed fue donde le hicieron las pruebas gen\u00e9ticas y, con tres a\u00f1os, nos dieron el diagn\u00f3stico\u00bb, cuenta Eva.<\/p>\n<p>As\u00ed, tras hacerse las pruebas ella misma, se como se dio cuenta de que<b> esta enfermedad llevaba muchos a\u00f1os en su familia<\/b>, \u00ablas mujeres son portadoras y los hombres la desarrollan. Yo soy portadora, mi hermana es portadora, mi sobrina, mi hija\u2026, y seguramente mi madre, porque yo tuve un hermano, que estaba diagnosticado de par\u00e1lisis cerebral, y que muri\u00f3 con 14 a\u00f1os. Con el tiempo hemos sabido que lo que ten\u00eda seguramente fuera lo mismo que mi hijo. Lo \u00fanico bueno de la enfermedad de mi hijo es que sabemos lo que tiene y que <b>en nuestra familia no volver\u00e1 a pasar,<\/b> porque mi hija y mi sobrina van a poder evitarlo\u00bb, apunta.<\/p>\n<p>Para ella, esta es una buena noticia, porque no quiere que nadie de su familia vuelva a pasar lo que est\u00e1n pasando su hijo, \u00abes totalmente dependiente, no tiene ning\u00fan control sobre su cuerpo, tiene movimientos dist\u00f3nicos, no es capaz de hacer nada con las manos, ni de andar. Pero <b>lo peor de esta enfermedad es que se autolesiona<\/b>, se hace da\u00f1o con los dedos en los ojos, se muerde, se da golpes en la cabeza\u2026 y no es voluntario, porque despu\u00e9s de hacerlo, de pide perd\u00f3n. Para evitarlo, tiene que estar siempre atado de las manos y tener la cabeza tambi\u00e9n controlada\u2026 Adem\u00e1s no solo se hace da\u00f1o f\u00edsicamente, sino tambien emocionalmente, pide cosas que no quiere o no le gustan para castigarse. Es muy duro\u00bb, reconoce.<\/p>\n<p>Todo esto provoca que <b>Carlos tenga que estar vigilado y controlado las 24 horas del d\u00eda<\/b>, con todo lo que eso supone, \u00abllevo 21 cuidando a mi hijo y toda la vida que me queda porque tener un hijo as\u00ed condiciona mucho la vida. Cuando est\u00e1 en casa tienes que estar constantemente pendiente de \u00e9l. Te ocupa todo el tiempo y mucha energ\u00eda, porque, aunque tiene un cierto retraso, cognitivamente est\u00e1 bien y \u00e9l sabe lo que le pasa, te pregunta que cu\u00e1ndo podr\u00e1 hacer algo que hacen los dem\u00e1s, como salir con mis amigos, tener amigos\u2026 esa parte tambi\u00e9n es muy complicada\u00bb.<\/p>\n<h1>Llevo 21 cuidando a mi hijo y toda la vida que me queda porque tener un hijo as\u00ed condiciona mucho la vida<\/h1>\n<p>Ni Eva ni su marido han tenido que renunciar completamente a trabajar, aunque considera que<b> las empresas son muy poco sensibles con estos temas<\/b>. Ella es auxiliar de cl\u00ednica con una reducci\u00f3n de jornada y pidi\u00f3 trabajar por las noches para tener m\u00e1s tiempo para \u00e9l, \u00aby tambi\u00e9n para m\u00ed\u00bb, reconoce, \u00abque tambi\u00e9n es necesario. Antes trabajaba por las ma\u00f1anas, ven\u00eda a trabajar, lo recog\u00eda y ya estaba con \u00e9l todo el tiempo\u00bb.<\/p>\n<p>Entre los dos, se van arreglando, porque disponen adem\u00e1s de una peque\u00f1a ayuda que les pone el ayuntamiento para poder atenderlo, porque una persona sola, no basta para algunas tareas, \u00abtenemos la gr\u00faa, porque ya pesa y tiene much\u00edsima fuerza, pero uno solo no puede con \u00e9l. Por eso tenemos una se\u00f1ora que viene por las ma\u00f1anas y nos ayuda a levantarlo, porque <b>necesitamos estar dos personas para hacerlo<\/b>. Si yo trabajo, es mi marido el que lo levanta junto con ella\u00bb.<\/p>\n<p>Y tambi\u00e9n por eso siempre intentan estar los dos en casa, \u00abo salir con el tiempo muy medido, llamando a cada momento, por si hacemos falta en casa. Aun as\u00ed, <b>intentamos buscar cada uno nuestros momentos de desahogo<\/b>, porque lo necesitamos\u00bb. <\/p>\n<p>Tambi\u00e9n disponen de la ayuda por la<a href=\"https:\/\/www.20minutos.es\/\"> Ley de Dependencia<\/a>, pero en su caso, \u00abtodo es poco, porque el gasto que conlleva es inmenso\u00bb.<\/p>\n<h2>El desaf\u00edo de la edad adulta<\/h2>\n<p>El pr\u00f3ximo reto que tienen en la atenci\u00f3n de su hijo es la llegada de la edad adulta, pues <b>tras la etapa educativa, la atenci\u00f3n cambia <\/b>y, en muchos casos, desaparece, \u00abeste es su \u00faltimo a\u00f1o de colegio de <a href=\"https:\/\/www.20minutos.es\/minuteca\/educacion-especial\/\" title=\"Educaci\u00f3n Especial\" target=\"_blank\" rel=\"noopener\">educaci\u00f3n especial<\/a>. Despu\u00e9s tendr\u00e1 que ir a un taller ocupacional o una residencia, que es otra batalla, porque mientras lo tienes en el colegio, est\u00e1s tranquilo, all\u00ed hay enfermera, fisio, logopedia\u2026 tiene todas las terapias que necesita. Va a ser mucho m\u00e1s dif\u00edcil, porque en estos centros no est\u00e1n tan atendidos\u00bb, se queja, \u00aby no lo vamos a tener f\u00e1cil, porque no est\u00e1 para <b>centro de d\u00eda<\/b>, necesita relacionarse con la gente, hablar\u2026 puede hacer algo\u2026 Tenemos que buscar un centro que est\u00e9 cerca de casa, porque para ir al colegio hay autobuses que los llevan, pero los centros de d\u00eda los tienes que llevar y recoger t\u00fa\u2026. Va a ser un dolor de cabeza\u00bb.<\/p>\n<h1>La edad adulta va a ser un reto. Ahora en el colegio de educaci\u00f3n especial tiene todas las terapias que necesita. Luego las tendremos que pagar nosotros, y no s\u00e9 si vamos a poder<\/h1>\n<p>A ese dolor de cabeza su une el problema econ\u00f3mico, porque las terapias que ahora las tiene cubiertas con el colegio, si quieren que siga teni\u00e9ndolas, van a tener que pagarlas, \u00ab<b>la sanidad p\u00fablica no financia estos tratamientos a largo plazo<\/b>, para cr\u00f3nicos, y si no los hacemos, a nivel f\u00edsico va a empeorar mucho. Sinceramente, no s\u00e9 si vamos a poder pag\u00e1rselo, porque son terapias muy caras. A lo mejor nos va tocar hacer lo que buenamente podamos en casa, pero no es lo mismo, no somos profesionales\u00bb. <\/p>\n<p>Una mejor atenci\u00f3n en la vida adulta es, por tanto, una de sus reivindicaciones como cuidadora de una <b>persona gran dependiente<\/b>, esta, y que se investiguen enfermedades como las de su hijo, que ahora mismo no tiene tratamiento, \u00abla \u00fanica esperanza que tenemos es que se descubra <b>alguna medicaci\u00f3n para que dejen de autolesionarse<\/b>, que es lo m\u00e1s duro. Nosotros lo tenemos sujeto, porque como mejor est\u00e1 es contenido, pero en el momento que lo sacamos de la silla para vestirlo o ducharlo, se muerde, se mete los dedos en el ojo\u2026 y hay chicos con este s\u00edndrome que es todav\u00eda peor. Pero <b>estas enfermedades no se investigan<\/b>, solo cuando lo costeamos las asociaciones, y la nuestra es muy peque\u00f1a\u00bb.<\/p>\n<p>Tambi\u00e9n le gustar\u00eda, como madre, reivindicar la atenci\u00f3n y el valor de los <b>hermanos, que a veces son los grandes olvidados<\/b>, \u00abnosotros siempre hemos intentado que le falte lo m\u00ednimo posible, nos hemos dividido para que no le falte atenci\u00f3n, pero a veces no se llega, no hemos podido viajar, llevarla a sitios donde Carlos se pone muy nervioso&#8230; y su hermana a veces nos lo dec\u00eda, se ha perdido muchas cosas\u00bb.<\/p>\n<p>Por eso, ahora, aunque ella es muy responsable, intentan no tirar de ella, \u00abno queremos que tenga ninguna obligaci\u00f3n, todo lo que podemos lo hacemos entre mi marido y yo para que mi hija no tenga una obligaci\u00f3n que es nuestra, que<b> bastante ha sufrido<\/b>\u00ab, lamenta.<\/p>\n<p>Tambi\u00e9n tienen la eterna preocupaci\u00f3n de los padres de hijos con discapacidad, \u00abel <b>qu\u00e9 pasar\u00e1 cuando nosotros no estemos<\/b>\u2026\u00bb, dice sincera.<\/p>\n<p>Aun as\u00ed, y a pesar de la situaci\u00f3n que le ha tocado vivir, viven cada d\u00eda con la mayor alegr\u00eda posible, \u00aben mi casa nos re\u00edmos mucho, o intentamos re\u00edrnos mucho. Y cuando uno desfallece, ah\u00ed est\u00e1 el otro animar, para tirar del otro, no podemos caer los dos\u2026\u00bb.<\/p>\n<\/div>\n<p>Fuente: Discapacidad https:\/\/www.20minutos.es\/noticia\/5647095\/0\/eva-madre-cuidadora-carlos-con-una-enfermedad-ultrarrara\/<\/p>\n","protected":false},"excerpt":{"rendered":"<p>Eva cuida, junto a su marido, de Carlos, de 21 a\u00f1os, \u00fanico caso en Catalu\u00f1a de s\u00edndrome de Lesh-Nyhan.<\/p>\n","protected":false},"author":1,"featured_media":0,"comment_status":"closed","ping_status":"closed","sticky":false,"template":"","format":"standard","meta":{"footnotes":""},"categories":[8],"tags":[],"class_list":["post-10505","post","type-post","status-publish","format-standard","hentry","category-noticias"],"yoast_head":"<!-- This site is optimized with the Yoast SEO plugin v27.5 - https:\/\/yoast.com\/product\/yoast-seo-wordpress\/ -->\n<title>Eva, madre cuidadora de Carlos, con una enfermedad ultrarrara: &quot;En mi casa nos re\u00edmos mucho, o lo intentamos&quot; - Asociaci\u00f3n Espa\u00f1ola S\u00edndrome de Charge<\/title>\n<meta name=\"robots\" content=\"index, follow, max-snippet:-1, max-image-preview:large, max-video-preview:-1\" \/>\n<link rel=\"canonical\" href=\"https:\/\/sindromecharge.es\/index.php\/2024\/10\/28\/eva-madre-cuidadora-carlos-con-una-enfermedad-ultrarrara\/\" \/>\n<meta property=\"og:locale\" content=\"es_ES\" \/>\n<meta property=\"og:type\" content=\"article\" \/>\n<meta property=\"og:title\" content=\"Eva, madre cuidadora de Carlos, con una enfermedad ultrarrara: &quot;En mi casa nos re\u00edmos mucho, o lo intentamos&quot; - Asociaci\u00f3n Espa\u00f1ola S\u00edndrome de Charge\" \/>\n<meta property=\"og:description\" content=\"Eva cuida, junto a su marido, de Carlos, de 21 a\u00f1os, \u00fanico caso en Catalu\u00f1a de s\u00edndrome de Lesh-Nyhan.\" \/>\n<meta property=\"og:url\" content=\"https:\/\/sindromecharge.es\/index.php\/2024\/10\/28\/eva-madre-cuidadora-carlos-con-una-enfermedad-ultrarrara\/\" \/>\n<meta property=\"og:site_name\" content=\"Asociaci\u00f3n Espa\u00f1ola S\u00edndrome de Charge\" \/>\n<meta property=\"article:publisher\" content=\"https:\/\/www.facebook.com\/asociacionsindromecharge\" \/>\n<meta property=\"article:published_time\" content=\"2024-10-28T06:20:36+00:00\" \/>\n<meta property=\"og:image\" content=\"https:\/\/sindromecharge.es\/wp-content\/uploads\/2013\/09\/logodecharge300x98.png\" \/>\n\t<meta property=\"og:image:width\" content=\"300\" \/>\n\t<meta property=\"og:image:height\" content=\"98\" \/>\n\t<meta property=\"og:image:type\" content=\"image\/png\" \/>\n<meta name=\"author\" content=\"Charge\" \/>\n<meta name=\"twitter:card\" content=\"summary_large_image\" \/>\n<meta name=\"twitter:creator\" content=\"@sindromecharge\" \/>\n<meta name=\"twitter:site\" content=\"@sindromecharge\" \/>\n<meta name=\"twitter:label1\" content=\"Escrito por\" \/>\n\t<meta name=\"twitter:data1\" content=\"Charge\" \/>\n\t<meta name=\"twitter:label2\" content=\"Tiempo de lectura\" \/>\n\t<meta name=\"twitter:data2\" content=\"7 minutos\" \/>\n<script type=\"application\/ld+json\" class=\"yoast-schema-graph\">{\"@context\":\"https:\\\/\\\/schema.org\",\"@graph\":[{\"@type\":\"Article\",\"@id\":\"https:\\\/\\\/sindromecharge.es\\\/index.php\\\/2024\\\/10\\\/28\\\/eva-madre-cuidadora-carlos-con-una-enfermedad-ultrarrara\\\/#article\",\"isPartOf\":{\"@id\":\"https:\\\/\\\/sindromecharge.es\\\/index.php\\\/2024\\\/10\\\/28\\\/eva-madre-cuidadora-carlos-con-una-enfermedad-ultrarrara\\\/\"},\"author\":{\"name\":\"Charge\",\"@id\":\"https:\\\/\\\/sindromecharge.es\\\/#\\\/schema\\\/person\\\/39a60ebe0a2b4d5a11179701e336b039\"},\"headline\":\"Eva, madre cuidadora de Carlos, con una enfermedad ultrarrara: \u00abEn mi casa nos re\u00edmos mucho, o lo intentamos\u00bb\",\"datePublished\":\"2024-10-28T06:20:36+00:00\",\"mainEntityOfPage\":{\"@id\":\"https:\\\/\\\/sindromecharge.es\\\/index.php\\\/2024\\\/10\\\/28\\\/eva-madre-cuidadora-carlos-con-una-enfermedad-ultrarrara\\\/\"},\"wordCount\":1481,\"articleSection\":[\"noticias\"],\"inLanguage\":\"es\"},{\"@type\":\"WebPage\",\"@id\":\"https:\\\/\\\/sindromecharge.es\\\/index.php\\\/2024\\\/10\\\/28\\\/eva-madre-cuidadora-carlos-con-una-enfermedad-ultrarrara\\\/\",\"url\":\"https:\\\/\\\/sindromecharge.es\\\/index.php\\\/2024\\\/10\\\/28\\\/eva-madre-cuidadora-carlos-con-una-enfermedad-ultrarrara\\\/\",\"name\":\"Eva, madre cuidadora de Carlos, con una enfermedad ultrarrara: \\\"En mi casa nos re\u00edmos mucho, o lo intentamos\\\" - Asociaci\u00f3n Espa\u00f1ola S\u00edndrome de Charge\",\"isPartOf\":{\"@id\":\"https:\\\/\\\/sindromecharge.es\\\/#website\"},\"datePublished\":\"2024-10-28T06:20:36+00:00\",\"author\":{\"@id\":\"https:\\\/\\\/sindromecharge.es\\\/#\\\/schema\\\/person\\\/39a60ebe0a2b4d5a11179701e336b039\"},\"breadcrumb\":{\"@id\":\"https:\\\/\\\/sindromecharge.es\\\/index.php\\\/2024\\\/10\\\/28\\\/eva-madre-cuidadora-carlos-con-una-enfermedad-ultrarrara\\\/#breadcrumb\"},\"inLanguage\":\"es\",\"potentialAction\":[{\"@type\":\"ReadAction\",\"target\":[\"https:\\\/\\\/sindromecharge.es\\\/index.php\\\/2024\\\/10\\\/28\\\/eva-madre-cuidadora-carlos-con-una-enfermedad-ultrarrara\\\/\"]}]},{\"@type\":\"BreadcrumbList\",\"@id\":\"https:\\\/\\\/sindromecharge.es\\\/index.php\\\/2024\\\/10\\\/28\\\/eva-madre-cuidadora-carlos-con-una-enfermedad-ultrarrara\\\/#breadcrumb\",\"itemListElement\":[{\"@type\":\"ListItem\",\"position\":1,\"name\":\"Portada\",\"item\":\"https:\\\/\\\/sindromecharge.es\\\/\"},{\"@type\":\"ListItem\",\"position\":2,\"name\":\"Eva, madre cuidadora de Carlos, con una enfermedad ultrarrara: &#8220;En mi casa nos re\u00edmos mucho, o lo intentamos&#8221;\"}]},{\"@type\":\"WebSite\",\"@id\":\"https:\\\/\\\/sindromecharge.es\\\/#website\",\"url\":\"https:\\\/\\\/sindromecharge.es\\\/\",\"name\":\"Asociaci\u00f3n Espa\u00f1ola S\u00edndrome de Charge\",\"description\":\"\",\"potentialAction\":[{\"@type\":\"SearchAction\",\"target\":{\"@type\":\"EntryPoint\",\"urlTemplate\":\"https:\\\/\\\/sindromecharge.es\\\/?s={search_term_string}\"},\"query-input\":{\"@type\":\"PropertyValueSpecification\",\"valueRequired\":true,\"valueName\":\"search_term_string\"}}],\"inLanguage\":\"es\"},{\"@type\":\"Person\",\"@id\":\"https:\\\/\\\/sindromecharge.es\\\/#\\\/schema\\\/person\\\/39a60ebe0a2b4d5a11179701e336b039\",\"name\":\"Charge\",\"image\":{\"@type\":\"ImageObject\",\"inLanguage\":\"es\",\"@id\":\"https:\\\/\\\/secure.gravatar.com\\\/avatar\\\/c3b46e32a0fc3b093a0873fb767bf3293de856293065e84ef06b7ec7a8acfb98?s=96&d=identicon&r=x\",\"url\":\"https:\\\/\\\/secure.gravatar.com\\\/avatar\\\/c3b46e32a0fc3b093a0873fb767bf3293de856293065e84ef06b7ec7a8acfb98?s=96&d=identicon&r=x\",\"contentUrl\":\"https:\\\/\\\/secure.gravatar.com\\\/avatar\\\/c3b46e32a0fc3b093a0873fb767bf3293de856293065e84ef06b7ec7a8acfb98?s=96&d=identicon&r=x\",\"caption\":\"Charge\"},\"url\":\"https:\\\/\\\/sindromecharge.es\\\/index.php\\\/author\\\/admin\\\/\"}]}<\/script>\n<!-- \/ Yoast SEO plugin. -->","yoast_head_json":{"title":"Eva, madre cuidadora de Carlos, con una enfermedad ultrarrara: \"En mi casa nos re\u00edmos mucho, o lo intentamos\" - Asociaci\u00f3n Espa\u00f1ola S\u00edndrome de Charge","robots":{"index":"index","follow":"follow","max-snippet":"max-snippet:-1","max-image-preview":"max-image-preview:large","max-video-preview":"max-video-preview:-1"},"canonical":"https:\/\/sindromecharge.es\/index.php\/2024\/10\/28\/eva-madre-cuidadora-carlos-con-una-enfermedad-ultrarrara\/","og_locale":"es_ES","og_type":"article","og_title":"Eva, madre cuidadora de Carlos, con una enfermedad ultrarrara: \"En mi casa nos re\u00edmos mucho, o lo intentamos\" - Asociaci\u00f3n Espa\u00f1ola S\u00edndrome de Charge","og_description":"Eva cuida, junto a su marido, de Carlos, de 21 a\u00f1os, \u00fanico caso en Catalu\u00f1a de s\u00edndrome de Lesh-Nyhan.","og_url":"https:\/\/sindromecharge.es\/index.php\/2024\/10\/28\/eva-madre-cuidadora-carlos-con-una-enfermedad-ultrarrara\/","og_site_name":"Asociaci\u00f3n Espa\u00f1ola S\u00edndrome de Charge","article_publisher":"https:\/\/www.facebook.com\/asociacionsindromecharge","article_published_time":"2024-10-28T06:20:36+00:00","og_image":[{"width":300,"height":98,"url":"https:\/\/sindromecharge.es\/wp-content\/uploads\/2013\/09\/logodecharge300x98.png","type":"image\/png"}],"author":"Charge","twitter_card":"summary_large_image","twitter_creator":"@sindromecharge","twitter_site":"@sindromecharge","twitter_misc":{"Escrito por":"Charge","Tiempo de lectura":"7 minutos"},"schema":{"@context":"https:\/\/schema.org","@graph":[{"@type":"Article","@id":"https:\/\/sindromecharge.es\/index.php\/2024\/10\/28\/eva-madre-cuidadora-carlos-con-una-enfermedad-ultrarrara\/#article","isPartOf":{"@id":"https:\/\/sindromecharge.es\/index.php\/2024\/10\/28\/eva-madre-cuidadora-carlos-con-una-enfermedad-ultrarrara\/"},"author":{"name":"Charge","@id":"https:\/\/sindromecharge.es\/#\/schema\/person\/39a60ebe0a2b4d5a11179701e336b039"},"headline":"Eva, madre cuidadora de Carlos, con una enfermedad ultrarrara: \u00abEn mi casa nos re\u00edmos mucho, o lo intentamos\u00bb","datePublished":"2024-10-28T06:20:36+00:00","mainEntityOfPage":{"@id":"https:\/\/sindromecharge.es\/index.php\/2024\/10\/28\/eva-madre-cuidadora-carlos-con-una-enfermedad-ultrarrara\/"},"wordCount":1481,"articleSection":["noticias"],"inLanguage":"es"},{"@type":"WebPage","@id":"https:\/\/sindromecharge.es\/index.php\/2024\/10\/28\/eva-madre-cuidadora-carlos-con-una-enfermedad-ultrarrara\/","url":"https:\/\/sindromecharge.es\/index.php\/2024\/10\/28\/eva-madre-cuidadora-carlos-con-una-enfermedad-ultrarrara\/","name":"Eva, madre cuidadora de Carlos, con una enfermedad ultrarrara: \"En mi casa nos re\u00edmos mucho, o lo intentamos\" - Asociaci\u00f3n Espa\u00f1ola S\u00edndrome de Charge","isPartOf":{"@id":"https:\/\/sindromecharge.es\/#website"},"datePublished":"2024-10-28T06:20:36+00:00","author":{"@id":"https:\/\/sindromecharge.es\/#\/schema\/person\/39a60ebe0a2b4d5a11179701e336b039"},"breadcrumb":{"@id":"https:\/\/sindromecharge.es\/index.php\/2024\/10\/28\/eva-madre-cuidadora-carlos-con-una-enfermedad-ultrarrara\/#breadcrumb"},"inLanguage":"es","potentialAction":[{"@type":"ReadAction","target":["https:\/\/sindromecharge.es\/index.php\/2024\/10\/28\/eva-madre-cuidadora-carlos-con-una-enfermedad-ultrarrara\/"]}]},{"@type":"BreadcrumbList","@id":"https:\/\/sindromecharge.es\/index.php\/2024\/10\/28\/eva-madre-cuidadora-carlos-con-una-enfermedad-ultrarrara\/#breadcrumb","itemListElement":[{"@type":"ListItem","position":1,"name":"Portada","item":"https:\/\/sindromecharge.es\/"},{"@type":"ListItem","position":2,"name":"Eva, madre cuidadora de Carlos, con una enfermedad ultrarrara: &#8220;En mi casa nos re\u00edmos mucho, o lo intentamos&#8221;"}]},{"@type":"WebSite","@id":"https:\/\/sindromecharge.es\/#website","url":"https:\/\/sindromecharge.es\/","name":"Asociaci\u00f3n Espa\u00f1ola S\u00edndrome de Charge","description":"","potentialAction":[{"@type":"SearchAction","target":{"@type":"EntryPoint","urlTemplate":"https:\/\/sindromecharge.es\/?s={search_term_string}"},"query-input":{"@type":"PropertyValueSpecification","valueRequired":true,"valueName":"search_term_string"}}],"inLanguage":"es"},{"@type":"Person","@id":"https:\/\/sindromecharge.es\/#\/schema\/person\/39a60ebe0a2b4d5a11179701e336b039","name":"Charge","image":{"@type":"ImageObject","inLanguage":"es","@id":"https:\/\/secure.gravatar.com\/avatar\/c3b46e32a0fc3b093a0873fb767bf3293de856293065e84ef06b7ec7a8acfb98?s=96&d=identicon&r=x","url":"https:\/\/secure.gravatar.com\/avatar\/c3b46e32a0fc3b093a0873fb767bf3293de856293065e84ef06b7ec7a8acfb98?s=96&d=identicon&r=x","contentUrl":"https:\/\/secure.gravatar.com\/avatar\/c3b46e32a0fc3b093a0873fb767bf3293de856293065e84ef06b7ec7a8acfb98?s=96&d=identicon&r=x","caption":"Charge"},"url":"https:\/\/sindromecharge.es\/index.php\/author\/admin\/"}]}},"_links":{"self":[{"href":"https:\/\/sindromecharge.es\/index.php\/wp-json\/wp\/v2\/posts\/10505","targetHints":{"allow":["GET"]}}],"collection":[{"href":"https:\/\/sindromecharge.es\/index.php\/wp-json\/wp\/v2\/posts"}],"about":[{"href":"https:\/\/sindromecharge.es\/index.php\/wp-json\/wp\/v2\/types\/post"}],"author":[{"embeddable":true,"href":"https:\/\/sindromecharge.es\/index.php\/wp-json\/wp\/v2\/users\/1"}],"replies":[{"embeddable":true,"href":"https:\/\/sindromecharge.es\/index.php\/wp-json\/wp\/v2\/comments?post=10505"}],"version-history":[{"count":0,"href":"https:\/\/sindromecharge.es\/index.php\/wp-json\/wp\/v2\/posts\/10505\/revisions"}],"wp:attachment":[{"href":"https:\/\/sindromecharge.es\/index.php\/wp-json\/wp\/v2\/media?parent=10505"}],"wp:term":[{"taxonomy":"category","embeddable":true,"href":"https:\/\/sindromecharge.es\/index.php\/wp-json\/wp\/v2\/categories?post=10505"},{"taxonomy":"post_tag","embeddable":true,"href":"https:\/\/sindromecharge.es\/index.php\/wp-json\/wp\/v2\/tags?post=10505"}],"curies":[{"name":"wp","href":"https:\/\/api.w.org\/{rel}","templated":true}]}}