{"id":10504,"date":"2024-10-28T12:33:23","date_gmt":"2024-10-28T12:33:23","guid":{"rendered":"https:\/\/sindromecharge.es\/index.php\/2024\/10\/28\/los-de-oliver-elias-y-carlos-tres-corazones-de-ciudad-real-muy-especiales\/"},"modified":"2024-10-28T12:33:23","modified_gmt":"2024-10-28T12:33:23","slug":"los-de-oliver-elias-y-carlos-tres-corazones-de-ciudad-real-muy-especiales","status":"publish","type":"post","link":"https:\/\/sindromecharge.es\/index.php\/2024\/10\/28\/los-de-oliver-elias-y-carlos-tres-corazones-de-ciudad-real-muy-especiales\/","title":{"rendered":"Los de \u00d3liver, El\u00edas y Carlos, tres corazones de Ciudad Real muy especiales"},"content":{"rendered":"<p>Leemos en Menudos Corazones la siguiente noticia que os reproducimos de forma \u00edntegra: <\/p>\n<div>\n<div class=\"xdj266r x11i5rnm xat24cr x1mh8g0r x1vvkbs x126k92a\">\n<div dir=\"auto\"><strong>Compartimos contigo las historias de \u00d3liver, El\u00edas y Carlos, tres corazones de Ciudad Real muy especiales, que Manzanares 10 Tv recogi\u00f3 en un completo reportaje el pasado verano. Junto a sus familias, han encontrado en Menudos Corazones un apoyo fundamental en el d\u00eda a d\u00eda con una cardiopat\u00eda cong\u00e9nita.<\/strong><\/div>\n<div dir=\"auto\">\n<p><iframe loading=\"lazy\" title=\"\u00d3liver, El\u00edas y Carlos, tres corazones de Ciudad Real muy especiales\" width=\"702\" height=\"395\" src=\"https:\/\/www.youtube.com\/embed\/1mz5ND9QI_Y?feature=oembed\" frameborder=\"0\" allow=\"accelerometer; autoplay; clipboard-write; encrypted-media; gyroscope; picture-in-picture; web-share\" referrerpolicy=\"strict-origin-when-cross-origin\" allowfullscreen><\/iframe><\/p>\n<\/div>\n<div dir=\"auto\"><strong>Convivir con una <span class=\"html-span xdj266r x11i5rnm xat24cr x1mh8g0r xexx8yu x4uap5 x18d9i69 xkhd6sd x1hl2dhg x16tdsg8 x1vvkbs\">cardiopat\u00eda cong\u00e9nita<\/span> no es tarea f\u00e1cil.<\/strong> <a href=\"https:\/\/www.menudoscorazones.org\/2020\/el-impacto-del-diagnostico-de-una-cardiopatia-congenita-nuevo-recurso\/\">Con el <span class=\"html-span xdj266r x11i5rnm xat24cr x1mh8g0r xexx8yu x4uap5 x18d9i69 xkhd6sd x1hl2dhg x16tdsg8 x1vvkbs\">diagn\u00f3stico<\/span>, suelen aparecer sensaciones<\/a> como la incertidumbre, el miedo, la impotencia o el dolor de un modo, muchas veces, desconocido hasta entonces.<\/div>\n<div dir=\"auto\"><\/div>\n<\/div>\n<div class=\"x11i5rnm xat24cr x1mh8g0r x1vvkbs xtlvy1s x126k92a\">\n<div dir=\"auto\">As\u00ed tambi\u00e9n comenzaron las historias de <strong>\u00d3liver, El\u00edas, Carlos<\/strong> y sus familias.\u00a0Pero, ante una noticia as\u00ed, <strong>no estuvieron solos.<\/strong><\/div>\n<div dir=\"auto\"><\/div>\n<\/div>\n<div class=\"x11i5rnm xat24cr x1mh8g0r x1vvkbs xtlvy1s x126k92a\">\n<div dir=\"auto\"><strong><span class=\"html-span xdj266r x11i5rnm xat24cr x1mh8g0r xexx8yu x4uap5 x18d9i69 xkhd6sd x1hl2dhg x16tdsg8 x1vvkbs\">Menudos Corazones<\/span> ha permanecido a su lado<\/strong> todo este tiempo brindando, entre otros recursos, <a href=\"https:\/\/www.menudoscorazones.org\/quienes\/que-hacemos\/apoyo-psicologico-dia-a-dia\/\">apoyo psicol\u00f3gico<\/a>, <a href=\"https:\/\/www.menudoscorazones.org\/quienes\/que-hacemos\/alojamiento-gratuito-ninos-hospitalizados\/\">alojamiento<\/a> cerca del hospital, <a href=\"https:\/\/www.menudoscorazones.org\/servicios\/hospitalizacion\/\">acompa\u00f1amiento durante los ingresos<\/a>, <a href=\"https:\/\/www.menudoscorazones.org\/quienes\/que-hacemos\/asesoramiento-sobre-recursos-sociales\/\">informaci\u00f3n y asesoramiento<\/a>, <a href=\"https:\/\/www.menudoscorazones.org\/quienes\/que-hacemos\/campamentos-de-verano\/\">actividades de ocio adaptadas<\/a>\u2026 y <a href=\"https:\/\/www.menudoscorazones.org\/servicios\/vida-cotidiana\/#formulario\">una comunidad<\/a> que les ha ayudado a afrontar, de la mejor manera posible, <strong>esta <span class=\"html-span xdj266r x11i5rnm xat24cr x1mh8g0r xexx8yu x4uap5 x18d9i69 xkhd6sd x1hl2dhg x16tdsg8 x1vvkbs\">patolog\u00eda cr\u00f3nica<\/span>.<\/strong><\/div>\n<\/div>\n<div class=\"x11i5rnm xat24cr x1mh8g0r x1vvkbs xtlvy1s x126k92a\">\n<div dir=\"auto\"><\/div>\n<div dir=\"auto\"><strong>Gracias a <a href=\"https:\/\/www.manzanares10.tv\/youtube\/video.php?id=72NqGfh0Qjk\"><span class=\"html-span xdj266r x11i5rnm xat24cr x1mh8g0r xexx8yu x4uap5 x18d9i69 xkhd6sd x1hl2dhg x16tdsg8 x1vvkbs\"><span class=\"xt0psk2\">Manzanares 10 Tv<\/span><\/span><\/a> por recoger sus testimonios y dar visibilidad<\/strong> a una realidad que afecta a <a href=\"https:\/\/www.menudoscorazones.org\/cardiopatias-congenitas\/recursos\/10-claves-sobre-las-cardiopatias-congenitas-que-debes-conocer\/\">10 nuevas familias en Espa\u00f1a cada d\u00eda.<\/a> Y a Carlos, El\u00edas, \u00d3liver y a sus familias por compartir su experiencia y su solidaridad, como <a href=\"https:\/\/www.menudoscorazones.org\/colabora\/asociate\/\"><strong>socios de la Fundaci\u00f3n,<\/strong><\/a> con quienes atraviesan situaciones similares a la suya.<\/div>\n<div dir=\"auto\"><\/div>\n<div dir=\"auto\">Y recuerda que, si lo necesitas, podemos ayudarte. <a href=\"https:\/\/www.menudoscorazones.org\/contacto\/\">\u00a1Cont\u00e1ctanos!<\/a><\/div>\n<\/div>\n<p>La entrada <a href=\"https:\/\/www.menudoscorazones.org\/2024\/los-de-oliver-elias-y-carlos-tres-corazones-de-ciudad-real-muy-especiales\/\">Los de \u00d3liver, El\u00edas y Carlos, tres corazones de Ciudad Real muy especiales<\/a> aparece primero en <a href=\"https:\/\/www.menudoscorazones.org\/\">Menudos Corazones<\/a>.<\/p>\n<\/div>\n<p>Fuente: Menudos Corazones https:\/\/www.menudoscorazones.org\/2024\/los-de-oliver-elias-y-carlos-tres-corazones-de-ciudad-real-muy-especiales\/<\/p>\n","protected":false},"excerpt":{"rendered":"<p>Compartimos contigo las historias de \u00d3liver, El\u00edas y Carlos, que Manzanares 10 Tv recogi\u00f3 en un completo reportaje. La entrada Los de \u00d3liver, El\u00edas y Carlos, tres corazones de Ciudad Real muy especiales aparece primero en Menudos Corazones.<\/p>\n","protected":false},"author":1,"featured_media":0,"comment_status":"closed","ping_status":"closed","sticky":false,"template":"","format":"standard","meta":{"footnotes":""},"categories":[8],"tags":[],"class_list":["post-10504","post","type-post","status-publish","format-standard","hentry","category-noticias"],"yoast_head":"<!-- This site is optimized with the Yoast SEO plugin v27.5 - https:\/\/yoast.com\/product\/yoast-seo-wordpress\/ -->\n<title>Los de \u00d3liver, El\u00edas y Carlos, tres corazones de Ciudad Real muy especiales - Asociaci\u00f3n Espa\u00f1ola S\u00edndrome de Charge<\/title>\n<meta name=\"robots\" content=\"index, follow, max-snippet:-1, max-image-preview:large, max-video-preview:-1\" \/>\n<link rel=\"canonical\" href=\"https:\/\/sindromecharge.es\/index.php\/2024\/10\/28\/los-de-oliver-elias-y-carlos-tres-corazones-de-ciudad-real-muy-especiales\/\" \/>\n<meta property=\"og:locale\" content=\"es_ES\" \/>\n<meta property=\"og:type\" content=\"article\" \/>\n<meta property=\"og:title\" content=\"Los de \u00d3liver, El\u00edas y Carlos, tres corazones de Ciudad Real muy especiales - Asociaci\u00f3n Espa\u00f1ola S\u00edndrome de Charge\" \/>\n<meta property=\"og:description\" content=\"Compartimos contigo las historias de \u00d3liver, El\u00edas y Carlos, que Manzanares 10 Tv recogi\u00f3 en un completo reportaje. La entrada Los de \u00d3liver, El\u00edas y Carlos, tres corazones de Ciudad Real muy especiales aparece primero en Menudos Corazones.\" \/>\n<meta property=\"og:url\" content=\"https:\/\/sindromecharge.es\/index.php\/2024\/10\/28\/los-de-oliver-elias-y-carlos-tres-corazones-de-ciudad-real-muy-especiales\/\" \/>\n<meta property=\"og:site_name\" content=\"Asociaci\u00f3n Espa\u00f1ola S\u00edndrome de Charge\" \/>\n<meta property=\"article:publisher\" content=\"https:\/\/www.facebook.com\/asociacionsindromecharge\" \/>\n<meta property=\"article:published_time\" content=\"2024-10-28T12:33:23+00:00\" \/>\n<meta property=\"og:image\" content=\"https:\/\/sindromecharge.es\/wp-content\/uploads\/2013\/09\/logodecharge300x98.png\" \/>\n\t<meta property=\"og:image:width\" content=\"300\" \/>\n\t<meta property=\"og:image:height\" content=\"98\" \/>\n\t<meta property=\"og:image:type\" content=\"image\/png\" \/>\n<meta name=\"author\" content=\"Charge\" \/>\n<meta name=\"twitter:card\" content=\"summary_large_image\" \/>\n<meta name=\"twitter:creator\" content=\"@sindromecharge\" \/>\n<meta name=\"twitter:site\" content=\"@sindromecharge\" \/>\n<meta name=\"twitter:label1\" content=\"Escrito por\" \/>\n\t<meta name=\"twitter:data1\" content=\"Charge\" \/>\n\t<meta name=\"twitter:label2\" content=\"Tiempo de lectura\" \/>\n\t<meta name=\"twitter:data2\" content=\"1 minuto\" \/>\n<script type=\"application\/ld+json\" class=\"yoast-schema-graph\">{\"@context\":\"https:\\\/\\\/schema.org\",\"@graph\":[{\"@type\":\"Article\",\"@id\":\"https:\\\/\\\/sindromecharge.es\\\/index.php\\\/2024\\\/10\\\/28\\\/los-de-oliver-elias-y-carlos-tres-corazones-de-ciudad-real-muy-especiales\\\/#article\",\"isPartOf\":{\"@id\":\"https:\\\/\\\/sindromecharge.es\\\/index.php\\\/2024\\\/10\\\/28\\\/los-de-oliver-elias-y-carlos-tres-corazones-de-ciudad-real-muy-especiales\\\/\"},\"author\":{\"name\":\"Charge\",\"@id\":\"https:\\\/\\\/sindromecharge.es\\\/#\\\/schema\\\/person\\\/39a60ebe0a2b4d5a11179701e336b039\"},\"headline\":\"Los de \u00d3liver, El\u00edas y Carlos, tres corazones de Ciudad Real muy especiales\",\"datePublished\":\"2024-10-28T12:33:23+00:00\",\"mainEntityOfPage\":{\"@id\":\"https:\\\/\\\/sindromecharge.es\\\/index.php\\\/2024\\\/10\\\/28\\\/los-de-oliver-elias-y-carlos-tres-corazones-de-ciudad-real-muy-especiales\\\/\"},\"wordCount\":287,\"articleSection\":[\"noticias\"],\"inLanguage\":\"es\"},{\"@type\":\"WebPage\",\"@id\":\"https:\\\/\\\/sindromecharge.es\\\/index.php\\\/2024\\\/10\\\/28\\\/los-de-oliver-elias-y-carlos-tres-corazones-de-ciudad-real-muy-especiales\\\/\",\"url\":\"https:\\\/\\\/sindromecharge.es\\\/index.php\\\/2024\\\/10\\\/28\\\/los-de-oliver-elias-y-carlos-tres-corazones-de-ciudad-real-muy-especiales\\\/\",\"name\":\"Los de \u00d3liver, El\u00edas y Carlos, tres corazones de Ciudad Real muy especiales - Asociaci\u00f3n Espa\u00f1ola S\u00edndrome de Charge\",\"isPartOf\":{\"@id\":\"https:\\\/\\\/sindromecharge.es\\\/#website\"},\"datePublished\":\"2024-10-28T12:33:23+00:00\",\"author\":{\"@id\":\"https:\\\/\\\/sindromecharge.es\\\/#\\\/schema\\\/person\\\/39a60ebe0a2b4d5a11179701e336b039\"},\"breadcrumb\":{\"@id\":\"https:\\\/\\\/sindromecharge.es\\\/index.php\\\/2024\\\/10\\\/28\\\/los-de-oliver-elias-y-carlos-tres-corazones-de-ciudad-real-muy-especiales\\\/#breadcrumb\"},\"inLanguage\":\"es\",\"potentialAction\":[{\"@type\":\"ReadAction\",\"target\":[\"https:\\\/\\\/sindromecharge.es\\\/index.php\\\/2024\\\/10\\\/28\\\/los-de-oliver-elias-y-carlos-tres-corazones-de-ciudad-real-muy-especiales\\\/\"]}]},{\"@type\":\"BreadcrumbList\",\"@id\":\"https:\\\/\\\/sindromecharge.es\\\/index.php\\\/2024\\\/10\\\/28\\\/los-de-oliver-elias-y-carlos-tres-corazones-de-ciudad-real-muy-especiales\\\/#breadcrumb\",\"itemListElement\":[{\"@type\":\"ListItem\",\"position\":1,\"name\":\"Portada\",\"item\":\"https:\\\/\\\/sindromecharge.es\\\/\"},{\"@type\":\"ListItem\",\"position\":2,\"name\":\"Los de \u00d3liver, El\u00edas y Carlos, tres corazones de Ciudad Real muy especiales\"}]},{\"@type\":\"WebSite\",\"@id\":\"https:\\\/\\\/sindromecharge.es\\\/#website\",\"url\":\"https:\\\/\\\/sindromecharge.es\\\/\",\"name\":\"Asociaci\u00f3n Espa\u00f1ola S\u00edndrome de Charge\",\"description\":\"\",\"potentialAction\":[{\"@type\":\"SearchAction\",\"target\":{\"@type\":\"EntryPoint\",\"urlTemplate\":\"https:\\\/\\\/sindromecharge.es\\\/?s={search_term_string}\"},\"query-input\":{\"@type\":\"PropertyValueSpecification\",\"valueRequired\":true,\"valueName\":\"search_term_string\"}}],\"inLanguage\":\"es\"},{\"@type\":\"Person\",\"@id\":\"https:\\\/\\\/sindromecharge.es\\\/#\\\/schema\\\/person\\\/39a60ebe0a2b4d5a11179701e336b039\",\"name\":\"Charge\",\"image\":{\"@type\":\"ImageObject\",\"inLanguage\":\"es\",\"@id\":\"https:\\\/\\\/secure.gravatar.com\\\/avatar\\\/c3b46e32a0fc3b093a0873fb767bf3293de856293065e84ef06b7ec7a8acfb98?s=96&d=identicon&r=x\",\"url\":\"https:\\\/\\\/secure.gravatar.com\\\/avatar\\\/c3b46e32a0fc3b093a0873fb767bf3293de856293065e84ef06b7ec7a8acfb98?s=96&d=identicon&r=x\",\"contentUrl\":\"https:\\\/\\\/secure.gravatar.com\\\/avatar\\\/c3b46e32a0fc3b093a0873fb767bf3293de856293065e84ef06b7ec7a8acfb98?s=96&d=identicon&r=x\",\"caption\":\"Charge\"},\"url\":\"https:\\\/\\\/sindromecharge.es\\\/index.php\\\/author\\\/admin\\\/\"}]}<\/script>\n<!-- \/ Yoast SEO plugin. -->","yoast_head_json":{"title":"Los de \u00d3liver, El\u00edas y Carlos, tres corazones de Ciudad Real muy especiales - Asociaci\u00f3n Espa\u00f1ola S\u00edndrome de Charge","robots":{"index":"index","follow":"follow","max-snippet":"max-snippet:-1","max-image-preview":"max-image-preview:large","max-video-preview":"max-video-preview:-1"},"canonical":"https:\/\/sindromecharge.es\/index.php\/2024\/10\/28\/los-de-oliver-elias-y-carlos-tres-corazones-de-ciudad-real-muy-especiales\/","og_locale":"es_ES","og_type":"article","og_title":"Los de \u00d3liver, El\u00edas y Carlos, tres corazones de Ciudad Real muy especiales - Asociaci\u00f3n Espa\u00f1ola S\u00edndrome de Charge","og_description":"Compartimos contigo las historias de \u00d3liver, El\u00edas y Carlos, que Manzanares 10 Tv recogi\u00f3 en un completo reportaje. La entrada Los de \u00d3liver, El\u00edas y Carlos, tres corazones de Ciudad Real muy especiales aparece primero en Menudos Corazones.","og_url":"https:\/\/sindromecharge.es\/index.php\/2024\/10\/28\/los-de-oliver-elias-y-carlos-tres-corazones-de-ciudad-real-muy-especiales\/","og_site_name":"Asociaci\u00f3n Espa\u00f1ola S\u00edndrome de Charge","article_publisher":"https:\/\/www.facebook.com\/asociacionsindromecharge","article_published_time":"2024-10-28T12:33:23+00:00","og_image":[{"width":300,"height":98,"url":"https:\/\/sindromecharge.es\/wp-content\/uploads\/2013\/09\/logodecharge300x98.png","type":"image\/png"}],"author":"Charge","twitter_card":"summary_large_image","twitter_creator":"@sindromecharge","twitter_site":"@sindromecharge","twitter_misc":{"Escrito por":"Charge","Tiempo de lectura":"1 minuto"},"schema":{"@context":"https:\/\/schema.org","@graph":[{"@type":"Article","@id":"https:\/\/sindromecharge.es\/index.php\/2024\/10\/28\/los-de-oliver-elias-y-carlos-tres-corazones-de-ciudad-real-muy-especiales\/#article","isPartOf":{"@id":"https:\/\/sindromecharge.es\/index.php\/2024\/10\/28\/los-de-oliver-elias-y-carlos-tres-corazones-de-ciudad-real-muy-especiales\/"},"author":{"name":"Charge","@id":"https:\/\/sindromecharge.es\/#\/schema\/person\/39a60ebe0a2b4d5a11179701e336b039"},"headline":"Los de \u00d3liver, El\u00edas y Carlos, tres corazones de Ciudad Real muy especiales","datePublished":"2024-10-28T12:33:23+00:00","mainEntityOfPage":{"@id":"https:\/\/sindromecharge.es\/index.php\/2024\/10\/28\/los-de-oliver-elias-y-carlos-tres-corazones-de-ciudad-real-muy-especiales\/"},"wordCount":287,"articleSection":["noticias"],"inLanguage":"es"},{"@type":"WebPage","@id":"https:\/\/sindromecharge.es\/index.php\/2024\/10\/28\/los-de-oliver-elias-y-carlos-tres-corazones-de-ciudad-real-muy-especiales\/","url":"https:\/\/sindromecharge.es\/index.php\/2024\/10\/28\/los-de-oliver-elias-y-carlos-tres-corazones-de-ciudad-real-muy-especiales\/","name":"Los de \u00d3liver, El\u00edas y Carlos, tres corazones de Ciudad Real muy especiales - Asociaci\u00f3n Espa\u00f1ola S\u00edndrome de Charge","isPartOf":{"@id":"https:\/\/sindromecharge.es\/#website"},"datePublished":"2024-10-28T12:33:23+00:00","author":{"@id":"https:\/\/sindromecharge.es\/#\/schema\/person\/39a60ebe0a2b4d5a11179701e336b039"},"breadcrumb":{"@id":"https:\/\/sindromecharge.es\/index.php\/2024\/10\/28\/los-de-oliver-elias-y-carlos-tres-corazones-de-ciudad-real-muy-especiales\/#breadcrumb"},"inLanguage":"es","potentialAction":[{"@type":"ReadAction","target":["https:\/\/sindromecharge.es\/index.php\/2024\/10\/28\/los-de-oliver-elias-y-carlos-tres-corazones-de-ciudad-real-muy-especiales\/"]}]},{"@type":"BreadcrumbList","@id":"https:\/\/sindromecharge.es\/index.php\/2024\/10\/28\/los-de-oliver-elias-y-carlos-tres-corazones-de-ciudad-real-muy-especiales\/#breadcrumb","itemListElement":[{"@type":"ListItem","position":1,"name":"Portada","item":"https:\/\/sindromecharge.es\/"},{"@type":"ListItem","position":2,"name":"Los de \u00d3liver, El\u00edas y Carlos, tres corazones de Ciudad Real muy especiales"}]},{"@type":"WebSite","@id":"https:\/\/sindromecharge.es\/#website","url":"https:\/\/sindromecharge.es\/","name":"Asociaci\u00f3n Espa\u00f1ola S\u00edndrome de Charge","description":"","potentialAction":[{"@type":"SearchAction","target":{"@type":"EntryPoint","urlTemplate":"https:\/\/sindromecharge.es\/?s={search_term_string}"},"query-input":{"@type":"PropertyValueSpecification","valueRequired":true,"valueName":"search_term_string"}}],"inLanguage":"es"},{"@type":"Person","@id":"https:\/\/sindromecharge.es\/#\/schema\/person\/39a60ebe0a2b4d5a11179701e336b039","name":"Charge","image":{"@type":"ImageObject","inLanguage":"es","@id":"https:\/\/secure.gravatar.com\/avatar\/c3b46e32a0fc3b093a0873fb767bf3293de856293065e84ef06b7ec7a8acfb98?s=96&d=identicon&r=x","url":"https:\/\/secure.gravatar.com\/avatar\/c3b46e32a0fc3b093a0873fb767bf3293de856293065e84ef06b7ec7a8acfb98?s=96&d=identicon&r=x","contentUrl":"https:\/\/secure.gravatar.com\/avatar\/c3b46e32a0fc3b093a0873fb767bf3293de856293065e84ef06b7ec7a8acfb98?s=96&d=identicon&r=x","caption":"Charge"},"url":"https:\/\/sindromecharge.es\/index.php\/author\/admin\/"}]}},"_links":{"self":[{"href":"https:\/\/sindromecharge.es\/index.php\/wp-json\/wp\/v2\/posts\/10504","targetHints":{"allow":["GET"]}}],"collection":[{"href":"https:\/\/sindromecharge.es\/index.php\/wp-json\/wp\/v2\/posts"}],"about":[{"href":"https:\/\/sindromecharge.es\/index.php\/wp-json\/wp\/v2\/types\/post"}],"author":[{"embeddable":true,"href":"https:\/\/sindromecharge.es\/index.php\/wp-json\/wp\/v2\/users\/1"}],"replies":[{"embeddable":true,"href":"https:\/\/sindromecharge.es\/index.php\/wp-json\/wp\/v2\/comments?post=10504"}],"version-history":[{"count":0,"href":"https:\/\/sindromecharge.es\/index.php\/wp-json\/wp\/v2\/posts\/10504\/revisions"}],"wp:attachment":[{"href":"https:\/\/sindromecharge.es\/index.php\/wp-json\/wp\/v2\/media?parent=10504"}],"wp:term":[{"taxonomy":"category","embeddable":true,"href":"https:\/\/sindromecharge.es\/index.php\/wp-json\/wp\/v2\/categories?post=10504"},{"taxonomy":"post_tag","embeddable":true,"href":"https:\/\/sindromecharge.es\/index.php\/wp-json\/wp\/v2\/tags?post=10504"}],"curies":[{"name":"wp","href":"https:\/\/api.w.org\/{rel}","templated":true}]}}