{"id":10499,"date":"2024-10-26T06:55:25","date_gmt":"2024-10-26T06:55:25","guid":{"rendered":"https:\/\/sindromecharge.es\/index.php\/2024\/10\/26\/deporte-mucho-mas-que-terapeutico-para-las-personas-con-dano-cerebral-adquirido-les-ayuda-reconectar-con-vida\/"},"modified":"2024-10-26T06:55:25","modified_gmt":"2024-10-26T06:55:25","slug":"deporte-mucho-mas-que-terapeutico-para-las-personas-con-dano-cerebral-adquirido-les-ayuda-reconectar-con-vida","status":"publish","type":"post","link":"https:\/\/sindromecharge.es\/index.php\/2024\/10\/26\/deporte-mucho-mas-que-terapeutico-para-las-personas-con-dano-cerebral-adquirido-les-ayuda-reconectar-con-vida\/","title":{"rendered":"El deporte, mucho m\u00e1s que ejercicio para las personas con da\u00f1o cerebral: \u00abLes ayuda a reconectar con la vida\u00bb"},"content":{"rendered":"<p>Leemos en Discapacidad la siguiente noticia que os reproducimos de forma \u00edntegra: <\/p>\n<div>\n<p>En Espa\u00f1a m\u00e1s de <b>400.000 personas conviven con el da\u00f1o cerebral<\/b> adquirido, que son las secuelas que deja en nuestro cerebro accidentes como un<a href=\"https:\/\/www.20minutos.es\/minuteca\/ictus\/\" title=\"Ictus\" target=\"_blank\" rel=\"noopener\"> ictus<\/a> -la causa principal-, un traumatismo craneoencef\u00e1lico o una falta de ox\u00edgeno. Este da\u00f1o cerebral se puede manifestar de varias formas. Unas m\u00e1s visibles, como las motoras: <b>la p\u00e9rdida de<\/b> <b>movilidad<\/b> de algunos de los miembros o la capacidad de andar. Otras menos, como las que se producen a <b>nivel cognitivo o sensorial<\/b>.<\/p>\n<p>Todas estas personas que sufren un da\u00f1o cerebral pueden <b>recuperar toda o parte de la funcionalidad perdida<\/b> gracias a un intenso proceso de rehabilitaci\u00f3n posterior, pero lo m\u00e1s habitual es que no retomen toda la funcionalidad previa y tengan que aprender a<b> convivir con secuelas<\/b>.<\/p>\n<p>Tanto para seguir mejorando como para sentirse bien a nivel tanto f\u00edsico como psicol\u00f3gico, <b>el deporte es esencial<\/b>, como bien saben en la <b>Fundaci\u00f3n Segunda Parte<\/b>, una organizaci\u00f3n sin \u00e1nimo de lucro que se dedica a<b> fomentar la pr\u00e1ctica del ejercicio f\u00edsico entre las personas con da\u00f1o cerebral<\/b>, sean cuales sean sus condiciones f\u00edsicas, cognitivas y a cualquier edad.<\/p>\n<p>Para visibilizar su labor y los beneficios del deporte entre las personas con da\u00f1o cerebral, esta Fundaci\u00f3n organiz\u00f3 este viernes 25 de octubre en la Caja M\u00e1gica de Madrid, la <b>segunda edici\u00f3n de las DCOlimpiadas<\/b>, un evento deportivo que reuni\u00f3 a 200 personas con da\u00f1o neurol\u00f3gico de diversos centros de <b>neurorrehabilitaci\u00f3n<\/b> para participar en una jornada de deporte y superaci\u00f3n. Juntos practicaron deportes como p\u00e1del, boccia, tiro con arco o atletismo.<\/p>\n<p>El objetivo, m\u00e1s que competir, porque se trata de un evento amistoso, es dar a conocer los beneficios del deporte en las personas con da\u00f1o cerebral y dejar ver que, a trav\u00e9s de la pr\u00e1ctica deportiva, se puede tener una <b>vida m\u00e1s plena y aut\u00f3noma<\/b>.<\/p>\n<h2>M\u00e1s all\u00e1 de lo f\u00edsico<\/h2>\n<p>El da\u00f1o cerebral adquirido llega de manera abrupta a la vida de las personas. El beneficio del deporte en los procesos d<span>e rehabilitaci\u00f3n f\u00edsica <\/span>tras este tipo de accidentes est\u00e1 m\u00e1s que probada, seg\u00fan indica <b>Marta P\u00e9rez, directora de la Fundaci\u00f3n Segunda Parte<\/b>, \u00abes determinante en la salud y la calidad de vida de estas personas, que tienen afectadas habitualmente varias \u00e1reas, el \u00e1rea f\u00edsica, el \u00e1rea cognitiva, el \u00e1rea conductual\u2026 y eso determina tambi\u00e9n el \u00e1rea social y el desarrollo personal\u00bb. <\/p>\n<p>Como explica Susana Pajares, m\u00e9dica rehabilitadora en CEADAC, el Centro de Referencia Estatal de Atenci\u00f3n al Da\u00f1o Cerebral, \u00abal igual que ocurre con personas que hacen deporte normalizado, el deporte adaptado les da <b>posibilidad de mejorar una movilidad<\/b> que, por la patolog\u00eda, ya tienen restringida\u00bb, pero, adem\u00e1s, tiene otros beneficios a nivel social y psicol\u00f3gico, \u00abvuelven a sentirse capaces, que forman parte de un equipo\u2026 porque la tendencia, despu\u00e9s de un da\u00f1o cerebral es a aislarse\u00bb.<\/p>\n<h1>Vuelven a sentirse capaces, que forman parte de un equipo\u2026 porque la tendencia, despu\u00e9s de un da\u00f1o cerebral es a aislarse<\/h1>\n<p>Los beneficios se dan, adem\u00e1s, en personas de todas las edades y tanto si  hab\u00edan practicado deporte antes como si no, \u00abnosotros hemos tenido a mucha gente que no hac\u00eda deporte previamente y que encuentran en \u00e9l <b>una forma de canalizar emocionalmente todo lo que pasa despu\u00e9s del da\u00f1o<\/b>. Nunca es tarde para hacer deporte, se tenga da\u00f1o cerebral o no\u00bb, a\u00f1ade Susana Pajares, \u00abpor eso, adem\u00e1s de tener una formaci\u00f3n semanal de deporte adaptado, en CEADAC, cuando les damos el alta, les recomendamos <b>que sigan haciendo deporte<\/b>, y para eso, fundaciones como Segunda Parte son una gran oportunidad\u00bb.<\/p>\n<p>En la Fundaci\u00f3n Segunda Parte, esos beneficios los comprueban en tiempo real, pues son los mismos usuarios los que les trasladan lo que deporte significa para ellos, \u00abllegan perdidos, no saben qu\u00e9 pueden hacer en su situaci\u00f3n de vida nueva y te dejan en sus manos, y lo que vemos es que se benefician a nivel f\u00edsica, social, cognitiva\u2026 ellos mismos nos lo dicen\u00bb, explica<b> Rodrigo, Educador f\u00edsico deportivo de la Fundaci\u00f3n<\/b>.<\/p>\n<p>La pr\u00e1ctica deportiva impacta tambi\u00e9n a nivel cognitivo, es decir, que personas que, tras el da\u00f1o cerebral no tengan secuelas f\u00edsicas, tambi\u00e9n pueden beneficiarse de la pr\u00e1ctica del ejercicio f\u00edsico, pues se trabajan, como explica la <b>neuropsic\u00f3loga Bego\u00f1a Gonz\u00e1lez<\/b>, \u00abprocesos atencionales, de memoria, de control de la impulsividad o toma de decisiones, \u00e1reas que a menudo se ven afectadas\u00bb.<\/p>\n<h2>Volver a conectar con la vida a trav\u00e9s del deporte<\/h2>\n<p>El deporte, como explica Marta P\u00e9rez, es <b>motivaci\u00f3n, es superaci\u00f3n<\/b>, despierta unas ganas de mejorar que, irremediablemente se van a trasladar en una mejora en otras \u00e1reas de la vida, \u00abtiene una motivaci\u00f3n intr\u00ednseca. Me provoca querer ser mejor y probarme a m\u00ed mismo\u00bb. Cuando tu vida ha cambiado de manera abrupta es deporte se convierte, gracias a ese factor motivador, en una \u00ab<b>buena forma de volver a reconectar con tu vida<\/b>, son personas a las que la vida les ha dado una segunda oportunidad, pero la sociedad no est\u00e1 preparada para ellas y el deporte es una forma de volver a conectar. Estamos viendo personas que est\u00e1n en una <a href=\"https:\/\/www.20minutos.es\/minuteca\/silla-de-ruedas\/\" title=\"Silla de ruedas\" target=\"_blank\" rel=\"noopener\">silla de ruedas<\/a> y tienen una movilidad muy limitada o personas que luego van a jugar al p\u00e1del con una movilidad completa. La actividad f\u00edsica es beneficiosa para todas ellas y adem\u00e1s es intergeneracional. Nosotros lo hacemos desde un enfoque hacia la salud, pero es una actividad f\u00edsicodeportiva que nos permite impactar sobre otras variables que<b> determinan la salud y la calidad de vida <\/b>de las personas\u00bb.<\/p>\n<p>Para que estos beneficios se den y para que exista esa motivaci\u00f3n, es fundamental que <b>el deporte sea adaptado <\/b> para todas y cada una de las personas, sea cual sea su nivel de da\u00f1o y de funcionalidad, algo de lo que se encargan personas como Rodrigo, que adem\u00e1s de estudiar tiene el grado de Ciencias de la actividad f\u00edsica y del deporte, se ha especializado en <a href=\"https:\/\/www.20minutos.es\/minuteca\/discapacidad\/\" title=\"Discapacidad\" target=\"_blank\" rel=\"noopener\">discapacidad<\/a> y da\u00f1o cerebral: \u00abTienen una nueva condici\u00f3n de salud y tenemos que adaptar la actividad a cada una de las personas, tenemos que buscar las m\u00e1s favorables a su funcionalidad, as\u00ed que todos pueden hacerlo porque tenemos muchas opciones: atletismo, piscina, p\u00e1del\u2026\u00bb.<\/p>\n<p>El p\u00e1del, por ejemplo, es ideal para <b>personas con un da\u00f1o cognitivo<\/b>, como <b>Carol, que tuvo una aneurisma hace 14 a\u00f1os<\/b>, \u00aben lo que m\u00e1s me ha ayudado es a volver a percibir las cosas por el lado izquierdo. Al principio, me mandaban las bolas al lado izquierdo, y las fallaba, pero fui mejorando gracias al deporte, me ayud\u00f3 mucho a recuperar ese lado\u00bb, recuerda. Desde entonces, sigue haciendo deporte siempre que puede porque adem\u00e1s \u00abme da alegr\u00eda, me ayuda a socializar, que es lo que yo recomendar\u00eda a personas con da\u00f1o cerebral, que salgan, que hagan deporte, que no se quedan ap\u00e1ticos. <b>El deporte ayuda psicol\u00f3gicamente<\/b>\u00ab.<\/p>\n<p>Cualquier deporte va a ser, por tanto<b>, beneficioso a nivel cognitivo e incluso emocional<\/b>, porque lo que conseguimos, como explica Bego\u00f1a Gonz\u00e1lez \u00abes que se readapte a su funcionalidad previa y que a nivel emocional sienta la utilidad, la capacidad de independencia. Les ayuda a <b>sentir que retoman actividades que hab\u00edan hecho previamente<\/b>, porque cuando aparece un da\u00f1o cerebral, la interrupci\u00f3n a todos los niveles de la vida de la persona es enorme\u00bb. <\/p>\n<h2>Embajadores del deporte<\/h2>\n<p>Son las propias usuarias de este tipo de actividades las mejores prescriptoras de la pr\u00e1ctica deportiva, pues como explica Marta P\u00e9rez, \u00abson las propias personas con da\u00f1o cerebral las que transmiten lo que les aporta y los que <b>nos han hecho entender el valor del proyecto<\/b>. Lo que nos dicen es que cambia sus vidas, que son capaces de hacer cosas que antes no pod\u00edan hacer. Que han perdido el miedo, por ejemplo, a salir a la calle solos\u00bb. <\/p>\n<p>Ellos, han entendido que tienen una oportunidad nueva para volver a hacer cosas que hab\u00edan dejado de hacer, y quieren compartirlo. Esto le ocurri\u00f3, por ejemplo, a <b>Alejandro, que ya era un amante del deporte<\/b> antes de tener un terrible accidente de autob\u00fas que le produjo un da\u00f1o cerebral y le arrebat\u00f3 un brazo, \u00abyo jugaba al baloncesto desde los siete a\u00f1os, y despu\u00e9s me hice entrenador. Ahora, dentro de las limitaciones que tengo, intento practicar deporte, voy al gimnasio, porque pienso, incluso, que lo que he recuperado ha sido gracias al deporte\u00bb.<\/p>\n<p>Rodrigo, que tambi\u00e9n ve in situ lo que el deporte puede hacer por otras personas, no duda en, como \u00e9l dice, &#8216;asaltar&#8217; por la calle a la gente a la que cree que el deporte podr\u00eda ayudar, \u00ables explico a lo que me dedico y les invito a que prueben, a que lo vivencien, que entren en la p\u00e1gina&#8230; Primero me miran un poco achantados, pero luego me escuchan&#8230; Y la verdad es que funciona<b>, en un mes he conseguido a siete personas por la calle<\/b>\u00ab, nos cuenta entusiasmado.<\/p>\n<p>La pasi\u00f3n de Rodrigo ya se ve reflejada en voluntarias como<b> Mar\u00eda<\/b>, que tras estudiar ciencias del deporte, decidi\u00f3<b> ayudar en la fundaci\u00f3n<\/b>, \u00absiempre me ha llamado la atenci\u00f3n el deporte adaptado, y aqu\u00ed ayudo a todos los participantes, a que se lo pasen bien y a que aprendan con nosotros. Y me est\u00e1 gustando mucho, tanto, que he solicitado hacer las pr\u00e1cticas en la Fundaci\u00f3n Segunda Parte. Lo veo como mi futuro profesional\u00bb, asegura. <\/p>\n<p>Mar\u00eda lo ve como su vocaci\u00f3n y miles de personas con da\u00f1o cerebral como una <b>oportunidad para mejorar y disfrutar de la segunda oportunidad<\/b> que les ha dado la vida.<\/p>\n<\/div>\n<p>Fuente: Discapacidad https:\/\/www.20minutos.es\/noticia\/5647921\/0\/deporte-mucho-mas-que-terapeutico-para-las-personas-con-dano-cerebral-adquirido-les-ayuda-reconectar-con-vida\/<\/p>\n","protected":false},"excerpt":{"rendered":"<p>La pr\u00e1ctica deportiva tiene multitud de beneficios para las personas con da\u00f1o cerebral adquirido.<\/p>\n","protected":false},"author":1,"featured_media":0,"comment_status":"closed","ping_status":"closed","sticky":false,"template":"","format":"standard","meta":{"footnotes":""},"categories":[8],"tags":[],"class_list":["post-10499","post","type-post","status-publish","format-standard","hentry","category-noticias"],"yoast_head":"<!-- This site is optimized with the Yoast SEO plugin v27.5 - https:\/\/yoast.com\/product\/yoast-seo-wordpress\/ -->\n<title>El deporte, mucho m\u00e1s que ejercicio para las personas con da\u00f1o cerebral: &quot;Les ayuda a reconectar con la vida&quot; - Asociaci\u00f3n Espa\u00f1ola S\u00edndrome de Charge<\/title>\n<meta name=\"robots\" content=\"index, follow, max-snippet:-1, max-image-preview:large, max-video-preview:-1\" \/>\n<link rel=\"canonical\" href=\"https:\/\/sindromecharge.es\/index.php\/2024\/10\/26\/deporte-mucho-mas-que-terapeutico-para-las-personas-con-dano-cerebral-adquirido-les-ayuda-reconectar-con-vida\/\" \/>\n<meta property=\"og:locale\" content=\"es_ES\" \/>\n<meta property=\"og:type\" content=\"article\" \/>\n<meta property=\"og:title\" content=\"El deporte, mucho m\u00e1s que ejercicio para las personas con da\u00f1o cerebral: &quot;Les ayuda a reconectar con la vida&quot; - Asociaci\u00f3n Espa\u00f1ola S\u00edndrome de Charge\" \/>\n<meta property=\"og:description\" content=\"La pr\u00e1ctica deportiva tiene multitud de beneficios para las personas con da\u00f1o cerebral adquirido.\" \/>\n<meta property=\"og:url\" content=\"https:\/\/sindromecharge.es\/index.php\/2024\/10\/26\/deporte-mucho-mas-que-terapeutico-para-las-personas-con-dano-cerebral-adquirido-les-ayuda-reconectar-con-vida\/\" \/>\n<meta property=\"og:site_name\" content=\"Asociaci\u00f3n Espa\u00f1ola S\u00edndrome de Charge\" \/>\n<meta property=\"article:publisher\" content=\"https:\/\/www.facebook.com\/asociacionsindromecharge\" \/>\n<meta property=\"article:published_time\" content=\"2024-10-26T06:55:25+00:00\" \/>\n<meta property=\"og:image\" content=\"https:\/\/sindromecharge.es\/wp-content\/uploads\/2013\/09\/logodecharge300x98.png\" \/>\n\t<meta property=\"og:image:width\" content=\"300\" \/>\n\t<meta property=\"og:image:height\" content=\"98\" \/>\n\t<meta property=\"og:image:type\" content=\"image\/png\" \/>\n<meta name=\"author\" content=\"Charge\" \/>\n<meta name=\"twitter:card\" content=\"summary_large_image\" \/>\n<meta name=\"twitter:creator\" content=\"@sindromecharge\" \/>\n<meta name=\"twitter:site\" content=\"@sindromecharge\" \/>\n<meta name=\"twitter:label1\" content=\"Escrito por\" \/>\n\t<meta name=\"twitter:data1\" content=\"Charge\" \/>\n\t<meta name=\"twitter:label2\" content=\"Tiempo de lectura\" \/>\n\t<meta name=\"twitter:data2\" content=\"9 minutos\" \/>\n<script type=\"application\/ld+json\" class=\"yoast-schema-graph\">{\"@context\":\"https:\\\/\\\/schema.org\",\"@graph\":[{\"@type\":\"Article\",\"@id\":\"https:\\\/\\\/sindromecharge.es\\\/index.php\\\/2024\\\/10\\\/26\\\/deporte-mucho-mas-que-terapeutico-para-las-personas-con-dano-cerebral-adquirido-les-ayuda-reconectar-con-vida\\\/#article\",\"isPartOf\":{\"@id\":\"https:\\\/\\\/sindromecharge.es\\\/index.php\\\/2024\\\/10\\\/26\\\/deporte-mucho-mas-que-terapeutico-para-las-personas-con-dano-cerebral-adquirido-les-ayuda-reconectar-con-vida\\\/\"},\"author\":{\"name\":\"Charge\",\"@id\":\"https:\\\/\\\/sindromecharge.es\\\/#\\\/schema\\\/person\\\/39a60ebe0a2b4d5a11179701e336b039\"},\"headline\":\"El deporte, mucho m\u00e1s que ejercicio para las personas con da\u00f1o cerebral: \u00abLes ayuda a reconectar con la vida\u00bb\",\"datePublished\":\"2024-10-26T06:55:25+00:00\",\"mainEntityOfPage\":{\"@id\":\"https:\\\/\\\/sindromecharge.es\\\/index.php\\\/2024\\\/10\\\/26\\\/deporte-mucho-mas-que-terapeutico-para-las-personas-con-dano-cerebral-adquirido-les-ayuda-reconectar-con-vida\\\/\"},\"wordCount\":1727,\"articleSection\":[\"noticias\"],\"inLanguage\":\"es\"},{\"@type\":\"WebPage\",\"@id\":\"https:\\\/\\\/sindromecharge.es\\\/index.php\\\/2024\\\/10\\\/26\\\/deporte-mucho-mas-que-terapeutico-para-las-personas-con-dano-cerebral-adquirido-les-ayuda-reconectar-con-vida\\\/\",\"url\":\"https:\\\/\\\/sindromecharge.es\\\/index.php\\\/2024\\\/10\\\/26\\\/deporte-mucho-mas-que-terapeutico-para-las-personas-con-dano-cerebral-adquirido-les-ayuda-reconectar-con-vida\\\/\",\"name\":\"El deporte, mucho m\u00e1s que ejercicio para las personas con da\u00f1o cerebral: \\\"Les ayuda a reconectar con la vida\\\" - Asociaci\u00f3n Espa\u00f1ola S\u00edndrome de Charge\",\"isPartOf\":{\"@id\":\"https:\\\/\\\/sindromecharge.es\\\/#website\"},\"datePublished\":\"2024-10-26T06:55:25+00:00\",\"author\":{\"@id\":\"https:\\\/\\\/sindromecharge.es\\\/#\\\/schema\\\/person\\\/39a60ebe0a2b4d5a11179701e336b039\"},\"breadcrumb\":{\"@id\":\"https:\\\/\\\/sindromecharge.es\\\/index.php\\\/2024\\\/10\\\/26\\\/deporte-mucho-mas-que-terapeutico-para-las-personas-con-dano-cerebral-adquirido-les-ayuda-reconectar-con-vida\\\/#breadcrumb\"},\"inLanguage\":\"es\",\"potentialAction\":[{\"@type\":\"ReadAction\",\"target\":[\"https:\\\/\\\/sindromecharge.es\\\/index.php\\\/2024\\\/10\\\/26\\\/deporte-mucho-mas-que-terapeutico-para-las-personas-con-dano-cerebral-adquirido-les-ayuda-reconectar-con-vida\\\/\"]}]},{\"@type\":\"BreadcrumbList\",\"@id\":\"https:\\\/\\\/sindromecharge.es\\\/index.php\\\/2024\\\/10\\\/26\\\/deporte-mucho-mas-que-terapeutico-para-las-personas-con-dano-cerebral-adquirido-les-ayuda-reconectar-con-vida\\\/#breadcrumb\",\"itemListElement\":[{\"@type\":\"ListItem\",\"position\":1,\"name\":\"Portada\",\"item\":\"https:\\\/\\\/sindromecharge.es\\\/\"},{\"@type\":\"ListItem\",\"position\":2,\"name\":\"El deporte, mucho m\u00e1s que ejercicio para las personas con da\u00f1o cerebral: &#8220;Les ayuda a reconectar con la vida&#8221;\"}]},{\"@type\":\"WebSite\",\"@id\":\"https:\\\/\\\/sindromecharge.es\\\/#website\",\"url\":\"https:\\\/\\\/sindromecharge.es\\\/\",\"name\":\"Asociaci\u00f3n Espa\u00f1ola S\u00edndrome de Charge\",\"description\":\"\",\"potentialAction\":[{\"@type\":\"SearchAction\",\"target\":{\"@type\":\"EntryPoint\",\"urlTemplate\":\"https:\\\/\\\/sindromecharge.es\\\/?s={search_term_string}\"},\"query-input\":{\"@type\":\"PropertyValueSpecification\",\"valueRequired\":true,\"valueName\":\"search_term_string\"}}],\"inLanguage\":\"es\"},{\"@type\":\"Person\",\"@id\":\"https:\\\/\\\/sindromecharge.es\\\/#\\\/schema\\\/person\\\/39a60ebe0a2b4d5a11179701e336b039\",\"name\":\"Charge\",\"image\":{\"@type\":\"ImageObject\",\"inLanguage\":\"es\",\"@id\":\"https:\\\/\\\/secure.gravatar.com\\\/avatar\\\/c3b46e32a0fc3b093a0873fb767bf3293de856293065e84ef06b7ec7a8acfb98?s=96&d=identicon&r=x\",\"url\":\"https:\\\/\\\/secure.gravatar.com\\\/avatar\\\/c3b46e32a0fc3b093a0873fb767bf3293de856293065e84ef06b7ec7a8acfb98?s=96&d=identicon&r=x\",\"contentUrl\":\"https:\\\/\\\/secure.gravatar.com\\\/avatar\\\/c3b46e32a0fc3b093a0873fb767bf3293de856293065e84ef06b7ec7a8acfb98?s=96&d=identicon&r=x\",\"caption\":\"Charge\"},\"url\":\"https:\\\/\\\/sindromecharge.es\\\/index.php\\\/author\\\/admin\\\/\"}]}<\/script>\n<!-- \/ Yoast SEO plugin. -->","yoast_head_json":{"title":"El deporte, mucho m\u00e1s que ejercicio para las personas con da\u00f1o cerebral: \"Les ayuda a reconectar con la vida\" - Asociaci\u00f3n Espa\u00f1ola S\u00edndrome de Charge","robots":{"index":"index","follow":"follow","max-snippet":"max-snippet:-1","max-image-preview":"max-image-preview:large","max-video-preview":"max-video-preview:-1"},"canonical":"https:\/\/sindromecharge.es\/index.php\/2024\/10\/26\/deporte-mucho-mas-que-terapeutico-para-las-personas-con-dano-cerebral-adquirido-les-ayuda-reconectar-con-vida\/","og_locale":"es_ES","og_type":"article","og_title":"El deporte, mucho m\u00e1s que ejercicio para las personas con da\u00f1o cerebral: \"Les ayuda a reconectar con la vida\" - Asociaci\u00f3n Espa\u00f1ola S\u00edndrome de Charge","og_description":"La pr\u00e1ctica deportiva tiene multitud de beneficios para las personas con da\u00f1o cerebral adquirido.","og_url":"https:\/\/sindromecharge.es\/index.php\/2024\/10\/26\/deporte-mucho-mas-que-terapeutico-para-las-personas-con-dano-cerebral-adquirido-les-ayuda-reconectar-con-vida\/","og_site_name":"Asociaci\u00f3n Espa\u00f1ola S\u00edndrome de Charge","article_publisher":"https:\/\/www.facebook.com\/asociacionsindromecharge","article_published_time":"2024-10-26T06:55:25+00:00","og_image":[{"width":300,"height":98,"url":"https:\/\/sindromecharge.es\/wp-content\/uploads\/2013\/09\/logodecharge300x98.png","type":"image\/png"}],"author":"Charge","twitter_card":"summary_large_image","twitter_creator":"@sindromecharge","twitter_site":"@sindromecharge","twitter_misc":{"Escrito por":"Charge","Tiempo de lectura":"9 minutos"},"schema":{"@context":"https:\/\/schema.org","@graph":[{"@type":"Article","@id":"https:\/\/sindromecharge.es\/index.php\/2024\/10\/26\/deporte-mucho-mas-que-terapeutico-para-las-personas-con-dano-cerebral-adquirido-les-ayuda-reconectar-con-vida\/#article","isPartOf":{"@id":"https:\/\/sindromecharge.es\/index.php\/2024\/10\/26\/deporte-mucho-mas-que-terapeutico-para-las-personas-con-dano-cerebral-adquirido-les-ayuda-reconectar-con-vida\/"},"author":{"name":"Charge","@id":"https:\/\/sindromecharge.es\/#\/schema\/person\/39a60ebe0a2b4d5a11179701e336b039"},"headline":"El deporte, mucho m\u00e1s que ejercicio para las personas con da\u00f1o cerebral: \u00abLes ayuda a reconectar con la vida\u00bb","datePublished":"2024-10-26T06:55:25+00:00","mainEntityOfPage":{"@id":"https:\/\/sindromecharge.es\/index.php\/2024\/10\/26\/deporte-mucho-mas-que-terapeutico-para-las-personas-con-dano-cerebral-adquirido-les-ayuda-reconectar-con-vida\/"},"wordCount":1727,"articleSection":["noticias"],"inLanguage":"es"},{"@type":"WebPage","@id":"https:\/\/sindromecharge.es\/index.php\/2024\/10\/26\/deporte-mucho-mas-que-terapeutico-para-las-personas-con-dano-cerebral-adquirido-les-ayuda-reconectar-con-vida\/","url":"https:\/\/sindromecharge.es\/index.php\/2024\/10\/26\/deporte-mucho-mas-que-terapeutico-para-las-personas-con-dano-cerebral-adquirido-les-ayuda-reconectar-con-vida\/","name":"El deporte, mucho m\u00e1s que ejercicio para las personas con da\u00f1o cerebral: \"Les ayuda a reconectar con la vida\" - Asociaci\u00f3n Espa\u00f1ola S\u00edndrome de Charge","isPartOf":{"@id":"https:\/\/sindromecharge.es\/#website"},"datePublished":"2024-10-26T06:55:25+00:00","author":{"@id":"https:\/\/sindromecharge.es\/#\/schema\/person\/39a60ebe0a2b4d5a11179701e336b039"},"breadcrumb":{"@id":"https:\/\/sindromecharge.es\/index.php\/2024\/10\/26\/deporte-mucho-mas-que-terapeutico-para-las-personas-con-dano-cerebral-adquirido-les-ayuda-reconectar-con-vida\/#breadcrumb"},"inLanguage":"es","potentialAction":[{"@type":"ReadAction","target":["https:\/\/sindromecharge.es\/index.php\/2024\/10\/26\/deporte-mucho-mas-que-terapeutico-para-las-personas-con-dano-cerebral-adquirido-les-ayuda-reconectar-con-vida\/"]}]},{"@type":"BreadcrumbList","@id":"https:\/\/sindromecharge.es\/index.php\/2024\/10\/26\/deporte-mucho-mas-que-terapeutico-para-las-personas-con-dano-cerebral-adquirido-les-ayuda-reconectar-con-vida\/#breadcrumb","itemListElement":[{"@type":"ListItem","position":1,"name":"Portada","item":"https:\/\/sindromecharge.es\/"},{"@type":"ListItem","position":2,"name":"El deporte, mucho m\u00e1s que ejercicio para las personas con da\u00f1o cerebral: &#8220;Les ayuda a reconectar con la vida&#8221;"}]},{"@type":"WebSite","@id":"https:\/\/sindromecharge.es\/#website","url":"https:\/\/sindromecharge.es\/","name":"Asociaci\u00f3n Espa\u00f1ola S\u00edndrome de Charge","description":"","potentialAction":[{"@type":"SearchAction","target":{"@type":"EntryPoint","urlTemplate":"https:\/\/sindromecharge.es\/?s={search_term_string}"},"query-input":{"@type":"PropertyValueSpecification","valueRequired":true,"valueName":"search_term_string"}}],"inLanguage":"es"},{"@type":"Person","@id":"https:\/\/sindromecharge.es\/#\/schema\/person\/39a60ebe0a2b4d5a11179701e336b039","name":"Charge","image":{"@type":"ImageObject","inLanguage":"es","@id":"https:\/\/secure.gravatar.com\/avatar\/c3b46e32a0fc3b093a0873fb767bf3293de856293065e84ef06b7ec7a8acfb98?s=96&d=identicon&r=x","url":"https:\/\/secure.gravatar.com\/avatar\/c3b46e32a0fc3b093a0873fb767bf3293de856293065e84ef06b7ec7a8acfb98?s=96&d=identicon&r=x","contentUrl":"https:\/\/secure.gravatar.com\/avatar\/c3b46e32a0fc3b093a0873fb767bf3293de856293065e84ef06b7ec7a8acfb98?s=96&d=identicon&r=x","caption":"Charge"},"url":"https:\/\/sindromecharge.es\/index.php\/author\/admin\/"}]}},"_links":{"self":[{"href":"https:\/\/sindromecharge.es\/index.php\/wp-json\/wp\/v2\/posts\/10499","targetHints":{"allow":["GET"]}}],"collection":[{"href":"https:\/\/sindromecharge.es\/index.php\/wp-json\/wp\/v2\/posts"}],"about":[{"href":"https:\/\/sindromecharge.es\/index.php\/wp-json\/wp\/v2\/types\/post"}],"author":[{"embeddable":true,"href":"https:\/\/sindromecharge.es\/index.php\/wp-json\/wp\/v2\/users\/1"}],"replies":[{"embeddable":true,"href":"https:\/\/sindromecharge.es\/index.php\/wp-json\/wp\/v2\/comments?post=10499"}],"version-history":[{"count":0,"href":"https:\/\/sindromecharge.es\/index.php\/wp-json\/wp\/v2\/posts\/10499\/revisions"}],"wp:attachment":[{"href":"https:\/\/sindromecharge.es\/index.php\/wp-json\/wp\/v2\/media?parent=10499"}],"wp:term":[{"taxonomy":"category","embeddable":true,"href":"https:\/\/sindromecharge.es\/index.php\/wp-json\/wp\/v2\/categories?post=10499"},{"taxonomy":"post_tag","embeddable":true,"href":"https:\/\/sindromecharge.es\/index.php\/wp-json\/wp\/v2\/tags?post=10499"}],"curies":[{"name":"wp","href":"https:\/\/api.w.org\/{rel}","templated":true}]}}