{"id":10498,"date":"2024-10-26T06:54:41","date_gmt":"2024-10-26T06:54:41","guid":{"rendered":"https:\/\/sindromecharge.es\/index.php\/2024\/10\/26\/joseph-j-fins-personas-estado-vegetativo-disociacion-cognitiva-motora\/"},"modified":"2024-10-26T06:54:41","modified_gmt":"2024-10-26T06:54:41","slug":"joseph-j-fins-personas-estado-vegetativo-disociacion-cognitiva-motora","status":"publish","type":"post","link":"https:\/\/sindromecharge.es\/index.php\/2024\/10\/26\/joseph-j-fins-personas-estado-vegetativo-disociacion-cognitiva-motora\/","title":{"rendered":"Joseph J. Fins: \u00abEl 25% de las personas que parecen en estado vegetativo en realidad sienten dolor, escuchan y entienden\u00bb"},"content":{"rendered":"<p>Leemos en Discapacidad la siguiente noticia que os reproducimos de forma \u00edntegra: <\/p>\n<div>\n<p><b>\u00abUna vida salvada merece ser vivida\u00bb<\/b> es el lema de la<a href=\"https:\/\/www.20minutos.es\/noticia\/5191193\/0\/ana-cabellos-fedace-asociaciones-familias-estamos-consiguiendo-que-vida-las-personas-con-dano-cerebral-sea-cada-vez-mas-digna\/\" title='Ana Cabellos, presidenta de FEDACE: \"Estamos logrando que la vida de las personas con da\u00f1o cerebral sea cada vez m\u00e1s digna\"'> Federaci\u00f3n Espa\u00f1ola de Da\u00f1o Cerebral <\/a>que el doctor Joseph J. Fins utiliz\u00f3 cuando ingres\u00f3 como acad\u00e9mico de honor en la Real Academia de Medicina de Espa\u00f1a en 2014. En todas y cada una de sus conferencias termina con esa frase, al igual que todos los correos que env\u00eda contienen la cita \u00abla memoria es el don de los linfocitos\u00bb que pertenece al multifac\u00e9tico m\u00e9dico, poeta, ensayista e investigador <a href=\"https:\/\/en.wikipedia.org\/wiki\/Lewis_Thomas\" target=\"_blank\" rel=\"nofollow noopener\">Lewis Thomas<\/a>, ganador deunos premios que a\u00fanan ciencia y el arte y cuya biograf\u00eda Fins est\u00e1 escribiendo. As\u00ed es el doctor Fins, la <b>convergencia de humanismo y medicina<\/b>, la sabidur\u00eda apuntalada en el conocimiento y dirigida hacia la bio\u00e9tica. <\/p>\n<p>Mediado agosto y junto a un equipo internacional de cient\u00edficos, public\u00f3 en <a href=\"https:\/\/www.nejm.org\/doi\/full\/10.1056\/NEJMoa2400645\" target=\"_blank\" rel=\"nofollow noopener\"><i>The New England Journal of Medicine (NEJM)<\/i><\/a> un estudio cuyas conclusiones present\u00f3 en septiembre en Espa\u00f1a, en las jornadas de Bio\u00e9tica de Zaragoza organizadas por el doctor Rogelio Altisent, y que abre la puerta a reconsiderar lo que se diagnostica como un estado de <b>coma, estado vegetativo o m\u00ednima conciencia<\/b> en personas con da\u00f1o cerebral.<\/p>\n<p>Esta investigaci\u00f3n puso de manifiesto, empleando resonancias magn\u00e9ticas funcionales y electroencefalogramas, que <b>60 de 241 personas<\/b> en estos estados alterados de conciencia<b> pod\u00edan imaginarse a s\u00ed mismas recorriendo su hogar o practicando un deporte<\/b> cuando se les solicitaba verbalmente. Es decir, el 25% en realidad ten\u00edan <b>disociaci\u00f3n cognitiva motora.<\/b> En palabras del doctor Fins, \u00abno muestran que est\u00e1n con nosotros, pero en realidad tienen la posibilidad de entender y comprender\u00bb, lo que plantea numerosos y relevantes desaf\u00edos m\u00e9dicos y \u00e9ticos. <\/p>\n<h1>Al saber que existen este grupo de pacientes, tenemos la obligaci\u00f3n de responder<\/h1>\n<h1>Es clave que apostemos por las investigaciones cient\u00edficas y la formaci\u00f3n y educaci\u00f3n de los j\u00f3venes m\u00e9dicos<\/h1>\n<\/div>\n<p>Fuente: Discapacidad https:\/\/www.20minutos.es\/noticia\/5109534\/0\/joseph-j-fins-personas-estado-vegetativo-disociacion-cognitiva-motora\/<\/p>\n","protected":false},"excerpt":{"rendered":"<p>\u00abDebes valorar la vida antes de empezar a hablar de los costes\u00bb, defiende el acad\u00e9mico, con el empe\u00f1o por identificar a las personas con disociaci\u00f3n cognitiva motora err\u00f3neamente diagnosticadas.<\/p>\n","protected":false},"author":1,"featured_media":0,"comment_status":"closed","ping_status":"closed","sticky":false,"template":"","format":"standard","meta":{"footnotes":""},"categories":[8],"tags":[],"class_list":["post-10498","post","type-post","status-publish","format-standard","hentry","category-noticias"],"yoast_head":"<!-- This site is optimized with the Yoast SEO plugin v27.5 - https:\/\/yoast.com\/product\/yoast-seo-wordpress\/ -->\n<title>Joseph J. Fins: &quot;El 25% de las personas que parecen en estado vegetativo en realidad sienten dolor, escuchan y entienden&quot; - Asociaci\u00f3n Espa\u00f1ola S\u00edndrome de Charge<\/title>\n<meta name=\"robots\" content=\"index, follow, max-snippet:-1, max-image-preview:large, max-video-preview:-1\" \/>\n<link rel=\"canonical\" href=\"https:\/\/sindromecharge.es\/index.php\/2024\/10\/26\/joseph-j-fins-personas-estado-vegetativo-disociacion-cognitiva-motora\/\" \/>\n<meta property=\"og:locale\" content=\"es_ES\" \/>\n<meta property=\"og:type\" content=\"article\" \/>\n<meta property=\"og:title\" content=\"Joseph J. Fins: &quot;El 25% de las personas que parecen en estado vegetativo en realidad sienten dolor, escuchan y entienden&quot; - Asociaci\u00f3n Espa\u00f1ola S\u00edndrome de Charge\" \/>\n<meta property=\"og:description\" content=\"\u00abDebes valorar la vida antes de empezar a hablar de los costes\u00bb, defiende el acad\u00e9mico, con el empe\u00f1o por identificar a las personas con disociaci\u00f3n cognitiva motora err\u00f3neamente diagnosticadas.\" \/>\n<meta property=\"og:url\" content=\"https:\/\/sindromecharge.es\/index.php\/2024\/10\/26\/joseph-j-fins-personas-estado-vegetativo-disociacion-cognitiva-motora\/\" \/>\n<meta property=\"og:site_name\" content=\"Asociaci\u00f3n Espa\u00f1ola S\u00edndrome de Charge\" \/>\n<meta property=\"article:publisher\" content=\"https:\/\/www.facebook.com\/asociacionsindromecharge\" \/>\n<meta property=\"article:published_time\" content=\"2024-10-26T06:54:41+00:00\" \/>\n<meta property=\"og:image\" content=\"https:\/\/sindromecharge.es\/wp-content\/uploads\/2013\/09\/logodecharge300x98.png\" \/>\n\t<meta property=\"og:image:width\" content=\"300\" \/>\n\t<meta property=\"og:image:height\" content=\"98\" \/>\n\t<meta property=\"og:image:type\" content=\"image\/png\" \/>\n<meta name=\"author\" content=\"Charge\" \/>\n<meta name=\"twitter:card\" content=\"summary_large_image\" \/>\n<meta name=\"twitter:creator\" content=\"@sindromecharge\" \/>\n<meta name=\"twitter:site\" content=\"@sindromecharge\" \/>\n<meta name=\"twitter:label1\" content=\"Escrito por\" \/>\n\t<meta name=\"twitter:data1\" content=\"Charge\" \/>\n\t<meta name=\"twitter:label2\" content=\"Tiempo de lectura\" \/>\n\t<meta name=\"twitter:data2\" content=\"2 minutos\" \/>\n<script type=\"application\/ld+json\" class=\"yoast-schema-graph\">{\"@context\":\"https:\\\/\\\/schema.org\",\"@graph\":[{\"@type\":\"Article\",\"@id\":\"https:\\\/\\\/sindromecharge.es\\\/index.php\\\/2024\\\/10\\\/26\\\/joseph-j-fins-personas-estado-vegetativo-disociacion-cognitiva-motora\\\/#article\",\"isPartOf\":{\"@id\":\"https:\\\/\\\/sindromecharge.es\\\/index.php\\\/2024\\\/10\\\/26\\\/joseph-j-fins-personas-estado-vegetativo-disociacion-cognitiva-motora\\\/\"},\"author\":{\"name\":\"Charge\",\"@id\":\"https:\\\/\\\/sindromecharge.es\\\/#\\\/schema\\\/person\\\/39a60ebe0a2b4d5a11179701e336b039\"},\"headline\":\"Joseph J. Fins: \u00abEl 25% de las personas que parecen en estado vegetativo en realidad sienten dolor, escuchan y entienden\u00bb\",\"datePublished\":\"2024-10-26T06:54:41+00:00\",\"mainEntityOfPage\":{\"@id\":\"https:\\\/\\\/sindromecharge.es\\\/index.php\\\/2024\\\/10\\\/26\\\/joseph-j-fins-personas-estado-vegetativo-disociacion-cognitiva-motora\\\/\"},\"wordCount\":361,\"articleSection\":[\"noticias\"],\"inLanguage\":\"es\"},{\"@type\":\"WebPage\",\"@id\":\"https:\\\/\\\/sindromecharge.es\\\/index.php\\\/2024\\\/10\\\/26\\\/joseph-j-fins-personas-estado-vegetativo-disociacion-cognitiva-motora\\\/\",\"url\":\"https:\\\/\\\/sindromecharge.es\\\/index.php\\\/2024\\\/10\\\/26\\\/joseph-j-fins-personas-estado-vegetativo-disociacion-cognitiva-motora\\\/\",\"name\":\"Joseph J. Fins: \\\"El 25% de las personas que parecen en estado vegetativo en realidad sienten dolor, escuchan y entienden\\\" - Asociaci\u00f3n Espa\u00f1ola S\u00edndrome de Charge\",\"isPartOf\":{\"@id\":\"https:\\\/\\\/sindromecharge.es\\\/#website\"},\"datePublished\":\"2024-10-26T06:54:41+00:00\",\"author\":{\"@id\":\"https:\\\/\\\/sindromecharge.es\\\/#\\\/schema\\\/person\\\/39a60ebe0a2b4d5a11179701e336b039\"},\"breadcrumb\":{\"@id\":\"https:\\\/\\\/sindromecharge.es\\\/index.php\\\/2024\\\/10\\\/26\\\/joseph-j-fins-personas-estado-vegetativo-disociacion-cognitiva-motora\\\/#breadcrumb\"},\"inLanguage\":\"es\",\"potentialAction\":[{\"@type\":\"ReadAction\",\"target\":[\"https:\\\/\\\/sindromecharge.es\\\/index.php\\\/2024\\\/10\\\/26\\\/joseph-j-fins-personas-estado-vegetativo-disociacion-cognitiva-motora\\\/\"]}]},{\"@type\":\"BreadcrumbList\",\"@id\":\"https:\\\/\\\/sindromecharge.es\\\/index.php\\\/2024\\\/10\\\/26\\\/joseph-j-fins-personas-estado-vegetativo-disociacion-cognitiva-motora\\\/#breadcrumb\",\"itemListElement\":[{\"@type\":\"ListItem\",\"position\":1,\"name\":\"Portada\",\"item\":\"https:\\\/\\\/sindromecharge.es\\\/\"},{\"@type\":\"ListItem\",\"position\":2,\"name\":\"Joseph J. Fins: &#8220;El 25% de las personas que parecen en estado vegetativo en realidad sienten dolor, escuchan y entienden&#8221;\"}]},{\"@type\":\"WebSite\",\"@id\":\"https:\\\/\\\/sindromecharge.es\\\/#website\",\"url\":\"https:\\\/\\\/sindromecharge.es\\\/\",\"name\":\"Asociaci\u00f3n Espa\u00f1ola S\u00edndrome de Charge\",\"description\":\"\",\"potentialAction\":[{\"@type\":\"SearchAction\",\"target\":{\"@type\":\"EntryPoint\",\"urlTemplate\":\"https:\\\/\\\/sindromecharge.es\\\/?s={search_term_string}\"},\"query-input\":{\"@type\":\"PropertyValueSpecification\",\"valueRequired\":true,\"valueName\":\"search_term_string\"}}],\"inLanguage\":\"es\"},{\"@type\":\"Person\",\"@id\":\"https:\\\/\\\/sindromecharge.es\\\/#\\\/schema\\\/person\\\/39a60ebe0a2b4d5a11179701e336b039\",\"name\":\"Charge\",\"image\":{\"@type\":\"ImageObject\",\"inLanguage\":\"es\",\"@id\":\"https:\\\/\\\/secure.gravatar.com\\\/avatar\\\/c3b46e32a0fc3b093a0873fb767bf3293de856293065e84ef06b7ec7a8acfb98?s=96&d=identicon&r=x\",\"url\":\"https:\\\/\\\/secure.gravatar.com\\\/avatar\\\/c3b46e32a0fc3b093a0873fb767bf3293de856293065e84ef06b7ec7a8acfb98?s=96&d=identicon&r=x\",\"contentUrl\":\"https:\\\/\\\/secure.gravatar.com\\\/avatar\\\/c3b46e32a0fc3b093a0873fb767bf3293de856293065e84ef06b7ec7a8acfb98?s=96&d=identicon&r=x\",\"caption\":\"Charge\"},\"url\":\"https:\\\/\\\/sindromecharge.es\\\/index.php\\\/author\\\/admin\\\/\"}]}<\/script>\n<!-- \/ Yoast SEO plugin. -->","yoast_head_json":{"title":"Joseph J. Fins: \"El 25% de las personas que parecen en estado vegetativo en realidad sienten dolor, escuchan y entienden\" - Asociaci\u00f3n Espa\u00f1ola S\u00edndrome de Charge","robots":{"index":"index","follow":"follow","max-snippet":"max-snippet:-1","max-image-preview":"max-image-preview:large","max-video-preview":"max-video-preview:-1"},"canonical":"https:\/\/sindromecharge.es\/index.php\/2024\/10\/26\/joseph-j-fins-personas-estado-vegetativo-disociacion-cognitiva-motora\/","og_locale":"es_ES","og_type":"article","og_title":"Joseph J. Fins: \"El 25% de las personas que parecen en estado vegetativo en realidad sienten dolor, escuchan y entienden\" - Asociaci\u00f3n Espa\u00f1ola S\u00edndrome de Charge","og_description":"\u00abDebes valorar la vida antes de empezar a hablar de los costes\u00bb, defiende el acad\u00e9mico, con el empe\u00f1o por identificar a las personas con disociaci\u00f3n cognitiva motora err\u00f3neamente diagnosticadas.","og_url":"https:\/\/sindromecharge.es\/index.php\/2024\/10\/26\/joseph-j-fins-personas-estado-vegetativo-disociacion-cognitiva-motora\/","og_site_name":"Asociaci\u00f3n Espa\u00f1ola S\u00edndrome de Charge","article_publisher":"https:\/\/www.facebook.com\/asociacionsindromecharge","article_published_time":"2024-10-26T06:54:41+00:00","og_image":[{"width":300,"height":98,"url":"https:\/\/sindromecharge.es\/wp-content\/uploads\/2013\/09\/logodecharge300x98.png","type":"image\/png"}],"author":"Charge","twitter_card":"summary_large_image","twitter_creator":"@sindromecharge","twitter_site":"@sindromecharge","twitter_misc":{"Escrito por":"Charge","Tiempo de lectura":"2 minutos"},"schema":{"@context":"https:\/\/schema.org","@graph":[{"@type":"Article","@id":"https:\/\/sindromecharge.es\/index.php\/2024\/10\/26\/joseph-j-fins-personas-estado-vegetativo-disociacion-cognitiva-motora\/#article","isPartOf":{"@id":"https:\/\/sindromecharge.es\/index.php\/2024\/10\/26\/joseph-j-fins-personas-estado-vegetativo-disociacion-cognitiva-motora\/"},"author":{"name":"Charge","@id":"https:\/\/sindromecharge.es\/#\/schema\/person\/39a60ebe0a2b4d5a11179701e336b039"},"headline":"Joseph J. Fins: \u00abEl 25% de las personas que parecen en estado vegetativo en realidad sienten dolor, escuchan y entienden\u00bb","datePublished":"2024-10-26T06:54:41+00:00","mainEntityOfPage":{"@id":"https:\/\/sindromecharge.es\/index.php\/2024\/10\/26\/joseph-j-fins-personas-estado-vegetativo-disociacion-cognitiva-motora\/"},"wordCount":361,"articleSection":["noticias"],"inLanguage":"es"},{"@type":"WebPage","@id":"https:\/\/sindromecharge.es\/index.php\/2024\/10\/26\/joseph-j-fins-personas-estado-vegetativo-disociacion-cognitiva-motora\/","url":"https:\/\/sindromecharge.es\/index.php\/2024\/10\/26\/joseph-j-fins-personas-estado-vegetativo-disociacion-cognitiva-motora\/","name":"Joseph J. Fins: \"El 25% de las personas que parecen en estado vegetativo en realidad sienten dolor, escuchan y entienden\" - Asociaci\u00f3n Espa\u00f1ola S\u00edndrome de Charge","isPartOf":{"@id":"https:\/\/sindromecharge.es\/#website"},"datePublished":"2024-10-26T06:54:41+00:00","author":{"@id":"https:\/\/sindromecharge.es\/#\/schema\/person\/39a60ebe0a2b4d5a11179701e336b039"},"breadcrumb":{"@id":"https:\/\/sindromecharge.es\/index.php\/2024\/10\/26\/joseph-j-fins-personas-estado-vegetativo-disociacion-cognitiva-motora\/#breadcrumb"},"inLanguage":"es","potentialAction":[{"@type":"ReadAction","target":["https:\/\/sindromecharge.es\/index.php\/2024\/10\/26\/joseph-j-fins-personas-estado-vegetativo-disociacion-cognitiva-motora\/"]}]},{"@type":"BreadcrumbList","@id":"https:\/\/sindromecharge.es\/index.php\/2024\/10\/26\/joseph-j-fins-personas-estado-vegetativo-disociacion-cognitiva-motora\/#breadcrumb","itemListElement":[{"@type":"ListItem","position":1,"name":"Portada","item":"https:\/\/sindromecharge.es\/"},{"@type":"ListItem","position":2,"name":"Joseph J. Fins: &#8220;El 25% de las personas que parecen en estado vegetativo en realidad sienten dolor, escuchan y entienden&#8221;"}]},{"@type":"WebSite","@id":"https:\/\/sindromecharge.es\/#website","url":"https:\/\/sindromecharge.es\/","name":"Asociaci\u00f3n Espa\u00f1ola S\u00edndrome de Charge","description":"","potentialAction":[{"@type":"SearchAction","target":{"@type":"EntryPoint","urlTemplate":"https:\/\/sindromecharge.es\/?s={search_term_string}"},"query-input":{"@type":"PropertyValueSpecification","valueRequired":true,"valueName":"search_term_string"}}],"inLanguage":"es"},{"@type":"Person","@id":"https:\/\/sindromecharge.es\/#\/schema\/person\/39a60ebe0a2b4d5a11179701e336b039","name":"Charge","image":{"@type":"ImageObject","inLanguage":"es","@id":"https:\/\/secure.gravatar.com\/avatar\/c3b46e32a0fc3b093a0873fb767bf3293de856293065e84ef06b7ec7a8acfb98?s=96&d=identicon&r=x","url":"https:\/\/secure.gravatar.com\/avatar\/c3b46e32a0fc3b093a0873fb767bf3293de856293065e84ef06b7ec7a8acfb98?s=96&d=identicon&r=x","contentUrl":"https:\/\/secure.gravatar.com\/avatar\/c3b46e32a0fc3b093a0873fb767bf3293de856293065e84ef06b7ec7a8acfb98?s=96&d=identicon&r=x","caption":"Charge"},"url":"https:\/\/sindromecharge.es\/index.php\/author\/admin\/"}]}},"_links":{"self":[{"href":"https:\/\/sindromecharge.es\/index.php\/wp-json\/wp\/v2\/posts\/10498","targetHints":{"allow":["GET"]}}],"collection":[{"href":"https:\/\/sindromecharge.es\/index.php\/wp-json\/wp\/v2\/posts"}],"about":[{"href":"https:\/\/sindromecharge.es\/index.php\/wp-json\/wp\/v2\/types\/post"}],"author":[{"embeddable":true,"href":"https:\/\/sindromecharge.es\/index.php\/wp-json\/wp\/v2\/users\/1"}],"replies":[{"embeddable":true,"href":"https:\/\/sindromecharge.es\/index.php\/wp-json\/wp\/v2\/comments?post=10498"}],"version-history":[{"count":0,"href":"https:\/\/sindromecharge.es\/index.php\/wp-json\/wp\/v2\/posts\/10498\/revisions"}],"wp:attachment":[{"href":"https:\/\/sindromecharge.es\/index.php\/wp-json\/wp\/v2\/media?parent=10498"}],"wp:term":[{"taxonomy":"category","embeddable":true,"href":"https:\/\/sindromecharge.es\/index.php\/wp-json\/wp\/v2\/categories?post=10498"},{"taxonomy":"post_tag","embeddable":true,"href":"https:\/\/sindromecharge.es\/index.php\/wp-json\/wp\/v2\/tags?post=10498"}],"curies":[{"name":"wp","href":"https:\/\/api.w.org\/{rel}","templated":true}]}}