{"id":10485,"date":"2024-10-25T09:05:56","date_gmt":"2024-10-25T09:05:56","guid":{"rendered":"https:\/\/sindromecharge.es\/index.php\/2024\/10\/25\/los-buses-urbanos-interurbanos-tendran-que-garantizar-un-40-servicio-hora-punta-durante-huelga-que-empieza-lunes-cataluna\/"},"modified":"2024-10-25T09:05:56","modified_gmt":"2024-10-25T09:05:56","slug":"los-buses-urbanos-interurbanos-tendran-que-garantizar-un-40-servicio-hora-punta-durante-huelga-que-empieza-lunes-cataluna","status":"publish","type":"post","link":"https:\/\/sindromecharge.es\/index.php\/2024\/10\/25\/los-buses-urbanos-interurbanos-tendran-que-garantizar-un-40-servicio-hora-punta-durante-huelga-que-empieza-lunes-cataluna\/","title":{"rendered":"Los buses urbanos e interurbanos deber\u00e1n garantizar un 40% del servicio en hora punta en la huelga que empieza el lunes en Catalu\u00f1a"},"content":{"rendered":"<p>Leemos en Discapacidad la siguiente noticia que os reproducimos de forma \u00edntegra: <\/p>\n<div>\n<p>El Departamento de Empresa y Trabajo de la Generalitat de Catalunya fija en un <b>40% los servicios m\u00ednimos de los buses urbanos e interurbanos en hora punta <\/b>y del 20% el resto del d\u00eda por la <a href=\"https:\/\/www.20minutos.es\/minuteca\/huelga\/1\/\">huelga <\/a>de <a href=\"https:\/\/www.20minutos.es\/minuteca\/transporte\/1\/\">transportes <\/a>de viajeros por carretera que empieza el pr\u00f3ximo lunes. Las franjas con m\u00e1s circulaciones ser\u00e1n<b> entre las 6.30 h y las 9.30 h y entre las 16.00 h y las 20.00 h<\/b>.<\/p>\n<p>En el caso de los buses de <b>transporte escolar y los que transportan a personas con discapacidad<\/b>, se tendr\u00e1 que garantizar el <b>85% del servicio<\/b>. Este jueves <b>se desconvoc\u00f3 la huelga de transportistas de mercanc\u00edas<\/b> convocada por CCOO, UGT y STL, pero se mantuvo la del transporte de viajeros privado y p\u00fablico para los d\u00edas <b>28 de octubre, 11,28 y 29 de noviembre, 5 y 9 de diciembre y a partir del 23 de diciembre con car\u00e1cter indefinido<\/b>.<\/p>\n<p>Seg\u00fan detallaron a la salida de la reuni\u00f3n sindicatos y patronal, el paro del sector de mercanc\u00edas se desconvoc\u00f3 despu\u00e9s de haber llegado a <b>un acuerdo para avanzar la jubilaci\u00f3n de los conductores<\/b>. En concreto, ambas partes se comprometieron a solicitar a la administraci\u00f3n en veinte d\u00edas que inicie el procedimiento para establecer coeficientes reductores para el adelanto de la edad de jubilaci\u00f3n.<\/p>\n<p>El sindicato CCOO inform\u00f3 de que el pacto se hab\u00eda suscrito con la Confederaci\u00f3n Espa\u00f1ola de Transporte de Mercanc\u00edas (CETM) y de que<b> \u201cno se hab\u00edan sumado el resto de patronales del sector\u201d.<\/b><\/p>\n<\/div>\n<p>Fuente: Discapacidad https:\/\/www.20minutos.es\/noticia\/5647657\/0\/los-buses-urbanos-interurbanos-tendran-que-garantizar-un-40-servicio-hora-punta-durante-huelga-que-empieza-lunes-cataluna\/<\/p>\n","protected":false},"excerpt":{"rendered":"<p>El transporte p\u00fablico escolar y el de personas con discapacidad tendr\u00e1 que prestar un 85% de los trayectos.<\/p>\n","protected":false},"author":1,"featured_media":0,"comment_status":"closed","ping_status":"closed","sticky":false,"template":"","format":"standard","meta":{"footnotes":""},"categories":[8],"tags":[],"class_list":["post-10485","post","type-post","status-publish","format-standard","hentry","category-noticias"],"yoast_head":"<!-- This site is optimized with the Yoast SEO plugin v27.5 - https:\/\/yoast.com\/product\/yoast-seo-wordpress\/ -->\n<title>Los buses urbanos e interurbanos deber\u00e1n garantizar un 40% del servicio en hora punta en la huelga que empieza el lunes en Catalu\u00f1a - Asociaci\u00f3n Espa\u00f1ola S\u00edndrome de Charge<\/title>\n<meta name=\"robots\" content=\"index, follow, max-snippet:-1, max-image-preview:large, max-video-preview:-1\" \/>\n<link rel=\"canonical\" href=\"https:\/\/sindromecharge.es\/index.php\/2024\/10\/25\/los-buses-urbanos-interurbanos-tendran-que-garantizar-un-40-servicio-hora-punta-durante-huelga-que-empieza-lunes-cataluna\/\" \/>\n<meta property=\"og:locale\" content=\"es_ES\" \/>\n<meta property=\"og:type\" content=\"article\" \/>\n<meta property=\"og:title\" content=\"Los buses urbanos e interurbanos deber\u00e1n garantizar un 40% del servicio en hora punta en la huelga que empieza el lunes en Catalu\u00f1a - Asociaci\u00f3n Espa\u00f1ola S\u00edndrome de Charge\" \/>\n<meta property=\"og:description\" content=\"El transporte p\u00fablico escolar y el de personas con discapacidad tendr\u00e1 que prestar un 85% de los trayectos.\" \/>\n<meta property=\"og:url\" content=\"https:\/\/sindromecharge.es\/index.php\/2024\/10\/25\/los-buses-urbanos-interurbanos-tendran-que-garantizar-un-40-servicio-hora-punta-durante-huelga-que-empieza-lunes-cataluna\/\" \/>\n<meta property=\"og:site_name\" content=\"Asociaci\u00f3n Espa\u00f1ola S\u00edndrome de Charge\" \/>\n<meta property=\"article:publisher\" content=\"https:\/\/www.facebook.com\/asociacionsindromecharge\" \/>\n<meta property=\"article:published_time\" content=\"2024-10-25T09:05:56+00:00\" \/>\n<meta property=\"og:image\" content=\"https:\/\/sindromecharge.es\/wp-content\/uploads\/2013\/09\/logodecharge300x98.png\" \/>\n\t<meta property=\"og:image:width\" content=\"300\" \/>\n\t<meta property=\"og:image:height\" content=\"98\" \/>\n\t<meta property=\"og:image:type\" content=\"image\/png\" \/>\n<meta name=\"author\" content=\"Charge\" \/>\n<meta name=\"twitter:card\" content=\"summary_large_image\" \/>\n<meta name=\"twitter:creator\" content=\"@sindromecharge\" \/>\n<meta name=\"twitter:site\" content=\"@sindromecharge\" \/>\n<meta name=\"twitter:label1\" content=\"Escrito por\" \/>\n\t<meta name=\"twitter:data1\" content=\"Charge\" \/>\n\t<meta name=\"twitter:label2\" content=\"Tiempo de lectura\" \/>\n\t<meta name=\"twitter:data2\" content=\"1 minuto\" \/>\n<script type=\"application\/ld+json\" class=\"yoast-schema-graph\">{\"@context\":\"https:\\\/\\\/schema.org\",\"@graph\":[{\"@type\":\"Article\",\"@id\":\"https:\\\/\\\/sindromecharge.es\\\/index.php\\\/2024\\\/10\\\/25\\\/los-buses-urbanos-interurbanos-tendran-que-garantizar-un-40-servicio-hora-punta-durante-huelga-que-empieza-lunes-cataluna\\\/#article\",\"isPartOf\":{\"@id\":\"https:\\\/\\\/sindromecharge.es\\\/index.php\\\/2024\\\/10\\\/25\\\/los-buses-urbanos-interurbanos-tendran-que-garantizar-un-40-servicio-hora-punta-durante-huelga-que-empieza-lunes-cataluna\\\/\"},\"author\":{\"name\":\"Charge\",\"@id\":\"https:\\\/\\\/sindromecharge.es\\\/#\\\/schema\\\/person\\\/39a60ebe0a2b4d5a11179701e336b039\"},\"headline\":\"Los buses urbanos e interurbanos deber\u00e1n garantizar un 40% del servicio en hora punta en la huelga que empieza el lunes en Catalu\u00f1a\",\"datePublished\":\"2024-10-25T09:05:56+00:00\",\"mainEntityOfPage\":{\"@id\":\"https:\\\/\\\/sindromecharge.es\\\/index.php\\\/2024\\\/10\\\/25\\\/los-buses-urbanos-interurbanos-tendran-que-garantizar-un-40-servicio-hora-punta-durante-huelga-que-empieza-lunes-cataluna\\\/\"},\"wordCount\":299,\"articleSection\":[\"noticias\"],\"inLanguage\":\"es\"},{\"@type\":\"WebPage\",\"@id\":\"https:\\\/\\\/sindromecharge.es\\\/index.php\\\/2024\\\/10\\\/25\\\/los-buses-urbanos-interurbanos-tendran-que-garantizar-un-40-servicio-hora-punta-durante-huelga-que-empieza-lunes-cataluna\\\/\",\"url\":\"https:\\\/\\\/sindromecharge.es\\\/index.php\\\/2024\\\/10\\\/25\\\/los-buses-urbanos-interurbanos-tendran-que-garantizar-un-40-servicio-hora-punta-durante-huelga-que-empieza-lunes-cataluna\\\/\",\"name\":\"Los buses urbanos e interurbanos deber\u00e1n garantizar un 40% del servicio en hora punta en la huelga que empieza el lunes en Catalu\u00f1a - Asociaci\u00f3n Espa\u00f1ola S\u00edndrome de Charge\",\"isPartOf\":{\"@id\":\"https:\\\/\\\/sindromecharge.es\\\/#website\"},\"datePublished\":\"2024-10-25T09:05:56+00:00\",\"author\":{\"@id\":\"https:\\\/\\\/sindromecharge.es\\\/#\\\/schema\\\/person\\\/39a60ebe0a2b4d5a11179701e336b039\"},\"breadcrumb\":{\"@id\":\"https:\\\/\\\/sindromecharge.es\\\/index.php\\\/2024\\\/10\\\/25\\\/los-buses-urbanos-interurbanos-tendran-que-garantizar-un-40-servicio-hora-punta-durante-huelga-que-empieza-lunes-cataluna\\\/#breadcrumb\"},\"inLanguage\":\"es\",\"potentialAction\":[{\"@type\":\"ReadAction\",\"target\":[\"https:\\\/\\\/sindromecharge.es\\\/index.php\\\/2024\\\/10\\\/25\\\/los-buses-urbanos-interurbanos-tendran-que-garantizar-un-40-servicio-hora-punta-durante-huelga-que-empieza-lunes-cataluna\\\/\"]}]},{\"@type\":\"BreadcrumbList\",\"@id\":\"https:\\\/\\\/sindromecharge.es\\\/index.php\\\/2024\\\/10\\\/25\\\/los-buses-urbanos-interurbanos-tendran-que-garantizar-un-40-servicio-hora-punta-durante-huelga-que-empieza-lunes-cataluna\\\/#breadcrumb\",\"itemListElement\":[{\"@type\":\"ListItem\",\"position\":1,\"name\":\"Portada\",\"item\":\"https:\\\/\\\/sindromecharge.es\\\/\"},{\"@type\":\"ListItem\",\"position\":2,\"name\":\"Los buses urbanos e interurbanos deber\u00e1n garantizar un 40% del servicio en hora punta en la huelga que empieza el lunes en Catalu\u00f1a\"}]},{\"@type\":\"WebSite\",\"@id\":\"https:\\\/\\\/sindromecharge.es\\\/#website\",\"url\":\"https:\\\/\\\/sindromecharge.es\\\/\",\"name\":\"Asociaci\u00f3n Espa\u00f1ola S\u00edndrome de Charge\",\"description\":\"\",\"potentialAction\":[{\"@type\":\"SearchAction\",\"target\":{\"@type\":\"EntryPoint\",\"urlTemplate\":\"https:\\\/\\\/sindromecharge.es\\\/?s={search_term_string}\"},\"query-input\":{\"@type\":\"PropertyValueSpecification\",\"valueRequired\":true,\"valueName\":\"search_term_string\"}}],\"inLanguage\":\"es\"},{\"@type\":\"Person\",\"@id\":\"https:\\\/\\\/sindromecharge.es\\\/#\\\/schema\\\/person\\\/39a60ebe0a2b4d5a11179701e336b039\",\"name\":\"Charge\",\"image\":{\"@type\":\"ImageObject\",\"inLanguage\":\"es\",\"@id\":\"https:\\\/\\\/secure.gravatar.com\\\/avatar\\\/c3b46e32a0fc3b093a0873fb767bf3293de856293065e84ef06b7ec7a8acfb98?s=96&d=identicon&r=x\",\"url\":\"https:\\\/\\\/secure.gravatar.com\\\/avatar\\\/c3b46e32a0fc3b093a0873fb767bf3293de856293065e84ef06b7ec7a8acfb98?s=96&d=identicon&r=x\",\"contentUrl\":\"https:\\\/\\\/secure.gravatar.com\\\/avatar\\\/c3b46e32a0fc3b093a0873fb767bf3293de856293065e84ef06b7ec7a8acfb98?s=96&d=identicon&r=x\",\"caption\":\"Charge\"},\"url\":\"https:\\\/\\\/sindromecharge.es\\\/index.php\\\/author\\\/admin\\\/\"}]}<\/script>\n<!-- \/ Yoast SEO plugin. -->","yoast_head_json":{"title":"Los buses urbanos e interurbanos deber\u00e1n garantizar un 40% del servicio en hora punta en la huelga que empieza el lunes en Catalu\u00f1a - Asociaci\u00f3n Espa\u00f1ola S\u00edndrome de Charge","robots":{"index":"index","follow":"follow","max-snippet":"max-snippet:-1","max-image-preview":"max-image-preview:large","max-video-preview":"max-video-preview:-1"},"canonical":"https:\/\/sindromecharge.es\/index.php\/2024\/10\/25\/los-buses-urbanos-interurbanos-tendran-que-garantizar-un-40-servicio-hora-punta-durante-huelga-que-empieza-lunes-cataluna\/","og_locale":"es_ES","og_type":"article","og_title":"Los buses urbanos e interurbanos deber\u00e1n garantizar un 40% del servicio en hora punta en la huelga que empieza el lunes en Catalu\u00f1a - Asociaci\u00f3n Espa\u00f1ola S\u00edndrome de Charge","og_description":"El transporte p\u00fablico escolar y el de personas con discapacidad tendr\u00e1 que prestar un 85% de los trayectos.","og_url":"https:\/\/sindromecharge.es\/index.php\/2024\/10\/25\/los-buses-urbanos-interurbanos-tendran-que-garantizar-un-40-servicio-hora-punta-durante-huelga-que-empieza-lunes-cataluna\/","og_site_name":"Asociaci\u00f3n Espa\u00f1ola S\u00edndrome de Charge","article_publisher":"https:\/\/www.facebook.com\/asociacionsindromecharge","article_published_time":"2024-10-25T09:05:56+00:00","og_image":[{"width":300,"height":98,"url":"https:\/\/sindromecharge.es\/wp-content\/uploads\/2013\/09\/logodecharge300x98.png","type":"image\/png"}],"author":"Charge","twitter_card":"summary_large_image","twitter_creator":"@sindromecharge","twitter_site":"@sindromecharge","twitter_misc":{"Escrito por":"Charge","Tiempo de lectura":"1 minuto"},"schema":{"@context":"https:\/\/schema.org","@graph":[{"@type":"Article","@id":"https:\/\/sindromecharge.es\/index.php\/2024\/10\/25\/los-buses-urbanos-interurbanos-tendran-que-garantizar-un-40-servicio-hora-punta-durante-huelga-que-empieza-lunes-cataluna\/#article","isPartOf":{"@id":"https:\/\/sindromecharge.es\/index.php\/2024\/10\/25\/los-buses-urbanos-interurbanos-tendran-que-garantizar-un-40-servicio-hora-punta-durante-huelga-que-empieza-lunes-cataluna\/"},"author":{"name":"Charge","@id":"https:\/\/sindromecharge.es\/#\/schema\/person\/39a60ebe0a2b4d5a11179701e336b039"},"headline":"Los buses urbanos e interurbanos deber\u00e1n garantizar un 40% del servicio en hora punta en la huelga que empieza el lunes en Catalu\u00f1a","datePublished":"2024-10-25T09:05:56+00:00","mainEntityOfPage":{"@id":"https:\/\/sindromecharge.es\/index.php\/2024\/10\/25\/los-buses-urbanos-interurbanos-tendran-que-garantizar-un-40-servicio-hora-punta-durante-huelga-que-empieza-lunes-cataluna\/"},"wordCount":299,"articleSection":["noticias"],"inLanguage":"es"},{"@type":"WebPage","@id":"https:\/\/sindromecharge.es\/index.php\/2024\/10\/25\/los-buses-urbanos-interurbanos-tendran-que-garantizar-un-40-servicio-hora-punta-durante-huelga-que-empieza-lunes-cataluna\/","url":"https:\/\/sindromecharge.es\/index.php\/2024\/10\/25\/los-buses-urbanos-interurbanos-tendran-que-garantizar-un-40-servicio-hora-punta-durante-huelga-que-empieza-lunes-cataluna\/","name":"Los buses urbanos e interurbanos deber\u00e1n garantizar un 40% del servicio en hora punta en la huelga que empieza el lunes en Catalu\u00f1a - Asociaci\u00f3n Espa\u00f1ola S\u00edndrome de Charge","isPartOf":{"@id":"https:\/\/sindromecharge.es\/#website"},"datePublished":"2024-10-25T09:05:56+00:00","author":{"@id":"https:\/\/sindromecharge.es\/#\/schema\/person\/39a60ebe0a2b4d5a11179701e336b039"},"breadcrumb":{"@id":"https:\/\/sindromecharge.es\/index.php\/2024\/10\/25\/los-buses-urbanos-interurbanos-tendran-que-garantizar-un-40-servicio-hora-punta-durante-huelga-que-empieza-lunes-cataluna\/#breadcrumb"},"inLanguage":"es","potentialAction":[{"@type":"ReadAction","target":["https:\/\/sindromecharge.es\/index.php\/2024\/10\/25\/los-buses-urbanos-interurbanos-tendran-que-garantizar-un-40-servicio-hora-punta-durante-huelga-que-empieza-lunes-cataluna\/"]}]},{"@type":"BreadcrumbList","@id":"https:\/\/sindromecharge.es\/index.php\/2024\/10\/25\/los-buses-urbanos-interurbanos-tendran-que-garantizar-un-40-servicio-hora-punta-durante-huelga-que-empieza-lunes-cataluna\/#breadcrumb","itemListElement":[{"@type":"ListItem","position":1,"name":"Portada","item":"https:\/\/sindromecharge.es\/"},{"@type":"ListItem","position":2,"name":"Los buses urbanos e interurbanos deber\u00e1n garantizar un 40% del servicio en hora punta en la huelga que empieza el lunes en Catalu\u00f1a"}]},{"@type":"WebSite","@id":"https:\/\/sindromecharge.es\/#website","url":"https:\/\/sindromecharge.es\/","name":"Asociaci\u00f3n Espa\u00f1ola S\u00edndrome de Charge","description":"","potentialAction":[{"@type":"SearchAction","target":{"@type":"EntryPoint","urlTemplate":"https:\/\/sindromecharge.es\/?s={search_term_string}"},"query-input":{"@type":"PropertyValueSpecification","valueRequired":true,"valueName":"search_term_string"}}],"inLanguage":"es"},{"@type":"Person","@id":"https:\/\/sindromecharge.es\/#\/schema\/person\/39a60ebe0a2b4d5a11179701e336b039","name":"Charge","image":{"@type":"ImageObject","inLanguage":"es","@id":"https:\/\/secure.gravatar.com\/avatar\/c3b46e32a0fc3b093a0873fb767bf3293de856293065e84ef06b7ec7a8acfb98?s=96&d=identicon&r=x","url":"https:\/\/secure.gravatar.com\/avatar\/c3b46e32a0fc3b093a0873fb767bf3293de856293065e84ef06b7ec7a8acfb98?s=96&d=identicon&r=x","contentUrl":"https:\/\/secure.gravatar.com\/avatar\/c3b46e32a0fc3b093a0873fb767bf3293de856293065e84ef06b7ec7a8acfb98?s=96&d=identicon&r=x","caption":"Charge"},"url":"https:\/\/sindromecharge.es\/index.php\/author\/admin\/"}]}},"_links":{"self":[{"href":"https:\/\/sindromecharge.es\/index.php\/wp-json\/wp\/v2\/posts\/10485","targetHints":{"allow":["GET"]}}],"collection":[{"href":"https:\/\/sindromecharge.es\/index.php\/wp-json\/wp\/v2\/posts"}],"about":[{"href":"https:\/\/sindromecharge.es\/index.php\/wp-json\/wp\/v2\/types\/post"}],"author":[{"embeddable":true,"href":"https:\/\/sindromecharge.es\/index.php\/wp-json\/wp\/v2\/users\/1"}],"replies":[{"embeddable":true,"href":"https:\/\/sindromecharge.es\/index.php\/wp-json\/wp\/v2\/comments?post=10485"}],"version-history":[{"count":0,"href":"https:\/\/sindromecharge.es\/index.php\/wp-json\/wp\/v2\/posts\/10485\/revisions"}],"wp:attachment":[{"href":"https:\/\/sindromecharge.es\/index.php\/wp-json\/wp\/v2\/media?parent=10485"}],"wp:term":[{"taxonomy":"category","embeddable":true,"href":"https:\/\/sindromecharge.es\/index.php\/wp-json\/wp\/v2\/categories?post=10485"},{"taxonomy":"post_tag","embeddable":true,"href":"https:\/\/sindromecharge.es\/index.php\/wp-json\/wp\/v2\/tags?post=10485"}],"curies":[{"name":"wp","href":"https:\/\/api.w.org\/{rel}","templated":true}]}}