{"id":10484,"date":"2024-10-25T05:24:56","date_gmt":"2024-10-25T05:24:56","guid":{"rendered":"https:\/\/sindromecharge.es\/index.php\/2024\/10\/25\/que-es-que-da-derecho-gran-invalidez-se-conceden-personas-que-necesitan-ayuda-una-tercera-persona\/"},"modified":"2024-10-25T05:24:56","modified_gmt":"2024-10-25T05:24:56","slug":"que-es-que-da-derecho-gran-invalidez-se-conceden-personas-que-necesitan-ayuda-una-tercera-persona","status":"publish","type":"post","link":"https:\/\/sindromecharge.es\/index.php\/2024\/10\/25\/que-es-que-da-derecho-gran-invalidez-se-conceden-personas-que-necesitan-ayuda-una-tercera-persona\/","title":{"rendered":"\u00bfQu\u00e9 es y a qu\u00e9 da derecho la gran invalidez? \u00abSe la conceden a personas que necesitan la ayuda de un tercero"},"content":{"rendered":"<p>Leemos en Discapacidad la siguiente noticia que os reproducimos de forma \u00edntegra: <\/p>\n<div>\n<p>Dentro de las <b>cuatro incapacidades permanentes<\/b> que puede conceder a los trabajadores con discapacidad el <b>Instituto Nacional de la Seguridad Social (INSS)<\/b>, la m\u00e1s &#8216;incapacitante&#8217; de todas es la <b><a href=\"https:\/\/grupogarantia.es\/video\/gran-invalidez\/\" target=\"_blank\" rel=\"nofollow noopener\">gran invalidez<\/a><\/b>, un reconocimiento que se concede a aquellas personas que tienen una <b><a href=\"https:\/\/www.20minutos.es\/minuteca\/discapacidad\/\" title=\"Discapacidad\" target=\"_blank\" rel=\"noopener\">discapacidad<\/a> muy limitante<\/b>, ya no solo para trabajar, sino para todos los aspectos de su vida.<\/p>\n<p>Por este motivo, como explica<b> el abogado Pedro L\u00f3pez<\/b>, con este reconocimiento, \u00abno s\u00f3lo se concede una <a href=\"https:\/\/www.20minutos.es\/minuteca\/pensiones\/\" title=\"Pensiones\" target=\"_blank\" rel=\"noopener\">pensi\u00f3n<\/a> del 100% de tu cotizaci\u00f3n como la incapacidad permanente absoluta, sino que te puede dar <b>hasta un 145%<\/b>, al menos, sino que se te concede al menos un 45%\u00bb.<\/p>\n<p>Ese 45% extra se otorga porque estos trabajadores \u00ab<b>necesitan la ayuda de una tercera persona<\/b> para realizar las tareas b\u00e1sicas de la vida, como vestirse, asearse y alimentarse, es el complemento que se da para <b>sufragar los gastos <\/b>de tener que recibir ayuda de esa tercera persona\u00bb, a\u00f1ade Pedro.<\/p>\n<p>Como ocurre con la incapacidad permanente absoluta, no se puede compaginar con ning\u00fan tipo de trabajo, ni siquiera residual como ocurr\u00eda antes, pues el Tribunal Supremo \u00abdictamin\u00f3 hace meses que las personas que tengan reconocida la incapacidad permanente absoluta o la gran invalidez, <b>no pueden realizar ning\u00fan tipo de trabajo<\/b> por liviano que sea\u00bb.<\/p>\n<p>Por este motivo, Pedro L\u00f3pez recomienda que, en caso de querer realizar alg\u00fan tipo de actividad, por peque\u00f1a que sea,<b> se consulte primero al INSS<\/b>, pues la pensi\u00f3n podr\u00eda correr peligro.<\/p>\n<p>Para resolver dudas sobre pensiones, <a href=\"https:\/\/www.20minutos.es\/minuteca\/seguridad-social\/\" title=\"Seguridad Social\" target=\"_blank\" rel=\"noopener\">Seguridad social<\/a> o cualquier otra duda legal relacionada con el mundo de la <a href=\"https:\/\/www.20minutos.es\/minuteca\/discapacidad\/\" title=\"Discapacidad\" target=\"_blank\" rel=\"noopener\">discapacidad<\/a>, puedes mandar tus preguntas a trav\u00e9s &#8216;<a href=\"https:\/\/www.instagram.com\/tododiscapacidad\/\" target=\"_blank\" rel=\"nofollow noopener\">Tododiscapacidad<\/a>&#8216;, el perfil especializado que Pedro L\u00f3pez de Cerro ha creado en Instagram.<\/p>\n<\/div>\n<p>Fuente: Discapacidad https:\/\/www.20minutos.es\/noticia\/5647183\/0\/que-es-que-da-derecho-gran-invalidez-se-conceden-personas-que-necesitan-ayuda-una-tercera-persona\/<\/p>\n","protected":false},"excerpt":{"rendered":"<p>Dentro de las cuatro incapacidades permanentes que puede conceder a los trabajadores con discapacidad el Instituto Nacional de la Seguridad Social (INSS), la&#8230;<\/p>\n","protected":false},"author":1,"featured_media":0,"comment_status":"closed","ping_status":"closed","sticky":false,"template":"","format":"standard","meta":{"footnotes":""},"categories":[8],"tags":[],"class_list":["post-10484","post","type-post","status-publish","format-standard","hentry","category-noticias"],"yoast_head":"<!-- This site is optimized with the Yoast SEO plugin v27.5 - https:\/\/yoast.com\/product\/yoast-seo-wordpress\/ -->\n<title>\u00bfQu\u00e9 es y a qu\u00e9 da derecho la gran invalidez? &quot;Se la conceden a personas que necesitan la ayuda de un tercero - Asociaci\u00f3n Espa\u00f1ola S\u00edndrome de Charge<\/title>\n<meta name=\"robots\" content=\"index, follow, max-snippet:-1, max-image-preview:large, max-video-preview:-1\" \/>\n<link rel=\"canonical\" href=\"https:\/\/sindromecharge.es\/index.php\/2024\/10\/25\/que-es-que-da-derecho-gran-invalidez-se-conceden-personas-que-necesitan-ayuda-una-tercera-persona\/\" \/>\n<meta property=\"og:locale\" content=\"es_ES\" \/>\n<meta property=\"og:type\" content=\"article\" \/>\n<meta property=\"og:title\" content=\"\u00bfQu\u00e9 es y a qu\u00e9 da derecho la gran invalidez? &quot;Se la conceden a personas que necesitan la ayuda de un tercero - Asociaci\u00f3n Espa\u00f1ola S\u00edndrome de Charge\" \/>\n<meta property=\"og:description\" content=\"Dentro de las cuatro incapacidades permanentes que puede conceder a los trabajadores con discapacidad el Instituto Nacional de la Seguridad Social (INSS), la&#8230;\" \/>\n<meta property=\"og:url\" content=\"https:\/\/sindromecharge.es\/index.php\/2024\/10\/25\/que-es-que-da-derecho-gran-invalidez-se-conceden-personas-que-necesitan-ayuda-una-tercera-persona\/\" \/>\n<meta property=\"og:site_name\" content=\"Asociaci\u00f3n Espa\u00f1ola S\u00edndrome de Charge\" \/>\n<meta property=\"article:publisher\" content=\"https:\/\/www.facebook.com\/asociacionsindromecharge\" \/>\n<meta property=\"article:published_time\" content=\"2024-10-25T05:24:56+00:00\" \/>\n<meta property=\"og:image\" content=\"https:\/\/sindromecharge.es\/wp-content\/uploads\/2013\/09\/logodecharge300x98.png\" \/>\n\t<meta property=\"og:image:width\" content=\"300\" \/>\n\t<meta property=\"og:image:height\" content=\"98\" \/>\n\t<meta property=\"og:image:type\" content=\"image\/png\" \/>\n<meta name=\"author\" content=\"Charge\" \/>\n<meta name=\"twitter:card\" content=\"summary_large_image\" \/>\n<meta name=\"twitter:creator\" content=\"@sindromecharge\" \/>\n<meta name=\"twitter:site\" content=\"@sindromecharge\" \/>\n<meta name=\"twitter:label1\" content=\"Escrito por\" \/>\n\t<meta name=\"twitter:data1\" content=\"Charge\" \/>\n\t<meta name=\"twitter:label2\" content=\"Tiempo de lectura\" \/>\n\t<meta name=\"twitter:data2\" content=\"2 minutos\" \/>\n<script type=\"application\/ld+json\" class=\"yoast-schema-graph\">{\"@context\":\"https:\\\/\\\/schema.org\",\"@graph\":[{\"@type\":\"Article\",\"@id\":\"https:\\\/\\\/sindromecharge.es\\\/index.php\\\/2024\\\/10\\\/25\\\/que-es-que-da-derecho-gran-invalidez-se-conceden-personas-que-necesitan-ayuda-una-tercera-persona\\\/#article\",\"isPartOf\":{\"@id\":\"https:\\\/\\\/sindromecharge.es\\\/index.php\\\/2024\\\/10\\\/25\\\/que-es-que-da-derecho-gran-invalidez-se-conceden-personas-que-necesitan-ayuda-una-tercera-persona\\\/\"},\"author\":{\"name\":\"Charge\",\"@id\":\"https:\\\/\\\/sindromecharge.es\\\/#\\\/schema\\\/person\\\/39a60ebe0a2b4d5a11179701e336b039\"},\"headline\":\"\u00bfQu\u00e9 es y a qu\u00e9 da derecho la gran invalidez? \u00abSe la conceden a personas que necesitan la ayuda de un tercero\",\"datePublished\":\"2024-10-25T05:24:56+00:00\",\"mainEntityOfPage\":{\"@id\":\"https:\\\/\\\/sindromecharge.es\\\/index.php\\\/2024\\\/10\\\/25\\\/que-es-que-da-derecho-gran-invalidez-se-conceden-personas-que-necesitan-ayuda-una-tercera-persona\\\/\"},\"wordCount\":332,\"articleSection\":[\"noticias\"],\"inLanguage\":\"es\"},{\"@type\":\"WebPage\",\"@id\":\"https:\\\/\\\/sindromecharge.es\\\/index.php\\\/2024\\\/10\\\/25\\\/que-es-que-da-derecho-gran-invalidez-se-conceden-personas-que-necesitan-ayuda-una-tercera-persona\\\/\",\"url\":\"https:\\\/\\\/sindromecharge.es\\\/index.php\\\/2024\\\/10\\\/25\\\/que-es-que-da-derecho-gran-invalidez-se-conceden-personas-que-necesitan-ayuda-una-tercera-persona\\\/\",\"name\":\"\u00bfQu\u00e9 es y a qu\u00e9 da derecho la gran invalidez? \\\"Se la conceden a personas que necesitan la ayuda de un tercero - Asociaci\u00f3n Espa\u00f1ola S\u00edndrome de Charge\",\"isPartOf\":{\"@id\":\"https:\\\/\\\/sindromecharge.es\\\/#website\"},\"datePublished\":\"2024-10-25T05:24:56+00:00\",\"author\":{\"@id\":\"https:\\\/\\\/sindromecharge.es\\\/#\\\/schema\\\/person\\\/39a60ebe0a2b4d5a11179701e336b039\"},\"breadcrumb\":{\"@id\":\"https:\\\/\\\/sindromecharge.es\\\/index.php\\\/2024\\\/10\\\/25\\\/que-es-que-da-derecho-gran-invalidez-se-conceden-personas-que-necesitan-ayuda-una-tercera-persona\\\/#breadcrumb\"},\"inLanguage\":\"es\",\"potentialAction\":[{\"@type\":\"ReadAction\",\"target\":[\"https:\\\/\\\/sindromecharge.es\\\/index.php\\\/2024\\\/10\\\/25\\\/que-es-que-da-derecho-gran-invalidez-se-conceden-personas-que-necesitan-ayuda-una-tercera-persona\\\/\"]}]},{\"@type\":\"BreadcrumbList\",\"@id\":\"https:\\\/\\\/sindromecharge.es\\\/index.php\\\/2024\\\/10\\\/25\\\/que-es-que-da-derecho-gran-invalidez-se-conceden-personas-que-necesitan-ayuda-una-tercera-persona\\\/#breadcrumb\",\"itemListElement\":[{\"@type\":\"ListItem\",\"position\":1,\"name\":\"Portada\",\"item\":\"https:\\\/\\\/sindromecharge.es\\\/\"},{\"@type\":\"ListItem\",\"position\":2,\"name\":\"\u00bfQu\u00e9 es y a qu\u00e9 da derecho la gran invalidez? &#8220;Se la conceden a personas que necesitan la ayuda de un tercero\"}]},{\"@type\":\"WebSite\",\"@id\":\"https:\\\/\\\/sindromecharge.es\\\/#website\",\"url\":\"https:\\\/\\\/sindromecharge.es\\\/\",\"name\":\"Asociaci\u00f3n Espa\u00f1ola S\u00edndrome de Charge\",\"description\":\"\",\"potentialAction\":[{\"@type\":\"SearchAction\",\"target\":{\"@type\":\"EntryPoint\",\"urlTemplate\":\"https:\\\/\\\/sindromecharge.es\\\/?s={search_term_string}\"},\"query-input\":{\"@type\":\"PropertyValueSpecification\",\"valueRequired\":true,\"valueName\":\"search_term_string\"}}],\"inLanguage\":\"es\"},{\"@type\":\"Person\",\"@id\":\"https:\\\/\\\/sindromecharge.es\\\/#\\\/schema\\\/person\\\/39a60ebe0a2b4d5a11179701e336b039\",\"name\":\"Charge\",\"image\":{\"@type\":\"ImageObject\",\"inLanguage\":\"es\",\"@id\":\"https:\\\/\\\/secure.gravatar.com\\\/avatar\\\/c3b46e32a0fc3b093a0873fb767bf3293de856293065e84ef06b7ec7a8acfb98?s=96&d=identicon&r=x\",\"url\":\"https:\\\/\\\/secure.gravatar.com\\\/avatar\\\/c3b46e32a0fc3b093a0873fb767bf3293de856293065e84ef06b7ec7a8acfb98?s=96&d=identicon&r=x\",\"contentUrl\":\"https:\\\/\\\/secure.gravatar.com\\\/avatar\\\/c3b46e32a0fc3b093a0873fb767bf3293de856293065e84ef06b7ec7a8acfb98?s=96&d=identicon&r=x\",\"caption\":\"Charge\"},\"url\":\"https:\\\/\\\/sindromecharge.es\\\/index.php\\\/author\\\/admin\\\/\"}]}<\/script>\n<!-- \/ Yoast SEO plugin. -->","yoast_head_json":{"title":"\u00bfQu\u00e9 es y a qu\u00e9 da derecho la gran invalidez? \"Se la conceden a personas que necesitan la ayuda de un tercero - Asociaci\u00f3n Espa\u00f1ola S\u00edndrome de Charge","robots":{"index":"index","follow":"follow","max-snippet":"max-snippet:-1","max-image-preview":"max-image-preview:large","max-video-preview":"max-video-preview:-1"},"canonical":"https:\/\/sindromecharge.es\/index.php\/2024\/10\/25\/que-es-que-da-derecho-gran-invalidez-se-conceden-personas-que-necesitan-ayuda-una-tercera-persona\/","og_locale":"es_ES","og_type":"article","og_title":"\u00bfQu\u00e9 es y a qu\u00e9 da derecho la gran invalidez? \"Se la conceden a personas que necesitan la ayuda de un tercero - Asociaci\u00f3n Espa\u00f1ola S\u00edndrome de Charge","og_description":"Dentro de las cuatro incapacidades permanentes que puede conceder a los trabajadores con discapacidad el Instituto Nacional de la Seguridad Social (INSS), la&#8230;","og_url":"https:\/\/sindromecharge.es\/index.php\/2024\/10\/25\/que-es-que-da-derecho-gran-invalidez-se-conceden-personas-que-necesitan-ayuda-una-tercera-persona\/","og_site_name":"Asociaci\u00f3n Espa\u00f1ola S\u00edndrome de Charge","article_publisher":"https:\/\/www.facebook.com\/asociacionsindromecharge","article_published_time":"2024-10-25T05:24:56+00:00","og_image":[{"width":300,"height":98,"url":"https:\/\/sindromecharge.es\/wp-content\/uploads\/2013\/09\/logodecharge300x98.png","type":"image\/png"}],"author":"Charge","twitter_card":"summary_large_image","twitter_creator":"@sindromecharge","twitter_site":"@sindromecharge","twitter_misc":{"Escrito por":"Charge","Tiempo de lectura":"2 minutos"},"schema":{"@context":"https:\/\/schema.org","@graph":[{"@type":"Article","@id":"https:\/\/sindromecharge.es\/index.php\/2024\/10\/25\/que-es-que-da-derecho-gran-invalidez-se-conceden-personas-que-necesitan-ayuda-una-tercera-persona\/#article","isPartOf":{"@id":"https:\/\/sindromecharge.es\/index.php\/2024\/10\/25\/que-es-que-da-derecho-gran-invalidez-se-conceden-personas-que-necesitan-ayuda-una-tercera-persona\/"},"author":{"name":"Charge","@id":"https:\/\/sindromecharge.es\/#\/schema\/person\/39a60ebe0a2b4d5a11179701e336b039"},"headline":"\u00bfQu\u00e9 es y a qu\u00e9 da derecho la gran invalidez? \u00abSe la conceden a personas que necesitan la ayuda de un tercero","datePublished":"2024-10-25T05:24:56+00:00","mainEntityOfPage":{"@id":"https:\/\/sindromecharge.es\/index.php\/2024\/10\/25\/que-es-que-da-derecho-gran-invalidez-se-conceden-personas-que-necesitan-ayuda-una-tercera-persona\/"},"wordCount":332,"articleSection":["noticias"],"inLanguage":"es"},{"@type":"WebPage","@id":"https:\/\/sindromecharge.es\/index.php\/2024\/10\/25\/que-es-que-da-derecho-gran-invalidez-se-conceden-personas-que-necesitan-ayuda-una-tercera-persona\/","url":"https:\/\/sindromecharge.es\/index.php\/2024\/10\/25\/que-es-que-da-derecho-gran-invalidez-se-conceden-personas-que-necesitan-ayuda-una-tercera-persona\/","name":"\u00bfQu\u00e9 es y a qu\u00e9 da derecho la gran invalidez? \"Se la conceden a personas que necesitan la ayuda de un tercero - Asociaci\u00f3n Espa\u00f1ola S\u00edndrome de Charge","isPartOf":{"@id":"https:\/\/sindromecharge.es\/#website"},"datePublished":"2024-10-25T05:24:56+00:00","author":{"@id":"https:\/\/sindromecharge.es\/#\/schema\/person\/39a60ebe0a2b4d5a11179701e336b039"},"breadcrumb":{"@id":"https:\/\/sindromecharge.es\/index.php\/2024\/10\/25\/que-es-que-da-derecho-gran-invalidez-se-conceden-personas-que-necesitan-ayuda-una-tercera-persona\/#breadcrumb"},"inLanguage":"es","potentialAction":[{"@type":"ReadAction","target":["https:\/\/sindromecharge.es\/index.php\/2024\/10\/25\/que-es-que-da-derecho-gran-invalidez-se-conceden-personas-que-necesitan-ayuda-una-tercera-persona\/"]}]},{"@type":"BreadcrumbList","@id":"https:\/\/sindromecharge.es\/index.php\/2024\/10\/25\/que-es-que-da-derecho-gran-invalidez-se-conceden-personas-que-necesitan-ayuda-una-tercera-persona\/#breadcrumb","itemListElement":[{"@type":"ListItem","position":1,"name":"Portada","item":"https:\/\/sindromecharge.es\/"},{"@type":"ListItem","position":2,"name":"\u00bfQu\u00e9 es y a qu\u00e9 da derecho la gran invalidez? &#8220;Se la conceden a personas que necesitan la ayuda de un tercero"}]},{"@type":"WebSite","@id":"https:\/\/sindromecharge.es\/#website","url":"https:\/\/sindromecharge.es\/","name":"Asociaci\u00f3n Espa\u00f1ola S\u00edndrome de Charge","description":"","potentialAction":[{"@type":"SearchAction","target":{"@type":"EntryPoint","urlTemplate":"https:\/\/sindromecharge.es\/?s={search_term_string}"},"query-input":{"@type":"PropertyValueSpecification","valueRequired":true,"valueName":"search_term_string"}}],"inLanguage":"es"},{"@type":"Person","@id":"https:\/\/sindromecharge.es\/#\/schema\/person\/39a60ebe0a2b4d5a11179701e336b039","name":"Charge","image":{"@type":"ImageObject","inLanguage":"es","@id":"https:\/\/secure.gravatar.com\/avatar\/c3b46e32a0fc3b093a0873fb767bf3293de856293065e84ef06b7ec7a8acfb98?s=96&d=identicon&r=x","url":"https:\/\/secure.gravatar.com\/avatar\/c3b46e32a0fc3b093a0873fb767bf3293de856293065e84ef06b7ec7a8acfb98?s=96&d=identicon&r=x","contentUrl":"https:\/\/secure.gravatar.com\/avatar\/c3b46e32a0fc3b093a0873fb767bf3293de856293065e84ef06b7ec7a8acfb98?s=96&d=identicon&r=x","caption":"Charge"},"url":"https:\/\/sindromecharge.es\/index.php\/author\/admin\/"}]}},"_links":{"self":[{"href":"https:\/\/sindromecharge.es\/index.php\/wp-json\/wp\/v2\/posts\/10484","targetHints":{"allow":["GET"]}}],"collection":[{"href":"https:\/\/sindromecharge.es\/index.php\/wp-json\/wp\/v2\/posts"}],"about":[{"href":"https:\/\/sindromecharge.es\/index.php\/wp-json\/wp\/v2\/types\/post"}],"author":[{"embeddable":true,"href":"https:\/\/sindromecharge.es\/index.php\/wp-json\/wp\/v2\/users\/1"}],"replies":[{"embeddable":true,"href":"https:\/\/sindromecharge.es\/index.php\/wp-json\/wp\/v2\/comments?post=10484"}],"version-history":[{"count":0,"href":"https:\/\/sindromecharge.es\/index.php\/wp-json\/wp\/v2\/posts\/10484\/revisions"}],"wp:attachment":[{"href":"https:\/\/sindromecharge.es\/index.php\/wp-json\/wp\/v2\/media?parent=10484"}],"wp:term":[{"taxonomy":"category","embeddable":true,"href":"https:\/\/sindromecharge.es\/index.php\/wp-json\/wp\/v2\/categories?post=10484"},{"taxonomy":"post_tag","embeddable":true,"href":"https:\/\/sindromecharge.es\/index.php\/wp-json\/wp\/v2\/tags?post=10484"}],"curies":[{"name":"wp","href":"https:\/\/api.w.org\/{rel}","templated":true}]}}