{"id":10482,"date":"2024-10-25T05:20:31","date_gmt":"2024-10-25T05:20:31","guid":{"rendered":"https:\/\/sindromecharge.es\/index.php\/2024\/10\/25\/las-personas-con-discapacidad-intelectual-estan-mas-sanas-con-mejor-conducta-mas-felices-si-viven-comunidad\/"},"modified":"2024-10-25T05:20:31","modified_gmt":"2024-10-25T05:20:31","slug":"las-personas-con-discapacidad-intelectual-estan-mas-sanas-con-mejor-conducta-mas-felices-si-viven-comunidad","status":"publish","type":"post","link":"https:\/\/sindromecharge.es\/index.php\/2024\/10\/25\/las-personas-con-discapacidad-intelectual-estan-mas-sanas-con-mejor-conducta-mas-felices-si-viven-comunidad\/","title":{"rendered":"Las personas con discapacidad intelectual est\u00e1n m\u00e1s sanas, con mejor conducta y m\u00e1s felices si viven en comunidad"},"content":{"rendered":"<p>Leemos en Discapacidad la siguiente noticia que os reproducimos de forma \u00edntegra: <\/p>\n<div>\n<p>M\u00e1s independientes, con mejores conductas y menor consumo de medicamentos, es como son ahora las 759 personas con <a href=\"https:\/\/www.20minutos.es\/minuteca\/discapacidad-intelectual\/\" title=\"Discapacidad intelectual\">discapacidad intelectual<\/a> y grandes necesidades que participaron en el proyecto \u2018Mi Casa: una vida en Comunidad&#8217;, desarrollado desde hace tres a\u00f1os por Plena inclusi\u00f3n Espa\u00f1a para impulsar la vida en comunidad de este colectivo, a trav\u00e9s de<b> pisos compartidos con apoyos personalizados.<\/b><\/p>\n<p>Sus resultados se presentaron este jueves en Madrid, durante unas jornadas que se prolongar\u00e1n hasta el viernes.<\/p>\n<p>En la inauguraci\u00f3n, personas usuarias, familiares y responsables de Plena inclusi\u00f3n pidieron a las <a href=\"https:\/\/www.20minutos.es\/minuteca\/administraciones-publicas\/\" title=\"Administraciones P\u00fablicas\">administraciones p\u00fablicas<\/a>, en especial a las comunidades aut\u00f3nomas, <b>que respalden la continuidad de este proyecto<\/b> <b>piloto <\/b>para que las viviendas comunitarias puestas en marcha sigan en funcionamiento, su oferta se generalice y programas similares se incluyan en la cartera de servicios dentro del Sistema de Atenci\u00f3n a la Dependencia.<\/p>\n<p>Cuatro entidades expertas en evaluaci\u00f3n de proyectos sociales<b> han realizado estudios cuantitativos y cualitativos<\/b> sobre los efectos en la vida de las 759 personas con discapacidad intelectual y de todas las comunidades aut\u00f3nomas que han participado en \u2018Mi Casa\u2019.<\/p>\n<p>De los extensos informes que ultimar\u00e1n en diciembre, se puede concluir que <b>la calidad de vida de estas personas ha mejorado \u201cde forma ostensible en estos tres a\u00f1os\u201d<\/b>, explican desde Plena inclusi\u00f3n. Ello se percibe en la disminuci\u00f3n del uso de medicamentos, la reducci\u00f3n de problemas de conducta, la mejora de las relaciones con el vecindario y en un mayor bienestar emocional, indican.<\/p>\n<p>Durante el acto, familiares y profesionales corroboraron estos resultados y aseguraron que sus allegados<b> \u201cson ahora m\u00e1s felices\u201d.<\/b><\/p>\n<p><b>Tom\u00e1s Sancho, presidente de Plena inclusi\u00f3n Madrid, expuso su experiencia personal <\/b>a prop\u00f3sito de la participaci\u00f3n de su hija en el programa. \u201cNosotros ya pens\u00e1bamos que Marta\u00bb, su hija con TEA y discapacidad intelectual, \u00abdeb\u00eda empezar a vivir fuera de casa\u201d, explic\u00f3, pero la opci\u00f3n que \u201cnos daba la Comunidad de Madrid era una residencia en Getafe, muy lejos del barrio\u201d de la Estrella, al este de la capital, donde vive la familia.<\/p>\n<p>\u201cEst\u00e1 a la otra punta cruzando la ciudad, y lo rechazamos\u201d, indic\u00f3. Por eso, cuando supieron de la oportunidad de participar en &#8216;Mi Casa&#8217;, vieron una ventana de esperanza. Al principio \u201cten\u00edamos dudas\u201d, confiesa, pero <b>\u201cvemos que Marta es feliz y mucho m\u00e1s independiente\u201d<\/b>. \u201cHa aprendido a hacer cosas que antes no pod\u00eda hacer\u201d, asegur\u00f3, \u201cy cuando est\u00e1 con nosotros, interact\u00faa mucho mejor\u201d. \u201cEstamos content\u00edsimos\u201d, por lo que defendi\u00f3 la continuidad del proyecto.<\/p>\n<p>Carmen Laucirica, presidenta de Plena inclusi\u00f3n Espa\u00f1a, se\u00f1al\u00f3 por su parte que este proyecto<b> debe \u201ctener continuidad, llegar a m\u00e1s lugares del pa\u00eds y extenderse entre otros colectivos sociales vulnerables\u201d<\/b>. \u201cEste proyecto transforma y mejora lo que se estaba haciendo hasta ahora en el terreno de la pol\u00edtica de cuidados\u201d, afirm\u00f3, pues \u201cune personalizaci\u00f3n, desinstitucionalizaci\u00f3n y vida en comunidad\u201d. \u201cA las evidencias nos remitimos\u201d, declar\u00f3.<\/p>\n<p><b>\u201cVivir en comunidad es un derecho de todas las personas\u201d<\/b>. \u201cEs una pena que tengamos que andar reivindic\u00e1ndolo a estas alturas, pero en ello estamos\u201d. Por ello, destac\u00f3 la importancia del apoyo \u201cpresente y futuro de las comunidades aut\u00f3nomas para conseguir que proyectos innovadores como \u2018Mi Casa\u2019 sigan mejorando las pol\u00edticas de acci\u00f3n social en Espa\u00f1a\u201d.<\/p>\n<p>Desarrollado con fondos Next Generation y dentro del Plan de Recuperaci\u00f3n, Transformaci\u00f3n y Resiliencia,<b> este proyecto piloto ha tenido car\u00e1cter nacional, pero ahora son las comunidades aut\u00f3nomas las que deben incluir estas viviendas <\/b>con apoyos en su cartera de servicios, explic\u00f3 a Servimedia el director general de Derechos de las Personas con Discapacidad del Ministerio de Derechos Sociales, Jes\u00fas Mart\u00edn Blanco.<\/p>\n<p>\u201cEstamos trabajando con todas las comunidades para que lo incluyan en sus pol\u00edticas p\u00fablicas\u201d, asever\u00f3. \u00abPor nuestra parte, seguiremos buscando financiaci\u00f3n para transfer\u00edrsela\u201d, e<b> insisti\u00f3 en la importancia de que las viviendas del proyecto, gestionadas por entidades miembro de Plena inclusi\u00f3n, se mantengan y su ejemplo se extienda<\/b>, para que m\u00e1s personas puedan beneficiarse de ellas.<\/p>\n<p>La presentaci\u00f3n del proyecto corri\u00f3 a cargo de varias personas con discapacidad intelectual y sus familiares. Sobre el escenario, se simul\u00f3 el sal\u00f3n de una vivienda comunitaria de &#8216;Mi Casa&#8217;, en la que varias mujeres con <a href=\"https:\/\/www.20minutos.es\/minuteca\/discapacidad\/\" title=\"Discapacidad\">discapacidad<\/a> demostraron c\u00f3mo es su d\u00eda a d\u00eda. Tambi\u00e9n intervinieron profesionales, que <b>escenificaron el proceso que una persona interesada debe seguir para entrar en uno de estos pisos.<\/b><\/p>\n<h1>Solo pido que este sue\u00f1o no se trunque. Que las autoridades pongan todo de su parte y que siga adelante<\/h1>\n<p>Marina es la madre de V\u00edctor, un joven \u201cencantado\u201d con la experiencia. \u201cSolo pido que este sue\u00f1o no se trunque. Que las autoridades pongan todo de su parte y que siga adelante\u201d, reclam\u00f3.<\/p>\n<p>En la jornada <b>particip\u00f3 tambi\u00e9n la secretaria de Estado de Derechos Sociales, Rosa Mart\u00ednez<\/b>, que asegur\u00f3 que las aportaciones del proyecto \u201cvan en la misma direcci\u00f3n que la Estrategia Estatal de Desinstitucionalizaci\u00f3n\u201d. \u201cEl futuro de los cuidados y de los apoyos es ahora distinto gracias a &#8216;Mi Casa&#8217;\u201d, declar\u00f3.<\/p>\n<p>A su juicio, \u201cvivir en comunidad y de forma independiente ya no es un privilegio, sino un derecho irrenunciable\u201c. Adem\u00e1s, Mart\u00ednez recalc\u00f3 que <b>la reforma de las leyes de Dependencia y Discapacidad que prepara su departamento permitir\u00e1 que este tipo de vivienda con apoyos<\/b>, y otras figuras como el asistente personal, se generalicen dentro de la cartera de servicios.<\/p>\n<p>En estos tres a\u00f1os de funcionamiento del proyecto \u2018Mi Casa: una vida en comunidad\u2019, Plena inclusi\u00f3n ha desarrollado estrategias de innovaci\u00f3n social a la hora de prestar<b> apoyos personalizados de cara a la participaci\u00f3n e inclusi\u00f3n en el barrio<\/b>. Varias de ellas fueron puestas en escena en \u2018el sal\u00f3n de Tere y sus compa\u00f1eras\u2019.<\/p>\n<p>Para empezar, las personas con discapacidad intelectual y grandes necesidades de apoyo de los 66 pisos <b>ten\u00edan voz y voto a la hora de seleccionar a sus profesionales<\/b> de apoyo. As\u00ed se pudo ver en \u2018el sal\u00f3n de Tere\u2019, donde ella y sus compa\u00f1eras debatieron sobre el tema.<\/p>\n<p>Tambi\u00e9n<b> se cre\u00f3 la figura de las conectoras comunitarias<\/b>, profesionales que mapean las oportunidades en el pueblo o el barrio para que las personas con discapacidad de los pisos puedan participar en asociaciones, espacios vecinales o iniciativas colectivas, p\u00fablicas y privadas. Al final de la representaci\u00f3n, Tere se encuentra con su conector para participar en la organizaci\u00f3n de las fiestas del barrio.<\/p>\n<p>En este proyecto<b> han intervenido adem\u00e1s \u2018facilitadores\u2019<\/b>, es decir, profesionales que garantizan las opciones de elecci\u00f3n de las personas con discapacidad y su participaci\u00f3n en las propuestas de la conectora. Una de ellas acompa\u00f1\u00f3 a V\u00edctor y a su madre a conocer el piso de Tere.<\/p>\n<p>Gracias a todos ellos, los participantes en este proyecto realizan actividades individuales en su barrio, interact\u00faan con el vecindario, compran en el supermercado, acuden al bar y al centro de salud, participan en asociaciones de mujeres o de vecinos, asisten a clases de baile del Ayuntamiento, van a la biblioteca o al polideportivo, etc.<\/p>\n<p>De forma simb\u00f3lica, <b>la presentaci\u00f3n concluy\u00f3 con la entrega de las llaves del piso a los representantes del Ministerio de Derechos Sociales<\/b>. \u201cSed bienvenidos y volved cuando quer\u00e1is\u201d, les dijo Tere, porque esta iniciativa \u201cno debe tener final\u201d.<\/p>\n<\/div>\n<p>Fuente: Discapacidad https:\/\/www.20minutos.es\/noticia\/5647582\/0\/las-personas-con-discapacidad-intelectual-estan-mas-sanas-con-mejor-conducta-mas-felices-si-viven-comunidad\/<\/p>\n","protected":false},"excerpt":{"rendered":"<p>759 personas con discapacidad intelectual y grandes necesidades que participaron en el proyecto \u2018Mi Casa: una vida en Comunidad&#8217;, desarrollado desde hace tres a\u00f1os por Plena inclusi\u00f3n Espa\u00f1a.<\/p>\n","protected":false},"author":1,"featured_media":0,"comment_status":"closed","ping_status":"closed","sticky":false,"template":"","format":"standard","meta":{"footnotes":""},"categories":[8],"tags":[],"class_list":["post-10482","post","type-post","status-publish","format-standard","hentry","category-noticias"],"yoast_head":"<!-- This site is optimized with the Yoast SEO plugin v27.5 - https:\/\/yoast.com\/product\/yoast-seo-wordpress\/ -->\n<title>Las personas con discapacidad intelectual est\u00e1n m\u00e1s sanas, con mejor conducta y m\u00e1s felices si viven en comunidad - Asociaci\u00f3n Espa\u00f1ola S\u00edndrome de Charge<\/title>\n<meta name=\"robots\" content=\"index, follow, max-snippet:-1, max-image-preview:large, max-video-preview:-1\" \/>\n<link rel=\"canonical\" href=\"https:\/\/sindromecharge.es\/index.php\/2024\/10\/25\/las-personas-con-discapacidad-intelectual-estan-mas-sanas-con-mejor-conducta-mas-felices-si-viven-comunidad\/\" \/>\n<meta property=\"og:locale\" content=\"es_ES\" \/>\n<meta property=\"og:type\" content=\"article\" \/>\n<meta property=\"og:title\" content=\"Las personas con discapacidad intelectual est\u00e1n m\u00e1s sanas, con mejor conducta y m\u00e1s felices si viven en comunidad - Asociaci\u00f3n Espa\u00f1ola S\u00edndrome de Charge\" \/>\n<meta property=\"og:description\" content=\"759 personas con discapacidad intelectual y grandes necesidades que participaron en el proyecto \u2018Mi Casa: una vida en Comunidad&#8217;, desarrollado desde hace tres a\u00f1os por Plena inclusi\u00f3n Espa\u00f1a.\" \/>\n<meta property=\"og:url\" content=\"https:\/\/sindromecharge.es\/index.php\/2024\/10\/25\/las-personas-con-discapacidad-intelectual-estan-mas-sanas-con-mejor-conducta-mas-felices-si-viven-comunidad\/\" \/>\n<meta property=\"og:site_name\" content=\"Asociaci\u00f3n Espa\u00f1ola S\u00edndrome de Charge\" \/>\n<meta property=\"article:publisher\" content=\"https:\/\/www.facebook.com\/asociacionsindromecharge\" \/>\n<meta property=\"article:published_time\" content=\"2024-10-25T05:20:31+00:00\" \/>\n<meta property=\"og:image\" content=\"https:\/\/sindromecharge.es\/wp-content\/uploads\/2013\/09\/logodecharge300x98.png\" \/>\n\t<meta property=\"og:image:width\" content=\"300\" \/>\n\t<meta property=\"og:image:height\" content=\"98\" \/>\n\t<meta property=\"og:image:type\" content=\"image\/png\" \/>\n<meta name=\"author\" content=\"Charge\" \/>\n<meta name=\"twitter:card\" content=\"summary_large_image\" \/>\n<meta name=\"twitter:creator\" content=\"@sindromecharge\" \/>\n<meta name=\"twitter:site\" content=\"@sindromecharge\" \/>\n<meta name=\"twitter:label1\" content=\"Escrito por\" \/>\n\t<meta name=\"twitter:data1\" content=\"Charge\" \/>\n\t<meta name=\"twitter:label2\" content=\"Tiempo de lectura\" \/>\n\t<meta name=\"twitter:data2\" content=\"6 minutos\" \/>\n<script type=\"application\/ld+json\" class=\"yoast-schema-graph\">{\"@context\":\"https:\\\/\\\/schema.org\",\"@graph\":[{\"@type\":\"Article\",\"@id\":\"https:\\\/\\\/sindromecharge.es\\\/index.php\\\/2024\\\/10\\\/25\\\/las-personas-con-discapacidad-intelectual-estan-mas-sanas-con-mejor-conducta-mas-felices-si-viven-comunidad\\\/#article\",\"isPartOf\":{\"@id\":\"https:\\\/\\\/sindromecharge.es\\\/index.php\\\/2024\\\/10\\\/25\\\/las-personas-con-discapacidad-intelectual-estan-mas-sanas-con-mejor-conducta-mas-felices-si-viven-comunidad\\\/\"},\"author\":{\"name\":\"Charge\",\"@id\":\"https:\\\/\\\/sindromecharge.es\\\/#\\\/schema\\\/person\\\/39a60ebe0a2b4d5a11179701e336b039\"},\"headline\":\"Las personas con discapacidad intelectual est\u00e1n m\u00e1s sanas, con mejor conducta y m\u00e1s felices si viven en comunidad\",\"datePublished\":\"2024-10-25T05:20:31+00:00\",\"mainEntityOfPage\":{\"@id\":\"https:\\\/\\\/sindromecharge.es\\\/index.php\\\/2024\\\/10\\\/25\\\/las-personas-con-discapacidad-intelectual-estan-mas-sanas-con-mejor-conducta-mas-felices-si-viven-comunidad\\\/\"},\"wordCount\":1302,\"articleSection\":[\"noticias\"],\"inLanguage\":\"es\"},{\"@type\":\"WebPage\",\"@id\":\"https:\\\/\\\/sindromecharge.es\\\/index.php\\\/2024\\\/10\\\/25\\\/las-personas-con-discapacidad-intelectual-estan-mas-sanas-con-mejor-conducta-mas-felices-si-viven-comunidad\\\/\",\"url\":\"https:\\\/\\\/sindromecharge.es\\\/index.php\\\/2024\\\/10\\\/25\\\/las-personas-con-discapacidad-intelectual-estan-mas-sanas-con-mejor-conducta-mas-felices-si-viven-comunidad\\\/\",\"name\":\"Las personas con discapacidad intelectual est\u00e1n m\u00e1s sanas, con mejor conducta y m\u00e1s felices si viven en comunidad - Asociaci\u00f3n Espa\u00f1ola S\u00edndrome de Charge\",\"isPartOf\":{\"@id\":\"https:\\\/\\\/sindromecharge.es\\\/#website\"},\"datePublished\":\"2024-10-25T05:20:31+00:00\",\"author\":{\"@id\":\"https:\\\/\\\/sindromecharge.es\\\/#\\\/schema\\\/person\\\/39a60ebe0a2b4d5a11179701e336b039\"},\"breadcrumb\":{\"@id\":\"https:\\\/\\\/sindromecharge.es\\\/index.php\\\/2024\\\/10\\\/25\\\/las-personas-con-discapacidad-intelectual-estan-mas-sanas-con-mejor-conducta-mas-felices-si-viven-comunidad\\\/#breadcrumb\"},\"inLanguage\":\"es\",\"potentialAction\":[{\"@type\":\"ReadAction\",\"target\":[\"https:\\\/\\\/sindromecharge.es\\\/index.php\\\/2024\\\/10\\\/25\\\/las-personas-con-discapacidad-intelectual-estan-mas-sanas-con-mejor-conducta-mas-felices-si-viven-comunidad\\\/\"]}]},{\"@type\":\"BreadcrumbList\",\"@id\":\"https:\\\/\\\/sindromecharge.es\\\/index.php\\\/2024\\\/10\\\/25\\\/las-personas-con-discapacidad-intelectual-estan-mas-sanas-con-mejor-conducta-mas-felices-si-viven-comunidad\\\/#breadcrumb\",\"itemListElement\":[{\"@type\":\"ListItem\",\"position\":1,\"name\":\"Portada\",\"item\":\"https:\\\/\\\/sindromecharge.es\\\/\"},{\"@type\":\"ListItem\",\"position\":2,\"name\":\"Las personas con discapacidad intelectual est\u00e1n m\u00e1s sanas, con mejor conducta y m\u00e1s felices si viven en comunidad\"}]},{\"@type\":\"WebSite\",\"@id\":\"https:\\\/\\\/sindromecharge.es\\\/#website\",\"url\":\"https:\\\/\\\/sindromecharge.es\\\/\",\"name\":\"Asociaci\u00f3n Espa\u00f1ola S\u00edndrome de Charge\",\"description\":\"\",\"potentialAction\":[{\"@type\":\"SearchAction\",\"target\":{\"@type\":\"EntryPoint\",\"urlTemplate\":\"https:\\\/\\\/sindromecharge.es\\\/?s={search_term_string}\"},\"query-input\":{\"@type\":\"PropertyValueSpecification\",\"valueRequired\":true,\"valueName\":\"search_term_string\"}}],\"inLanguage\":\"es\"},{\"@type\":\"Person\",\"@id\":\"https:\\\/\\\/sindromecharge.es\\\/#\\\/schema\\\/person\\\/39a60ebe0a2b4d5a11179701e336b039\",\"name\":\"Charge\",\"image\":{\"@type\":\"ImageObject\",\"inLanguage\":\"es\",\"@id\":\"https:\\\/\\\/secure.gravatar.com\\\/avatar\\\/c3b46e32a0fc3b093a0873fb767bf3293de856293065e84ef06b7ec7a8acfb98?s=96&d=identicon&r=x\",\"url\":\"https:\\\/\\\/secure.gravatar.com\\\/avatar\\\/c3b46e32a0fc3b093a0873fb767bf3293de856293065e84ef06b7ec7a8acfb98?s=96&d=identicon&r=x\",\"contentUrl\":\"https:\\\/\\\/secure.gravatar.com\\\/avatar\\\/c3b46e32a0fc3b093a0873fb767bf3293de856293065e84ef06b7ec7a8acfb98?s=96&d=identicon&r=x\",\"caption\":\"Charge\"},\"url\":\"https:\\\/\\\/sindromecharge.es\\\/index.php\\\/author\\\/admin\\\/\"}]}<\/script>\n<!-- \/ Yoast SEO plugin. -->","yoast_head_json":{"title":"Las personas con discapacidad intelectual est\u00e1n m\u00e1s sanas, con mejor conducta y m\u00e1s felices si viven en comunidad - Asociaci\u00f3n Espa\u00f1ola S\u00edndrome de Charge","robots":{"index":"index","follow":"follow","max-snippet":"max-snippet:-1","max-image-preview":"max-image-preview:large","max-video-preview":"max-video-preview:-1"},"canonical":"https:\/\/sindromecharge.es\/index.php\/2024\/10\/25\/las-personas-con-discapacidad-intelectual-estan-mas-sanas-con-mejor-conducta-mas-felices-si-viven-comunidad\/","og_locale":"es_ES","og_type":"article","og_title":"Las personas con discapacidad intelectual est\u00e1n m\u00e1s sanas, con mejor conducta y m\u00e1s felices si viven en comunidad - Asociaci\u00f3n Espa\u00f1ola S\u00edndrome de Charge","og_description":"759 personas con discapacidad intelectual y grandes necesidades que participaron en el proyecto \u2018Mi Casa: una vida en Comunidad&#8217;, desarrollado desde hace tres a\u00f1os por Plena inclusi\u00f3n Espa\u00f1a.","og_url":"https:\/\/sindromecharge.es\/index.php\/2024\/10\/25\/las-personas-con-discapacidad-intelectual-estan-mas-sanas-con-mejor-conducta-mas-felices-si-viven-comunidad\/","og_site_name":"Asociaci\u00f3n Espa\u00f1ola S\u00edndrome de Charge","article_publisher":"https:\/\/www.facebook.com\/asociacionsindromecharge","article_published_time":"2024-10-25T05:20:31+00:00","og_image":[{"width":300,"height":98,"url":"https:\/\/sindromecharge.es\/wp-content\/uploads\/2013\/09\/logodecharge300x98.png","type":"image\/png"}],"author":"Charge","twitter_card":"summary_large_image","twitter_creator":"@sindromecharge","twitter_site":"@sindromecharge","twitter_misc":{"Escrito por":"Charge","Tiempo de lectura":"6 minutos"},"schema":{"@context":"https:\/\/schema.org","@graph":[{"@type":"Article","@id":"https:\/\/sindromecharge.es\/index.php\/2024\/10\/25\/las-personas-con-discapacidad-intelectual-estan-mas-sanas-con-mejor-conducta-mas-felices-si-viven-comunidad\/#article","isPartOf":{"@id":"https:\/\/sindromecharge.es\/index.php\/2024\/10\/25\/las-personas-con-discapacidad-intelectual-estan-mas-sanas-con-mejor-conducta-mas-felices-si-viven-comunidad\/"},"author":{"name":"Charge","@id":"https:\/\/sindromecharge.es\/#\/schema\/person\/39a60ebe0a2b4d5a11179701e336b039"},"headline":"Las personas con discapacidad intelectual est\u00e1n m\u00e1s sanas, con mejor conducta y m\u00e1s felices si viven en comunidad","datePublished":"2024-10-25T05:20:31+00:00","mainEntityOfPage":{"@id":"https:\/\/sindromecharge.es\/index.php\/2024\/10\/25\/las-personas-con-discapacidad-intelectual-estan-mas-sanas-con-mejor-conducta-mas-felices-si-viven-comunidad\/"},"wordCount":1302,"articleSection":["noticias"],"inLanguage":"es"},{"@type":"WebPage","@id":"https:\/\/sindromecharge.es\/index.php\/2024\/10\/25\/las-personas-con-discapacidad-intelectual-estan-mas-sanas-con-mejor-conducta-mas-felices-si-viven-comunidad\/","url":"https:\/\/sindromecharge.es\/index.php\/2024\/10\/25\/las-personas-con-discapacidad-intelectual-estan-mas-sanas-con-mejor-conducta-mas-felices-si-viven-comunidad\/","name":"Las personas con discapacidad intelectual est\u00e1n m\u00e1s sanas, con mejor conducta y m\u00e1s felices si viven en comunidad - Asociaci\u00f3n Espa\u00f1ola S\u00edndrome de Charge","isPartOf":{"@id":"https:\/\/sindromecharge.es\/#website"},"datePublished":"2024-10-25T05:20:31+00:00","author":{"@id":"https:\/\/sindromecharge.es\/#\/schema\/person\/39a60ebe0a2b4d5a11179701e336b039"},"breadcrumb":{"@id":"https:\/\/sindromecharge.es\/index.php\/2024\/10\/25\/las-personas-con-discapacidad-intelectual-estan-mas-sanas-con-mejor-conducta-mas-felices-si-viven-comunidad\/#breadcrumb"},"inLanguage":"es","potentialAction":[{"@type":"ReadAction","target":["https:\/\/sindromecharge.es\/index.php\/2024\/10\/25\/las-personas-con-discapacidad-intelectual-estan-mas-sanas-con-mejor-conducta-mas-felices-si-viven-comunidad\/"]}]},{"@type":"BreadcrumbList","@id":"https:\/\/sindromecharge.es\/index.php\/2024\/10\/25\/las-personas-con-discapacidad-intelectual-estan-mas-sanas-con-mejor-conducta-mas-felices-si-viven-comunidad\/#breadcrumb","itemListElement":[{"@type":"ListItem","position":1,"name":"Portada","item":"https:\/\/sindromecharge.es\/"},{"@type":"ListItem","position":2,"name":"Las personas con discapacidad intelectual est\u00e1n m\u00e1s sanas, con mejor conducta y m\u00e1s felices si viven en comunidad"}]},{"@type":"WebSite","@id":"https:\/\/sindromecharge.es\/#website","url":"https:\/\/sindromecharge.es\/","name":"Asociaci\u00f3n Espa\u00f1ola S\u00edndrome de Charge","description":"","potentialAction":[{"@type":"SearchAction","target":{"@type":"EntryPoint","urlTemplate":"https:\/\/sindromecharge.es\/?s={search_term_string}"},"query-input":{"@type":"PropertyValueSpecification","valueRequired":true,"valueName":"search_term_string"}}],"inLanguage":"es"},{"@type":"Person","@id":"https:\/\/sindromecharge.es\/#\/schema\/person\/39a60ebe0a2b4d5a11179701e336b039","name":"Charge","image":{"@type":"ImageObject","inLanguage":"es","@id":"https:\/\/secure.gravatar.com\/avatar\/c3b46e32a0fc3b093a0873fb767bf3293de856293065e84ef06b7ec7a8acfb98?s=96&d=identicon&r=x","url":"https:\/\/secure.gravatar.com\/avatar\/c3b46e32a0fc3b093a0873fb767bf3293de856293065e84ef06b7ec7a8acfb98?s=96&d=identicon&r=x","contentUrl":"https:\/\/secure.gravatar.com\/avatar\/c3b46e32a0fc3b093a0873fb767bf3293de856293065e84ef06b7ec7a8acfb98?s=96&d=identicon&r=x","caption":"Charge"},"url":"https:\/\/sindromecharge.es\/index.php\/author\/admin\/"}]}},"_links":{"self":[{"href":"https:\/\/sindromecharge.es\/index.php\/wp-json\/wp\/v2\/posts\/10482","targetHints":{"allow":["GET"]}}],"collection":[{"href":"https:\/\/sindromecharge.es\/index.php\/wp-json\/wp\/v2\/posts"}],"about":[{"href":"https:\/\/sindromecharge.es\/index.php\/wp-json\/wp\/v2\/types\/post"}],"author":[{"embeddable":true,"href":"https:\/\/sindromecharge.es\/index.php\/wp-json\/wp\/v2\/users\/1"}],"replies":[{"embeddable":true,"href":"https:\/\/sindromecharge.es\/index.php\/wp-json\/wp\/v2\/comments?post=10482"}],"version-history":[{"count":0,"href":"https:\/\/sindromecharge.es\/index.php\/wp-json\/wp\/v2\/posts\/10482\/revisions"}],"wp:attachment":[{"href":"https:\/\/sindromecharge.es\/index.php\/wp-json\/wp\/v2\/media?parent=10482"}],"wp:term":[{"taxonomy":"category","embeddable":true,"href":"https:\/\/sindromecharge.es\/index.php\/wp-json\/wp\/v2\/categories?post=10482"},{"taxonomy":"post_tag","embeddable":true,"href":"https:\/\/sindromecharge.es\/index.php\/wp-json\/wp\/v2\/tags?post=10482"}],"curies":[{"name":"wp","href":"https:\/\/api.w.org\/{rel}","templated":true}]}}