{"id":10481,"date":"2024-10-24T05:23:16","date_gmt":"2024-10-24T05:23:16","guid":{"rendered":"https:\/\/sindromecharge.es\/index.php\/2024\/10\/24\/los-afectados-por-polio-siguen-demandando-atencion-dia-mundial-enfermedad-seguimos-siendo-excluidos\/"},"modified":"2024-10-24T05:23:16","modified_gmt":"2024-10-24T05:23:16","slug":"los-afectados-por-polio-siguen-demandando-atencion-dia-mundial-enfermedad-seguimos-siendo-excluidos","status":"publish","type":"post","link":"https:\/\/sindromecharge.es\/index.php\/2024\/10\/24\/los-afectados-por-polio-siguen-demandando-atencion-dia-mundial-enfermedad-seguimos-siendo-excluidos\/","title":{"rendered":"Los afectados por polio demandan atenci\u00f3n en el d\u00eda mundial de la enfermedad: \u00abSeguimos siendo excluidos\u00bb"},"content":{"rendered":"<p>Leemos en Discapacidad la siguiente noticia que os reproducimos de forma \u00edntegra: <\/p>\n<div>\n<p>Como cada 24 de octubre, se celebra e<b>l d\u00eda mundial de la lucha contra la <a href=\"https:\/\/www.20minutos.es\/minuteca\/polio\/\" title=\"Polio\" target=\"_blank\" rel=\"noopener\">polio<\/a> y el s\u00edndrome postpolio<\/b>, una fecha que las entidades representativas de las personas afectadas aprovechan para recordar que la polio a\u00fan existe y, sobre todo, sus consecuencias.<\/p>\n<p>Esta enfermedad, provocada por un virus, puede ser leve en la mayor\u00eda de los casos, pero, cuando se produce en la infancia es m\u00e1s probable que <b>afecte a la m\u00e9dula espinal causando debilidad muscular y par\u00e1lisis<\/b>. Adem\u00e1s, puede generar lo que se conoce como<b> s\u00edndrome postpolio (SPP)<\/b>, que es la aparici\u00f3n, de forma improvisada o gradual, unos a\u00f1os despu\u00e9s de haber tenido la infecci\u00f3n, de debilidad, atrofia muscular, escoliosis o fatiga, entre otras <b>secuelas generadoras de <a href=\"https:\/\/www.20minutos.es\/minuteca\/discapacidad\/\" title=\"Discapacidad\" target=\"_blank\" rel=\"noopener\">discapacidad<\/a><\/b>.<\/p>\n<p>Se calcula que, en la actualidad<b>, todav\u00eda quedan unas 40.000 personas <\/b>con secuelas de esta enfermedad o s\u00edndrome postpolio. Sin embargo, como alertan desde la <b>Asociaci\u00f3n Afectados de Polio y S\u00edndrome Postpolio<\/b>, no existe un censo y alertan de que la cifra puede ser mucho mayor, \u00aben el fin de la dictadura se dijo que hab\u00eda unos 36.000 casos, seg\u00fan el Instituto de Salud Carlos III, pero nosotros encontramos en un trabajo realizado durante la transici\u00f3n democr\u00e1tica la cifra de 300.000 casos\u00bb, n\u00famero que coincide con los 300.000 que \u00abdijeron que eran de los registros del INEM\u00bb, explica<b> Lola Corrales, presidenta de la asociaci\u00f3n<\/b>.<\/p>\n<p>Para paliar esta falta de datos, desde la Asociaci\u00f3n piden, en primer lugar, \u00ab<b>un censo oficial de afectados de polio\u00bb<\/b>, algo que, aseguran, no se ha hecho, \u00abdurante el gobierno de Rajoy, la OMS advirti\u00f3 a Espa\u00f1a que no detectaba todos los casos de par\u00e1lisis fl\u00e1cida aguda (PAF)\u00bb, clave para la identificaci\u00f3n de los poliovirus y para lograr la <b>erradicaci\u00f3n de la poliomielitis<\/b>.<\/p>\n<p>Aunque esta no es, ni mucho menos, la \u00fanica reivindicaci\u00f3n de los afectados, que se sienten, como explica Lola Corrales, \u00aben un eterno comienzo\u00bb, pues en 25 a\u00f1os que tiene la asociaci\u00f3n, nunca se han percibido realmente escuchados, \u00absirva como ejemplo que el 2006, solicitamos al gobierno de Zapatero nuestra inclusi\u00f3n en la<b> Ley de Memoria Hist\u00f3rica<\/b>, y en la actual <b>Ley de Memoria Democr\u00e1tica<\/b>, tras algunos rechazos, nos han incluido en la disposici\u00f3n adicional und\u00e9cima, y todo es a futuro.  Y eligen representantes y aprueban documentos sin tenernos en cuenta\u00bb, lamenta.<\/p>\n<p>En esta disposici\u00f3n se dice literalmente que se reconoce \u00abel sufrimiento padecido por las personas que fueron afectadas por el poliovirus\u00bb y que el Gobierno \u00abpromover\u00e1 investigaciones y estudios que esclarezcan la verdad de lo acaecido respecto de la <b>expansi\u00f3n de la epidemia durante la dictadura franquista<\/b>, as\u00ed como las medidas de car\u00e1cter sanitario y social en favor de las personas afectadas por la polio, efectos tard\u00edos de la polio y post-polio, que posibiliten su calidad de vida\u00bb. Una disposici\u00f3n que, desde esta y otras asociaciones aseguran que no se ha desarrollado todav\u00eda.<\/p>\n<p>En este cuarto de siglo <b>lo que han conseguido por parte de la administraci\u00f3n<\/b> ha sido bastante escaso. Solo, como se\u00f1ala Corrales, \u00abla modificaci\u00f3n del Real Decreto 1851\/2009, de 4 de diciembre\u00bb, lo que se traduce en que se incluy\u00f3 las secuelas de la polio y el s\u00edndrome post-polio entre las enfermedades por las que se puede pedir sin penalizaci\u00f3n a partir de los 56 a\u00f1os \u00abla <a href=\"https:\/\/www.20minutos.es\/minuteca\/jubilacion-anticipada\/\" title=\"Jubilaci\u00f3n anticipada\" target=\"_blank\" rel=\"noopener\">jubilaci\u00f3n<\/a> de los trabajadores con discapacidad en grado igual o superior al 45 por ciento\u00bb. <\/p>\n<h2>\u00bfQu\u00e9 piden los afectados por la polio en Espa\u00f1a?<\/h2>\n<p>Desde la Asociaci\u00f3n Afectados de Polio y S\u00edndrome Postpolio recuerdan que llevan casi 25 a\u00f1os sin apenas ser escuchados, ni siquiera tras presentar en 2018 y 2019, tanto en el Congreso como en el Ministerio de Sanidad, <b>una serie de propuestas y reivindicaciones<\/b> que resumen en cinco puntos.<\/p>\n<p><b>Conocer la realidad de la polio y sus consecuencias<\/b>. Para ellos, solicitan la elaboraci\u00f3n de un informe con expertos que contenga informaci\u00f3n veraz sobre las causas y afectaciones del s\u00edndrome post-polio, diagn\u00f3stico, pron\u00f3stico y la mejor forma de abordarla y tratarla, mediante \u00abcirug\u00eda ortop\u00e9dica, clarificaci\u00f3n sobre la pr\u00e1ctica del ejercicio f\u00edsico y la rehabilitaci\u00f3n\u00bb. Que en este informe se analice tambi\u00e9n \u00abla situaci\u00f3n sobre la investigaci\u00f3n cient\u00edfica\u00bb, los proyectos que hay en marcha en Espa\u00f1a y en el \u00e1mbito internacional.<\/p>\n<p><b>Que se les valore adecuadamente en el reconocimiento de la <a href=\"https:\/\/www.20minutos.es\/minuteca\/discapacidad\/\" title=\"Discapacidad\" target=\"_blank\" rel=\"noopener\">discapacidad<\/a> y la <a href=\"https:\/\/www.20minutos.es\/minuteca\/dependencia\/\" title=\"Dependencia\" target=\"_blank\" rel=\"noopener\">dependencia<\/a><\/b>, pues denuncian que \u00abla mayor\u00eda de los afectados nunca han sido valorados adecuadamente\u00bb.<\/p>\n<p><b>Realizar campa\u00f1as informativas<\/b>, que profundicen en la existencia del s\u00edndrome post-polio y sus necesidades, \u00abque ayude al afectado ante la incomprensi\u00f3n existente en muchas ocasiones, en el \u00e1mbito familiar, laboral, etc.\u00bb. <\/p>\n<p><b>Un Plan Nacional de Atenci\u00f3n Integral <\/b>para las Personas Afectadas de Polio y S\u00edndrome Post-Polio, algo que llevan pidiendo 15 a\u00f1os al Ministerio de Sanidad. Este plan deber\u00eda incluir, entre otros, \u00abla elaboraci\u00f3n <b>un censo fiable de afectados<\/b>, investigaci\u00f3n cient\u00edfica y tratamientos de las causas del s\u00edndrome post-polio, atenci\u00f3n de los afectados, cuidadores, entorno familiar, atenci\u00f3n en la tercera edad. En la reuni\u00f3n que mantuvimos en el Congreso de los Diputados con representantes del PSOE, reiteramos esta petici\u00f3n, terminar por fin con los incumplimientos y las injusticias cometidas contra nosotros\u00bb.<\/p>\n<p><b>Que se salde la deuda hist\u00f3rica <\/b>que el estado tiene con las personas afectadas de poliomielitis, \u00absolicitamos, como en otras ocasiones, verdad, justicia y reparaci\u00f3n. Somos los primeros que lo planteamos en los tribunales, diciembre de 2003, y con ello nuestra condici\u00f3n de v\u00edctimas de la Dictadura, el asunto de la<b> falta de vacunaci\u00f3n contra la polio<\/b> y dem\u00e1s incidentes relacionados con la vacuna, hasta la desatenci\u00f3n en el s\u00edndrome post-polio\u00bb.<\/p>\n<p>A pesar de estas reivindicaciones, tras casi un cuarto de siglo, los afectados aseguran que contin\u00faan igual \u00ab<b>la democracia ocult\u00f3 lo ocurrido<\/b> en la dictadura con la polio. Nuestra Asociaci\u00f3n lleva 24 a\u00f1os luchando por nuestros derechos en el presente y el reconocimiento del da\u00f1o en el pasado, incluso en los tribunales. Sin embargo, seguimos siendo excluidos en los proyectos de investigaci\u00f3n cient\u00edfico-m\u00e9dica y de la atenci\u00f3n m\u00e9dica adecuada. Seguimos luchando contra todo tipo de barreras que impiden o dificultan nuestro d\u00eda a d\u00eda, cada vez m\u00e1s\u00bb. <\/p>\n<\/div>\n<p>Fuente: Discapacidad https:\/\/www.20minutos.es\/noticia\/5646856\/0\/los-afectados-por-polio-siguen-demandando-atencion-dia-mundial-enfermedad-seguimos-siendo-excluidos\/<\/p>\n","protected":false},"excerpt":{"rendered":"<p>La Asociaci\u00f3n Afectados de Polio y S\u00edndrome Postpolio demandan, un a\u00f1o m\u00e1s, que se escuchen sus reivindicaciones.<\/p>\n","protected":false},"author":1,"featured_media":0,"comment_status":"closed","ping_status":"closed","sticky":false,"template":"","format":"standard","meta":{"footnotes":""},"categories":[8],"tags":[],"class_list":["post-10481","post","type-post","status-publish","format-standard","hentry","category-noticias"],"yoast_head":"<!-- This site is optimized with the Yoast SEO plugin v27.5 - https:\/\/yoast.com\/product\/yoast-seo-wordpress\/ -->\n<title>Los afectados por polio demandan atenci\u00f3n en el d\u00eda mundial de la enfermedad: &quot;Seguimos siendo excluidos&quot; - Asociaci\u00f3n Espa\u00f1ola S\u00edndrome de Charge<\/title>\n<meta name=\"robots\" content=\"index, follow, max-snippet:-1, max-image-preview:large, max-video-preview:-1\" \/>\n<link rel=\"canonical\" href=\"https:\/\/sindromecharge.es\/index.php\/2024\/10\/24\/los-afectados-por-polio-siguen-demandando-atencion-dia-mundial-enfermedad-seguimos-siendo-excluidos\/\" \/>\n<meta property=\"og:locale\" content=\"es_ES\" \/>\n<meta property=\"og:type\" content=\"article\" \/>\n<meta property=\"og:title\" content=\"Los afectados por polio demandan atenci\u00f3n en el d\u00eda mundial de la enfermedad: &quot;Seguimos siendo excluidos&quot; - Asociaci\u00f3n Espa\u00f1ola S\u00edndrome de Charge\" \/>\n<meta property=\"og:description\" content=\"La Asociaci\u00f3n Afectados de Polio y S\u00edndrome Postpolio demandan, un a\u00f1o m\u00e1s, que se escuchen sus reivindicaciones.\" \/>\n<meta property=\"og:url\" content=\"https:\/\/sindromecharge.es\/index.php\/2024\/10\/24\/los-afectados-por-polio-siguen-demandando-atencion-dia-mundial-enfermedad-seguimos-siendo-excluidos\/\" \/>\n<meta property=\"og:site_name\" content=\"Asociaci\u00f3n Espa\u00f1ola S\u00edndrome de Charge\" \/>\n<meta property=\"article:publisher\" content=\"https:\/\/www.facebook.com\/asociacionsindromecharge\" \/>\n<meta property=\"article:published_time\" content=\"2024-10-24T05:23:16+00:00\" \/>\n<meta property=\"og:image\" content=\"https:\/\/sindromecharge.es\/wp-content\/uploads\/2013\/09\/logodecharge300x98.png\" \/>\n\t<meta property=\"og:image:width\" content=\"300\" \/>\n\t<meta property=\"og:image:height\" content=\"98\" \/>\n\t<meta property=\"og:image:type\" content=\"image\/png\" \/>\n<meta name=\"author\" content=\"Charge\" \/>\n<meta name=\"twitter:card\" content=\"summary_large_image\" \/>\n<meta name=\"twitter:creator\" content=\"@sindromecharge\" \/>\n<meta name=\"twitter:site\" content=\"@sindromecharge\" \/>\n<meta name=\"twitter:label1\" content=\"Escrito por\" \/>\n\t<meta name=\"twitter:data1\" content=\"Charge\" \/>\n\t<meta name=\"twitter:label2\" content=\"Tiempo de lectura\" \/>\n\t<meta name=\"twitter:data2\" content=\"6 minutos\" \/>\n<script type=\"application\/ld+json\" class=\"yoast-schema-graph\">{\"@context\":\"https:\\\/\\\/schema.org\",\"@graph\":[{\"@type\":\"Article\",\"@id\":\"https:\\\/\\\/sindromecharge.es\\\/index.php\\\/2024\\\/10\\\/24\\\/los-afectados-por-polio-siguen-demandando-atencion-dia-mundial-enfermedad-seguimos-siendo-excluidos\\\/#article\",\"isPartOf\":{\"@id\":\"https:\\\/\\\/sindromecharge.es\\\/index.php\\\/2024\\\/10\\\/24\\\/los-afectados-por-polio-siguen-demandando-atencion-dia-mundial-enfermedad-seguimos-siendo-excluidos\\\/\"},\"author\":{\"name\":\"Charge\",\"@id\":\"https:\\\/\\\/sindromecharge.es\\\/#\\\/schema\\\/person\\\/39a60ebe0a2b4d5a11179701e336b039\"},\"headline\":\"Los afectados por polio demandan atenci\u00f3n en el d\u00eda mundial de la enfermedad: \u00abSeguimos siendo excluidos\u00bb\",\"datePublished\":\"2024-10-24T05:23:16+00:00\",\"mainEntityOfPage\":{\"@id\":\"https:\\\/\\\/sindromecharge.es\\\/index.php\\\/2024\\\/10\\\/24\\\/los-afectados-por-polio-siguen-demandando-atencion-dia-mundial-enfermedad-seguimos-siendo-excluidos\\\/\"},\"wordCount\":1124,\"articleSection\":[\"noticias\"],\"inLanguage\":\"es\"},{\"@type\":\"WebPage\",\"@id\":\"https:\\\/\\\/sindromecharge.es\\\/index.php\\\/2024\\\/10\\\/24\\\/los-afectados-por-polio-siguen-demandando-atencion-dia-mundial-enfermedad-seguimos-siendo-excluidos\\\/\",\"url\":\"https:\\\/\\\/sindromecharge.es\\\/index.php\\\/2024\\\/10\\\/24\\\/los-afectados-por-polio-siguen-demandando-atencion-dia-mundial-enfermedad-seguimos-siendo-excluidos\\\/\",\"name\":\"Los afectados por polio demandan atenci\u00f3n en el d\u00eda mundial de la enfermedad: \\\"Seguimos siendo excluidos\\\" - Asociaci\u00f3n Espa\u00f1ola S\u00edndrome de Charge\",\"isPartOf\":{\"@id\":\"https:\\\/\\\/sindromecharge.es\\\/#website\"},\"datePublished\":\"2024-10-24T05:23:16+00:00\",\"author\":{\"@id\":\"https:\\\/\\\/sindromecharge.es\\\/#\\\/schema\\\/person\\\/39a60ebe0a2b4d5a11179701e336b039\"},\"breadcrumb\":{\"@id\":\"https:\\\/\\\/sindromecharge.es\\\/index.php\\\/2024\\\/10\\\/24\\\/los-afectados-por-polio-siguen-demandando-atencion-dia-mundial-enfermedad-seguimos-siendo-excluidos\\\/#breadcrumb\"},\"inLanguage\":\"es\",\"potentialAction\":[{\"@type\":\"ReadAction\",\"target\":[\"https:\\\/\\\/sindromecharge.es\\\/index.php\\\/2024\\\/10\\\/24\\\/los-afectados-por-polio-siguen-demandando-atencion-dia-mundial-enfermedad-seguimos-siendo-excluidos\\\/\"]}]},{\"@type\":\"BreadcrumbList\",\"@id\":\"https:\\\/\\\/sindromecharge.es\\\/index.php\\\/2024\\\/10\\\/24\\\/los-afectados-por-polio-siguen-demandando-atencion-dia-mundial-enfermedad-seguimos-siendo-excluidos\\\/#breadcrumb\",\"itemListElement\":[{\"@type\":\"ListItem\",\"position\":1,\"name\":\"Portada\",\"item\":\"https:\\\/\\\/sindromecharge.es\\\/\"},{\"@type\":\"ListItem\",\"position\":2,\"name\":\"Los afectados por polio demandan atenci\u00f3n en el d\u00eda mundial de la enfermedad: &#8220;Seguimos siendo excluidos&#8221;\"}]},{\"@type\":\"WebSite\",\"@id\":\"https:\\\/\\\/sindromecharge.es\\\/#website\",\"url\":\"https:\\\/\\\/sindromecharge.es\\\/\",\"name\":\"Asociaci\u00f3n Espa\u00f1ola S\u00edndrome de Charge\",\"description\":\"\",\"potentialAction\":[{\"@type\":\"SearchAction\",\"target\":{\"@type\":\"EntryPoint\",\"urlTemplate\":\"https:\\\/\\\/sindromecharge.es\\\/?s={search_term_string}\"},\"query-input\":{\"@type\":\"PropertyValueSpecification\",\"valueRequired\":true,\"valueName\":\"search_term_string\"}}],\"inLanguage\":\"es\"},{\"@type\":\"Person\",\"@id\":\"https:\\\/\\\/sindromecharge.es\\\/#\\\/schema\\\/person\\\/39a60ebe0a2b4d5a11179701e336b039\",\"name\":\"Charge\",\"image\":{\"@type\":\"ImageObject\",\"inLanguage\":\"es\",\"@id\":\"https:\\\/\\\/secure.gravatar.com\\\/avatar\\\/c3b46e32a0fc3b093a0873fb767bf3293de856293065e84ef06b7ec7a8acfb98?s=96&d=identicon&r=x\",\"url\":\"https:\\\/\\\/secure.gravatar.com\\\/avatar\\\/c3b46e32a0fc3b093a0873fb767bf3293de856293065e84ef06b7ec7a8acfb98?s=96&d=identicon&r=x\",\"contentUrl\":\"https:\\\/\\\/secure.gravatar.com\\\/avatar\\\/c3b46e32a0fc3b093a0873fb767bf3293de856293065e84ef06b7ec7a8acfb98?s=96&d=identicon&r=x\",\"caption\":\"Charge\"},\"url\":\"https:\\\/\\\/sindromecharge.es\\\/index.php\\\/author\\\/admin\\\/\"}]}<\/script>\n<!-- \/ Yoast SEO plugin. -->","yoast_head_json":{"title":"Los afectados por polio demandan atenci\u00f3n en el d\u00eda mundial de la enfermedad: \"Seguimos siendo excluidos\" - Asociaci\u00f3n Espa\u00f1ola S\u00edndrome de Charge","robots":{"index":"index","follow":"follow","max-snippet":"max-snippet:-1","max-image-preview":"max-image-preview:large","max-video-preview":"max-video-preview:-1"},"canonical":"https:\/\/sindromecharge.es\/index.php\/2024\/10\/24\/los-afectados-por-polio-siguen-demandando-atencion-dia-mundial-enfermedad-seguimos-siendo-excluidos\/","og_locale":"es_ES","og_type":"article","og_title":"Los afectados por polio demandan atenci\u00f3n en el d\u00eda mundial de la enfermedad: \"Seguimos siendo excluidos\" - Asociaci\u00f3n Espa\u00f1ola S\u00edndrome de Charge","og_description":"La Asociaci\u00f3n Afectados de Polio y S\u00edndrome Postpolio demandan, un a\u00f1o m\u00e1s, que se escuchen sus reivindicaciones.","og_url":"https:\/\/sindromecharge.es\/index.php\/2024\/10\/24\/los-afectados-por-polio-siguen-demandando-atencion-dia-mundial-enfermedad-seguimos-siendo-excluidos\/","og_site_name":"Asociaci\u00f3n Espa\u00f1ola S\u00edndrome de Charge","article_publisher":"https:\/\/www.facebook.com\/asociacionsindromecharge","article_published_time":"2024-10-24T05:23:16+00:00","og_image":[{"width":300,"height":98,"url":"https:\/\/sindromecharge.es\/wp-content\/uploads\/2013\/09\/logodecharge300x98.png","type":"image\/png"}],"author":"Charge","twitter_card":"summary_large_image","twitter_creator":"@sindromecharge","twitter_site":"@sindromecharge","twitter_misc":{"Escrito por":"Charge","Tiempo de lectura":"6 minutos"},"schema":{"@context":"https:\/\/schema.org","@graph":[{"@type":"Article","@id":"https:\/\/sindromecharge.es\/index.php\/2024\/10\/24\/los-afectados-por-polio-siguen-demandando-atencion-dia-mundial-enfermedad-seguimos-siendo-excluidos\/#article","isPartOf":{"@id":"https:\/\/sindromecharge.es\/index.php\/2024\/10\/24\/los-afectados-por-polio-siguen-demandando-atencion-dia-mundial-enfermedad-seguimos-siendo-excluidos\/"},"author":{"name":"Charge","@id":"https:\/\/sindromecharge.es\/#\/schema\/person\/39a60ebe0a2b4d5a11179701e336b039"},"headline":"Los afectados por polio demandan atenci\u00f3n en el d\u00eda mundial de la enfermedad: \u00abSeguimos siendo excluidos\u00bb","datePublished":"2024-10-24T05:23:16+00:00","mainEntityOfPage":{"@id":"https:\/\/sindromecharge.es\/index.php\/2024\/10\/24\/los-afectados-por-polio-siguen-demandando-atencion-dia-mundial-enfermedad-seguimos-siendo-excluidos\/"},"wordCount":1124,"articleSection":["noticias"],"inLanguage":"es"},{"@type":"WebPage","@id":"https:\/\/sindromecharge.es\/index.php\/2024\/10\/24\/los-afectados-por-polio-siguen-demandando-atencion-dia-mundial-enfermedad-seguimos-siendo-excluidos\/","url":"https:\/\/sindromecharge.es\/index.php\/2024\/10\/24\/los-afectados-por-polio-siguen-demandando-atencion-dia-mundial-enfermedad-seguimos-siendo-excluidos\/","name":"Los afectados por polio demandan atenci\u00f3n en el d\u00eda mundial de la enfermedad: \"Seguimos siendo excluidos\" - Asociaci\u00f3n Espa\u00f1ola S\u00edndrome de Charge","isPartOf":{"@id":"https:\/\/sindromecharge.es\/#website"},"datePublished":"2024-10-24T05:23:16+00:00","author":{"@id":"https:\/\/sindromecharge.es\/#\/schema\/person\/39a60ebe0a2b4d5a11179701e336b039"},"breadcrumb":{"@id":"https:\/\/sindromecharge.es\/index.php\/2024\/10\/24\/los-afectados-por-polio-siguen-demandando-atencion-dia-mundial-enfermedad-seguimos-siendo-excluidos\/#breadcrumb"},"inLanguage":"es","potentialAction":[{"@type":"ReadAction","target":["https:\/\/sindromecharge.es\/index.php\/2024\/10\/24\/los-afectados-por-polio-siguen-demandando-atencion-dia-mundial-enfermedad-seguimos-siendo-excluidos\/"]}]},{"@type":"BreadcrumbList","@id":"https:\/\/sindromecharge.es\/index.php\/2024\/10\/24\/los-afectados-por-polio-siguen-demandando-atencion-dia-mundial-enfermedad-seguimos-siendo-excluidos\/#breadcrumb","itemListElement":[{"@type":"ListItem","position":1,"name":"Portada","item":"https:\/\/sindromecharge.es\/"},{"@type":"ListItem","position":2,"name":"Los afectados por polio demandan atenci\u00f3n en el d\u00eda mundial de la enfermedad: &#8220;Seguimos siendo excluidos&#8221;"}]},{"@type":"WebSite","@id":"https:\/\/sindromecharge.es\/#website","url":"https:\/\/sindromecharge.es\/","name":"Asociaci\u00f3n Espa\u00f1ola S\u00edndrome de Charge","description":"","potentialAction":[{"@type":"SearchAction","target":{"@type":"EntryPoint","urlTemplate":"https:\/\/sindromecharge.es\/?s={search_term_string}"},"query-input":{"@type":"PropertyValueSpecification","valueRequired":true,"valueName":"search_term_string"}}],"inLanguage":"es"},{"@type":"Person","@id":"https:\/\/sindromecharge.es\/#\/schema\/person\/39a60ebe0a2b4d5a11179701e336b039","name":"Charge","image":{"@type":"ImageObject","inLanguage":"es","@id":"https:\/\/secure.gravatar.com\/avatar\/c3b46e32a0fc3b093a0873fb767bf3293de856293065e84ef06b7ec7a8acfb98?s=96&d=identicon&r=x","url":"https:\/\/secure.gravatar.com\/avatar\/c3b46e32a0fc3b093a0873fb767bf3293de856293065e84ef06b7ec7a8acfb98?s=96&d=identicon&r=x","contentUrl":"https:\/\/secure.gravatar.com\/avatar\/c3b46e32a0fc3b093a0873fb767bf3293de856293065e84ef06b7ec7a8acfb98?s=96&d=identicon&r=x","caption":"Charge"},"url":"https:\/\/sindromecharge.es\/index.php\/author\/admin\/"}]}},"_links":{"self":[{"href":"https:\/\/sindromecharge.es\/index.php\/wp-json\/wp\/v2\/posts\/10481","targetHints":{"allow":["GET"]}}],"collection":[{"href":"https:\/\/sindromecharge.es\/index.php\/wp-json\/wp\/v2\/posts"}],"about":[{"href":"https:\/\/sindromecharge.es\/index.php\/wp-json\/wp\/v2\/types\/post"}],"author":[{"embeddable":true,"href":"https:\/\/sindromecharge.es\/index.php\/wp-json\/wp\/v2\/users\/1"}],"replies":[{"embeddable":true,"href":"https:\/\/sindromecharge.es\/index.php\/wp-json\/wp\/v2\/comments?post=10481"}],"version-history":[{"count":0,"href":"https:\/\/sindromecharge.es\/index.php\/wp-json\/wp\/v2\/posts\/10481\/revisions"}],"wp:attachment":[{"href":"https:\/\/sindromecharge.es\/index.php\/wp-json\/wp\/v2\/media?parent=10481"}],"wp:term":[{"taxonomy":"category","embeddable":true,"href":"https:\/\/sindromecharge.es\/index.php\/wp-json\/wp\/v2\/categories?post=10481"},{"taxonomy":"post_tag","embeddable":true,"href":"https:\/\/sindromecharge.es\/index.php\/wp-json\/wp\/v2\/tags?post=10481"}],"curies":[{"name":"wp","href":"https:\/\/api.w.org\/{rel}","templated":true}]}}