{"id":10480,"date":"2024-10-24T05:22:55","date_gmt":"2024-10-24T05:22:55","guid":{"rendered":"https:\/\/sindromecharge.es\/index.php\/2024\/10\/24\/los-10-tips-para-afrontar-un-diagnostico-enfermedad-rara-discapacidad-familia-segun-los-expertos\/"},"modified":"2024-10-24T05:22:55","modified_gmt":"2024-10-24T05:22:55","slug":"los-10-tips-para-afrontar-un-diagnostico-enfermedad-rara-discapacidad-familia-segun-los-expertos","status":"publish","type":"post","link":"https:\/\/sindromecharge.es\/index.php\/2024\/10\/24\/los-10-tips-para-afrontar-un-diagnostico-enfermedad-rara-discapacidad-familia-segun-los-expertos\/","title":{"rendered":"Diez consejos para afrontar un diagn\u00f3stico de enfermedad rara o discapacidad en la familia"},"content":{"rendered":"<p>Leemos en Discapacidad la siguiente noticia que os reproducimos de forma \u00edntegra: <\/p>\n<div>\n<p>Recibir la noticia de una <a href=\"https:\/\/www.20minutos.es\/minuteca\/discapacidad\/\" title=\"Discapacidad\">discapacidad <\/a>puede ser un momento profundamente doloroso para muchas familias. \u00bf<b>C\u00f3mo recuerdan los padres<\/b> ese instante en que se les inform\u00f3 que su hijo ten\u00eda una discapacidad? Los relatos de tantas madres y padres, recogidos a trav\u00e9s de diversas investigaciones, muestran que la \u00abprimera noticia\u00bb <b>se convierte en un momento inolvidable<\/b>, una experiencia que marca un antes y un despu\u00e9s. <\/p>\n<p>La mayor\u00eda de las familias mencionan<b> cuatro emociones que surgen con m\u00e1s fuerza <\/b>que cualquier otra al recibir esta noticia: un profundo <b>sentimiento de p\u00e9rdida y dolor<\/b>, un sentimiento de incertidumbre y miedo al futuro, una conmoci\u00f3n que sacude sus vidas y una gran sensaci\u00f3n de impotencia. Estas <b>emociones son naturales y comprensibles<\/b> en un proceso que transforma profundamente la vida familiar. <\/p>\n<p><b>Laura Pi\u00f1ero Sanz <\/b>es psic\u00f3loga con acreditaci\u00f3n sanitaria, Terapeuta de Familia y la nueva incorporaci\u00f3n al equipo de profesionales del Gabinete Multidisciplinar de <a href=\"https:\/\/www.20minutos.es\/minuteca\/fundacion-querer\/\" title=\"Fundaci\u00f3n Querer\">Fundaci\u00f3n Querer<\/a>. Nos deja <b>sus 10 consejos<\/b> para encajar un diagn\u00f3stico en la familia.<\/p>\n<h2>1. Las familias requieren empat\u00eda, comprensi\u00f3n y tiempo: un apoyo m\u00e1s all\u00e1 del diagn\u00f3stico<\/h2>\n<p>Recibir un diagn\u00f3stico de <a href=\"https:\/\/www.20minutos.es\/minuteca\/discapacidad\/\" title=\"Discapacidad\">discapacidad <\/a>para un hijo es un momento profundamente impactante que puede dejar a los padres abrumados. La <b>empat\u00eda y la comprensi\u00f3n son fundamentales<\/b> para ayudar a las familias a navegar este nuevo camino. El Dr. David B. Kearney destaca que \u201cla empat\u00eda es clave para ayudar a las familias a procesar sus emociones\u201d. Un <b>ambiente c\u00e1lido<\/b> permite a las familias construir nuevas expectativas y relaciones con sus hijos, evitando que se sientan solas y aumentando el riesgo de estr\u00e9s.<\/p>\n<h2>2. Levantar la mirada hacia el futuro: m\u00e1s all\u00e1 del desconcierto y la incertidumbre<\/h2>\n<p>Es vital que las familias de ni\u00f1os con discapacidad a<b>prendan a elevar la mirada hacia el futuro, superando el desconcierto<\/b> y la incertidumbre que a menudo acompa\u00f1an a un diagn\u00f3stico. Este proceso implica adoptar una perspectiva esperanzadora que permita vislumbrar oportunidades de crecimiento y desarrollo. \u201c<b>Mantener una visi\u00f3n positiva del futuro puede transformar<\/b> la forma en que las familias enfrentan los desaf\u00edos presentes\u201d (Adams, 2022). Al enfocarse en las posibilidades y en el potencial de su hijo, las familias pueden crear un ambiente que fomente la resiliencia y la adaptaci\u00f3n. Este cambio de enfoque <b>no solo ayuda a mitigar el miedo y la ansiedad<\/b>, sino que tambi\u00e9n les permite planificar y so\u00f1ar en grande, construyendo as\u00ed un camino lleno de oportunidades para el desarrollo y la felicidad familiar.<\/p>\n<h2>3. Validar sus emociones: no te sientas culpable por el rechazo inicial<\/h2>\n<p>Es natural que las familias sientan rechazo o confusi\u00f3n al recibir el diagn\u00f3stico de un hijo con discapacidad; <b>estas emociones son parte del proceso de adaptaci\u00f3n<\/b>. Validar estos sentimientos es crucial para el bienestar emocional, ya que permite a los padres reconocer su humanidad y la complejidad de su situaci\u00f3n. \u201cSentir rechazo no implica falta de amor; es una respuesta emocional normal a la p\u00e9rdida de expectativas\u201d (Torres, 2020). <b>Al aceptar y legitimar estos sentimientos, las familias pueden comenzar a procesar<\/b> su experiencia y avanzar hacia una relaci\u00f3n m\u00e1s saludable y positiva con su hijo.<\/p>\n<h2>4. La importancia de informarse y comprender la realidad: m\u00e1s all\u00e1 de la desconexi\u00f3n<\/h2>\n<p>Informarse sobre la discapacidad de un hijo es esencial para las familias, ya que <b>les permite establecer un contacto real con su situaci\u00f3n<\/b>. Conocer la condici\u00f3n y los recursos disponibles ayuda a disipar temores y empodera a los padres en su rol de cuidadores. Comprender las realidades de<b> la discapacidad permite a las familias desarrollar expectativas realistas<\/b> y estrategias efectivas de apoyo, transformando el desconcierto en una oportunidad de crecimiento y aprendizaje conjunto<\/p>\n<h2>5. Promover el conocimiento y respeto por la dignidad de cada persona: m\u00e1s all\u00e1 de juicios y prejuicios<\/h2>\n<p>El respeto a la dignidad de cada persona y el conocimiento sobre sus capacidades y necesidades son fundamentales para construir una sociedad verdaderamente inclusiva. Las familias de hijos con discapacidad, en particular, saben que<b> sus hijos merecen ser valorados y comprendidos m\u00e1s all\u00e1 de los estereotipos<\/b> o prejuicios que a menudo impone la sociedad.<\/p>\n<p>Promover una actitud de apertura hacia las diferencias no solo enriquece nuestras relaciones personales, sino que tambi\u00e9n fomenta la <b>participaci\u00f3n plena y equitativa de todos los miembros de la comunidad<\/b>. Para las familias, esto significa un entorno donde sus hijos sean vistos primero como individuos, no por sus limitaciones, sino por sus fortalezas y el valor \u00fanico que aportan. <b>Conocer, entender y respetar a cada persona nos permite avanzar<\/b> hacia una sociedad donde la inclusi\u00f3n no sea un ideal lejano, sino una realidad vivida por todos.<\/p>\n<h2>6. Compartir y hablar de ello con otras personas: m\u00e1s all\u00e1 del silencio y la soledad<\/h2>\n<p>Compartir experiencias es esencial para las familias de ni\u00f1os con discapacidad, ya que les ayuda a conectarse con otros en situaciones similares. <b>La comunicaci\u00f3n alivia la carga emocional y fomenta un sentido de pertenencia<\/b>. Seg\u00fan la Dra. Ruth A. O\u2019Neil, \u201cel di\u00e1logo abierto es clave para reducir el aislamiento\u201d (O\u2019Neil, 2015). Hablar sobre desaf\u00edos y logros no solo valida sus vivencias, sino que tambi\u00e9n ofrece recursos y nuevas perspectivas. <b>Al unirse a asociaciones de familias, pueden encontrar un espacio seguro para expresar emociones, intercambiar estrategias \u00fatiles y recibir apoyo emocional<\/b>. Esta red de conexi\u00f3n es crucial para fortalecer la resiliencia y el bienestar familiar, empoderando a cada miembro en su d\u00eda a d\u00eda.<\/p>\n<h2>7. Mantener el cuidado del resto de la familia: m\u00e1s all\u00e1 de la atenci\u00f3n exclusiva del ni\u00f1o<\/h2>\n<p>Es fundamental que las familias de ni\u00f1os con discapacidad no solo se concentren en las necesidades de su hijo, sino que tambi\u00e9n <b>cuiden de s\u00ed mismas y de los dem\u00e1s miembros del hogar<\/b>. Mantener rituales familiares y espacios de respiro es esencial para preservar la salud emocional y el bienestar de todos. Seg\u00fan la <b>Dra. Emily R. Rosen<\/b>, \u201ccuidar de uno mismo y de la familia en su conjunto es clave para enfrentar los desaf\u00edos de la crianza\u201d (Rosen, 2021). Al dedicar tiempo a actividades familiares, rituales y momentos de relajaci\u00f3n, <b>se fortalece el v\u00ednculo entre todos los miembros<\/b>, lo que a su vez crea un entorno m\u00e1s armonioso y comprensivo. Proteger el bienestar de la familia, en su totalidad, permite que cada uno se sienta valorado y apoyado, facilitando as\u00ed una respuesta m\u00e1s positiva a las dificultades que puedan surgir en el camino.<\/p>\n<h2>8. La importancia de delegar y construir una vida \u00abnormal\u00bb: aprovecha el apoyo que te rodea<\/h2>\n<p>Intentar llevar una vida \u201cnormal\u201d tras el diagn\u00f3stico de un hijo con discapacidad puede ser un desaf\u00edo, pero <b>aprender a delegar responsabilidades y confiar en quienes pueden ayudar es esencial<\/b>. No se trata de cargar con todo el peso solo; al aceptar el apoyo de familiares, amigos o profesionales, las familias pueden liberar tiempo y energ\u00eda para disfrutar de momentos significativos juntos. Al fomentar un entorno de colaboraci\u00f3n, <b>se puede alcanzar un equilibrio que permita vivir plenamente<\/b>, disfrutando de las peque\u00f1as cosas y enfrentando los desaf\u00edos con mayor resiliencia.<\/p>\n<h2>9. Fomentar la autoeficacia y la autonom\u00eda: fortalece las habilidades del ni\u00f1o<\/h2>\n<p>Promover la autoeficacia y la autonom\u00eda en los ni\u00f1os con discapacidad es esencial para su desarrollo. <b>Los padres pueden ayudar a sus hijos a adquirir habilidades pr\u00e1cticas y sociales<\/b>, lo que les permitir\u00e1 enfrentar desaf\u00edos y aumentar su confianza. Seg\u00fan la Dra. Laura H. Simmons, \u201cfomentar la autonom\u00eda desde una edad temprana empodera a los ni\u00f1os y les ayuda a desarrollar una identidad positiva\u201d (Simmons, 2022). Este enfoque no solo beneficia al ni\u00f1o, sino que tambi\u00e9n <b>permite a los padres observar los progresos y celebrar los logros<\/b>, fortaleciendo el v\u00ednculo familiar y brindando un sentido de prop\u00f3sito compartido.<\/p>\n<h2>10. Cultivar una mentalidad de crecimiento: transforma los retos en oportunidades<\/h2>\n<p>Adoptar una mentalidad de crecimiento puede ser transformador para las familias de ni\u00f1os con discapacidad. <b>En lugar de ver las dificultades como obst\u00e1culos insuperables, este enfoque invita a las familias a verlas como oportunidades para aprender y crecer<\/b>. Al fomentar esta mentalidad, las familias pueden construir un entorno donde el aprendizaje y el desarrollo se valoran, lo que no solo beneficia al ni\u00f1o con discapacidad, sino tambi\u00e9n a todos los miembros de la familia en su conjunto.<\/p>\n<\/div>\n<p>Fuente: Discapacidad https:\/\/www.20minutos.es\/noticia\/5646424\/0\/los-10-tips-para-afrontar-un-diagnostico-enfermedad-rara-discapacidad-familia-segun-los-expertos\/<\/p>\n","protected":false},"excerpt":{"rendered":"<p>Recibir la noticia de una discapacidad puede ser un momento profundamente doloroso para muchas familias. \u00bfC\u00f3mo recuerdan los padres ese instante en que se&#8230;<\/p>\n","protected":false},"author":1,"featured_media":0,"comment_status":"closed","ping_status":"closed","sticky":false,"template":"","format":"standard","meta":{"footnotes":""},"categories":[8],"tags":[],"class_list":["post-10480","post","type-post","status-publish","format-standard","hentry","category-noticias"],"yoast_head":"<!-- This site is optimized with the Yoast SEO plugin v27.5 - https:\/\/yoast.com\/product\/yoast-seo-wordpress\/ -->\n<title>Diez consejos para afrontar un diagn\u00f3stico de enfermedad rara o discapacidad en la familia - Asociaci\u00f3n Espa\u00f1ola S\u00edndrome de Charge<\/title>\n<meta name=\"robots\" content=\"index, follow, max-snippet:-1, max-image-preview:large, max-video-preview:-1\" \/>\n<link rel=\"canonical\" href=\"https:\/\/sindromecharge.es\/index.php\/2024\/10\/24\/los-10-tips-para-afrontar-un-diagnostico-enfermedad-rara-discapacidad-familia-segun-los-expertos\/\" \/>\n<meta property=\"og:locale\" content=\"es_ES\" \/>\n<meta property=\"og:type\" content=\"article\" \/>\n<meta property=\"og:title\" content=\"Diez consejos para afrontar un diagn\u00f3stico de enfermedad rara o discapacidad en la familia - Asociaci\u00f3n Espa\u00f1ola S\u00edndrome de Charge\" \/>\n<meta property=\"og:description\" content=\"Recibir la noticia de una discapacidad puede ser un momento profundamente doloroso para muchas familias. \u00bfC\u00f3mo recuerdan los padres ese instante en que se&#8230;\" \/>\n<meta property=\"og:url\" content=\"https:\/\/sindromecharge.es\/index.php\/2024\/10\/24\/los-10-tips-para-afrontar-un-diagnostico-enfermedad-rara-discapacidad-familia-segun-los-expertos\/\" \/>\n<meta property=\"og:site_name\" content=\"Asociaci\u00f3n Espa\u00f1ola S\u00edndrome de Charge\" \/>\n<meta property=\"article:publisher\" content=\"https:\/\/www.facebook.com\/asociacionsindromecharge\" \/>\n<meta property=\"article:published_time\" content=\"2024-10-24T05:22:55+00:00\" \/>\n<meta property=\"og:image\" content=\"https:\/\/sindromecharge.es\/wp-content\/uploads\/2013\/09\/logodecharge300x98.png\" \/>\n\t<meta property=\"og:image:width\" content=\"300\" \/>\n\t<meta property=\"og:image:height\" content=\"98\" \/>\n\t<meta property=\"og:image:type\" content=\"image\/png\" \/>\n<meta name=\"author\" content=\"Charge\" \/>\n<meta name=\"twitter:card\" content=\"summary_large_image\" \/>\n<meta name=\"twitter:creator\" content=\"@sindromecharge\" \/>\n<meta name=\"twitter:site\" content=\"@sindromecharge\" \/>\n<meta name=\"twitter:label1\" content=\"Escrito por\" \/>\n\t<meta name=\"twitter:data1\" content=\"Charge\" \/>\n\t<meta name=\"twitter:label2\" content=\"Tiempo de lectura\" \/>\n\t<meta name=\"twitter:data2\" content=\"7 minutos\" \/>\n<script type=\"application\/ld+json\" class=\"yoast-schema-graph\">{\"@context\":\"https:\\\/\\\/schema.org\",\"@graph\":[{\"@type\":\"Article\",\"@id\":\"https:\\\/\\\/sindromecharge.es\\\/index.php\\\/2024\\\/10\\\/24\\\/los-10-tips-para-afrontar-un-diagnostico-enfermedad-rara-discapacidad-familia-segun-los-expertos\\\/#article\",\"isPartOf\":{\"@id\":\"https:\\\/\\\/sindromecharge.es\\\/index.php\\\/2024\\\/10\\\/24\\\/los-10-tips-para-afrontar-un-diagnostico-enfermedad-rara-discapacidad-familia-segun-los-expertos\\\/\"},\"author\":{\"name\":\"Charge\",\"@id\":\"https:\\\/\\\/sindromecharge.es\\\/#\\\/schema\\\/person\\\/39a60ebe0a2b4d5a11179701e336b039\"},\"headline\":\"Diez consejos para afrontar un diagn\u00f3stico de enfermedad rara o discapacidad en la familia\",\"datePublished\":\"2024-10-24T05:22:55+00:00\",\"mainEntityOfPage\":{\"@id\":\"https:\\\/\\\/sindromecharge.es\\\/index.php\\\/2024\\\/10\\\/24\\\/los-10-tips-para-afrontar-un-diagnostico-enfermedad-rara-discapacidad-familia-segun-los-expertos\\\/\"},\"wordCount\":1465,\"articleSection\":[\"noticias\"],\"inLanguage\":\"es\"},{\"@type\":\"WebPage\",\"@id\":\"https:\\\/\\\/sindromecharge.es\\\/index.php\\\/2024\\\/10\\\/24\\\/los-10-tips-para-afrontar-un-diagnostico-enfermedad-rara-discapacidad-familia-segun-los-expertos\\\/\",\"url\":\"https:\\\/\\\/sindromecharge.es\\\/index.php\\\/2024\\\/10\\\/24\\\/los-10-tips-para-afrontar-un-diagnostico-enfermedad-rara-discapacidad-familia-segun-los-expertos\\\/\",\"name\":\"Diez consejos para afrontar un diagn\u00f3stico de enfermedad rara o discapacidad en la familia - Asociaci\u00f3n Espa\u00f1ola S\u00edndrome de Charge\",\"isPartOf\":{\"@id\":\"https:\\\/\\\/sindromecharge.es\\\/#website\"},\"datePublished\":\"2024-10-24T05:22:55+00:00\",\"author\":{\"@id\":\"https:\\\/\\\/sindromecharge.es\\\/#\\\/schema\\\/person\\\/39a60ebe0a2b4d5a11179701e336b039\"},\"breadcrumb\":{\"@id\":\"https:\\\/\\\/sindromecharge.es\\\/index.php\\\/2024\\\/10\\\/24\\\/los-10-tips-para-afrontar-un-diagnostico-enfermedad-rara-discapacidad-familia-segun-los-expertos\\\/#breadcrumb\"},\"inLanguage\":\"es\",\"potentialAction\":[{\"@type\":\"ReadAction\",\"target\":[\"https:\\\/\\\/sindromecharge.es\\\/index.php\\\/2024\\\/10\\\/24\\\/los-10-tips-para-afrontar-un-diagnostico-enfermedad-rara-discapacidad-familia-segun-los-expertos\\\/\"]}]},{\"@type\":\"BreadcrumbList\",\"@id\":\"https:\\\/\\\/sindromecharge.es\\\/index.php\\\/2024\\\/10\\\/24\\\/los-10-tips-para-afrontar-un-diagnostico-enfermedad-rara-discapacidad-familia-segun-los-expertos\\\/#breadcrumb\",\"itemListElement\":[{\"@type\":\"ListItem\",\"position\":1,\"name\":\"Portada\",\"item\":\"https:\\\/\\\/sindromecharge.es\\\/\"},{\"@type\":\"ListItem\",\"position\":2,\"name\":\"Diez consejos para afrontar un diagn\u00f3stico de enfermedad rara o discapacidad en la familia\"}]},{\"@type\":\"WebSite\",\"@id\":\"https:\\\/\\\/sindromecharge.es\\\/#website\",\"url\":\"https:\\\/\\\/sindromecharge.es\\\/\",\"name\":\"Asociaci\u00f3n Espa\u00f1ola S\u00edndrome de Charge\",\"description\":\"\",\"potentialAction\":[{\"@type\":\"SearchAction\",\"target\":{\"@type\":\"EntryPoint\",\"urlTemplate\":\"https:\\\/\\\/sindromecharge.es\\\/?s={search_term_string}\"},\"query-input\":{\"@type\":\"PropertyValueSpecification\",\"valueRequired\":true,\"valueName\":\"search_term_string\"}}],\"inLanguage\":\"es\"},{\"@type\":\"Person\",\"@id\":\"https:\\\/\\\/sindromecharge.es\\\/#\\\/schema\\\/person\\\/39a60ebe0a2b4d5a11179701e336b039\",\"name\":\"Charge\",\"image\":{\"@type\":\"ImageObject\",\"inLanguage\":\"es\",\"@id\":\"https:\\\/\\\/secure.gravatar.com\\\/avatar\\\/c3b46e32a0fc3b093a0873fb767bf3293de856293065e84ef06b7ec7a8acfb98?s=96&d=identicon&r=x\",\"url\":\"https:\\\/\\\/secure.gravatar.com\\\/avatar\\\/c3b46e32a0fc3b093a0873fb767bf3293de856293065e84ef06b7ec7a8acfb98?s=96&d=identicon&r=x\",\"contentUrl\":\"https:\\\/\\\/secure.gravatar.com\\\/avatar\\\/c3b46e32a0fc3b093a0873fb767bf3293de856293065e84ef06b7ec7a8acfb98?s=96&d=identicon&r=x\",\"caption\":\"Charge\"},\"url\":\"https:\\\/\\\/sindromecharge.es\\\/index.php\\\/author\\\/admin\\\/\"}]}<\/script>\n<!-- \/ Yoast SEO plugin. -->","yoast_head_json":{"title":"Diez consejos para afrontar un diagn\u00f3stico de enfermedad rara o discapacidad en la familia - Asociaci\u00f3n Espa\u00f1ola S\u00edndrome de Charge","robots":{"index":"index","follow":"follow","max-snippet":"max-snippet:-1","max-image-preview":"max-image-preview:large","max-video-preview":"max-video-preview:-1"},"canonical":"https:\/\/sindromecharge.es\/index.php\/2024\/10\/24\/los-10-tips-para-afrontar-un-diagnostico-enfermedad-rara-discapacidad-familia-segun-los-expertos\/","og_locale":"es_ES","og_type":"article","og_title":"Diez consejos para afrontar un diagn\u00f3stico de enfermedad rara o discapacidad en la familia - Asociaci\u00f3n Espa\u00f1ola S\u00edndrome de Charge","og_description":"Recibir la noticia de una discapacidad puede ser un momento profundamente doloroso para muchas familias. \u00bfC\u00f3mo recuerdan los padres ese instante en que se&#8230;","og_url":"https:\/\/sindromecharge.es\/index.php\/2024\/10\/24\/los-10-tips-para-afrontar-un-diagnostico-enfermedad-rara-discapacidad-familia-segun-los-expertos\/","og_site_name":"Asociaci\u00f3n Espa\u00f1ola S\u00edndrome de Charge","article_publisher":"https:\/\/www.facebook.com\/asociacionsindromecharge","article_published_time":"2024-10-24T05:22:55+00:00","og_image":[{"width":300,"height":98,"url":"https:\/\/sindromecharge.es\/wp-content\/uploads\/2013\/09\/logodecharge300x98.png","type":"image\/png"}],"author":"Charge","twitter_card":"summary_large_image","twitter_creator":"@sindromecharge","twitter_site":"@sindromecharge","twitter_misc":{"Escrito por":"Charge","Tiempo de lectura":"7 minutos"},"schema":{"@context":"https:\/\/schema.org","@graph":[{"@type":"Article","@id":"https:\/\/sindromecharge.es\/index.php\/2024\/10\/24\/los-10-tips-para-afrontar-un-diagnostico-enfermedad-rara-discapacidad-familia-segun-los-expertos\/#article","isPartOf":{"@id":"https:\/\/sindromecharge.es\/index.php\/2024\/10\/24\/los-10-tips-para-afrontar-un-diagnostico-enfermedad-rara-discapacidad-familia-segun-los-expertos\/"},"author":{"name":"Charge","@id":"https:\/\/sindromecharge.es\/#\/schema\/person\/39a60ebe0a2b4d5a11179701e336b039"},"headline":"Diez consejos para afrontar un diagn\u00f3stico de enfermedad rara o discapacidad en la familia","datePublished":"2024-10-24T05:22:55+00:00","mainEntityOfPage":{"@id":"https:\/\/sindromecharge.es\/index.php\/2024\/10\/24\/los-10-tips-para-afrontar-un-diagnostico-enfermedad-rara-discapacidad-familia-segun-los-expertos\/"},"wordCount":1465,"articleSection":["noticias"],"inLanguage":"es"},{"@type":"WebPage","@id":"https:\/\/sindromecharge.es\/index.php\/2024\/10\/24\/los-10-tips-para-afrontar-un-diagnostico-enfermedad-rara-discapacidad-familia-segun-los-expertos\/","url":"https:\/\/sindromecharge.es\/index.php\/2024\/10\/24\/los-10-tips-para-afrontar-un-diagnostico-enfermedad-rara-discapacidad-familia-segun-los-expertos\/","name":"Diez consejos para afrontar un diagn\u00f3stico de enfermedad rara o discapacidad en la familia - Asociaci\u00f3n Espa\u00f1ola S\u00edndrome de Charge","isPartOf":{"@id":"https:\/\/sindromecharge.es\/#website"},"datePublished":"2024-10-24T05:22:55+00:00","author":{"@id":"https:\/\/sindromecharge.es\/#\/schema\/person\/39a60ebe0a2b4d5a11179701e336b039"},"breadcrumb":{"@id":"https:\/\/sindromecharge.es\/index.php\/2024\/10\/24\/los-10-tips-para-afrontar-un-diagnostico-enfermedad-rara-discapacidad-familia-segun-los-expertos\/#breadcrumb"},"inLanguage":"es","potentialAction":[{"@type":"ReadAction","target":["https:\/\/sindromecharge.es\/index.php\/2024\/10\/24\/los-10-tips-para-afrontar-un-diagnostico-enfermedad-rara-discapacidad-familia-segun-los-expertos\/"]}]},{"@type":"BreadcrumbList","@id":"https:\/\/sindromecharge.es\/index.php\/2024\/10\/24\/los-10-tips-para-afrontar-un-diagnostico-enfermedad-rara-discapacidad-familia-segun-los-expertos\/#breadcrumb","itemListElement":[{"@type":"ListItem","position":1,"name":"Portada","item":"https:\/\/sindromecharge.es\/"},{"@type":"ListItem","position":2,"name":"Diez consejos para afrontar un diagn\u00f3stico de enfermedad rara o discapacidad en la familia"}]},{"@type":"WebSite","@id":"https:\/\/sindromecharge.es\/#website","url":"https:\/\/sindromecharge.es\/","name":"Asociaci\u00f3n Espa\u00f1ola S\u00edndrome de Charge","description":"","potentialAction":[{"@type":"SearchAction","target":{"@type":"EntryPoint","urlTemplate":"https:\/\/sindromecharge.es\/?s={search_term_string}"},"query-input":{"@type":"PropertyValueSpecification","valueRequired":true,"valueName":"search_term_string"}}],"inLanguage":"es"},{"@type":"Person","@id":"https:\/\/sindromecharge.es\/#\/schema\/person\/39a60ebe0a2b4d5a11179701e336b039","name":"Charge","image":{"@type":"ImageObject","inLanguage":"es","@id":"https:\/\/secure.gravatar.com\/avatar\/c3b46e32a0fc3b093a0873fb767bf3293de856293065e84ef06b7ec7a8acfb98?s=96&d=identicon&r=x","url":"https:\/\/secure.gravatar.com\/avatar\/c3b46e32a0fc3b093a0873fb767bf3293de856293065e84ef06b7ec7a8acfb98?s=96&d=identicon&r=x","contentUrl":"https:\/\/secure.gravatar.com\/avatar\/c3b46e32a0fc3b093a0873fb767bf3293de856293065e84ef06b7ec7a8acfb98?s=96&d=identicon&r=x","caption":"Charge"},"url":"https:\/\/sindromecharge.es\/index.php\/author\/admin\/"}]}},"_links":{"self":[{"href":"https:\/\/sindromecharge.es\/index.php\/wp-json\/wp\/v2\/posts\/10480","targetHints":{"allow":["GET"]}}],"collection":[{"href":"https:\/\/sindromecharge.es\/index.php\/wp-json\/wp\/v2\/posts"}],"about":[{"href":"https:\/\/sindromecharge.es\/index.php\/wp-json\/wp\/v2\/types\/post"}],"author":[{"embeddable":true,"href":"https:\/\/sindromecharge.es\/index.php\/wp-json\/wp\/v2\/users\/1"}],"replies":[{"embeddable":true,"href":"https:\/\/sindromecharge.es\/index.php\/wp-json\/wp\/v2\/comments?post=10480"}],"version-history":[{"count":0,"href":"https:\/\/sindromecharge.es\/index.php\/wp-json\/wp\/v2\/posts\/10480\/revisions"}],"wp:attachment":[{"href":"https:\/\/sindromecharge.es\/index.php\/wp-json\/wp\/v2\/media?parent=10480"}],"wp:term":[{"taxonomy":"category","embeddable":true,"href":"https:\/\/sindromecharge.es\/index.php\/wp-json\/wp\/v2\/categories?post=10480"},{"taxonomy":"post_tag","embeddable":true,"href":"https:\/\/sindromecharge.es\/index.php\/wp-json\/wp\/v2\/tags?post=10480"}],"curies":[{"name":"wp","href":"https:\/\/api.w.org\/{rel}","templated":true}]}}