{"id":10479,"date":"2024-10-24T05:22:29","date_gmt":"2024-10-24T05:22:29","guid":{"rendered":"https:\/\/sindromecharge.es\/index.php\/2024\/10\/24\/exposicion-fotos-relieve-para-personas-con-discapacidad-visual\/"},"modified":"2024-10-24T05:22:29","modified_gmt":"2024-10-24T05:22:29","slug":"exposicion-fotos-relieve-para-personas-con-discapacidad-visual","status":"publish","type":"post","link":"https:\/\/sindromecharge.es\/index.php\/2024\/10\/24\/exposicion-fotos-relieve-para-personas-con-discapacidad-visual\/","title":{"rendered":"World Unseen, una exposici\u00f3n de fotos en relieve para personas con discapacidad visual: \u00abSon historias impactantes\u00bb"},"content":{"rendered":"<p>Leemos en Discapacidad la siguiente noticia que os reproducimos de forma \u00edntegra: <\/p>\n<div>\n<p>Una exposici\u00f3n de fotos para personas con <a href=\"https:\/\/www.20minutos.es\/minuteca\/discapacidad\/\" title=\"Discapacidad\">discapacidad<\/a> visual. Eso es World Unseen. <b>Cada foto se puede tocar gracias al sistema de impresi\u00f3n en relieve o elevada.<\/b><\/p>\n<p>El pr\u00f3ximo fin de semana, 25, 26 y 27 de octubre, la Direcci\u00f3n General de la Once en Madrid acoger\u00e1 esta exposici\u00f3n inclusiva organizada por <a href=\"https:\/\/www.20minutos.es\/minuteca\/canon\/\" title=\"Canon\">Canon<\/a> que incluye doce fotos de fot\u00f3grafos como Sebastian Salgado, Heidi Rondak o el <b>premio Pulitzer Muhammed Muheisen<\/b>.<\/p>\n<p>Los interesados en asistir tendr\u00e1n que <b>inscribirse previa y gratuitamente <\/b>en la web de la exposici\u00f3n porque la idea es que \u201clas personas con discapacidad visual que vayan puedan disfrutar de cada foto de manera c\u00f3moda y confortable\u201d, explica Pilar Gonz\u00e1lez Tejedor, directora de Comunicaci\u00f3n Canon Espa\u00f1a y Portugal.<\/p>\n<p>Cada foto est\u00e1 en relieve y tambi\u00e9n cuenta con una <b>descripci\u00f3n en braille al lado y un <a href=\"https:\/\/www.20minutos.es\/tecnologia\/minuteca\/codigo-qr\/\" title=\"C\u00f3digo QR\">c\u00f3digo QR<\/a><\/b>, donde cada persona puede escuchar una descripci\u00f3n de la foto, adem\u00e1s de la historia que hay detr\u00e1s de cada imagen. La intenci\u00f3n es \u201chacer accesible la <a href=\"https:\/\/www.20minutos.es\/minuteca\/fotografia\/\" title=\"Fotograf\u00eda\">fotograf\u00eda<\/a> con los apoyos necesarios\u201d, cuenta Pilar. \u201cDice la OMS que en el mundo hay unos 338 millones de personas con una discapacidad visual significativa, as\u00ed que hemos de hacer algo al respecto\u201d.<\/p>\n<p>World Unseen est\u00e1 pensada para personas con discapacidad visual pero tambi\u00e9n para quien no la tiene. Cada foto incluye en el frontal esa misma foto que est\u00e1 impresa en relieve. Esa foto est\u00e1 tomada como la ver\u00eda una persona con cataratas, degeneraci\u00f3n m\u00e1cula o <a href=\"https:\/\/www.20minutos.es\/minuteca\/glaucoma\/\" title=\"Glaucoma\">glaucoma<\/a>. Es decir, es la misma foto que la que se ha impreso para la exposici\u00f3n, pero se ve borrosa, o solo se ve un peque\u00f1o punto en el centro y el resto nada u oscurecida. De este modo, la persona sin discapacidad que la vea podr\u00e1 <b>hacerse a la idea de c\u00f3mo ve la foto una persona que s\u00ed tiene discapacidad.<\/b><\/p>\n<p>\u201cBuscamos sensibilizar para que las personas <b>empaticen y entiendan mejor<\/b>, mientras que las personas con discapacidad visual disfrutan de este arte\u201d, cuenta Marco Aurelio Losas, director de Gran Formato Canon Espa\u00f1a y <a href=\"https:\/\/www.20minutos.es\/minuteca\/portugal\/\" title=\"Portugal\">Portugal<\/a>.<\/p>\n<p><b>Cada foto tiene su propia historia contada de manera accesible. <\/b>\u201cSon historias impactantes\u201d, dice Marco Antonio. \u201cHay una foto de una beluga saliendo del agua y juntando su frente con la de un pescador. La historia previa a esa foto es que el pescador salv\u00f3 a la beluga y la foto recoge el momento en que pescador y beluga se reencontraron\u201d.<\/p>\n<p>\u201cTambi\u00e9n hay una <b>ecograf\u00eda de una mujer ciega que est\u00e1 embarazada<\/b>. Gracias a esta t\u00e9cnica de impresi\u00f3n en relieve la mujer pudo tocar la ecograf\u00eda y ver a su hijo antes de nacer\u201d, cuenta Pilar. La exposici\u00f3n llega a Espa\u00f1a despu\u00e9s de pasar por B\u00e9lgica, Eslovenia, Marruecos o Reino Unido. La mujer ciega embarazada es brit\u00e1nica y fue a la exposici\u00f3n en su pa\u00eds. Cuenta que lo primero que toc\u00f3 en la ecograf\u00eda fue la nariz de su hijo. Cuando dio a luz y le pusieron al beb\u00e9 sobre el pecho, le toc\u00f3 la nariz para ver si era igual que en la ecograf\u00eda.<\/p>\n<h2>C\u00f3mo se imprime en relieve<\/h2>\n<p><b>\u201cQue la tecnolog\u00eda sirva para algo m\u00e1s, que te permita hacer algo por los dem\u00e1s\u201d<\/b>, dice Marco Aurelio. Cada foto se imprime con una impresora de gran formato. Es una impresi\u00f3n sobre r\u00edgidos de mesa plana. \u201cImagina una mesa de ping pong\u201d, explica Marco Aurelio. \u201cImagina una red m\u00e1s ancha que se mueve sobre la mesa de ping pong. En esa red est\u00e1n los cabezales de impresi\u00f3n. Usamos tecnolog\u00eda ultravioleta\u201d.<\/p>\n<p>La impresi\u00f3n se realiza sobre material r\u00edgido, que puede ser desde m\u00e1rmol, a madera, pasando por vidrio. <b>\u201cSi somos capaces de imprimir con precisi\u00f3n capa sobre capa\u201d<\/b>, cuenta Marco Antonio, \u201cseremos capaces de imprimir la fotograf\u00eda con relieves\u201d.<\/p>\n<p>El proceso de impresi\u00f3n de cada una de estas fotos no lleva mucho tiempo, se puede tardar una hora en imprimir cada una de ellas. Lo que implica mucho m\u00e1s trabajo es el previo: preparar el fichero que servir\u00e1 de base a la impresi\u00f3n. \u201cHay que elegir qu\u00e9 aspectos de cada fotograf\u00eda tendr\u00e1n relieve y c\u00f3mo\u201d. La idea es que al tocar la foto, sienta que estoy tocando el rinoceronte que aparece en la misma, por ejemplo. \u201cCada foto tiene forma, contorno. Puedes palpar la barba del pescador que aparece en la foto de la beluga. Esto para una persona con discapacidad visual es incre\u00edble\u201d, cuenta Marco Antonio. \u201c<b>Roza la perfecci\u00f3n con respecto a la foto original<\/b>, estamos muy emocionados\u201d, concluye.<\/p>\n<\/div>\n<p>Fuente: Discapacidad https:\/\/www.20minutos.es\/noticia\/5646578\/0\/exposicion-fotos-relieve-para-personas-con-discapacidad-visual\/<\/p>\n","protected":false},"excerpt":{"rendered":"<p>incluye fotos de Sebastian Salgado, Heidi Rondak o el premio Pulitzer Muhammed Muheisen.<\/p>\n","protected":false},"author":1,"featured_media":0,"comment_status":"closed","ping_status":"closed","sticky":false,"template":"","format":"standard","meta":{"footnotes":""},"categories":[8],"tags":[],"class_list":["post-10479","post","type-post","status-publish","format-standard","hentry","category-noticias"],"yoast_head":"<!-- This site is optimized with the Yoast SEO plugin v27.5 - https:\/\/yoast.com\/product\/yoast-seo-wordpress\/ -->\n<title>World Unseen, una exposici\u00f3n de fotos en relieve para personas con discapacidad visual: &quot;Son historias impactantes&quot; - Asociaci\u00f3n Espa\u00f1ola S\u00edndrome de Charge<\/title>\n<meta name=\"robots\" content=\"index, follow, max-snippet:-1, max-image-preview:large, max-video-preview:-1\" \/>\n<link rel=\"canonical\" href=\"https:\/\/sindromecharge.es\/index.php\/2024\/10\/24\/exposicion-fotos-relieve-para-personas-con-discapacidad-visual\/\" \/>\n<meta property=\"og:locale\" content=\"es_ES\" \/>\n<meta property=\"og:type\" content=\"article\" \/>\n<meta property=\"og:title\" content=\"World Unseen, una exposici\u00f3n de fotos en relieve para personas con discapacidad visual: &quot;Son historias impactantes&quot; - Asociaci\u00f3n Espa\u00f1ola S\u00edndrome de Charge\" \/>\n<meta property=\"og:description\" content=\"incluye fotos de Sebastian Salgado, Heidi Rondak o el premio Pulitzer Muhammed Muheisen.\" \/>\n<meta property=\"og:url\" content=\"https:\/\/sindromecharge.es\/index.php\/2024\/10\/24\/exposicion-fotos-relieve-para-personas-con-discapacidad-visual\/\" \/>\n<meta property=\"og:site_name\" content=\"Asociaci\u00f3n Espa\u00f1ola S\u00edndrome de Charge\" \/>\n<meta property=\"article:publisher\" content=\"https:\/\/www.facebook.com\/asociacionsindromecharge\" \/>\n<meta property=\"article:published_time\" content=\"2024-10-24T05:22:29+00:00\" \/>\n<meta property=\"og:image\" content=\"https:\/\/sindromecharge.es\/wp-content\/uploads\/2013\/09\/logodecharge300x98.png\" \/>\n\t<meta property=\"og:image:width\" content=\"300\" \/>\n\t<meta property=\"og:image:height\" content=\"98\" \/>\n\t<meta property=\"og:image:type\" content=\"image\/png\" \/>\n<meta name=\"author\" content=\"Charge\" \/>\n<meta name=\"twitter:card\" content=\"summary_large_image\" \/>\n<meta name=\"twitter:creator\" content=\"@sindromecharge\" \/>\n<meta name=\"twitter:site\" content=\"@sindromecharge\" \/>\n<meta name=\"twitter:label1\" content=\"Escrito por\" \/>\n\t<meta name=\"twitter:data1\" content=\"Charge\" \/>\n\t<meta name=\"twitter:label2\" content=\"Tiempo de lectura\" \/>\n\t<meta name=\"twitter:data2\" content=\"4 minutos\" \/>\n<script type=\"application\/ld+json\" class=\"yoast-schema-graph\">{\"@context\":\"https:\\\/\\\/schema.org\",\"@graph\":[{\"@type\":\"Article\",\"@id\":\"https:\\\/\\\/sindromecharge.es\\\/index.php\\\/2024\\\/10\\\/24\\\/exposicion-fotos-relieve-para-personas-con-discapacidad-visual\\\/#article\",\"isPartOf\":{\"@id\":\"https:\\\/\\\/sindromecharge.es\\\/index.php\\\/2024\\\/10\\\/24\\\/exposicion-fotos-relieve-para-personas-con-discapacidad-visual\\\/\"},\"author\":{\"name\":\"Charge\",\"@id\":\"https:\\\/\\\/sindromecharge.es\\\/#\\\/schema\\\/person\\\/39a60ebe0a2b4d5a11179701e336b039\"},\"headline\":\"World Unseen, una exposici\u00f3n de fotos en relieve para personas con discapacidad visual: \u00abSon historias impactantes\u00bb\",\"datePublished\":\"2024-10-24T05:22:29+00:00\",\"mainEntityOfPage\":{\"@id\":\"https:\\\/\\\/sindromecharge.es\\\/index.php\\\/2024\\\/10\\\/24\\\/exposicion-fotos-relieve-para-personas-con-discapacidad-visual\\\/\"},\"wordCount\":833,\"articleSection\":[\"noticias\"],\"inLanguage\":\"es\"},{\"@type\":\"WebPage\",\"@id\":\"https:\\\/\\\/sindromecharge.es\\\/index.php\\\/2024\\\/10\\\/24\\\/exposicion-fotos-relieve-para-personas-con-discapacidad-visual\\\/\",\"url\":\"https:\\\/\\\/sindromecharge.es\\\/index.php\\\/2024\\\/10\\\/24\\\/exposicion-fotos-relieve-para-personas-con-discapacidad-visual\\\/\",\"name\":\"World Unseen, una exposici\u00f3n de fotos en relieve para personas con discapacidad visual: \\\"Son historias impactantes\\\" - Asociaci\u00f3n Espa\u00f1ola S\u00edndrome de Charge\",\"isPartOf\":{\"@id\":\"https:\\\/\\\/sindromecharge.es\\\/#website\"},\"datePublished\":\"2024-10-24T05:22:29+00:00\",\"author\":{\"@id\":\"https:\\\/\\\/sindromecharge.es\\\/#\\\/schema\\\/person\\\/39a60ebe0a2b4d5a11179701e336b039\"},\"breadcrumb\":{\"@id\":\"https:\\\/\\\/sindromecharge.es\\\/index.php\\\/2024\\\/10\\\/24\\\/exposicion-fotos-relieve-para-personas-con-discapacidad-visual\\\/#breadcrumb\"},\"inLanguage\":\"es\",\"potentialAction\":[{\"@type\":\"ReadAction\",\"target\":[\"https:\\\/\\\/sindromecharge.es\\\/index.php\\\/2024\\\/10\\\/24\\\/exposicion-fotos-relieve-para-personas-con-discapacidad-visual\\\/\"]}]},{\"@type\":\"BreadcrumbList\",\"@id\":\"https:\\\/\\\/sindromecharge.es\\\/index.php\\\/2024\\\/10\\\/24\\\/exposicion-fotos-relieve-para-personas-con-discapacidad-visual\\\/#breadcrumb\",\"itemListElement\":[{\"@type\":\"ListItem\",\"position\":1,\"name\":\"Portada\",\"item\":\"https:\\\/\\\/sindromecharge.es\\\/\"},{\"@type\":\"ListItem\",\"position\":2,\"name\":\"World Unseen, una exposici\u00f3n de fotos en relieve para personas con discapacidad visual: &#8220;Son historias impactantes&#8221;\"}]},{\"@type\":\"WebSite\",\"@id\":\"https:\\\/\\\/sindromecharge.es\\\/#website\",\"url\":\"https:\\\/\\\/sindromecharge.es\\\/\",\"name\":\"Asociaci\u00f3n Espa\u00f1ola S\u00edndrome de Charge\",\"description\":\"\",\"potentialAction\":[{\"@type\":\"SearchAction\",\"target\":{\"@type\":\"EntryPoint\",\"urlTemplate\":\"https:\\\/\\\/sindromecharge.es\\\/?s={search_term_string}\"},\"query-input\":{\"@type\":\"PropertyValueSpecification\",\"valueRequired\":true,\"valueName\":\"search_term_string\"}}],\"inLanguage\":\"es\"},{\"@type\":\"Person\",\"@id\":\"https:\\\/\\\/sindromecharge.es\\\/#\\\/schema\\\/person\\\/39a60ebe0a2b4d5a11179701e336b039\",\"name\":\"Charge\",\"image\":{\"@type\":\"ImageObject\",\"inLanguage\":\"es\",\"@id\":\"https:\\\/\\\/secure.gravatar.com\\\/avatar\\\/c3b46e32a0fc3b093a0873fb767bf3293de856293065e84ef06b7ec7a8acfb98?s=96&d=identicon&r=x\",\"url\":\"https:\\\/\\\/secure.gravatar.com\\\/avatar\\\/c3b46e32a0fc3b093a0873fb767bf3293de856293065e84ef06b7ec7a8acfb98?s=96&d=identicon&r=x\",\"contentUrl\":\"https:\\\/\\\/secure.gravatar.com\\\/avatar\\\/c3b46e32a0fc3b093a0873fb767bf3293de856293065e84ef06b7ec7a8acfb98?s=96&d=identicon&r=x\",\"caption\":\"Charge\"},\"url\":\"https:\\\/\\\/sindromecharge.es\\\/index.php\\\/author\\\/admin\\\/\"}]}<\/script>\n<!-- \/ Yoast SEO plugin. -->","yoast_head_json":{"title":"World Unseen, una exposici\u00f3n de fotos en relieve para personas con discapacidad visual: \"Son historias impactantes\" - Asociaci\u00f3n Espa\u00f1ola S\u00edndrome de Charge","robots":{"index":"index","follow":"follow","max-snippet":"max-snippet:-1","max-image-preview":"max-image-preview:large","max-video-preview":"max-video-preview:-1"},"canonical":"https:\/\/sindromecharge.es\/index.php\/2024\/10\/24\/exposicion-fotos-relieve-para-personas-con-discapacidad-visual\/","og_locale":"es_ES","og_type":"article","og_title":"World Unseen, una exposici\u00f3n de fotos en relieve para personas con discapacidad visual: \"Son historias impactantes\" - Asociaci\u00f3n Espa\u00f1ola S\u00edndrome de Charge","og_description":"incluye fotos de Sebastian Salgado, Heidi Rondak o el premio Pulitzer Muhammed Muheisen.","og_url":"https:\/\/sindromecharge.es\/index.php\/2024\/10\/24\/exposicion-fotos-relieve-para-personas-con-discapacidad-visual\/","og_site_name":"Asociaci\u00f3n Espa\u00f1ola S\u00edndrome de Charge","article_publisher":"https:\/\/www.facebook.com\/asociacionsindromecharge","article_published_time":"2024-10-24T05:22:29+00:00","og_image":[{"width":300,"height":98,"url":"https:\/\/sindromecharge.es\/wp-content\/uploads\/2013\/09\/logodecharge300x98.png","type":"image\/png"}],"author":"Charge","twitter_card":"summary_large_image","twitter_creator":"@sindromecharge","twitter_site":"@sindromecharge","twitter_misc":{"Escrito por":"Charge","Tiempo de lectura":"4 minutos"},"schema":{"@context":"https:\/\/schema.org","@graph":[{"@type":"Article","@id":"https:\/\/sindromecharge.es\/index.php\/2024\/10\/24\/exposicion-fotos-relieve-para-personas-con-discapacidad-visual\/#article","isPartOf":{"@id":"https:\/\/sindromecharge.es\/index.php\/2024\/10\/24\/exposicion-fotos-relieve-para-personas-con-discapacidad-visual\/"},"author":{"name":"Charge","@id":"https:\/\/sindromecharge.es\/#\/schema\/person\/39a60ebe0a2b4d5a11179701e336b039"},"headline":"World Unseen, una exposici\u00f3n de fotos en relieve para personas con discapacidad visual: \u00abSon historias impactantes\u00bb","datePublished":"2024-10-24T05:22:29+00:00","mainEntityOfPage":{"@id":"https:\/\/sindromecharge.es\/index.php\/2024\/10\/24\/exposicion-fotos-relieve-para-personas-con-discapacidad-visual\/"},"wordCount":833,"articleSection":["noticias"],"inLanguage":"es"},{"@type":"WebPage","@id":"https:\/\/sindromecharge.es\/index.php\/2024\/10\/24\/exposicion-fotos-relieve-para-personas-con-discapacidad-visual\/","url":"https:\/\/sindromecharge.es\/index.php\/2024\/10\/24\/exposicion-fotos-relieve-para-personas-con-discapacidad-visual\/","name":"World Unseen, una exposici\u00f3n de fotos en relieve para personas con discapacidad visual: \"Son historias impactantes\" - Asociaci\u00f3n Espa\u00f1ola S\u00edndrome de Charge","isPartOf":{"@id":"https:\/\/sindromecharge.es\/#website"},"datePublished":"2024-10-24T05:22:29+00:00","author":{"@id":"https:\/\/sindromecharge.es\/#\/schema\/person\/39a60ebe0a2b4d5a11179701e336b039"},"breadcrumb":{"@id":"https:\/\/sindromecharge.es\/index.php\/2024\/10\/24\/exposicion-fotos-relieve-para-personas-con-discapacidad-visual\/#breadcrumb"},"inLanguage":"es","potentialAction":[{"@type":"ReadAction","target":["https:\/\/sindromecharge.es\/index.php\/2024\/10\/24\/exposicion-fotos-relieve-para-personas-con-discapacidad-visual\/"]}]},{"@type":"BreadcrumbList","@id":"https:\/\/sindromecharge.es\/index.php\/2024\/10\/24\/exposicion-fotos-relieve-para-personas-con-discapacidad-visual\/#breadcrumb","itemListElement":[{"@type":"ListItem","position":1,"name":"Portada","item":"https:\/\/sindromecharge.es\/"},{"@type":"ListItem","position":2,"name":"World Unseen, una exposici\u00f3n de fotos en relieve para personas con discapacidad visual: &#8220;Son historias impactantes&#8221;"}]},{"@type":"WebSite","@id":"https:\/\/sindromecharge.es\/#website","url":"https:\/\/sindromecharge.es\/","name":"Asociaci\u00f3n Espa\u00f1ola S\u00edndrome de Charge","description":"","potentialAction":[{"@type":"SearchAction","target":{"@type":"EntryPoint","urlTemplate":"https:\/\/sindromecharge.es\/?s={search_term_string}"},"query-input":{"@type":"PropertyValueSpecification","valueRequired":true,"valueName":"search_term_string"}}],"inLanguage":"es"},{"@type":"Person","@id":"https:\/\/sindromecharge.es\/#\/schema\/person\/39a60ebe0a2b4d5a11179701e336b039","name":"Charge","image":{"@type":"ImageObject","inLanguage":"es","@id":"https:\/\/secure.gravatar.com\/avatar\/c3b46e32a0fc3b093a0873fb767bf3293de856293065e84ef06b7ec7a8acfb98?s=96&d=identicon&r=x","url":"https:\/\/secure.gravatar.com\/avatar\/c3b46e32a0fc3b093a0873fb767bf3293de856293065e84ef06b7ec7a8acfb98?s=96&d=identicon&r=x","contentUrl":"https:\/\/secure.gravatar.com\/avatar\/c3b46e32a0fc3b093a0873fb767bf3293de856293065e84ef06b7ec7a8acfb98?s=96&d=identicon&r=x","caption":"Charge"},"url":"https:\/\/sindromecharge.es\/index.php\/author\/admin\/"}]}},"_links":{"self":[{"href":"https:\/\/sindromecharge.es\/index.php\/wp-json\/wp\/v2\/posts\/10479","targetHints":{"allow":["GET"]}}],"collection":[{"href":"https:\/\/sindromecharge.es\/index.php\/wp-json\/wp\/v2\/posts"}],"about":[{"href":"https:\/\/sindromecharge.es\/index.php\/wp-json\/wp\/v2\/types\/post"}],"author":[{"embeddable":true,"href":"https:\/\/sindromecharge.es\/index.php\/wp-json\/wp\/v2\/users\/1"}],"replies":[{"embeddable":true,"href":"https:\/\/sindromecharge.es\/index.php\/wp-json\/wp\/v2\/comments?post=10479"}],"version-history":[{"count":0,"href":"https:\/\/sindromecharge.es\/index.php\/wp-json\/wp\/v2\/posts\/10479\/revisions"}],"wp:attachment":[{"href":"https:\/\/sindromecharge.es\/index.php\/wp-json\/wp\/v2\/media?parent=10479"}],"wp:term":[{"taxonomy":"category","embeddable":true,"href":"https:\/\/sindromecharge.es\/index.php\/wp-json\/wp\/v2\/categories?post=10479"},{"taxonomy":"post_tag","embeddable":true,"href":"https:\/\/sindromecharge.es\/index.php\/wp-json\/wp\/v2\/tags?post=10479"}],"curies":[{"name":"wp","href":"https:\/\/api.w.org\/{rel}","templated":true}]}}