{"id":10478,"date":"2024-10-23T06:23:17","date_gmt":"2024-10-23T06:23:17","guid":{"rendered":"https:\/\/sindromecharge.es\/index.php\/2024\/10\/23\/cocemfe-denuncia-falta-accesibilidad-los-medios-transporte-afecta-derechos-esenciales\/"},"modified":"2024-10-23T06:23:17","modified_gmt":"2024-10-23T06:23:17","slug":"cocemfe-denuncia-falta-accesibilidad-los-medios-transporte-afecta-derechos-esenciales","status":"publish","type":"post","link":"https:\/\/sindromecharge.es\/index.php\/2024\/10\/23\/cocemfe-denuncia-falta-accesibilidad-los-medios-transporte-afecta-derechos-esenciales\/","title":{"rendered":"El teletransporte de &#8216;Star Trek&#8217; como denuncia ante la falta de accesibilidad en el transporte: \u00abAfecta a derechos esenciales\u00bb"},"content":{"rendered":"<p>Leemos en Discapacidad la siguiente noticia que os reproducimos de forma \u00edntegra: <\/p>\n<div>\n<p>La Confederaci\u00f3n Espa\u00f1ola de Personas con Discapacidad F\u00edsica y Org\u00e1nica (<b>COCEMFE<\/b>) ha organizado este martes, junto a su Movimiento Asociativo, un total de 28 actos reivindicativos para<b> denunciar la falta de accesibilidad <\/b>en los medios de transporte y exigir que se cumplan las leyes de <a href=\"https:\/\/www.20minutos.es\/minuteca\/accesibilidad\/\" title=\"Accesibilidad\" target=\"_blank\" rel=\"noopener\">accesibilidad<\/a>.<\/p>\n<p>Esta acci\u00f3n forma parte de la campa\u00f1a &#8216;<b>Teletransporte contra la discriminaci\u00f3n&#8217;<\/b>, la cual, inspirada en el universo <b>Star Trek<\/b>, ha consistido en un intento fallido de \u2018teletransportar\u2019 a personas con <a href=\"https:\/\/www.20minutos.es\/minuteca\/discapacidad\/\" title=\"Discapacidad\" target=\"_blank\" rel=\"noopener\">discapacidad<\/a> desde Madrid a otras 27 ciudades espa\u00f1olas sorteando las barreras de accesibilidad a las que se tienen que enfrentar a diario las personas con discapacidad f\u00edsica y org\u00e1nica.<\/p>\n<p>\u00abA pesar de los avances normativos en accesibilidad, el objetivo de plena <b>accesibilidad en el transporte p\u00fablico no se ha alcanzado<\/b>\u00ab, ha destacado el presidente de COCEMFE, Anxo Queiruga, desde el teletransportador de la campa\u00f1a ubicado en la Plaza de Santo Domingo de Madrid haciendo hincapi\u00e9 en que \u00abexiste una notable falta de informaci\u00f3n precisa y actualizada sobre el grado de accesibilidad de los diferentes medios de transporte\u00bb.<\/p>\n<p>En este sentido, Queiruga ha incidido en que \u00abhemos lanzado esta campa\u00f1a para concienciar a la sociedad y medios de comunicaci\u00f3n, pero <b>sobre todo a administraciones y empresas de transportes<\/b> sobre los problemas de accesibilidad que enfrentan las personas con discapacidad f\u00edsica y org\u00e1nica a la hora de utilizar los transportes y para<b> reivindicar que se cumplan las leyes de accesibilidad<\/b>\u00ab. <\/p>\n<p>\u00abHasta que el teletransporte sea viable, hay que resolver la inaccesibilidad en trenes, autobuses, metros y aviones y mejorar los servicios de asistencia, la formaci\u00f3n del personal de transporte y la protecci\u00f3n de nuestros equipos de movilidad y equipos m\u00e9dicos\u00bb, ha detallado el presidente de COCEMFE, que ha pedido \u00abm\u00e1s taxis adaptados, instalar enchufes electr\u00f3nicos y priorizar a quienes no est\u00e1n para largas esperas, y m\u00e1s informaci\u00f3n, servicios adaptados e infraestructuras accesibles, especialmente en zonas rurales y municipios peque\u00f1os\u00bb.<\/p>\n<p>Por \u00faltimo, ha remarcado que \u00ab<b>la inaccesibilidad en el transporte afecta derechos esenciales <\/b>como el acceso a la salud, educaci\u00f3n y empleo, comprometiendo la inclusi\u00f3n plena de las personas con discapacidad f\u00edsica y org\u00e1nica en la sociedad\u00bb.<\/p>\n<h1>Hasta que el teletransporte sea viable, hay que resolver la inaccesibilidad en trenes, autobuses, metros y aviones<\/h1>\n<p>Adem\u00e1s, la concentraci\u00f3n,<b> presentada por el \u2018influencer\u2019 activista Enrique Bernab\u00e9u<\/b>, ha contado con la participaci\u00f3n de representantes de diferentes organizaciones del Movimiento Asociativo de <b>COCEMFE<\/b>, como el presidente de la Asociaci\u00f3n de Personas con Discapacidad F\u00edsica de Alcobendas (ADIFA), Jos\u00e9 Carmelo Dorado, en representaci\u00f3n de <b>FAMMA<\/b> COCEMFE Madrid; la coordinadora de la Federaci\u00f3n Espa\u00f1ola de Asociaciones de<b> Espina B\u00edfida<\/b> e Hidrocefalia (FEBHI), Gema M\u00aa Garc\u00eda Cabarga; la gerente de la Federaci\u00f3n Espa\u00f1ola de Familias de C\u00e1ncer Infantil, Pilar Flores; la responsable de Comunicaci\u00f3n de la Confederaci\u00f3n Estatal de Mujeres con Discapacidad (<b>CEMUDIS<\/b>), Roc\u00edo Garc\u00eda; la presidenta de la Coalici\u00f3n Nacional de <b>Fibromialgia<\/b>, S\u00edndrome de Fatiga Cr\u00f3nica\/Encefalomielitis Mi\u00e1lgica, Sensibilidad Qu\u00edmica M\u00faltiple y Electrohipersensibilidad (CONFESQ), Mar\u00eda L\u00f3pez Matallana; as\u00ed como David Mu\u00f1oz, representante de la Confederaci\u00f3n de Asociaciones de <b>Enfermos de Crohn <\/b>y Colitis Ulcerosa de Espa\u00f1a (ACCU Espa\u00f1a) y activista en redes sociales; y Gustavo Amor\u00f3s, presidente de la Asociaci\u00f3n Espa\u00f1ola de Afectados de S\u00edndrome Antifosfolip\u00eddico (SAF ESPA\u00d1A), organizaci\u00f3n perteneciente a LIRE.<\/p>\n<\/div>\n<p>Fuente: Discapacidad https:\/\/www.20minutos.es\/noticia\/5646436\/0\/cocemfe-denuncia-falta-accesibilidad-los-medios-transporte-afecta-derechos-esenciales\/<\/p>\n","protected":false},"excerpt":{"rendered":"<p>La Confederaci\u00f3n ha puesto en marcha la campa\u00f1a &#8216;Teletransporte contra la discriminaci\u00f3n&#8217; para concienciar a la sociedad y la administraciones de la falta de accesibilidad en los distintos medios de transporte.<\/p>\n","protected":false},"author":1,"featured_media":0,"comment_status":"closed","ping_status":"closed","sticky":false,"template":"","format":"standard","meta":{"footnotes":""},"categories":[8],"tags":[],"class_list":["post-10478","post","type-post","status-publish","format-standard","hentry","category-noticias"],"yoast_head":"<!-- This site is optimized with the Yoast SEO plugin v27.5 - https:\/\/yoast.com\/product\/yoast-seo-wordpress\/ -->\n<title>El teletransporte de &#039;Star Trek&#039; como denuncia ante la falta de accesibilidad en el transporte: &quot;Afecta a derechos esenciales&quot; - Asociaci\u00f3n Espa\u00f1ola S\u00edndrome de Charge<\/title>\n<meta name=\"robots\" content=\"index, follow, max-snippet:-1, max-image-preview:large, max-video-preview:-1\" \/>\n<link rel=\"canonical\" href=\"https:\/\/sindromecharge.es\/index.php\/2024\/10\/23\/cocemfe-denuncia-falta-accesibilidad-los-medios-transporte-afecta-derechos-esenciales\/\" \/>\n<meta property=\"og:locale\" content=\"es_ES\" \/>\n<meta property=\"og:type\" content=\"article\" \/>\n<meta property=\"og:title\" content=\"El teletransporte de &#039;Star Trek&#039; como denuncia ante la falta de accesibilidad en el transporte: &quot;Afecta a derechos esenciales&quot; - Asociaci\u00f3n Espa\u00f1ola S\u00edndrome de Charge\" \/>\n<meta property=\"og:description\" content=\"La Confederaci\u00f3n ha puesto en marcha la campa\u00f1a &#8216;Teletransporte contra la discriminaci\u00f3n&#8217; para concienciar a la sociedad y la administraciones de la falta de accesibilidad en los distintos medios de transporte.\" \/>\n<meta property=\"og:url\" content=\"https:\/\/sindromecharge.es\/index.php\/2024\/10\/23\/cocemfe-denuncia-falta-accesibilidad-los-medios-transporte-afecta-derechos-esenciales\/\" \/>\n<meta property=\"og:site_name\" content=\"Asociaci\u00f3n Espa\u00f1ola S\u00edndrome de Charge\" \/>\n<meta property=\"article:publisher\" content=\"https:\/\/www.facebook.com\/asociacionsindromecharge\" \/>\n<meta property=\"article:published_time\" content=\"2024-10-23T06:23:17+00:00\" \/>\n<meta property=\"og:image\" content=\"https:\/\/sindromecharge.es\/wp-content\/uploads\/2013\/09\/logodecharge300x98.png\" \/>\n\t<meta property=\"og:image:width\" content=\"300\" \/>\n\t<meta property=\"og:image:height\" content=\"98\" \/>\n\t<meta property=\"og:image:type\" content=\"image\/png\" \/>\n<meta name=\"author\" content=\"Charge\" \/>\n<meta name=\"twitter:card\" content=\"summary_large_image\" \/>\n<meta name=\"twitter:creator\" content=\"@sindromecharge\" \/>\n<meta name=\"twitter:site\" content=\"@sindromecharge\" \/>\n<meta name=\"twitter:label1\" content=\"Escrito por\" \/>\n\t<meta name=\"twitter:data1\" content=\"Charge\" \/>\n\t<meta name=\"twitter:label2\" content=\"Tiempo de lectura\" \/>\n\t<meta name=\"twitter:data2\" content=\"3 minutos\" \/>\n<script type=\"application\/ld+json\" class=\"yoast-schema-graph\">{\"@context\":\"https:\\\/\\\/schema.org\",\"@graph\":[{\"@type\":\"Article\",\"@id\":\"https:\\\/\\\/sindromecharge.es\\\/index.php\\\/2024\\\/10\\\/23\\\/cocemfe-denuncia-falta-accesibilidad-los-medios-transporte-afecta-derechos-esenciales\\\/#article\",\"isPartOf\":{\"@id\":\"https:\\\/\\\/sindromecharge.es\\\/index.php\\\/2024\\\/10\\\/23\\\/cocemfe-denuncia-falta-accesibilidad-los-medios-transporte-afecta-derechos-esenciales\\\/\"},\"author\":{\"name\":\"Charge\",\"@id\":\"https:\\\/\\\/sindromecharge.es\\\/#\\\/schema\\\/person\\\/39a60ebe0a2b4d5a11179701e336b039\"},\"headline\":\"El teletransporte de &#8216;Star Trek&#8217; como denuncia ante la falta de accesibilidad en el transporte: \u00abAfecta a derechos esenciales\u00bb\",\"datePublished\":\"2024-10-23T06:23:17+00:00\",\"mainEntityOfPage\":{\"@id\":\"https:\\\/\\\/sindromecharge.es\\\/index.php\\\/2024\\\/10\\\/23\\\/cocemfe-denuncia-falta-accesibilidad-los-medios-transporte-afecta-derechos-esenciales\\\/\"},\"wordCount\":633,\"articleSection\":[\"noticias\"],\"inLanguage\":\"es\"},{\"@type\":\"WebPage\",\"@id\":\"https:\\\/\\\/sindromecharge.es\\\/index.php\\\/2024\\\/10\\\/23\\\/cocemfe-denuncia-falta-accesibilidad-los-medios-transporte-afecta-derechos-esenciales\\\/\",\"url\":\"https:\\\/\\\/sindromecharge.es\\\/index.php\\\/2024\\\/10\\\/23\\\/cocemfe-denuncia-falta-accesibilidad-los-medios-transporte-afecta-derechos-esenciales\\\/\",\"name\":\"El teletransporte de 'Star Trek' como denuncia ante la falta de accesibilidad en el transporte: \\\"Afecta a derechos esenciales\\\" - Asociaci\u00f3n Espa\u00f1ola S\u00edndrome de Charge\",\"isPartOf\":{\"@id\":\"https:\\\/\\\/sindromecharge.es\\\/#website\"},\"datePublished\":\"2024-10-23T06:23:17+00:00\",\"author\":{\"@id\":\"https:\\\/\\\/sindromecharge.es\\\/#\\\/schema\\\/person\\\/39a60ebe0a2b4d5a11179701e336b039\"},\"breadcrumb\":{\"@id\":\"https:\\\/\\\/sindromecharge.es\\\/index.php\\\/2024\\\/10\\\/23\\\/cocemfe-denuncia-falta-accesibilidad-los-medios-transporte-afecta-derechos-esenciales\\\/#breadcrumb\"},\"inLanguage\":\"es\",\"potentialAction\":[{\"@type\":\"ReadAction\",\"target\":[\"https:\\\/\\\/sindromecharge.es\\\/index.php\\\/2024\\\/10\\\/23\\\/cocemfe-denuncia-falta-accesibilidad-los-medios-transporte-afecta-derechos-esenciales\\\/\"]}]},{\"@type\":\"BreadcrumbList\",\"@id\":\"https:\\\/\\\/sindromecharge.es\\\/index.php\\\/2024\\\/10\\\/23\\\/cocemfe-denuncia-falta-accesibilidad-los-medios-transporte-afecta-derechos-esenciales\\\/#breadcrumb\",\"itemListElement\":[{\"@type\":\"ListItem\",\"position\":1,\"name\":\"Portada\",\"item\":\"https:\\\/\\\/sindromecharge.es\\\/\"},{\"@type\":\"ListItem\",\"position\":2,\"name\":\"El teletransporte de &#8216;Star Trek&#8217; como denuncia ante la falta de accesibilidad en el transporte: &#8220;Afecta a derechos esenciales&#8221;\"}]},{\"@type\":\"WebSite\",\"@id\":\"https:\\\/\\\/sindromecharge.es\\\/#website\",\"url\":\"https:\\\/\\\/sindromecharge.es\\\/\",\"name\":\"Asociaci\u00f3n Espa\u00f1ola S\u00edndrome de Charge\",\"description\":\"\",\"potentialAction\":[{\"@type\":\"SearchAction\",\"target\":{\"@type\":\"EntryPoint\",\"urlTemplate\":\"https:\\\/\\\/sindromecharge.es\\\/?s={search_term_string}\"},\"query-input\":{\"@type\":\"PropertyValueSpecification\",\"valueRequired\":true,\"valueName\":\"search_term_string\"}}],\"inLanguage\":\"es\"},{\"@type\":\"Person\",\"@id\":\"https:\\\/\\\/sindromecharge.es\\\/#\\\/schema\\\/person\\\/39a60ebe0a2b4d5a11179701e336b039\",\"name\":\"Charge\",\"image\":{\"@type\":\"ImageObject\",\"inLanguage\":\"es\",\"@id\":\"https:\\\/\\\/secure.gravatar.com\\\/avatar\\\/c3b46e32a0fc3b093a0873fb767bf3293de856293065e84ef06b7ec7a8acfb98?s=96&d=identicon&r=x\",\"url\":\"https:\\\/\\\/secure.gravatar.com\\\/avatar\\\/c3b46e32a0fc3b093a0873fb767bf3293de856293065e84ef06b7ec7a8acfb98?s=96&d=identicon&r=x\",\"contentUrl\":\"https:\\\/\\\/secure.gravatar.com\\\/avatar\\\/c3b46e32a0fc3b093a0873fb767bf3293de856293065e84ef06b7ec7a8acfb98?s=96&d=identicon&r=x\",\"caption\":\"Charge\"},\"url\":\"https:\\\/\\\/sindromecharge.es\\\/index.php\\\/author\\\/admin\\\/\"}]}<\/script>\n<!-- \/ Yoast SEO plugin. -->","yoast_head_json":{"title":"El teletransporte de 'Star Trek' como denuncia ante la falta de accesibilidad en el transporte: \"Afecta a derechos esenciales\" - Asociaci\u00f3n Espa\u00f1ola S\u00edndrome de Charge","robots":{"index":"index","follow":"follow","max-snippet":"max-snippet:-1","max-image-preview":"max-image-preview:large","max-video-preview":"max-video-preview:-1"},"canonical":"https:\/\/sindromecharge.es\/index.php\/2024\/10\/23\/cocemfe-denuncia-falta-accesibilidad-los-medios-transporte-afecta-derechos-esenciales\/","og_locale":"es_ES","og_type":"article","og_title":"El teletransporte de 'Star Trek' como denuncia ante la falta de accesibilidad en el transporte: \"Afecta a derechos esenciales\" - Asociaci\u00f3n Espa\u00f1ola S\u00edndrome de Charge","og_description":"La Confederaci\u00f3n ha puesto en marcha la campa\u00f1a &#8216;Teletransporte contra la discriminaci\u00f3n&#8217; para concienciar a la sociedad y la administraciones de la falta de accesibilidad en los distintos medios de transporte.","og_url":"https:\/\/sindromecharge.es\/index.php\/2024\/10\/23\/cocemfe-denuncia-falta-accesibilidad-los-medios-transporte-afecta-derechos-esenciales\/","og_site_name":"Asociaci\u00f3n Espa\u00f1ola S\u00edndrome de Charge","article_publisher":"https:\/\/www.facebook.com\/asociacionsindromecharge","article_published_time":"2024-10-23T06:23:17+00:00","og_image":[{"width":300,"height":98,"url":"https:\/\/sindromecharge.es\/wp-content\/uploads\/2013\/09\/logodecharge300x98.png","type":"image\/png"}],"author":"Charge","twitter_card":"summary_large_image","twitter_creator":"@sindromecharge","twitter_site":"@sindromecharge","twitter_misc":{"Escrito por":"Charge","Tiempo de lectura":"3 minutos"},"schema":{"@context":"https:\/\/schema.org","@graph":[{"@type":"Article","@id":"https:\/\/sindromecharge.es\/index.php\/2024\/10\/23\/cocemfe-denuncia-falta-accesibilidad-los-medios-transporte-afecta-derechos-esenciales\/#article","isPartOf":{"@id":"https:\/\/sindromecharge.es\/index.php\/2024\/10\/23\/cocemfe-denuncia-falta-accesibilidad-los-medios-transporte-afecta-derechos-esenciales\/"},"author":{"name":"Charge","@id":"https:\/\/sindromecharge.es\/#\/schema\/person\/39a60ebe0a2b4d5a11179701e336b039"},"headline":"El teletransporte de &#8216;Star Trek&#8217; como denuncia ante la falta de accesibilidad en el transporte: \u00abAfecta a derechos esenciales\u00bb","datePublished":"2024-10-23T06:23:17+00:00","mainEntityOfPage":{"@id":"https:\/\/sindromecharge.es\/index.php\/2024\/10\/23\/cocemfe-denuncia-falta-accesibilidad-los-medios-transporte-afecta-derechos-esenciales\/"},"wordCount":633,"articleSection":["noticias"],"inLanguage":"es"},{"@type":"WebPage","@id":"https:\/\/sindromecharge.es\/index.php\/2024\/10\/23\/cocemfe-denuncia-falta-accesibilidad-los-medios-transporte-afecta-derechos-esenciales\/","url":"https:\/\/sindromecharge.es\/index.php\/2024\/10\/23\/cocemfe-denuncia-falta-accesibilidad-los-medios-transporte-afecta-derechos-esenciales\/","name":"El teletransporte de 'Star Trek' como denuncia ante la falta de accesibilidad en el transporte: \"Afecta a derechos esenciales\" - Asociaci\u00f3n Espa\u00f1ola S\u00edndrome de Charge","isPartOf":{"@id":"https:\/\/sindromecharge.es\/#website"},"datePublished":"2024-10-23T06:23:17+00:00","author":{"@id":"https:\/\/sindromecharge.es\/#\/schema\/person\/39a60ebe0a2b4d5a11179701e336b039"},"breadcrumb":{"@id":"https:\/\/sindromecharge.es\/index.php\/2024\/10\/23\/cocemfe-denuncia-falta-accesibilidad-los-medios-transporte-afecta-derechos-esenciales\/#breadcrumb"},"inLanguage":"es","potentialAction":[{"@type":"ReadAction","target":["https:\/\/sindromecharge.es\/index.php\/2024\/10\/23\/cocemfe-denuncia-falta-accesibilidad-los-medios-transporte-afecta-derechos-esenciales\/"]}]},{"@type":"BreadcrumbList","@id":"https:\/\/sindromecharge.es\/index.php\/2024\/10\/23\/cocemfe-denuncia-falta-accesibilidad-los-medios-transporte-afecta-derechos-esenciales\/#breadcrumb","itemListElement":[{"@type":"ListItem","position":1,"name":"Portada","item":"https:\/\/sindromecharge.es\/"},{"@type":"ListItem","position":2,"name":"El teletransporte de &#8216;Star Trek&#8217; como denuncia ante la falta de accesibilidad en el transporte: &#8220;Afecta a derechos esenciales&#8221;"}]},{"@type":"WebSite","@id":"https:\/\/sindromecharge.es\/#website","url":"https:\/\/sindromecharge.es\/","name":"Asociaci\u00f3n Espa\u00f1ola S\u00edndrome de Charge","description":"","potentialAction":[{"@type":"SearchAction","target":{"@type":"EntryPoint","urlTemplate":"https:\/\/sindromecharge.es\/?s={search_term_string}"},"query-input":{"@type":"PropertyValueSpecification","valueRequired":true,"valueName":"search_term_string"}}],"inLanguage":"es"},{"@type":"Person","@id":"https:\/\/sindromecharge.es\/#\/schema\/person\/39a60ebe0a2b4d5a11179701e336b039","name":"Charge","image":{"@type":"ImageObject","inLanguage":"es","@id":"https:\/\/secure.gravatar.com\/avatar\/c3b46e32a0fc3b093a0873fb767bf3293de856293065e84ef06b7ec7a8acfb98?s=96&d=identicon&r=x","url":"https:\/\/secure.gravatar.com\/avatar\/c3b46e32a0fc3b093a0873fb767bf3293de856293065e84ef06b7ec7a8acfb98?s=96&d=identicon&r=x","contentUrl":"https:\/\/secure.gravatar.com\/avatar\/c3b46e32a0fc3b093a0873fb767bf3293de856293065e84ef06b7ec7a8acfb98?s=96&d=identicon&r=x","caption":"Charge"},"url":"https:\/\/sindromecharge.es\/index.php\/author\/admin\/"}]}},"_links":{"self":[{"href":"https:\/\/sindromecharge.es\/index.php\/wp-json\/wp\/v2\/posts\/10478","targetHints":{"allow":["GET"]}}],"collection":[{"href":"https:\/\/sindromecharge.es\/index.php\/wp-json\/wp\/v2\/posts"}],"about":[{"href":"https:\/\/sindromecharge.es\/index.php\/wp-json\/wp\/v2\/types\/post"}],"author":[{"embeddable":true,"href":"https:\/\/sindromecharge.es\/index.php\/wp-json\/wp\/v2\/users\/1"}],"replies":[{"embeddable":true,"href":"https:\/\/sindromecharge.es\/index.php\/wp-json\/wp\/v2\/comments?post=10478"}],"version-history":[{"count":0,"href":"https:\/\/sindromecharge.es\/index.php\/wp-json\/wp\/v2\/posts\/10478\/revisions"}],"wp:attachment":[{"href":"https:\/\/sindromecharge.es\/index.php\/wp-json\/wp\/v2\/media?parent=10478"}],"wp:term":[{"taxonomy":"category","embeddable":true,"href":"https:\/\/sindromecharge.es\/index.php\/wp-json\/wp\/v2\/categories?post=10478"},{"taxonomy":"post_tag","embeddable":true,"href":"https:\/\/sindromecharge.es\/index.php\/wp-json\/wp\/v2\/tags?post=10478"}],"curies":[{"name":"wp","href":"https:\/\/api.w.org\/{rel}","templated":true}]}}