{"id":10476,"date":"2024-10-22T18:25:00","date_gmt":"2024-10-22T18:25:00","guid":{"rendered":"https:\/\/sindromecharge.es\/index.php\/2024\/10\/22\/congreso-los-diputados-pide-que-asistencia-personal-llegue-las-personas-con-autismo\/"},"modified":"2024-10-22T18:25:00","modified_gmt":"2024-10-22T18:25:00","slug":"congreso-los-diputados-pide-que-asistencia-personal-llegue-las-personas-con-autismo","status":"publish","type":"post","link":"https:\/\/sindromecharge.es\/index.php\/2024\/10\/22\/congreso-los-diputados-pide-que-asistencia-personal-llegue-las-personas-con-autismo\/","title":{"rendered":"El Congreso de los Diputados pide que la asistencia personal llegue a las personas con autismo"},"content":{"rendered":"<p>Leemos en Discapacidad la siguiente noticia que os reproducimos de forma \u00edntegra: <\/p>\n<div>\n<p>La <b>Comisi\u00f3n de Pol\u00edticas Integrales para la Discapacidad del Congreso<\/b> de los Diputados aprob\u00f3 este martes una <b>proposici\u00f3n no de ley<\/b> que insta al Gobierno a<b> desarrollar y regular la figura de la asistencia personal<\/b> para que esta tenga en cuenta las necesidades espec\u00edficas de las personas con <a href=\"https:\/\/www.20minutos.es\/minuteca\/autismo\/\" title=\"Autismo\" target=\"_blank\" rel=\"noopener\">autismo<\/a>, con un enfoque m\u00e1s all\u00e1 de las necesidades f\u00edsicas.<\/p>\n<p>Presentada por el grupo Parlamentario Sumar, esta iniciativa es <b>fruto del trabajo de Autismo Espa\u00f1a<\/b>, que demanda desde hace tiempo dicha regulaci\u00f3n. La proposici\u00f3n sali\u00f3 adelante con 15 votos a favor, 14 abstenciones y 3 votos en contra.<\/p>\n<p>En su defensa, la portavoz de Sumar, Engracia Rivera, explic\u00f3 que esta iniciativa busca \u201cimpulsar y reforzar los servicios y prestaciones orientados a <b>promover la autonom\u00eda personal y la vida independiente<\/b> en comunidad\u201d de las personas con autismo, dentro de la Ley de Promoci\u00f3n de la Autonom\u00eda Personal y Atenci\u00f3n a la <a href=\"https:\/\/www.20minutos.es\/minuteca\/dependencia\/\" title=\"Dependencia\" target=\"_blank\" rel=\"noopener\">Dependencia<\/a>.<\/p>\n<p>A su juicio, la ley de 2006 \u201cha hecho m\u00e1s hincapi\u00e9 en la atenci\u00f3n a las personas en situaci\u00f3n de dependencia que en la promoci\u00f3n de la autonom\u00eda personal\u201d, y el<b> desarrollo de la asistencia personal<\/b>, que \u201cse ha demostrado\u00bb como la prestaci\u00f3n \u00ab<b>que m\u00e1s facilita la inclusi\u00f3n<\/b> en la comunidad est\u00e1 muy poco desarrollada\u201d.<\/p>\n<p>Adem\u00e1s, prosigui\u00f3, su dise\u00f1o se ha centrado en atender a \u201clas discapacidades f\u00edsicas\u201d, mientras que<b> las de tipo cognitivo o del desarrollo han quedado olvidadas<\/b>.<\/p>\n<p>Rivera se\u00f1al\u00f3 que, en la actualidad, <b>son pocas las personas con autismo que viven en residencias<\/b>. Es posible que \u201cmuchas no se hayan detectado como tales por falta de diagn\u00f3stico o por presentar <a href=\"https:\/\/www.20minutos.es\/minuteca\/discapacidad-intelectual\/\" title=\"Discapacidad intelectual\" target=\"_blank\" rel=\"noopener\">discapacidad intelectual<\/a>\u201d, admiti\u00f3, pero tambi\u00e9n lo es que \u201cun n\u00famero muy importante viven con sus familias\u201d. Por eso es necesario facilitarles apoyos para una vida independiente y promover su autonom\u00eda personal, de cara a su proceso de envejecimiento y tambi\u00e9n al de sus familiares, destac\u00f3.<\/p>\n<p>Seg\u00fan la diputada Olvido de la Rosa (PSOE),<b> solo el 0,5% de las personas con TEA disponen de asistente personal<\/b>, por lo que \u201cresulta fundamental que se despliegue\u201d esta figura.<\/p>\n<h2>Financiaci\u00f3n<\/h2>\n<p>Por su parte, el Partido Popular present\u00f3 una enmienda para exigir que el Estado aporte el 50% de la financiaci\u00f3n para el Sistema de Autonom\u00eda Personal y Atenci\u00f3n a la <a href=\"https:\/\/www.20minutos.es\/minuteca\/ley-de-dependencia\/\" title=\"Ley de Dependencia\" target=\"_blank\" rel=\"noopener\">Dependencia<\/a>, que Sumar no acept\u00f3. \u201cDe lo contrario, nos encontraremos con comunidades desbordadas y listas de espera\u201d para la valoraci\u00f3n que, \u201cen algunos territorios, <b>pueden superar los tres a\u00f1os<\/b>\u201d, advirti\u00f3 el diputado del PP Agust\u00edn Parra. Esta \u201cno es una enmienda ideol\u00f3gica, sino de sentido com\u00fan\u201d, declar\u00f3.<\/p>\n<p>La diputada de Vox Blanca Armario subray\u00f3 el compromiso de de su partido con \u201ctodos los espa\u00f1oles, en especial con aquellas familias que tengan a su cargo a personas que necesiten el apoyo de todas las entidades y de la sociedad en general\u201d. Por ese motivo, \u201chace unos meses trajimos una iniciativa que consist\u00eda en mejorar y desarrollar un plan contra el acoso escolar. Los se\u00f1ores de Sumar votaron que no\u00bb, lament\u00f3.<\/p>\n<h2>Plan de acci\u00f3n<\/h2>\n<p>Adem\u00e1s, la Comisi\u00f3n aprob\u00f3 otra proposici\u00f3n del PP que ped\u00eda \u201cel despliegue efectivo del <a href=\"https:\/\/www.20minutos.es\/noticia\/5491721\/0\/asi-es-nueva-estrategia-estatal-que-quiere-transformar-modelo-cuidados\/\" title=\"Objetivos, desaf\u00edos, plazos... As\u00ed es la nueva estrategia estatal que quiere transformar el modelo de cuidados\" target=\"_blank\" rel=\"noopener\">Plan de Acci\u00f3n de la Estrategia Espa\u00f1ola en TEA<\/a>\u201d. Seg\u00fan la diputada Violante Tom\u00e1s, el Gobierno \u201ctodav\u00eda\u201d no ha comenzado a desarrollar este programa, cuya vigencia va de 2023 a 2027. Desde PSOE y Sumar negaron la mayor y aseguraron que el plan ya est\u00e1 en marcha, de modo que votaron en contra.<\/p>\n<p>El grupo de Vox present\u00f3 una enmienda para establecer \u201c<b>un plazo m\u00e1ximo de seis meses<\/b>\u201d una vez termine la evaluaci\u00f3n del citado plan de acci\u00f3n, en 2027. El texto fue rechazado, pero Vox vot\u00f3 a favor de la iniciativa, ya que, seg\u00fan la diputada Blanca Armario, \u201cnuestro compromiso con las familias m\u00e1s vulnerables es f\u00e9rreo\u201d ya que \u00abnecesitan todo el apoyo de las instituciones\u201d, subray\u00f3.<\/p>\n<\/div>\n<p>Fuente: Discapacidad https:\/\/www.20minutos.es\/noticia\/5646734\/0\/congreso-los-diputados-pide-que-asistencia-personal-llegue-las-personas-con-autismo\/<\/p>\n","protected":false},"excerpt":{"rendered":"<p>Piden que la asistencia se contemple tambi\u00e9n para personas con necesidades cognitivas, no solo f\u00edsicas.<\/p>\n","protected":false},"author":1,"featured_media":0,"comment_status":"closed","ping_status":"closed","sticky":false,"template":"","format":"standard","meta":{"footnotes":""},"categories":[8],"tags":[],"class_list":["post-10476","post","type-post","status-publish","format-standard","hentry","category-noticias"],"yoast_head":"<!-- This site is optimized with the Yoast SEO plugin v27.5 - https:\/\/yoast.com\/product\/yoast-seo-wordpress\/ -->\n<title>El Congreso de los Diputados pide que la asistencia personal llegue a las personas con autismo - Asociaci\u00f3n Espa\u00f1ola S\u00edndrome de Charge<\/title>\n<meta name=\"robots\" content=\"index, follow, max-snippet:-1, max-image-preview:large, max-video-preview:-1\" \/>\n<link rel=\"canonical\" href=\"https:\/\/sindromecharge.es\/index.php\/2024\/10\/22\/congreso-los-diputados-pide-que-asistencia-personal-llegue-las-personas-con-autismo\/\" \/>\n<meta property=\"og:locale\" content=\"es_ES\" \/>\n<meta property=\"og:type\" content=\"article\" \/>\n<meta property=\"og:title\" content=\"El Congreso de los Diputados pide que la asistencia personal llegue a las personas con autismo - Asociaci\u00f3n Espa\u00f1ola S\u00edndrome de Charge\" \/>\n<meta property=\"og:description\" content=\"Piden que la asistencia se contemple tambi\u00e9n para personas con necesidades cognitivas, no solo f\u00edsicas.\" \/>\n<meta property=\"og:url\" content=\"https:\/\/sindromecharge.es\/index.php\/2024\/10\/22\/congreso-los-diputados-pide-que-asistencia-personal-llegue-las-personas-con-autismo\/\" \/>\n<meta property=\"og:site_name\" content=\"Asociaci\u00f3n Espa\u00f1ola S\u00edndrome de Charge\" \/>\n<meta property=\"article:publisher\" content=\"https:\/\/www.facebook.com\/asociacionsindromecharge\" \/>\n<meta property=\"article:published_time\" content=\"2024-10-22T18:25:00+00:00\" \/>\n<meta property=\"og:image\" content=\"https:\/\/sindromecharge.es\/wp-content\/uploads\/2013\/09\/logodecharge300x98.png\" \/>\n\t<meta property=\"og:image:width\" content=\"300\" \/>\n\t<meta property=\"og:image:height\" content=\"98\" \/>\n\t<meta property=\"og:image:type\" content=\"image\/png\" \/>\n<meta name=\"author\" content=\"Charge\" \/>\n<meta name=\"twitter:card\" content=\"summary_large_image\" \/>\n<meta name=\"twitter:creator\" content=\"@sindromecharge\" \/>\n<meta name=\"twitter:site\" content=\"@sindromecharge\" \/>\n<meta name=\"twitter:label1\" content=\"Escrito por\" \/>\n\t<meta name=\"twitter:data1\" content=\"Charge\" \/>\n\t<meta name=\"twitter:label2\" content=\"Tiempo de lectura\" \/>\n\t<meta name=\"twitter:data2\" content=\"3 minutos\" \/>\n<script type=\"application\/ld+json\" class=\"yoast-schema-graph\">{\"@context\":\"https:\\\/\\\/schema.org\",\"@graph\":[{\"@type\":\"Article\",\"@id\":\"https:\\\/\\\/sindromecharge.es\\\/index.php\\\/2024\\\/10\\\/22\\\/congreso-los-diputados-pide-que-asistencia-personal-llegue-las-personas-con-autismo\\\/#article\",\"isPartOf\":{\"@id\":\"https:\\\/\\\/sindromecharge.es\\\/index.php\\\/2024\\\/10\\\/22\\\/congreso-los-diputados-pide-que-asistencia-personal-llegue-las-personas-con-autismo\\\/\"},\"author\":{\"name\":\"Charge\",\"@id\":\"https:\\\/\\\/sindromecharge.es\\\/#\\\/schema\\\/person\\\/39a60ebe0a2b4d5a11179701e336b039\"},\"headline\":\"El Congreso de los Diputados pide que la asistencia personal llegue a las personas con autismo\",\"datePublished\":\"2024-10-22T18:25:00+00:00\",\"mainEntityOfPage\":{\"@id\":\"https:\\\/\\\/sindromecharge.es\\\/index.php\\\/2024\\\/10\\\/22\\\/congreso-los-diputados-pide-que-asistencia-personal-llegue-las-personas-con-autismo\\\/\"},\"wordCount\":708,\"articleSection\":[\"noticias\"],\"inLanguage\":\"es\"},{\"@type\":\"WebPage\",\"@id\":\"https:\\\/\\\/sindromecharge.es\\\/index.php\\\/2024\\\/10\\\/22\\\/congreso-los-diputados-pide-que-asistencia-personal-llegue-las-personas-con-autismo\\\/\",\"url\":\"https:\\\/\\\/sindromecharge.es\\\/index.php\\\/2024\\\/10\\\/22\\\/congreso-los-diputados-pide-que-asistencia-personal-llegue-las-personas-con-autismo\\\/\",\"name\":\"El Congreso de los Diputados pide que la asistencia personal llegue a las personas con autismo - Asociaci\u00f3n Espa\u00f1ola S\u00edndrome de Charge\",\"isPartOf\":{\"@id\":\"https:\\\/\\\/sindromecharge.es\\\/#website\"},\"datePublished\":\"2024-10-22T18:25:00+00:00\",\"author\":{\"@id\":\"https:\\\/\\\/sindromecharge.es\\\/#\\\/schema\\\/person\\\/39a60ebe0a2b4d5a11179701e336b039\"},\"breadcrumb\":{\"@id\":\"https:\\\/\\\/sindromecharge.es\\\/index.php\\\/2024\\\/10\\\/22\\\/congreso-los-diputados-pide-que-asistencia-personal-llegue-las-personas-con-autismo\\\/#breadcrumb\"},\"inLanguage\":\"es\",\"potentialAction\":[{\"@type\":\"ReadAction\",\"target\":[\"https:\\\/\\\/sindromecharge.es\\\/index.php\\\/2024\\\/10\\\/22\\\/congreso-los-diputados-pide-que-asistencia-personal-llegue-las-personas-con-autismo\\\/\"]}]},{\"@type\":\"BreadcrumbList\",\"@id\":\"https:\\\/\\\/sindromecharge.es\\\/index.php\\\/2024\\\/10\\\/22\\\/congreso-los-diputados-pide-que-asistencia-personal-llegue-las-personas-con-autismo\\\/#breadcrumb\",\"itemListElement\":[{\"@type\":\"ListItem\",\"position\":1,\"name\":\"Portada\",\"item\":\"https:\\\/\\\/sindromecharge.es\\\/\"},{\"@type\":\"ListItem\",\"position\":2,\"name\":\"El Congreso de los Diputados pide que la asistencia personal llegue a las personas con autismo\"}]},{\"@type\":\"WebSite\",\"@id\":\"https:\\\/\\\/sindromecharge.es\\\/#website\",\"url\":\"https:\\\/\\\/sindromecharge.es\\\/\",\"name\":\"Asociaci\u00f3n Espa\u00f1ola S\u00edndrome de Charge\",\"description\":\"\",\"potentialAction\":[{\"@type\":\"SearchAction\",\"target\":{\"@type\":\"EntryPoint\",\"urlTemplate\":\"https:\\\/\\\/sindromecharge.es\\\/?s={search_term_string}\"},\"query-input\":{\"@type\":\"PropertyValueSpecification\",\"valueRequired\":true,\"valueName\":\"search_term_string\"}}],\"inLanguage\":\"es\"},{\"@type\":\"Person\",\"@id\":\"https:\\\/\\\/sindromecharge.es\\\/#\\\/schema\\\/person\\\/39a60ebe0a2b4d5a11179701e336b039\",\"name\":\"Charge\",\"image\":{\"@type\":\"ImageObject\",\"inLanguage\":\"es\",\"@id\":\"https:\\\/\\\/secure.gravatar.com\\\/avatar\\\/c3b46e32a0fc3b093a0873fb767bf3293de856293065e84ef06b7ec7a8acfb98?s=96&d=identicon&r=x\",\"url\":\"https:\\\/\\\/secure.gravatar.com\\\/avatar\\\/c3b46e32a0fc3b093a0873fb767bf3293de856293065e84ef06b7ec7a8acfb98?s=96&d=identicon&r=x\",\"contentUrl\":\"https:\\\/\\\/secure.gravatar.com\\\/avatar\\\/c3b46e32a0fc3b093a0873fb767bf3293de856293065e84ef06b7ec7a8acfb98?s=96&d=identicon&r=x\",\"caption\":\"Charge\"},\"url\":\"https:\\\/\\\/sindromecharge.es\\\/index.php\\\/author\\\/admin\\\/\"}]}<\/script>\n<!-- \/ Yoast SEO plugin. -->","yoast_head_json":{"title":"El Congreso de los Diputados pide que la asistencia personal llegue a las personas con autismo - Asociaci\u00f3n Espa\u00f1ola S\u00edndrome de Charge","robots":{"index":"index","follow":"follow","max-snippet":"max-snippet:-1","max-image-preview":"max-image-preview:large","max-video-preview":"max-video-preview:-1"},"canonical":"https:\/\/sindromecharge.es\/index.php\/2024\/10\/22\/congreso-los-diputados-pide-que-asistencia-personal-llegue-las-personas-con-autismo\/","og_locale":"es_ES","og_type":"article","og_title":"El Congreso de los Diputados pide que la asistencia personal llegue a las personas con autismo - Asociaci\u00f3n Espa\u00f1ola S\u00edndrome de Charge","og_description":"Piden que la asistencia se contemple tambi\u00e9n para personas con necesidades cognitivas, no solo f\u00edsicas.","og_url":"https:\/\/sindromecharge.es\/index.php\/2024\/10\/22\/congreso-los-diputados-pide-que-asistencia-personal-llegue-las-personas-con-autismo\/","og_site_name":"Asociaci\u00f3n Espa\u00f1ola S\u00edndrome de Charge","article_publisher":"https:\/\/www.facebook.com\/asociacionsindromecharge","article_published_time":"2024-10-22T18:25:00+00:00","og_image":[{"width":300,"height":98,"url":"https:\/\/sindromecharge.es\/wp-content\/uploads\/2013\/09\/logodecharge300x98.png","type":"image\/png"}],"author":"Charge","twitter_card":"summary_large_image","twitter_creator":"@sindromecharge","twitter_site":"@sindromecharge","twitter_misc":{"Escrito por":"Charge","Tiempo de lectura":"3 minutos"},"schema":{"@context":"https:\/\/schema.org","@graph":[{"@type":"Article","@id":"https:\/\/sindromecharge.es\/index.php\/2024\/10\/22\/congreso-los-diputados-pide-que-asistencia-personal-llegue-las-personas-con-autismo\/#article","isPartOf":{"@id":"https:\/\/sindromecharge.es\/index.php\/2024\/10\/22\/congreso-los-diputados-pide-que-asistencia-personal-llegue-las-personas-con-autismo\/"},"author":{"name":"Charge","@id":"https:\/\/sindromecharge.es\/#\/schema\/person\/39a60ebe0a2b4d5a11179701e336b039"},"headline":"El Congreso de los Diputados pide que la asistencia personal llegue a las personas con autismo","datePublished":"2024-10-22T18:25:00+00:00","mainEntityOfPage":{"@id":"https:\/\/sindromecharge.es\/index.php\/2024\/10\/22\/congreso-los-diputados-pide-que-asistencia-personal-llegue-las-personas-con-autismo\/"},"wordCount":708,"articleSection":["noticias"],"inLanguage":"es"},{"@type":"WebPage","@id":"https:\/\/sindromecharge.es\/index.php\/2024\/10\/22\/congreso-los-diputados-pide-que-asistencia-personal-llegue-las-personas-con-autismo\/","url":"https:\/\/sindromecharge.es\/index.php\/2024\/10\/22\/congreso-los-diputados-pide-que-asistencia-personal-llegue-las-personas-con-autismo\/","name":"El Congreso de los Diputados pide que la asistencia personal llegue a las personas con autismo - Asociaci\u00f3n Espa\u00f1ola S\u00edndrome de Charge","isPartOf":{"@id":"https:\/\/sindromecharge.es\/#website"},"datePublished":"2024-10-22T18:25:00+00:00","author":{"@id":"https:\/\/sindromecharge.es\/#\/schema\/person\/39a60ebe0a2b4d5a11179701e336b039"},"breadcrumb":{"@id":"https:\/\/sindromecharge.es\/index.php\/2024\/10\/22\/congreso-los-diputados-pide-que-asistencia-personal-llegue-las-personas-con-autismo\/#breadcrumb"},"inLanguage":"es","potentialAction":[{"@type":"ReadAction","target":["https:\/\/sindromecharge.es\/index.php\/2024\/10\/22\/congreso-los-diputados-pide-que-asistencia-personal-llegue-las-personas-con-autismo\/"]}]},{"@type":"BreadcrumbList","@id":"https:\/\/sindromecharge.es\/index.php\/2024\/10\/22\/congreso-los-diputados-pide-que-asistencia-personal-llegue-las-personas-con-autismo\/#breadcrumb","itemListElement":[{"@type":"ListItem","position":1,"name":"Portada","item":"https:\/\/sindromecharge.es\/"},{"@type":"ListItem","position":2,"name":"El Congreso de los Diputados pide que la asistencia personal llegue a las personas con autismo"}]},{"@type":"WebSite","@id":"https:\/\/sindromecharge.es\/#website","url":"https:\/\/sindromecharge.es\/","name":"Asociaci\u00f3n Espa\u00f1ola S\u00edndrome de Charge","description":"","potentialAction":[{"@type":"SearchAction","target":{"@type":"EntryPoint","urlTemplate":"https:\/\/sindromecharge.es\/?s={search_term_string}"},"query-input":{"@type":"PropertyValueSpecification","valueRequired":true,"valueName":"search_term_string"}}],"inLanguage":"es"},{"@type":"Person","@id":"https:\/\/sindromecharge.es\/#\/schema\/person\/39a60ebe0a2b4d5a11179701e336b039","name":"Charge","image":{"@type":"ImageObject","inLanguage":"es","@id":"https:\/\/secure.gravatar.com\/avatar\/c3b46e32a0fc3b093a0873fb767bf3293de856293065e84ef06b7ec7a8acfb98?s=96&d=identicon&r=x","url":"https:\/\/secure.gravatar.com\/avatar\/c3b46e32a0fc3b093a0873fb767bf3293de856293065e84ef06b7ec7a8acfb98?s=96&d=identicon&r=x","contentUrl":"https:\/\/secure.gravatar.com\/avatar\/c3b46e32a0fc3b093a0873fb767bf3293de856293065e84ef06b7ec7a8acfb98?s=96&d=identicon&r=x","caption":"Charge"},"url":"https:\/\/sindromecharge.es\/index.php\/author\/admin\/"}]}},"_links":{"self":[{"href":"https:\/\/sindromecharge.es\/index.php\/wp-json\/wp\/v2\/posts\/10476","targetHints":{"allow":["GET"]}}],"collection":[{"href":"https:\/\/sindromecharge.es\/index.php\/wp-json\/wp\/v2\/posts"}],"about":[{"href":"https:\/\/sindromecharge.es\/index.php\/wp-json\/wp\/v2\/types\/post"}],"author":[{"embeddable":true,"href":"https:\/\/sindromecharge.es\/index.php\/wp-json\/wp\/v2\/users\/1"}],"replies":[{"embeddable":true,"href":"https:\/\/sindromecharge.es\/index.php\/wp-json\/wp\/v2\/comments?post=10476"}],"version-history":[{"count":0,"href":"https:\/\/sindromecharge.es\/index.php\/wp-json\/wp\/v2\/posts\/10476\/revisions"}],"wp:attachment":[{"href":"https:\/\/sindromecharge.es\/index.php\/wp-json\/wp\/v2\/media?parent=10476"}],"wp:term":[{"taxonomy":"category","embeddable":true,"href":"https:\/\/sindromecharge.es\/index.php\/wp-json\/wp\/v2\/categories?post=10476"},{"taxonomy":"post_tag","embeddable":true,"href":"https:\/\/sindromecharge.es\/index.php\/wp-json\/wp\/v2\/tags?post=10476"}],"curies":[{"name":"wp","href":"https:\/\/api.w.org\/{rel}","templated":true}]}}